{"id":2122948,"date":"2026-09-01T16:58:42","date_gmt":"2026-09-01T13:58:42","guid":{"rendered":"https:\/\/analyse.optim.biz\/?p=2122948"},"modified":"2026-09-01T16:58:42","modified_gmt":"2026-09-01T13:58:42","slug":"buzau-21k-music-run-aduce-o-alergare-fara-cronometru-si-cu-muzica-live","status":"publish","type":"post","link":"https:\/\/analyse.optim.biz\/?p=2122948","title":{"rendered":"Buz\u0103u 21K Music Run aduce o alergare f\u0103r\u0103 cronometru \u0219i cu muzic\u0103 live"},"content":{"rendered":"<p>[analyse_image type=&#8221;featured&#8221; src=&#8221;https:\/\/www.buzau.net\/stiri-din-buzau\/wp-content\/uploads\/2026\/09\/run.jpg&#8221;]<\/p>\n<div id=\"mvp-content-main\" class=\"left relative\">\n<p><strong>Joi, 10 septembrie, Funda\u021bia Comunitar\u0103 Buz\u0103u invit\u0103 buzoienii la un eveniment \u00een premier\u0103 pentru ora\u0219: o alergare u\u0219oar\u0103 pe marile bulevarde, \u00eenso\u021bit\u0103 de muzica mixat\u0103 live de John Chill Tailor, aflat pe o triciclet\u0103 muzical\u0103. BUZ\u0102U 21K MUSIC RUN preg\u0103te\u0219te comunitatea pentru semimaratonul caritabil Buz\u0103u 21k din 27 septembrie.<\/strong><\/p>\n<p>Muzica nu \u00eei va a\u0219tepta pe alerg\u0103tori la linia de sosire, ci \u00eei va \u00eenso\u021bi pe \u00eentregul traseu. Joi, 10 septembrie 2026, de la ora 18:00, comunitatea este invitat\u0103 la <a href=\"https:\/\/buzau.21k.ro\/buzau-21k-music-run\/\">BUZ\u0102U 21K MUSIC RUN<\/a>, un party \u00een mi\u0219care organizat pe marile bulevarde ale ora\u0219ului.<\/p>\n<p>Participan\u021bii vor porni de la Poarta Cr\u00e2ng \u0219i vor alerga pe Bulevardul Nicolae B\u0103lcescu \u0219i Bulevardul Unirii, p\u00e2n\u0103 la MORO Orizont. \u00cen fruntea grupului se va afla John Chill Tailor, care va mixa muzica live de pe o triciclet\u0103 muzical\u0103.<\/p>\n<p>Formatul este o premier\u0103 pentru Buz\u0103u \u0219i transform\u0103 alergarea \u00eentr-o experien\u021b\u0103 urban\u0103 vizibil\u0103, energic\u0103 \u0219i deschis\u0103 comunit\u0103\u021bii.<\/p>\n<h2><strong>O alergare f\u0103r\u0103 cronometru \u0219i f\u0103r\u0103 presiune<\/strong><\/h2>\n<p>BUZ\u0102U 21K MUSIC RUN nu este o competi\u021bie \u0219i nu presupune clasamente sau cronometru. Participan\u021bii vor alerga \u00eempreun\u0103, \u00eentr-un ritm u\u0219or, accentul fiind pus pe mi\u0219care, muzic\u0103 \u0219i distrac\u021bie.<\/p>\n<p>Sunt invita\u021bi s\u0103 participe at\u00e2t alerg\u0103torii obi\u0219nui\u021bi, c\u00e2t \u0219i persoanele care vor s\u0103 fac\u0103 mi\u0219care \u00eentr-un cadru relaxat, al\u0103turi de prieteni, colegi sau familie.<\/p>\n<p>\u201e<em>Vrem ca, \u00eenainte de a se vedea la linia de start, Buz\u0103u 21k s\u0103 se aud\u0103 \u00een tot ora\u0219ul. MUSIC RUN este invita\u021bia noastr\u0103 c\u0103tre to\u021bi buzoienii, nu doar c\u0103tre alerg\u0103torii experimenta\u021bi. Vrem s\u0103 ie\u0219im \u00eempreun\u0103 din rutin\u0103, s\u0103 facem mi\u0219care \u0219i s\u0103 ar\u0103t\u0103m c\u0103 sportul poate fi accesibil, spectaculos \u0219i foarte distractiv<\/em>\u201d, transmite echipa Buz\u0103u 21k.<\/p>\n<p>La finalul traseului, participan\u021bii vor fi \u00eent\u00e2mpina\u021bi la MORO Orizont cu surprize, iar petrecerea poate continua.<\/p>\n<h2><strong>Buz\u0103ul se preg\u0103te\u0219te pentru 21k<\/strong><\/h2>\n<p>BUZ\u0102U 21K MUSIC RUN marcheaz\u0103 intrarea \u00een ultima perioad\u0103 de \u00eenscrieri pentru Buz\u0103u 21k, semimaratonul caritabil programat pe 27 septembrie 2026. \u00censcrierile se fac exclusiv online aici: <a href=\"https:\/\/buzau.21k.ro\/inscriere\/\">https:\/\/buzau.21k.ro\/inscriere\/<\/a><\/p>\n<p>Buz\u0103u 21k aduce comunitatea \u00eempreun\u0103 \u00een jurul sportului, s\u0103n\u0103t\u0103\u021bii \u0219i solidarit\u0103\u021bii \u0219i le ofer\u0103 participan\u021bilor posibilitatea de a alege cursa potrivit\u0103 nivelului \u0219i obiectivelor lor.<\/p>\n<p>Prin MUSIC RUN, energia evenimentului ajunge \u00een centrul ora\u0219ului cu mai bine de dou\u0103 s\u0103pt\u0103m\u00e2ni \u00eenaintea competi\u021biei principale. Organizatorii \u00ee\u0219i propun s\u0103 atrag\u0103 aten\u021bia asupra Buz\u0103u 21k \u0219i s\u0103-i \u00eencurajeze pe cei care nu s-au \u00eenscris \u00eenc\u0103 s\u0103 \u00ee\u0219i aleag\u0103 cursa \u0219i s\u0103 se al\u0103ture comunit\u0103\u021bii.<\/p>\n<h2><strong>Detaliile evenimentului<\/strong><\/h2>\n<p><strong>BUZ\u0102U 21K MUSIC RUN<\/strong><\/p>\n<p>Data: joi, 10 septembrie 2026<br \/>\nOra: 18:00<br \/>\nStart: Poarta Cr\u00e2ng<br \/>\nTraseu: Bulevardul Nicolae B\u0103lcescu \u2013 Bulevardul Unirii<br \/>\nFinish: MORO Orizont<br \/>\nMuzic\u0103: John Chill Tailor<\/p>\n<p>Eveniment Facebook: <a href=\"https:\/\/fb.me\/e\/54kdG1TMX\">https:\/\/fb.me\/e\/54kdG1TMX<\/a><\/p>\n<p>Participan\u021bii sunt \u00eencuraja\u021bi s\u0103 vin\u0103 al\u0103turi de prieteni, colegi sau familie \u0219i s\u0103 aleag\u0103 \u021binute c\u00e2t mai colorate.<\/p>\n<p><strong>Alerg\u0103m. Dans\u0103m. D\u0103m ora\u0219ul mai tare.<\/strong><\/p>\n<p><strong>Ne preg\u0103tim pentru Buz\u0103u 21k.<\/strong><\/p>\n<div class=\"heateor_sss_sharing_container heateor_sss_horizontal_sharing\" data-heateor-sss-href=\"https:\/\/www.buzau.net\/stiri-din-buzau\/buzau-21k-music-run-aduce-o-alergare-fara-cronometru-si-cu-muzica-live\/\">\n<div class=\"heateor_sss_sharing_title\">DISTRIBUIE ACEST ARTICOL<\/div>\n<\/div>\n<\/div>\n<p>[analyse_source url=&#8221;https:\/\/www.buzau.net\/stiri-din-buzau\/buzau-21k-music-run-aduce-o-alergare-fara-cronometru-si-cu-muzica-live\/&#8221;]<\/p>\n","protected":false},"excerpt":{"rendered":"<p>[analyse_image type=&#8221;featured&#8221; src=&#8221;https:\/\/www.buzau.net\/stiri-din-buzau\/wp-content\/uploads\/2026\/09\/run.jpg&#8221;] Joi, 10 septembrie, Funda\u021bia Comunitar\u0103 Buz\u0103u invit\u0103 buzoienii la un eveniment \u00een premier\u0103 pentru ora\u0219: o alergare u\u0219oar\u0103 pe marile bulevarde, \u00eenso\u021bit\u0103 de muzica mixat\u0103 live de John Chill Tailor, aflat pe o triciclet\u0103 muzical\u0103. BUZ\u0102U 21K MUSIC RUN preg\u0103te\u0219te comunitatea pentru semimaratonul caritabil Buz\u0103u 21k din 27 septembrie. Muzica nu \u00eei [&hellip;]<\/p>\n","protected":false},"author":1,"featured_media":0,"comment_status":"open","ping_status":"","sticky":false,"template":"","format":"standard","meta":{"footnotes":""},"categories":[2],"tags":[113,226],"class_list":["post-2122948","post","type-post","status-publish","format-standard","hentry","category-politics","tag-buzau-net","tag-crawlmanager"],"_links":{"self":[{"href":"https:\/\/analyse.optim.biz\/index.php?rest_route=\/wp\/v2\/posts\/2122948","targetHints":{"allow":["GET"]}}],"collection":[{"href":"https:\/\/analyse.optim.biz\/index.php?rest_route=\/wp\/v2\/posts"}],"about":[{"href":"https:\/\/analyse.optim.biz\/index.php?rest_route=\/wp\/v2\/types\/post"}],"author":[{"embeddable":true,"href":"https:\/\/analyse.optim.biz\/index.php?rest_route=\/wp\/v2\/users\/1"}],"replies":[{"embeddable":true,"href":"https:\/\/analyse.optim.biz\/index.php?rest_route=%2Fwp%2Fv2%2Fcomments&post=2122948"}],"version-history":[{"count":0,"href":"https:\/\/analyse.optim.biz\/index.php?rest_route=\/wp\/v2\/posts\/2122948\/revisions"}],"wp:attachment":[{"href":"https:\/\/analyse.optim.biz\/index.php?rest_route=%2Fwp%2Fv2%2Fmedia&parent=2122948"}],"wp:term":[{"taxonomy":"category","embeddable":true,"href":"https:\/\/analyse.optim.biz\/index.php?rest_route=%2Fwp%2Fv2%2Fcategories&post=2122948"},{"taxonomy":"post_tag","embeddable":true,"href":"https:\/\/analyse.optim.biz\/index.php?rest_route=%2Fwp%2Fv2%2Ftags&post=2122948"}],"curies":[{"name":"wp","href":"https:\/\/api.w.org\/{rel}","templated":true}]}}