{"id":2122943,"date":"2026-09-01T17:08:05","date_gmt":"2026-09-01T14:08:05","guid":{"rendered":"https:\/\/analyse.optim.biz\/?p=2122943"},"modified":"2026-09-01T17:08:05","modified_gmt":"2026-09-01T14:08:05","slug":"dezinsectie-in-tot-municipiul-buzau-in-prima-jumatate-a-lunii-septembrie","status":"publish","type":"post","link":"https:\/\/analyse.optim.biz\/?p=2122943","title":{"rendered":"Dezinsec\u021bie \u00een tot municipiul Buz\u0103u, \u00een prima jum\u0103tate a lunii septembrie"},"content":{"rendered":"<p>[analyse_image type=&#8221;featured&#8221; src=&#8221;https:\/\/www.buzau.net\/stiri-din-buzau\/wp-content\/uploads\/2026\/06\/dezinsectie.jpg&#8221;]<\/p>\n<div id=\"mvp-content-main\" class=\"left relative\">\n<p>Prim\u0103ria Buz\u0103u \u0219i RER SUD anun\u021b\u0103 mai multe ac\u021biuni de dezinsec\u021bie care vor avea loc \u00een municipiu \u00een prima jum\u0103tate a lunii septembrie, at\u00e2t \u00een parcuri, c\u00e2t \u0219i \u00een cartiere, cimitire, locuri de joac\u0103 \u0219i alte zone de pe domeniul public.<\/p>\n<p>Prima interven\u021bie este programat\u0103 pentru 4 septembrie, \u00eentre orele 05:00 \u0219i 09:00, c\u00e2nd vor fi tratate toate parcurile din municipiul Buz\u0103u. Sunt vizate Parcul Cr\u00e2ng, Alexandru Marghiloman, Tineretului 1 \u0219i 2, C\u0103pitan Aviator Mircea T. B\u0103dulescu, Sf. \u00cengeri, Aleea Romani\u021bei, Ha\u0219deu, Prefecturii, Vasile Voiculescu, \u0218tefan Fr\u0103\u021bil\u0103, Iazul Morilor, Sf. Martiri Br\u00e2ncoveni \u0219i Schengen.<\/p>\n<p>Autorit\u0103\u021bile le recomand\u0103 cet\u0103\u021benilor s\u0103 evite tranzitarea sau sta\u021bionarea \u00een zonele \u00een care se desf\u0103\u0219oar\u0103 tratamentele \u0219i s\u0103 nu intre \u00een contact direct cu cea\u021ba pulverizat\u0103.<\/p>\n<p>Ulterior, \u00een perioada 7\u201314 septembrie, va avea loc cea de-a \u0219asea etap\u0103 de dezinsec\u021bie la sol pe domeniul public, interven\u021biile fiind programate zilnic \u00eentre orele 04:00 \u0219i 08:00.<\/p>\n<p>Pe 7 septembrie sunt vizate zona Stadionului de Atletism, cartierele Cr\u00e2ng \u0219i Nicolae B\u0103lcescu, Cimitirul Constantin \u0219i Elena \u0219i locurile de joac\u0103 aferente. Pe 8 septembrie, echipele vor interveni \u00een cartierele Nicolae Titulescu, Democra\u021biei, Independen\u021bei \u0219i Unirii, precum \u0219i \u00een zona Policlinicii Nicolae Titulescu \u0219i a mai multor cimitire.<\/p>\n<p>Pe 9 septembrie vor fi tratate cartierele G\u0103rii, Zona Central\u0103, Constitu\u021biei, Orizont, Transilvaniei \u0219i Simileasca, iar pe 10 septembrie sunt programate interven\u021bii \u00een Episcopiei, Bro\u0219teni \u0219i zona Fr\u0103sinet.<\/p>\n<p>Pe 11 septembrie, dezinsec\u021bia va fi realizat\u0103 din nou \u00een parcurile municipiului, iar ultima zi a programului, 14 septembrie, este rezervat\u0103 cartierelor Doroban\u021bi, Alexandru Marghiloman, Horticolei, Mihai Viteazu \u0219i Po\u0219t\u0103, Cimitirului Sf. Gheorghe \u0219i spa\u021biilor verzi dintre cartiere.<br \/>\nPentru tratamente este utilizat produsul Flytrin, un biocid destinat combaterii insectelor precum \u021b\u00e2n\u021barii \u0219i c\u0103pu\u0219ele. Substan\u021ba este aplicat\u0103 prin diluare cu ap\u0103, cu ajutorul generatoarelor de cea\u021b\u0103 \u0219i al atomizoarelor.<\/p>\n<p>Pe durata interven\u021biilor, locuitorii sunt sf\u0103tui\u021bi s\u0103 \u021bin\u0103 ferestrele \u00eenchise atunci c\u00e2nd utilajele trec prin zon\u0103, s\u0103 protejeze hrana animalelor, juc\u0103riile copiilor \u0219i hainele l\u0103sate la uscat \u0219i s\u0103 spele bine fructele \u0219i legumele din gr\u0103dini \u00eenainte de consum. Persoanele aflate pe strad\u0103 sunt \u00eendemnate s\u0103 p\u0103streze distan\u021ba fa\u021b\u0103 de utilaje \u0219i s\u0103 evite traversarea norului de substan\u021b\u0103.<\/p>\n<p>\u00cen cazul \u00een care condi\u021biile meteorologice vor fi nefavorabile, programul interven\u021biilor poate fi modificat, iar autorit\u0103\u021bile vor anun\u021ba noile date.<\/p>\n<p><img decoding=\"async\" loading=\"lazy\" class=\"aligncenter size-full wp-image-59189\" src=\"https:\/\/www.buzau.net\/stiri-din-buzau\/wp-content\/uploads\/2026\/09\/Dezinsectie-parcuri_FB_24-sept-2026.jpg\" alt width=\"1080\" height=\"1920\"><\/p>\n<p><img decoding=\"async\" loading=\"lazy\" class=\"aligncenter size-full wp-image-59188\" src=\"https:\/\/www.buzau.net\/stiri-din-buzau\/wp-content\/uploads\/2026\/09\/Program_-Dezinsectie-sol_etapa-6-2026.jpg\" alt width=\"1080\" height=\"1920\"><\/p>\n<div class=\"heateor_sss_sharing_container heateor_sss_horizontal_sharing\" data-heateor-sss-href=\"https:\/\/www.buzau.net\/stiri-din-buzau\/dezinsectie-in-tot-municipiul-buzau-in-prima-jumatate-a-lunii-septembrie\/\">\n<div class=\"heateor_sss_sharing_title\">DISTRIBUIE ACEST ARTICOL<\/div>\n<\/div>\n<\/div>\n<p>[analyse_source url=&#8221;https:\/\/www.buzau.net\/stiri-din-buzau\/dezinsectie-in-tot-municipiul-buzau-in-prima-jumatate-a-lunii-septembrie\/&#8221;]<\/p>\n","protected":false},"excerpt":{"rendered":"<p>[analyse_image type=&#8221;featured&#8221; src=&#8221;https:\/\/www.buzau.net\/stiri-din-buzau\/wp-content\/uploads\/2026\/06\/dezinsectie.jpg&#8221;] Prim\u0103ria Buz\u0103u \u0219i RER SUD anun\u021b\u0103 mai multe ac\u021biuni de dezinsec\u021bie care vor avea loc \u00een municipiu \u00een prima jum\u0103tate a lunii septembrie, at\u00e2t \u00een parcuri, c\u00e2t \u0219i \u00een cartiere, cimitire, locuri de joac\u0103 \u0219i alte zone de pe domeniul public. Prima interven\u021bie este programat\u0103 pentru 4 septembrie, \u00eentre orele 05:00 \u0219i [&hellip;]<\/p>\n","protected":false},"author":1,"featured_media":0,"comment_status":"open","ping_status":"","sticky":false,"template":"","format":"standard","meta":{"footnotes":""},"categories":[2],"tags":[113,226],"class_list":["post-2122943","post","type-post","status-publish","format-standard","hentry","category-politics","tag-buzau-net","tag-crawlmanager"],"_links":{"self":[{"href":"https:\/\/analyse.optim.biz\/index.php?rest_route=\/wp\/v2\/posts\/2122943","targetHints":{"allow":["GET"]}}],"collection":[{"href":"https:\/\/analyse.optim.biz\/index.php?rest_route=\/wp\/v2\/posts"}],"about":[{"href":"https:\/\/analyse.optim.biz\/index.php?rest_route=\/wp\/v2\/types\/post"}],"author":[{"embeddable":true,"href":"https:\/\/analyse.optim.biz\/index.php?rest_route=\/wp\/v2\/users\/1"}],"replies":[{"embeddable":true,"href":"https:\/\/analyse.optim.biz\/index.php?rest_route=%2Fwp%2Fv2%2Fcomments&post=2122943"}],"version-history":[{"count":0,"href":"https:\/\/analyse.optim.biz\/index.php?rest_route=\/wp\/v2\/posts\/2122943\/revisions"}],"wp:attachment":[{"href":"https:\/\/analyse.optim.biz\/index.php?rest_route=%2Fwp%2Fv2%2Fmedia&parent=2122943"}],"wp:term":[{"taxonomy":"category","embeddable":true,"href":"https:\/\/analyse.optim.biz\/index.php?rest_route=%2Fwp%2Fv2%2Fcategories&post=2122943"},{"taxonomy":"post_tag","embeddable":true,"href":"https:\/\/analyse.optim.biz\/index.php?rest_route=%2Fwp%2Fv2%2Ftags&post=2122943"}],"curies":[{"name":"wp","href":"https:\/\/api.w.org\/{rel}","templated":true}]}}