{"id":2122942,"date":"2026-09-01T14:08:14","date_gmt":"2026-09-01T11:08:14","guid":{"rendered":"https:\/\/analyse.optim.biz\/?p=2122942"},"modified":"2026-09-01T14:08:14","modified_gmt":"2026-09-01T11:08:14","slug":"pislaru-da-vina-pe-psd-pentru-intarzierile-din-pnrr-se-pozeaza-in-protectori-dar-raspunderea-le-revine","status":"publish","type":"post","link":"https:\/\/analyse.optim.biz\/?p=2122942","title":{"rendered":"P\u00eeslaru d\u0103 vina pe PSD pentru \u00eent\u00e2rzierile din PNRR: \u201eSe pozeaz\u0103 \u00een protectori, dar r\u0103spunderea le revine&#8230;"},"content":{"rendered":"<p>[analyse_image type=&#8221;featured&#8221; src=&#8221;https:\/\/s.iw.ro\/gateway\/g\/ZmlsZVNvdXJjZT1odHRwJTNBJTJGJTJG\/c3RvcmFnZTA4dHJhbnNjb2Rlci5yY3Mt\/cmRzLnJvJTJGc3RvcmFnZSUyRjIwMjYl\/MkYwOSUyRjAxJTJGMjkzNDE5OF8yOTM0\/MTk4XzIwMjYtMDktMDEtMDkyOC5qcGcm\/dz0xMjAwJmg9NjMwJnpjPTEmaGFzaD1m\/NDljZTM2MTQ3ZDBlZWY3ODdmYmRmNmRiZjJmOWNlMg==.thumb.jpg&#8221;]<\/p>\n<div class=\"entry data-app-meta data-app-meta-article\" data-embed-base-url-canonical=\"https:\/\/www.digi24.ro\/embed\/stiri\/actualitate\/politica\/pislaru-da-vina-pe-psd-pentru-intarzierile-din-pnrr-se-pozeaza-in-protectori-dar-raspunderea-le-revine-aproape-integral-3930591\">\n<p data-index=\"1\"><strong>Ministrul Investi\u021biilor \u0219i Proiectelor Europene, Drago\u0219 P\u00eeslaru, a acuzat mar\u021bi PSD c\u0103 poart\u0103 \u201eaproape integral\u201d responsabilitatea pentru am\u00e2narea reformelor din PNRR \u0219i c\u0103 social-democra\u021bii \u201ese pozeaz\u0103 \u00een marii protectori ai PNRR-ului\u201d, de\u0219i au votat m\u0103surile pe care le contest\u0103 acum. Adoptarea acestor reforme era o condi\u021bie pentru ca Rom\u00e2nia s\u0103 primeasc\u0103 banii europeni. Din cauza angajamentelor ne\u00eendeplinite, \u021bara risc\u0103 s\u0103 piard\u0103 aproximativ 870 de milioane de euro din granturi, dintre care 770 de milioane sunt legate de neadoptarea legii salariz\u0103rii unitare.<\/strong><\/p>\n<p class=\"gdpr-placeholder gdpr-social-media gdpr-iframe-fix\" data-index=\"3\"> Setarile tale privind cookie-urile nu permit afisarea continutul din aceasta sectiune. Poti actualiza setarile modulelor coookie direct din browser sau de <a class=\"ot-sdk-show-settings\" data-skip-linkfix=\"1\">aici<\/a> \u2013 e nevoie sa accepti cookie-urile social media<\/p>\n<p data-index=\"4\">Declara\u021biile au fost f\u0103cute la o zi dup\u0103 \u00eencheierea oficial\u0103 a perioadei de implementare a PNRR. Potrivit estim\u0103rilor prezentate de ministru, Rom\u00e2nia ar urma s\u0103 \u00eenchid\u0103 programul cu o rat\u0103 de absorb\u021bie de 90,58% din granturile disponibile \u0219i de peste 97% din componenta de \u00eemprumuturi.<\/p>\n<p data-index=\"5\">\u201eNoi n-am avut niciodat\u0103 la Bruxelles un drum lin al PNRR-ului. Totdeauna problemele noastre au fost legate de incapacitatea unor partide, mai ales a Partidului Social Democrat, s\u0103 \u00een\u021beleag\u0103, de fapt, ce este PNRR \u0219i ce \u0219ans\u0103 este pentru Rom\u00e2nia \u00een materie de reforme \u0219i investi\u021bii\u201d, a declarat ministrul.<\/p>\n<h2 id=\"highlight-3930591-1\">\u201ePSD contest\u0103 acum m\u0103surile pe care le-a votat\u201d<\/h2>\n<p data-index=\"6\">Ministrul a invocat reformele privind pensiile speciale \u0219i reducerea deficitului bugetar, despre care a spus c\u0103 erau condi\u021bii asumate de Rom\u00e2nia pentru \u00eencasarea banilor din PNRR. \u00cen cazul pensiilor speciale, Guvernul ar fi reu\u0219it s\u0103 recupereze peste 300 de milioane de euro din cererea de plat\u0103 num\u0103rul 3 dup\u0103 \u00eendeplinirea par\u021bial\u0103 a angajamentelor.<\/p>\n<p data-index=\"7\">P\u00eeslaru a afirmat c\u0103 PSD critic\u0103 acum, din opozi\u021bie, m\u0103surile fiscale adoptate pentru reducerea deficitului, de\u0219i social-democra\u021bii le-au sus\u021binut c\u00e2nd se aflau la guvernare \u0219i \u0219tiau c\u0103 de adoptarea acestora depindeau fondurile europene.<\/p>\n<p data-index=\"8\">\u201eV\u0103 readuc aminte discu\u021biile care au avut loc legate de redresarea deficitului bugetar. La vremea respectiv\u0103 s-a insistat poate prea pu\u021bin pe faptul c\u0103 acele lucruri pentru care Guvernul \u0219i-a asumat r\u0103spunderea f\u0103ceau parte, de fapt, din jaloanele din PNRR. Este foarte interesant acum c\u0103 Partidul Social Democrat, de pe margine, din opozi\u021bie, contest\u0103 acele m\u0103suri, uit\u00e2nd dou\u0103 lucruri: c\u0103 atunci le-a votat cu dou\u0103 m\u00e2ini \u0219i, doi, un lucru esen\u021bial, c\u0103 erau jaloane din PNRR. Deci s\u0103 ne l\u0103murim, p\u00e2n\u0103 la urm\u0103, care sunt lucrurile pe care dumneavoastr\u0103 le sus\u021bine\u021bi. Acum sunt \u00eentr-o pl\u00e2ngere legat\u0103 de faptul c\u0103 am adoptat reforme care au afectat oamenii. La vremea respectiv\u0103 nu era acest lucru de interes pentru dumnealor \u0219i acum se pozeaz\u0103 \u00een marii protectori ai PNRR-ului, \u00een condi\u021biile \u00een care le revine aproape integral ceea ce \u00eenseamn\u0103 am\u00e2n\u0103rile acestea de reform\u0103\u201d, a declarat ministrul Investi\u021biilor \u0219i Proiectelor Europene.<\/p>\n<h2 id=\"highlight-3930591-2\">Rom\u00e2nia risc\u0103 s\u0103 piard\u0103 aproximativ 870 de milioane de euro din granturile PNRR<\/h2>\n<p data-index=\"9\">Cea mai mare problem\u0103 r\u0103mas\u0103 la \u00eenchiderea PNRR este neadoptarea legii salariz\u0103rii unitare, reform\u0103 de care depind 770 de milioane de euro din fondurile nerambursabile. Alte aproximativ 50 de milioane de euro sunt puse sub semnul \u00eentreb\u0103rii de decizia Guvernului de a nu \u00eenchide toate capacit\u0103\u021bile energetice prev\u0103zute \u00een calendarul de decarbonizare.<\/p>\n<p data-index=\"10\">\u201ePe partea de investi\u021bii, a\u0219tept\u0103m dovezile de la ministerele de linie \u0219i estim\u0103m c\u0103 o sum\u0103 de 36 de milioane de euro este \u00een acest moment \u00eenc\u0103 de clarificat pentru a avea absorb\u021bie total\u0103 pe investi\u021bii. Dar, pe aceea\u0219i component\u0103 de grant, avem legea salariz\u0103rii, cu un impact de 770 de milioane de euro, decarbonizarea, pe care o estim\u0103m undeva \u00een jur de 50 de milioane, \u0219i ni\u0219te sume marginale legate de contractele pentru diferen\u021b\u0103. \u00cen total, discut\u0103m de undeva la 870 de milioane de euro pe componenta de grant. Riscul r\u0103m\u00e2ne legat de reformele nerealizate, din care, evident, reforma-fanion care ne lipse\u0219te este cea legat\u0103 de salarizarea unitar\u0103\u201d, a explicat P\u00eeslaru.<\/p>\n<p data-index=\"11\">Acesta a anun\u021bat c\u0103 urmeaz\u0103 s\u0103 discute joi cu reprezentan\u021bii SG REFORM din cadrul Comisiei Europene despre legea salariz\u0103rii \u0219i decarbonizare. \u00cen cazul \u00eenchiderii capacit\u0103\u021bilor energetice, Rom\u00e2nia \u00eencearc\u0103 s\u0103 negocieze reducerea penaliz\u0103rii.<\/p>\n<p data-index=\"12\">\u201eDin partea de granturi, de 13,56 miliarde de euro, avem 410 milioane de euro pe care le mo\u0219tenim tot de la guvernele anterioare. Sunt bani pierdu\u021bi \u00een zona de grant din cererea de plat\u0103 3, la care s-ar ad\u0103uga 860-870 de milioane de euro, mai ales din legea salariz\u0103rii, de 770 de milioane. A\u0219a se ajunge la acea cifr\u0103 de 90,58%, peste 90% rat\u0103 de absorb\u021bie pe grant\u201d, a afirmat ministrul.<\/p>\n<p data-index=\"13\">Pe componenta de \u00eemprumut, sumele pierdute sau aflate sub semnul \u00eentreb\u0103rii sunt estimate la 16 milioane de euro din cererea de plat\u0103 num\u0103rul 2, 44 de milioane din cererea num\u0103rul 3 \u0219i aproximativ 100 de milioane din cererea final\u0103. Rata de absorb\u021bie ar urma s\u0103 dep\u0103\u0219easc\u0103 97%, raportat\u0103 la componenta de \u00eemprumut redus\u0103 \u00een forma final\u0103 la 6,54 miliarde de euro.<\/p>\n<h2 id=\"highlight-3930591-3\">\u201eExista un haos managerial \u0219i o lips\u0103 de transparen\u021b\u0103 total\u0103\u201d<\/h2>\n<p data-index=\"14\">P\u00eeslaru a sus\u021binut c\u0103, \u00een iunie 2025, c\u00e2nd Guvernul Bolojan a preluat administrarea planului, PNRR era blocat. Valoarea proiectelor contractate ajunsese la aproximativ 47 de miliarde de euro, \u00een condi\u021biile \u00een care programul avea atunci o valoare de aproximativ 28 de miliarde de euro.<\/p>\n<p data-index=\"15\">Portofoliul cuprindea peste 25.000 de proiecte, \u00eens\u0103 nu exista un sistem centralizat care s\u0103 permit\u0103 urm\u0103rirea progresului fizic \u0219i financiar. \u00cen plus, Comisia European\u0103 constatase c\u0103 unele achizi\u021bii pentru tronsoane de autostrad\u0103 nu fuseser\u0103 publicate \u00een Jurnalul Oficial al Uniunii Europene \u0219i, prin urmare, nu erau eligibile pentru finan\u021bare.<\/p>\n<p data-index=\"16\">\u201e\u00cen iunie anul trecut, c\u00e2nd Guvernul Bolojan a preluat gestiunea acestui plan, PNRR era un program blocat. Exista o supracontractare de 47 de miliarde de euro pe un PNRR care avea 28 de miliarde \u00een momentul respectiv, deci, practic, aproape de dou\u0103 ori mai mult. Exista, \u00een acela\u0219i timp, un haos managerial \u0219i o lips\u0103 de transparen\u021b\u0103 total\u0103. Nu existau instrumente de gestiune de tip tablou de bord sau ceva care s\u0103 poat\u0103 monitoriza progresul fizic \u0219i financiar al acestui program\u201d, a declarat ministrul.<\/p>\n<p data-index=\"17\">Potrivit acestuia, primele trei cereri de plat\u0103 au inclus \u0219ase investi\u021bii \u0219i 19 reforme, \u00een timp ce cererile 4, 5 \u0219i 6, gestionate de actualul guvern, au presupus aproximativ 113 investi\u021bii \u0219i 48 de reforme. P\u00eeslaru a sus\u021binut c\u0103 aproximativ dou\u0103 treimi din efortul de implementare a PNRR a fost realizat \u00eentre 23 iunie 2025 \u0219i 31 august 2026.<\/p>\n<p data-index=\"18\">\u201eDin 2021 p\u00e2n\u0103 \u00een 2025 au fost ani de zile \u00een care guvernele anterioare nu au f\u0103cut nici reformele care trebuiau f\u0103cute \u0219i nici m\u0103car nu au \u00eenceput sau finalizat o parte din investi\u021bii conform graficului. Graficul ini\u021bial al PNRR avea zece cereri de plat\u0103, menite s\u0103 acopere aproximativ dou\u0103 cereri pe an, p\u00e2n\u0103 la sf\u00e2r\u0219itul perioadei\u201d, a mai spus ministrul.<\/p>\n<p data-index=\"19\">Cererea de plat\u0103 num\u0103rul 4, \u00een valoare de 2,251 miliarde de euro, a fost \u00eencasat\u0103 integral \u00een iunie 2026. Cererea num\u0103rul 5, depus\u0103 pe 14 august, are o valoare net\u0103 de aproximativ dou\u0103 miliarde de euro, iar cererea final\u0103, de 4,3 miliarde de euro, trebuie transmis\u0103 Comisiei Europene p\u00e2n\u0103 la 30 septembrie.<\/p>\n<p data-index=\"20\">Rom\u00e2nia a pornit \u00een 2021 cu un plan care prevedea granturi de 14,24 miliarde de euro \u0219i \u00eemprumuturi de 14,94 miliarde de euro. Dup\u0103 includerea REPowerEU \u0219i renegocierile succesive, forma final\u0103 a PNRR cuprinde 13,57 miliarde de euro din fonduri nerambursabile \u0219i 6,54 miliarde de euro din \u00eemprumuturi.<\/p>\n<p data-index=\"21\">Cite\u0219te \u0219i: <a href=\"https:\/\/www.digi24.ro\/stiri\/actualitate\/politica\/bolojan-este-nemultumit-ca-romania-a-pierdut-bani-din-pnrr-am-gasit-un-program-complet-intepenit-cu-risc-de-esec-major-3930529\" target=\"_blank\" rel=\"noopener\" data-skip-linkfix=\"1\">VIDEO Bolojan este nemul\u021bumit c\u0103 Rom\u00e2nia a pierdut bani din PNRR. \u201eAm g\u0103sit un program complet \u00een\u021bepenit, cu risc de e\u0219ec major\u201d<\/a><\/p>\n<p> Editor : <a href=\"https:\/\/www.digi24.ro\/autor\/andreea-dobra\"> A.D. <\/a><\/p>\n<\/div>\n<p>[analyse_source url=&#8221;https:\/\/www.digi24.ro\/stiri\/actualitate\/politica\/pislaru-da-vina-pe-psd-pentru-intarzierile-din-pnrr-se-pozeaza-in-protectori-dar-raspunderea-le-revine-aproape-integral-3930591&#8243;]<\/p>\n","protected":false},"excerpt":{"rendered":"<p>[analyse_image type=&#8221;featured&#8221; src=&#8221;https:\/\/s.iw.ro\/gateway\/g\/ZmlsZVNvdXJjZT1odHRwJTNBJTJGJTJG\/c3RvcmFnZTA4dHJhbnNjb2Rlci5yY3Mt\/cmRzLnJvJTJGc3RvcmFnZSUyRjIwMjYl\/MkYwOSUyRjAxJTJGMjkzNDE5OF8yOTM0\/MTk4XzIwMjYtMDktMDEtMDkyOC5qcGcm\/dz0xMjAwJmg9NjMwJnpjPTEmaGFzaD1m\/NDljZTM2MTQ3ZDBlZWY3ODdmYmRmNmRiZjJmOWNlMg==.thumb.jpg&#8221;] Ministrul Investi\u021biilor \u0219i Proiectelor Europene, Drago\u0219 P\u00eeslaru, a acuzat mar\u021bi PSD c\u0103 poart\u0103 \u201eaproape integral\u201d responsabilitatea pentru am\u00e2narea reformelor din PNRR \u0219i c\u0103 social-democra\u021bii \u201ese pozeaz\u0103 \u00een marii protectori ai PNRR-ului\u201d, de\u0219i au votat m\u0103surile pe care le contest\u0103 acum. Adoptarea acestor reforme era o condi\u021bie pentru ca Rom\u00e2nia s\u0103 primeasc\u0103 banii [&hellip;]<\/p>\n","protected":false},"author":1,"featured_media":0,"comment_status":"open","ping_status":"","sticky":false,"template":"","format":"standard","meta":{"footnotes":""},"categories":[89],"tags":[226,11],"class_list":["post-2122942","post","type-post","status-publish","format-standard","hentry","category-romania","tag-crawlmanager","tag-digi24"],"_links":{"self":[{"href":"https:\/\/analyse.optim.biz\/index.php?rest_route=\/wp\/v2\/posts\/2122942","targetHints":{"allow":["GET"]}}],"collection":[{"href":"https:\/\/analyse.optim.biz\/index.php?rest_route=\/wp\/v2\/posts"}],"about":[{"href":"https:\/\/analyse.optim.biz\/index.php?rest_route=\/wp\/v2\/types\/post"}],"author":[{"embeddable":true,"href":"https:\/\/analyse.optim.biz\/index.php?rest_route=\/wp\/v2\/users\/1"}],"replies":[{"embeddable":true,"href":"https:\/\/analyse.optim.biz\/index.php?rest_route=%2Fwp%2Fv2%2Fcomments&post=2122942"}],"version-history":[{"count":0,"href":"https:\/\/analyse.optim.biz\/index.php?rest_route=\/wp\/v2\/posts\/2122942\/revisions"}],"wp:attachment":[{"href":"https:\/\/analyse.optim.biz\/index.php?rest_route=%2Fwp%2Fv2%2Fmedia&parent=2122942"}],"wp:term":[{"taxonomy":"category","embeddable":true,"href":"https:\/\/analyse.optim.biz\/index.php?rest_route=%2Fwp%2Fv2%2Fcategories&post=2122942"},{"taxonomy":"post_tag","embeddable":true,"href":"https:\/\/analyse.optim.biz\/index.php?rest_route=%2Fwp%2Fv2%2Ftags&post=2122942"}],"curies":[{"name":"wp","href":"https:\/\/api.w.org\/{rel}","templated":true}]}}