{"id":2122936,"date":"2026-09-01T14:05:14","date_gmt":"2026-09-01T11:05:14","guid":{"rendered":"https:\/\/analyse.optim.biz\/?p=2122936"},"modified":"2026-09-01T14:05:14","modified_gmt":"2026-09-01T11:05:14","slug":"ue-suspenda-importurile-de-carne-din-brazilia-din-3-septembrie-ce-au-descoperit-autoritatile-europene","status":"publish","type":"post","link":"https:\/\/analyse.optim.biz\/?p=2122936","title":{"rendered":"UE suspend\u0103 importurile de carne din Brazilia din 3 septembrie. Ce au descoperit autorit\u0103\u021bile europene"},"content":{"rendered":"<p>[analyse_image type=&#8221;featured&#8221; src=&#8221;https:\/\/s.iw.ro\/gateway\/g\/ZmlsZVNvdXJjZT1odHRwJTNBJTJGJTJG\/c3RvcmFnZTA4dHJhbnNjb2Rlci5yY3Mt\/cmRzLnJvJTJGc3RvcmFnZSUyRjIwMjYl\/MkYwOSUyRjAxJTJGMjkzNDE4Nl8yOTM0\/MTg2X3Byb2ZpbWVkaWEtMTEyOTgzMTQ5\/NS5qcGcmdz0xMjAwJmg9NjMwJnpjPTEm\/aGFzaD0wN2I2ZTcwNTljZDI3NTBhNzc0YTZmOWEyMDEwZjkzZg==.thumb.jpg&#8221;]<\/p>\n<div class=\"entry data-app-meta data-app-meta-article\" data-embed-base-url-canonical=\"https:\/\/www.digi24.ro\/embed\/stiri\/externe\/ue-suspenda-importurile-de-carne-din-brazilia-din-3-septembrie-ce-au-descoperit-autoritatile-europene-3930633\">\n<p data-index=\"1\"><strong>Bruxelles-ul va opri, din 3 septembrie, accesul pe pia\u021ba european\u0103 al c\u0103rnii importate din Brazilia, dup\u0103 ce \u021bara sud-american\u0103 nu a putut garanta respectarea normelor UE privind utilizarea antimicrobienelor \u00een cre\u0219terea animalelor. Brazilia a fost, anul trecut, al doilea cel mai mare furnizor de carne de vit\u0103 al Uniunii Europene, scrie <a href=\"https:\/\/www.reuters.com\/business\/healthcare-pharmaceuticals\/eu-suspend-brazilian-meat-imports-september-3-citing-antimicrobial-rules-2026-09-01\/\" target=\"_blank\" rel=\"noopener\" data-skip-linkfix=\"1\">Reuters<\/a>.<\/strong><\/p>\n<p data-index=\"2\">UE anun\u021base \u00eenc\u0103 din luna mai c\u0103 Brazilia urma s\u0103 fie eliminat\u0103 de pe lista \u021b\u0103rilor autorizate s\u0103 exporte \u00een blocul comunitar anumite produse de origine animal\u0103.<\/p>\n<p data-index=\"3\">Purt\u0103torul de cuv\u00e2nt al Comisiei le-a declarat jurnali\u0219tilor c\u0103 Uniunea European\u0103 nu a primit din partea autorit\u0103\u021bilor braziliene garan\u021bii privind respectarea cerin\u021bei potrivit c\u0103reia substan\u021bele antimicrobiene nu trebuie utilizate pentru stimularea cre\u0219terii animalelor.<\/p>\n<p data-index=\"4\">\u00cen cazul c\u0103rnii de pas\u0103re \u0219i al mierii, un audit al sistemului de produc\u021bie din Brazilia urmeaz\u0103 s\u0103 fie finalizat la sf\u00e2r\u0219itul acestei s\u0103pt\u0103m\u00e2ni, \u00eens\u0103 rezultatele nu vor fi disponibile imediat, a precizat oficialul european.<\/p>\n<p data-index=\"5\">\u00cen ceea ce prive\u0219te carnea de vit\u0103, categorie \u00een care Brazilia a fost al doilea cel mai mare furnizor al Uniunii Europene \u00een 2025, Bruxelles-ul solicit\u0103 garan\u021bii privind respectarea normelor pe parcursul \u00eentregului ciclu de via\u021b\u0103 al animalelor.<\/p>\n<p data-index=\"6\">Comisia European\u0103 nu a precizat c\u00e2nd ar putea fi ridicat\u0103 interdic\u021bia.<\/p>\n<p data-index=\"7\">Normele UE interzic, de asemenea, administrarea animalelor a unor substan\u021be antimicrobiene rezervate trat\u0103rii oamenilor, inclusiv anumite antibiotice.<\/p>\n<p data-index=\"8\">Utilizarea excesiv\u0103 a antibioticelor la animale poate favoriza apari\u021bia bacteriilor rezistente, care se pot transmite la oameni prin alimente, prin contact direct sau prin intermediul mediului. \u00cen consecin\u021b\u0103, unele infec\u021bii la oameni pot deveni mai dificil de tratat.<\/p>\n<p> Editor : <a href=\"https:\/\/www.digi24.ro\/autor\/stefania-apostol\"> \u0218.A. <\/a><\/p>\n<\/div>\n<p>[analyse_source url=&#8221;https:\/\/www.digi24.ro\/stiri\/externe\/ue-suspenda-importurile-de-carne-din-brazilia-din-3-septembrie-ce-au-descoperit-autoritatile-europene-3930633&#8243;]<\/p>\n","protected":false},"excerpt":{"rendered":"<p>[analyse_image type=&#8221;featured&#8221; src=&#8221;https:\/\/s.iw.ro\/gateway\/g\/ZmlsZVNvdXJjZT1odHRwJTNBJTJGJTJG\/c3RvcmFnZTA4dHJhbnNjb2Rlci5yY3Mt\/cmRzLnJvJTJGc3RvcmFnZSUyRjIwMjYl\/MkYwOSUyRjAxJTJGMjkzNDE4Nl8yOTM0\/MTg2X3Byb2ZpbWVkaWEtMTEyOTgzMTQ5\/NS5qcGcmdz0xMjAwJmg9NjMwJnpjPTEm\/aGFzaD0wN2I2ZTcwNTljZDI3NTBhNzc0YTZmOWEyMDEwZjkzZg==.thumb.jpg&#8221;] Bruxelles-ul va opri, din 3 septembrie, accesul pe pia\u021ba european\u0103 al c\u0103rnii importate din Brazilia, dup\u0103 ce \u021bara sud-american\u0103 nu a putut garanta respectarea normelor UE privind utilizarea antimicrobienelor \u00een cre\u0219terea animalelor. Brazilia a fost, anul trecut, al doilea cel mai mare furnizor de carne de vit\u0103 al Uniunii Europene, scrie Reuters. [&hellip;]<\/p>\n","protected":false},"author":1,"featured_media":0,"comment_status":"open","ping_status":"","sticky":false,"template":"","format":"standard","meta":{"footnotes":""},"categories":[89],"tags":[226,11],"class_list":["post-2122936","post","type-post","status-publish","format-standard","hentry","category-romania","tag-crawlmanager","tag-digi24"],"_links":{"self":[{"href":"https:\/\/analyse.optim.biz\/index.php?rest_route=\/wp\/v2\/posts\/2122936","targetHints":{"allow":["GET"]}}],"collection":[{"href":"https:\/\/analyse.optim.biz\/index.php?rest_route=\/wp\/v2\/posts"}],"about":[{"href":"https:\/\/analyse.optim.biz\/index.php?rest_route=\/wp\/v2\/types\/post"}],"author":[{"embeddable":true,"href":"https:\/\/analyse.optim.biz\/index.php?rest_route=\/wp\/v2\/users\/1"}],"replies":[{"embeddable":true,"href":"https:\/\/analyse.optim.biz\/index.php?rest_route=%2Fwp%2Fv2%2Fcomments&post=2122936"}],"version-history":[{"count":0,"href":"https:\/\/analyse.optim.biz\/index.php?rest_route=\/wp\/v2\/posts\/2122936\/revisions"}],"wp:attachment":[{"href":"https:\/\/analyse.optim.biz\/index.php?rest_route=%2Fwp%2Fv2%2Fmedia&parent=2122936"}],"wp:term":[{"taxonomy":"category","embeddable":true,"href":"https:\/\/analyse.optim.biz\/index.php?rest_route=%2Fwp%2Fv2%2Fcategories&post=2122936"},{"taxonomy":"post_tag","embeddable":true,"href":"https:\/\/analyse.optim.biz\/index.php?rest_route=%2Fwp%2Fv2%2Ftags&post=2122936"}],"curies":[{"name":"wp","href":"https:\/\/api.w.org\/{rel}","templated":true}]}}