{"id":2122932,"date":"2026-09-01T14:01:10","date_gmt":"2026-09-01T11:01:10","guid":{"rendered":"https:\/\/analyse.optim.biz\/?p=2122932"},"modified":"2026-09-01T14:01:10","modified_gmt":"2026-09-01T11:01:10","slug":"ciprian-ciucu-despre-lucrarile-din-herastrau-dupa-ce-oamenii-s-au-isterizat-m-am-isterizat-si-eu","status":"publish","type":"post","link":"https:\/\/analyse.optim.biz\/?p=2122932","title":{"rendered":"Ciprian Ciucu, despre lucr\u0103rile din Her\u0103str\u0103u: \u201eDup\u0103 ce oamenii s-au isterizat, m-am isterizat \u0219i eu\u201d"},"content":{"rendered":"<p>[analyse_image type=&#8221;featured&#8221; src=&#8221;https:\/\/s.iw.ro\/gateway\/g\/ZmlsZVNvdXJjZT1odHRwJTNBJTJGJTJG\/c3RvcmFnZTA4dHJhbnNjb2Rlci5yY3Mt\/cmRzLnJvJTJGc3RvcmFnZSUyRjIwMjUl\/MkYwMyUyRjIxJTJGMjIxODY4M18yMjE4\/NjgzX2NpcHJpYW4tY2l1Y3UuanBnJnc9\/MTIwMCZoPTYzMCZ6Yz0xJmhhc2g9MDli\/YjRkZjI5YWRiZjllMmQ0M2Q5ZDc4OTQyMmI4MDc=.thumb.jpg&#8221;]<\/p>\n<div class=\"entry data-app-meta data-app-meta-article\" data-embed-base-url-canonical=\"https:\/\/www.digi24.ro\/embed\/stiri\/ciprian-ciucu-despre-lucrarile-din-herastrau-dupa-ce-oamenii-s-au-isterizat-m-am-isterizat-si-eu-3930601\">\n<p data-index=\"1\"><strong>Ciprian Ciucu a dat detalii, \u00een direct la Digi24, despre stadiul lucr\u0103rilor de pe malul lacului Her\u0103str\u0103u. Primarul Capitalei subliniaz\u0103 c\u0103, \u00een acest moment, \u00een teren sunt peisagi\u0219ti care evalueaz\u0103 fiecare arbore care ar urma s\u0103 fie afectat, \u00eentr-un fel sau altul, de aceste lucr\u0103ri.<\/strong><\/p>\n<p data-index=\"2\">\u201eProblema este c\u0103 oamenii s-au isterizat, poate pe bun\u0103 dreptate, c\u0103 vor fi t\u0103ia\u021bi ni\u0219te arbori. Nu ai cum s\u0103 vii cu lucr\u0103ri de infrastructur\u0103 de acest tip de baraj f\u0103r\u0103 s\u0103 tai arbori crescu\u021bi fix acolo (&#8230;) Dup\u0103 ce oamenii s-au isterizat, m-am isterizat \u0219i eu. \u0218i eu vreau s\u0103 r\u0103m\u00e2n\u0103 c\u00e2t mai mul\u021bi copaci. Peisagi\u0219tii evalueaz\u0103, sunt \u00een teren, echipe de 20-30 de oameni \u00een teren, care evalueaz\u0103 arbore cu arbore, care va fi defri\u0219at, care va fi salvat \u0219i care va fi toaletat\u201d, a declarat Ciprian Ciucu, la Digi24.<\/p>\n<p data-index=\"3\">Acesta a subliniat c\u0103 \u201elucr\u0103rile vor prinde vitez\u0103\u201d \u0219i c\u0103 \u201esunt \u00een grafic\u201d.\u00a0<\/p>\n<p data-index=\"4\">\u201eEste un constructor specializat \u00een astfel de lucr\u0103ri hidrologice, nu este luat de pe o firm\u0103 de apartament, asta \u0219tie s\u0103 fac\u0103. Urmeaz\u0103 planificarea pe care o are \u0219i \u00eemi spune c\u0103 a \u00eenceput\u201d, a mai men\u021bionat Ciucu.\u00a0<\/p>\n<p data-index=\"5\"><a href=\"https:\/\/www.digi24.ro\/stiri\/actualitate\/social\/primaria-capitalei-anunta-noi-etape-pentru-regenerarea-parcului-herastrau-care-e-stadiul-lucrarilor-si-cand-ar-urma-sa-fie-finalizate-3887897\" target=\"_blank\" rel=\"noopener\" data-skip-linkfix=\"1\">CITE\u0218TE \u0218I: Prim\u0103ria Capitalei anun\u021b\u0103 noi etape pentru regenerarea Parcului Her\u0103str\u0103u. Care e stadiul lucr\u0103rilor \u0219i c\u00e2nd ar urma s\u0103 fie finalizate<\/a><\/p>\n<p> Editor : <a href=\"https:\/\/www.digi24.ro\/autor\/alexander-garvey\"> M.G. <\/a><\/p>\n<\/div>\n<p>[analyse_source url=&#8221;https:\/\/www.digi24.ro\/stiri\/ciprian-ciucu-despre-lucrarile-din-herastrau-dupa-ce-oamenii-s-au-isterizat-m-am-isterizat-si-eu-3930601&#8243;]<\/p>\n","protected":false},"excerpt":{"rendered":"<p>[analyse_image type=&#8221;featured&#8221; src=&#8221;https:\/\/s.iw.ro\/gateway\/g\/ZmlsZVNvdXJjZT1odHRwJTNBJTJGJTJG\/c3RvcmFnZTA4dHJhbnNjb2Rlci5yY3Mt\/cmRzLnJvJTJGc3RvcmFnZSUyRjIwMjUl\/MkYwMyUyRjIxJTJGMjIxODY4M18yMjE4\/NjgzX2NpcHJpYW4tY2l1Y3UuanBnJnc9\/MTIwMCZoPTYzMCZ6Yz0xJmhhc2g9MDli\/YjRkZjI5YWRiZjllMmQ0M2Q5ZDc4OTQyMmI4MDc=.thumb.jpg&#8221;] Ciprian Ciucu a dat detalii, \u00een direct la Digi24, despre stadiul lucr\u0103rilor de pe malul lacului Her\u0103str\u0103u. Primarul Capitalei subliniaz\u0103 c\u0103, \u00een acest moment, \u00een teren sunt peisagi\u0219ti care evalueaz\u0103 fiecare arbore care ar urma s\u0103 fie afectat, \u00eentr-un fel sau altul, de aceste lucr\u0103ri. \u201eProblema este c\u0103 oamenii s-au isterizat, poate [&hellip;]<\/p>\n","protected":false},"author":1,"featured_media":0,"comment_status":"open","ping_status":"","sticky":false,"template":"","format":"standard","meta":{"footnotes":""},"categories":[89],"tags":[226,11],"class_list":["post-2122932","post","type-post","status-publish","format-standard","hentry","category-romania","tag-crawlmanager","tag-digi24"],"_links":{"self":[{"href":"https:\/\/analyse.optim.biz\/index.php?rest_route=\/wp\/v2\/posts\/2122932","targetHints":{"allow":["GET"]}}],"collection":[{"href":"https:\/\/analyse.optim.biz\/index.php?rest_route=\/wp\/v2\/posts"}],"about":[{"href":"https:\/\/analyse.optim.biz\/index.php?rest_route=\/wp\/v2\/types\/post"}],"author":[{"embeddable":true,"href":"https:\/\/analyse.optim.biz\/index.php?rest_route=\/wp\/v2\/users\/1"}],"replies":[{"embeddable":true,"href":"https:\/\/analyse.optim.biz\/index.php?rest_route=%2Fwp%2Fv2%2Fcomments&post=2122932"}],"version-history":[{"count":0,"href":"https:\/\/analyse.optim.biz\/index.php?rest_route=\/wp\/v2\/posts\/2122932\/revisions"}],"wp:attachment":[{"href":"https:\/\/analyse.optim.biz\/index.php?rest_route=%2Fwp%2Fv2%2Fmedia&parent=2122932"}],"wp:term":[{"taxonomy":"category","embeddable":true,"href":"https:\/\/analyse.optim.biz\/index.php?rest_route=%2Fwp%2Fv2%2Fcategories&post=2122932"},{"taxonomy":"post_tag","embeddable":true,"href":"https:\/\/analyse.optim.biz\/index.php?rest_route=%2Fwp%2Fv2%2Ftags&post=2122932"}],"curies":[{"name":"wp","href":"https:\/\/api.w.org\/{rel}","templated":true}]}}