{"id":2122917,"date":"2026-09-01T17:44:31","date_gmt":"2026-09-01T14:44:31","guid":{"rendered":"https:\/\/analyse.optim.biz\/?p=2122917"},"modified":"2026-09-01T17:44:31","modified_gmt":"2026-09-01T14:44:31","slug":"fostul-cancelar-german-angela-merkel-la-bucuresti-in-criza-din-2008-2009-bancile-americane-si-britan","status":"publish","type":"post","link":"https:\/\/analyse.optim.biz\/?p=2122917","title":{"rendered":"Fostul cancelar german Angela Merkel, la Bucure\u015fti: \u00cen criza din 2008 &#8211; 2009, b\u0103ncile americane \u015fi britan"},"content":{"rendered":"<p>[analyse_image type=&#8221;featured&#8221; src=&#8221;https:\/\/storage0.dms.mpinteractiv.ro\/media\/1\/1481\/21333\/23229163\/1\/whatsapp-image-2026-09-01-at-20-42-10.jpghttps:\/\/storage0.dms.mpinteractiv.ro\/media\/1\/1481\/21333\/23229163\/1\/whatsapp-image-2026-09-01-at-20-42-10.jpg&#8221;]<\/p>\n<div class=\"text-content\">\n<p> Fostul cancelar al Germaniei Angela Merkel a declarat mar\u0163i sear\u0103, la Bucure\u015fti, \u00een cadrul unui dialog cu Emil Hurezeanu, c\u0103 una dintre cele mai mari provoc\u0103ri ale mandatului s\u0103u a fost criza financiar\u0103 din 2008-2009, provocat\u0103 de sistemul bancar american \u015fi britanic, care a pus sub semnul \u00eentreb\u0103rii \u00eencrederea \u00een economia de pia\u0163\u0103.<\/p>\n<p> \u201ePrimii doi ani ai mandatului meu au fost ani \u00een care am \u00eenv\u0103\u0163at ce \u00eenseamn\u0103 s\u0103 conduci. Apoi a venit criza financiar\u0103 din 2007\u20132008. Pentru mine a fost un \u015foc incredibil. Nu \u015ftiu cum v\u0103 aminti\u0163i dumneavoastr\u0103 acea perioad\u0103 \u00een Rom\u00e2nia, \u00eens\u0103 eu veneam din socialism. M\u0103 bucuram c\u0103 exist\u0103 economia de pia\u0163\u0103, antreprenoriatul \u015fi proprietatea privat\u0103. \u015ei apoi s\u0103 vezi c\u0103 b\u0103ncile americane \u015fi britanice duc lumea pe marginea pr\u0103pastiei prin criza lor bancar\u0103, iar toat\u0103 lumea strig\u0103 dup\u0103 stat, c\u0103 statul trebuia s\u0103 corecteze comportamentul gre\u015fit al managerilor. Pentru mine a fost o mare dezam\u0103gire personal\u0103\u201d, a spus Merkel \u00een dialogul dedicat volumului s\u0103u de memorii, \u201eLibertate. Amintiri 1954\u20132021\u201d, ap\u0103rut la Editura Litera.<\/p>\n<p> \u00cen opinia fostului cancelar german, efectele crizei financiare au dep\u0103\u015fit cu mult sfera economic\u0103 \u015fi au afectat percep\u0163ia global\u0103 asupra capitalismului.<\/p>\n<div>\n<div><span>Te-ar putea interesa \u0219i:<\/span><\/div>\n<\/div>\n<p> \u201eCred c\u0103 aceast\u0103 criz\u0103 financiar\u0103, at\u00e2t \u00een Europa \u015fi America, c\u00e2t \u015fi \u00een afara lor, a creat o dezam\u0103gire extraordinar\u0103. Americanii nici p\u00e2n\u0103 ast\u0103zi nu au \u00een\u0163eles cum au privit acele evenimente oamenii din Asia sau Africa. \u00cencrederea oarb\u0103 \u00een economia capitalist\u0103 de pia\u0163\u0103 s-a zdruncinat atunci. \u00cen consecin\u0163\u0103, criza euro nu ar fi existat niciodat\u0103 dac\u0103 nu ar fi existat mai \u00eent\u00e2i criza financiar\u0103.\u201d\u00a0<\/p>\n<p> Angela Merkel a spus c\u0103 interven\u0163iile masive ale statelor pentru salvarea economiilor au fost greu de \u00een\u0163eles de c\u0103tre popula\u0163ie \u015fi chiar au ridicat \u00eentreb\u0103ri despre posibilitatea de a sus\u0163ine zona euro.\u00a0<\/p>\n<div class=\"int-widget-container\" data-channel-id=\"6a7d7d3c65d3cf457c0b4775\" data-publisher-id=\"6a7d78a072984466fe0e9897\">\n\u00a0<\/div>\n<p> \u201eAtunci ne-am \u00eentrebat dac\u0103 putem sus\u0163ine zona euro, se vorbea chiar despre destr\u0103marea ei. \u015ei din nou se spunea: \u201eStatul trebuie s\u0103 intervin\u0103.\u201d \u00cen acea perioad\u0103 am avut un rol foarte dificil.\u201d\u00a0<\/p>\n<p> Ea a rememorat \u015fi perioada crizei datoriilor suverane din zona euro, c\u00e2nd Germania a sus\u0163inut men\u0163inerea Greciei \u00een uniunea monetar\u0103, cu pre\u0163ul unor reforme dure.\u00a0<\/p>\n<p> \u201eAnul trecut am vizitat Grecia \u015fi am fost primit\u0103 destul de prietenos, dar nu a fost mereu a\u015fa. \u00cen perioada 2011\u20132013 \u00eemi d\u0103deau foc \u00een efigie. Eram una dintre cele mai detestate persoane, pentru c\u0103 insistam asupra reformelor. Unii doreau atunci ca Grecia s\u0103 fie scoas\u0103 din zona euro. Ast\u0103zi vedem c\u00e2t de bine este pozi\u0163ionat\u0103 Grecia. Nu totul este perfect, dar \u0163ara s-a dezvoltat extraordinar. La fel \u015fi Portugalia. \u015ei ei au trecut printr-o perioad\u0103 dificil\u0103. Pentru a \u0163ine Europa unit\u0103 nu a fost deloc simplu. Iar c\u00e2nd am terminat cu aceast\u0103 criz\u0103, Putin a anexat Crimeea. Apoi a venit criza migra\u0163iei. \u015ei c\u00e2nd am crezut c\u0103 am trecut peste toate crizele, a venit pandemia de coronavirus. A\u015fa c\u0103, \u00een cei 16 ani de mandat, nu am avut niciodat\u0103 lini\u015fte\u201d, a detaliat Merkel.\u00a0<\/p>\n<p> De asemenea, fostul cancelar german a f\u0103cut o paralel\u0103 \u00eentre acea perioad\u0103 \u015fi dezvolt\u0103rile tehnologice actuale, spun\u00e2nd c\u0103 prive\u015fte cu rezerve amploarea investi\u0163iilor \u00een inteligen\u0163a artificial\u0103.<\/p>\n<p> \u201e\u015ei ast\u0103zi privesc cu \u00eengrijorare unele evolu\u0163ii, aceste investi\u0163ii foarte mari \u00een inteligen\u0163a artificial\u0103 \u015fi \u00een centrele de calcul. Nu \u015ftim dac\u0103 totul se va termina cu o criz\u0103 sau nu. Totu\u015fi, lumea a \u00eenv\u0103\u0163at ceva din acea experien\u0163\u0103, pentru c\u0103 atunci a trebuit s\u0103 mobiliz\u0103m sume uria\u015fe pentru ca oamenii s\u0103 nu-\u015fi piard\u0103 locurile de munc\u0103. Mul\u0163i nu au \u00een\u0163eles acest lucru \u015fi s-au \u00eentrebat de ce, pentru ei, nu existaser\u0103 niciodat\u0103 asemenea bani.\u201d<\/p>\n<\/div>\n<p>[analyse_source url=&#8221;https:\/\/www.zf.ro\/business-international\/fostul-cancelar-german-angela-merkel-bucuresti-criza-2008-2009-bancile-americane-britanice-au-dus-lumea-marginea-prapastiei-increderea-oarba-economia-capitalista-piata-s-zdruncinat-astazi-privesc-23229163&#8243;]<\/p>\n","protected":false},"excerpt":{"rendered":"<p>[analyse_image type=&#8221;featured&#8221; src=&#8221;https:\/\/storage0.dms.mpinteractiv.ro\/media\/1\/1481\/21333\/23229163\/1\/whatsapp-image-2026-09-01-at-20-42-10.jpghttps:\/\/storage0.dms.mpinteractiv.ro\/media\/1\/1481\/21333\/23229163\/1\/whatsapp-image-2026-09-01-at-20-42-10.jpg&#8221;] Fostul cancelar al Germaniei Angela Merkel a declarat mar\u0163i sear\u0103, la Bucure\u015fti, \u00een cadrul unui dialog cu Emil Hurezeanu, c\u0103 una dintre cele mai mari provoc\u0103ri ale mandatului s\u0103u a fost criza financiar\u0103 din 2008-2009, provocat\u0103 de sistemul bancar american \u015fi britanic, care a pus sub semnul \u00eentreb\u0103rii \u00eencrederea \u00een economia de [&hellip;]<\/p>\n","protected":false},"author":1,"featured_media":0,"comment_status":"open","ping_status":"","sticky":false,"template":"","format":"standard","meta":{"footnotes":""},"categories":[89],"tags":[226,28],"class_list":["post-2122917","post","type-post","status-publish","format-standard","hentry","category-romania","tag-crawlmanager","tag-zf-ro"],"_links":{"self":[{"href":"https:\/\/analyse.optim.biz\/index.php?rest_route=\/wp\/v2\/posts\/2122917","targetHints":{"allow":["GET"]}}],"collection":[{"href":"https:\/\/analyse.optim.biz\/index.php?rest_route=\/wp\/v2\/posts"}],"about":[{"href":"https:\/\/analyse.optim.biz\/index.php?rest_route=\/wp\/v2\/types\/post"}],"author":[{"embeddable":true,"href":"https:\/\/analyse.optim.biz\/index.php?rest_route=\/wp\/v2\/users\/1"}],"replies":[{"embeddable":true,"href":"https:\/\/analyse.optim.biz\/index.php?rest_route=%2Fwp%2Fv2%2Fcomments&post=2122917"}],"version-history":[{"count":0,"href":"https:\/\/analyse.optim.biz\/index.php?rest_route=\/wp\/v2\/posts\/2122917\/revisions"}],"wp:attachment":[{"href":"https:\/\/analyse.optim.biz\/index.php?rest_route=%2Fwp%2Fv2%2Fmedia&parent=2122917"}],"wp:term":[{"taxonomy":"category","embeddable":true,"href":"https:\/\/analyse.optim.biz\/index.php?rest_route=%2Fwp%2Fv2%2Fcategories&post=2122917"},{"taxonomy":"post_tag","embeddable":true,"href":"https:\/\/analyse.optim.biz\/index.php?rest_route=%2Fwp%2Fv2%2Ftags&post=2122917"}],"curies":[{"name":"wp","href":"https:\/\/api.w.org\/{rel}","templated":true}]}}