{"id":2122911,"date":"2026-09-01T12:45:42","date_gmt":"2026-09-01T09:45:42","guid":{"rendered":"https:\/\/analyse.optim.biz\/?p=2122911"},"modified":"2026-09-01T12:45:42","modified_gmt":"2026-09-01T09:45:42","slug":"mi-a-fost-mereu-greu-sa-vorbesc-cu-oameni-ai-regimurilor-care-ucid-civili-ue-nu-vrea-normalizarea","status":"publish","type":"post","link":"https:\/\/analyse.optim.biz\/?p=2122911","title":{"rendered":"\u201eMi-a fost mereu greu s\u0103 vorbesc cu oameni ai regimurilor care ucid civili\u201d. UE nu vrea normalizarea&#8230;"},"content":{"rendered":"<p>[analyse_image type=&#8221;featured&#8221; src=&#8221;https:\/\/s.iw.ro\/gateway\/g\/ZmlsZVNvdXJjZT1odHRwJTNBJTJGJTJG\/c3RvcmFnZTA4dHJhbnNjb2Rlci5yY3Mt\/cmRzLnJvJTJGc3RvcmFnZSUyRjIwMjYl\/MkYwOCUyRjAxJTJGMjg3NjkwOF8yODc2\/OTA4X2RyYXBlbHVsLXVlLWdldHR5aW1h\/Z2VzLmpwZyZ3PTEyMDAmaD02MzAmemM9\/MSZoYXNoPWE1N2Q1YzQ4NWNiY2Q2NzM2MDBiZGEzN2U4YmFmZmFl.thumb.jpg&#8221;]<\/p>\n<div class=\"entry data-app-meta data-app-meta-article\" data-embed-base-url-canonical=\"https:\/\/www.digi24.ro\/embed\/stiri\/externe\/ue\/mi-a-fost-mereu-greu-sa-vorbesc-cu-oameni-ai-regimurilor-care-ucid-civili-ue-nu-vrea-normalizarea-realatiilor-cu-rusia-3930455\">\n<p data-index=\"1\"><strong>Uniunea European\u0103 a declarat mar\u0163i c\u0103 prezen\u0163a ministrului de finan\u0163e rus la reuniunea G20 organizat\u0103 de SUA este nepotrivit\u0103, subliniind c\u0103 nu este &#8221;deloc momentul pentru normalizarea&#8221; rela\u0163iilor cu Moscova, relateaz\u0103 AFP, potrivit Agerpres.<\/strong><\/p>\n<p data-index=\"2\">Pentru Uniunea European\u0103, &#8221;nu este momentul de a normaliza Rusia sau prezen\u0163a Rusiei la acest tip de reuniuni&#8221;, a declarat comisarul european pentru economie \u015fi productivitate, Valdis Dombrovskis, aflat la reuniunea mini\u015ftrilor de finan\u0163e din G20 ce are loc la Asheville, \u00een statul american Carolina de Nord.<\/p>\n<p data-index=\"3\">\u201ePersonal, \u00eentotdeauna mi-a fost greu s\u0103 discut despre subiecte sensibile cu reprezentan\u0163i ai regimurilor care poart\u0103 un r\u0103zboi \u015fi ucid \u00een fiecare zi civili&#8221;, a ad\u0103ugat Dombrovskis, referindu-se la r\u0103zboiul lansat de Rusia contra Ucrainei.<\/p>\n<p data-index=\"4\">Comisarul european a \u0163inut o conferin\u0163\u0103 de pres\u0103 chiar \u00eenaintea relu\u0103rii discu\u0163iilor din ultima zi a reuniunii G20 din SUA.<\/p>\n<p data-index=\"5\">Ziua de luni <a href=\"https:\/\/www.digi24.ro\/stiri\/externe\/aparitie-surpriza-a-ministrului-rus-de-finante-la-summitul-g-20-din-sua-prezentia-lui-siluanov-a-iritat-tarile-europene-3929529\" target=\"_blank\" rel=\"noopener\" data-skip-linkfix=\"1\">a fost marcat\u0103 de apari\u0163ia surpinz\u0103toare a ministrului rus Anton Siluanov,<\/a> care s-a instalat la masa oval\u0103 \u00een jurul c\u0103reia se aflau zeci de delega\u0163i. El a putut astfel s\u0103 se \u00eentre\u0163in\u0103 personal cu secretarul american al Trezoreriei, Scott Bessent, gazda reuniunii \u015fi personalitate de prim plan \u00een al doilea mandat al pre\u015fedintelui Donald Trump.<\/p>\n<p data-index=\"6\">Acesta din urm\u0103 a \u00eencercat o apropiere de Moscova de la revenirea sa la Casa Alb\u0103, provoc\u00e2nd exasperarea Uniunii Europene, care sprijin\u0103 Kievul.<\/p>\n<p data-index=\"7\">Blocul european a ob\u0163inut luni ca Siluanov s\u0103 fie exclus de la tradi\u0163ionala fotografie de familie.<\/p>\n<p data-index=\"8\">\u00cen timpul conferin\u0163ei sale de pres\u0103, Valdis Dombrovskis a anun\u0163at c\u0103 a f\u0103cut &#8221;presiuni&#8221; asupra mini\u015ftrilor de finan\u0163e pentru a-\u015fi spori ajutorul financiar pentru Ucraina.<\/p>\n<p> Editor : <a href=\"https:\/\/www.digi24.ro\/autor\/alexandru-rotaru\"> A.R. <\/a><\/p>\n<\/div>\n<p>[analyse_source url=&#8221;https:\/\/www.digi24.ro\/stiri\/externe\/ue\/mi-a-fost-mereu-greu-sa-vorbesc-cu-oameni-ai-regimurilor-care-ucid-civili-ue-nu-vrea-normalizarea-realatiilor-cu-rusia-3930455&#8243;]<\/p>\n","protected":false},"excerpt":{"rendered":"<p>[analyse_image type=&#8221;featured&#8221; src=&#8221;https:\/\/s.iw.ro\/gateway\/g\/ZmlsZVNvdXJjZT1odHRwJTNBJTJGJTJG\/c3RvcmFnZTA4dHJhbnNjb2Rlci5yY3Mt\/cmRzLnJvJTJGc3RvcmFnZSUyRjIwMjYl\/MkYwOCUyRjAxJTJGMjg3NjkwOF8yODc2\/OTA4X2RyYXBlbHVsLXVlLWdldHR5aW1h\/Z2VzLmpwZyZ3PTEyMDAmaD02MzAmemM9\/MSZoYXNoPWE1N2Q1YzQ4NWNiY2Q2NzM2MDBiZGEzN2U4YmFmZmFl.thumb.jpg&#8221;] Uniunea European\u0103 a declarat mar\u0163i c\u0103 prezen\u0163a ministrului de finan\u0163e rus la reuniunea G20 organizat\u0103 de SUA este nepotrivit\u0103, subliniind c\u0103 nu este &#8221;deloc momentul pentru normalizarea&#8221; rela\u0163iilor cu Moscova, relateaz\u0103 AFP, potrivit Agerpres. Pentru Uniunea European\u0103, &#8221;nu este momentul de a normaliza Rusia sau prezen\u0163a Rusiei la acest tip de reuniuni&#8221;, [&hellip;]<\/p>\n","protected":false},"author":1,"featured_media":0,"comment_status":"open","ping_status":"","sticky":false,"template":"","format":"standard","meta":{"footnotes":""},"categories":[89],"tags":[226,11],"class_list":["post-2122911","post","type-post","status-publish","format-standard","hentry","category-romania","tag-crawlmanager","tag-digi24"],"_links":{"self":[{"href":"https:\/\/analyse.optim.biz\/index.php?rest_route=\/wp\/v2\/posts\/2122911","targetHints":{"allow":["GET"]}}],"collection":[{"href":"https:\/\/analyse.optim.biz\/index.php?rest_route=\/wp\/v2\/posts"}],"about":[{"href":"https:\/\/analyse.optim.biz\/index.php?rest_route=\/wp\/v2\/types\/post"}],"author":[{"embeddable":true,"href":"https:\/\/analyse.optim.biz\/index.php?rest_route=\/wp\/v2\/users\/1"}],"replies":[{"embeddable":true,"href":"https:\/\/analyse.optim.biz\/index.php?rest_route=%2Fwp%2Fv2%2Fcomments&post=2122911"}],"version-history":[{"count":0,"href":"https:\/\/analyse.optim.biz\/index.php?rest_route=\/wp\/v2\/posts\/2122911\/revisions"}],"wp:attachment":[{"href":"https:\/\/analyse.optim.biz\/index.php?rest_route=%2Fwp%2Fv2%2Fmedia&parent=2122911"}],"wp:term":[{"taxonomy":"category","embeddable":true,"href":"https:\/\/analyse.optim.biz\/index.php?rest_route=%2Fwp%2Fv2%2Fcategories&post=2122911"},{"taxonomy":"post_tag","embeddable":true,"href":"https:\/\/analyse.optim.biz\/index.php?rest_route=%2Fwp%2Fv2%2Ftags&post=2122911"}],"curies":[{"name":"wp","href":"https:\/\/api.w.org\/{rel}","templated":true}]}}