{"id":2122910,"date":"2026-09-01T12:38:17","date_gmt":"2026-09-01T09:38:17","guid":{"rendered":"https:\/\/analyse.optim.biz\/?p=2122910"},"modified":"2026-09-01T12:38:17","modified_gmt":"2026-09-01T09:38:17","slug":"mesajul-lui-nicusor-dan-despre-o-europa-mai-unita-ce-au-discutat-presedintele-si-angela-merkel-la","status":"publish","type":"post","link":"https:\/\/analyse.optim.biz\/?p=2122910","title":{"rendered":"Mesajul lui Nicu\u0219or Dan despre o Europ\u0103 \u201emai unit\u0103\u201d. Ce au discutat pre\u0219edintele \u0219i Angela Merkel la&#8230;"},"content":{"rendered":"<p>[analyse_image type=&#8221;featured&#8221; src=&#8221;https:\/\/s.iw.ro\/gateway\/g\/ZmlsZVNvdXJjZT1odHRwJTNBJTJGJTJG\/c3RvcmFnZTA4dHJhbnNjb2Rlci5yY3Mt\/cmRzLnJvJTJGc3RvcmFnZSUyRjIwMjYl\/MkYwOSUyRjAxJTJGMjkzMzc5N18yOTMz\/Nzk3X2Rhbi1tZXJrZWwteC5qcGcmdz0x\/MjAwJmg9NjMwJnpjPTEmaGFzaD02ZjJi\/N2Y0ZGRkZjRlY2NhZjI0NGUzNzFhZGViMDkyOQ==.thumb.jpg&#8221;]<\/p>\n<div class=\"entry data-app-meta data-app-meta-article\" data-embed-base-url-canonical=\"https:\/\/www.digi24.ro\/embed\/stiri\/actualitate\/politica\/mesajul-lui-nicusor-dan-despre-o-europa-mai-unita-ce-au-discutat-presedintele-si-angela-merkel-la-cotroceni-3930439\">\n<p data-index=\"1\"><strong>Pre\u0219edintele Nicu\u0219or Dan a anun\u021bat, mar\u021bi, c\u0103 a primit-o la Palatul Cotroceni pe fosta cancelar\u0103 federal\u0103 a Germaniei, Angela Merkel, cu care a discutat despre situa\u021bia politic\u0103 \u0219i de securitate interna\u021bional\u0103, dar \u0219i despre consolidarea Uniunii Europene \u0219i a ap\u0103r\u0103rii europene.<\/strong><\/p>\n<p data-index=\"2\">Nicu\u0219or Dan a relatat, \u00eentr-un mesaj publicat pe re\u021beaua X, c\u0103 \u00eent\u00e2lnirea cu Angela Merkel a fost una \u201efoarte fructuoas\u0103\u201d, subliniind experien\u021ba politic\u0103 a fostei cancelare germane.<\/p>\n<p data-index=\"3\">\u201eAm avut deosebita pl\u0103cere s\u0103 o primesc ast\u0103zi la Palatul Cotroceni pe fosta cancelar\u0103 federal\u0103 german\u0103, dr. Angela Merkel. Am purtat o discu\u021bie foarte fructuoas\u0103 despre contextul politic \u0219i de securitate la nivel mondial\u201d, a transmis pre\u0219edintele Rom\u00e2niei.<\/p>\n<p class=\"gdpr-placeholder gdpr-social-media \" data-index=\"4\"> Setarile tale privind cookie-urile nu permit afisarea continutul din aceasta sectiune. Poti actualiza setarile modulelor coookie direct din browser sau de <a class=\"ot-sdk-show-settings\" data-skip-linkfix=\"1\">aici<\/a> \u2013 e nevoie sa accepti cookie-urile social media<\/p>\n<p data-index=\"5\">Nicu\u0219or Dan a spus c\u0103 a fost interesat s\u0103 afle opiniile fostei \u0219efe a guvernului german, bazate pe experien\u021ba sa politic\u0103.<\/p>\n<p data-index=\"6\">\u201eA fost foarte interesant s\u0103 ascult opiniile dnei Merkel, bazate pe vasta sa experien\u021b\u0103 politic\u0103\u201d, a ad\u0103ugat pre\u0219edintele.<\/p>\n<h2 id=\"highlight-3930439-1\">Rom\u00e2nia \u0219i Germania, pentru o Uniune European\u0103 mai unit\u0103<\/h2>\n<p data-index=\"7\">Potrivit lui Nicu\u0219or Dan, discu\u021biile s-au concentrat \u0219i asupra rolului pe care o Uniune European\u0103 mai unit\u0103 \u00eel poate avea \u00een politica interna\u021bional\u0103.<\/p>\n<p data-index=\"8\">\u201eNe-am concentrat asupra rolului constructiv pe care o Uniune European\u0103 mai unit\u0103 \u00eel poate juca \u00een afacerile interna\u021bionale\u201d, a precizat acesta.<\/p>\n<p data-index=\"9\">Pre\u0219edintele a mai spus c\u0103 Rom\u00e2nia \u0219i Germania pot colabora pentru consolidarea coeziunii europene \u0219i pentru \u00eent\u0103rirea capacit\u0103\u021bii de ap\u0103rare a Europei.<\/p>\n<p data-index=\"10\">\u201eAm discutat, de asemenea, asupra m\u0103surilor pe care Rom\u00e2nia \u0219i Germania le pot lua \u00eempreun\u0103 pentru a promova o mai mare coeziune european\u0103 \u0219i o pozi\u021bie mai ferm\u0103 \u00een domeniul ap\u0103r\u0103rii, cu asumarea unei responsabilit\u0103\u021bi sporite de c\u0103tre europeni \u00een cadrul NATO\u201d, a transmis Nicu\u0219or Dan.<\/p>\n<p> Editor : <a href=\"https:\/\/www.digi24.ro\/autor\/ana-petrescu\"> Ana Petrescu <\/a><\/p>\n<\/div>\n<p>[analyse_source url=&#8221;https:\/\/www.digi24.ro\/stiri\/actualitate\/politica\/mesajul-lui-nicusor-dan-despre-o-europa-mai-unita-ce-au-discutat-presedintele-si-angela-merkel-la-cotroceni-3930439&#8243;]<\/p>\n","protected":false},"excerpt":{"rendered":"<p>[analyse_image type=&#8221;featured&#8221; src=&#8221;https:\/\/s.iw.ro\/gateway\/g\/ZmlsZVNvdXJjZT1odHRwJTNBJTJGJTJG\/c3RvcmFnZTA4dHJhbnNjb2Rlci5yY3Mt\/cmRzLnJvJTJGc3RvcmFnZSUyRjIwMjYl\/MkYwOSUyRjAxJTJGMjkzMzc5N18yOTMz\/Nzk3X2Rhbi1tZXJrZWwteC5qcGcmdz0x\/MjAwJmg9NjMwJnpjPTEmaGFzaD02ZjJi\/N2Y0ZGRkZjRlY2NhZjI0NGUzNzFhZGViMDkyOQ==.thumb.jpg&#8221;] Pre\u0219edintele Nicu\u0219or Dan a anun\u021bat, mar\u021bi, c\u0103 a primit-o la Palatul Cotroceni pe fosta cancelar\u0103 federal\u0103 a Germaniei, Angela Merkel, cu care a discutat despre situa\u021bia politic\u0103 \u0219i de securitate interna\u021bional\u0103, dar \u0219i despre consolidarea Uniunii Europene \u0219i a ap\u0103r\u0103rii europene. Nicu\u0219or Dan a relatat, \u00eentr-un mesaj publicat pe re\u021beaua X, c\u0103 [&hellip;]<\/p>\n","protected":false},"author":1,"featured_media":0,"comment_status":"open","ping_status":"","sticky":false,"template":"","format":"standard","meta":{"footnotes":""},"categories":[89],"tags":[226,11],"class_list":["post-2122910","post","type-post","status-publish","format-standard","hentry","category-romania","tag-crawlmanager","tag-digi24"],"_links":{"self":[{"href":"https:\/\/analyse.optim.biz\/index.php?rest_route=\/wp\/v2\/posts\/2122910","targetHints":{"allow":["GET"]}}],"collection":[{"href":"https:\/\/analyse.optim.biz\/index.php?rest_route=\/wp\/v2\/posts"}],"about":[{"href":"https:\/\/analyse.optim.biz\/index.php?rest_route=\/wp\/v2\/types\/post"}],"author":[{"embeddable":true,"href":"https:\/\/analyse.optim.biz\/index.php?rest_route=\/wp\/v2\/users\/1"}],"replies":[{"embeddable":true,"href":"https:\/\/analyse.optim.biz\/index.php?rest_route=%2Fwp%2Fv2%2Fcomments&post=2122910"}],"version-history":[{"count":0,"href":"https:\/\/analyse.optim.biz\/index.php?rest_route=\/wp\/v2\/posts\/2122910\/revisions"}],"wp:attachment":[{"href":"https:\/\/analyse.optim.biz\/index.php?rest_route=%2Fwp%2Fv2%2Fmedia&parent=2122910"}],"wp:term":[{"taxonomy":"category","embeddable":true,"href":"https:\/\/analyse.optim.biz\/index.php?rest_route=%2Fwp%2Fv2%2Fcategories&post=2122910"},{"taxonomy":"post_tag","embeddable":true,"href":"https:\/\/analyse.optim.biz\/index.php?rest_route=%2Fwp%2Fv2%2Ftags&post=2122910"}],"curies":[{"name":"wp","href":"https:\/\/api.w.org\/{rel}","templated":true}]}}