{"id":2122848,"date":"2026-09-01T17:06:36","date_gmt":"2026-09-01T14:06:36","guid":{"rendered":"https:\/\/analyse.optim.biz\/?p=2122848"},"modified":"2026-09-01T17:06:36","modified_gmt":"2026-09-01T14:06:36","slug":"motogp-2026-gp-di-spagna-ad-aragon-gigi-dalligna-marc-marquez-grande-campione-pecco-bagnaia-so-di-ripetermi-ma-dobbiamo-lavorare","status":"publish","type":"post","link":"https:\/\/analyse.optim.biz\/?p=2122848","title":{"rendered":"MotoGP 2026. GP di Spagna ad Aragon. Gigi Dall&#8217;Igna: &#8220;Marc M\u00e1rquez grande campione. Pecco Bagnaia? So di ripetermi, ma dobbiamo lavorare&#8221;"},"content":{"rendered":"<div class=\"atxt atxt--first \" id=\"part-1651632\">\n<p><strong><span class=\"atxt-dropcap\">G<\/span>igi Dall&#8217;Igna\u00a0<\/strong>ha commentato il GP di Aragon, concluso con la doppia vittoria di <strong>Marc M\u00e1rquez.<\/strong><\/p>\n<p>&#8220;Dopo il nostro weekend <strong>poco brillante <\/strong>a Silverstone, <strong>Marc torna alla vittoria<\/strong>, la quarta quest\u2019anno, in un weekend straordinario che gli permette di conquistare la sua <strong>ventesima vittoria <\/strong>nelle gare Sprint &#8211; un <strong>record assoluto <\/strong>&#8211; e la sua <strong>ottava vittoria in MotoGP su questo circuito<\/strong>. Una pista che gli <strong>calza a pennello<\/strong>, dove il suo talento risplende sempre in modo evidente, ma che rimane comunque un circuito difficile e impegnativo per una gara particolarmente insidiosa e complicata, poich\u00e9 \u00e8 sempre carica di aspettative e pressione. In una fase cruciale della stagione, Marc si \u00e8 assicurato <strong>tutti i 37 punti disponibili<\/strong>, dimostrando di essere davvero <strong>un grande campione&#8221;<\/strong>.<\/p>\n<p>&#8220;Al di l\u00e0 delle statistiche &#8211; ha aggiunto il Dg di Ducati Corse -, Marc ha saputo sfruttare al meglio un\u2019occasione che <strong>andava assolutamente colta<\/strong>. Ha dominato entrambe le gare in un contesto che, alla fine, si \u00e8 rivelato <strong>pi\u00f9 difficile <\/strong>di quanto sembrasse. Ha imposto un ritmo che gli altri non sono riusciti a tenere, decidendo come prendere il comando e quando staccarsi dal gruppo. Festeggiamo con gioia questi risultati tutt\u2019altro che scontati e che ci fanno risalire in classifica&#8221;.<\/p>\n<\/div>\n<div class=\"atxt  \" id=\"part-1651633\">\n<h2 class=\"atxt-title\">\n            Gli altri piloti<br \/>\n        <\/h2>\n<p><span class=\"cms-first-letter\">P<\/span>oi un&#8217;analisi sulla <strong>situazione di Bagnaia<\/strong>: &#8220;Per quanto riguarda Pecco, <strong>so di ripetermi<\/strong>, ma questi sono gli unici concetti che si possono affermare con onest\u00e0 e seriet\u00e0: dobbiamo <strong>continuare a lavorare <\/strong>e impegnarci insieme per risolvere questa situazione e riportarlo alle prestazioni che merita, a beneficio di tutti, nostro e suo&#8221;.<\/p>\n<p>&#8220;<strong>Alex M\u00e1rquez <\/strong>ha fatto un ottimo lavoro per la sua squadra e per la Ducati nel suo complesso. Dopo l\u2019eccellente secondo posto di sabato, nella lunga gara non \u00e8 stato tra i principali contendenti solo a causa di un piccolo problema nelle prime curve che lo ha costretto a perdere il gruppo dei primi classificati che hanno raggiunto il podio. In ogni caso, \u00e8 prezioso, veloce e sempre \u201cal massimo\u201d. Voglio anche <strong>sottolineare <\/strong>l\u2019ottimo sesto posto di <strong>Aldeguer <\/strong>al suo ritorno&#8221;.<\/p>\n<p>&#8220;Finora &#8211; ha concluso Dall&#8217;Igna &#8211; \u00e8 stato un Campionato del Mondo fantastico, sar\u00e0 una <strong>lotta dura fino alla fine<\/strong>. La nostra \u00e8 una battaglia che dobbiamo continuare a combattere e a vincere con lucidit\u00e0, evitando errori, ottimizzando le nostre prestazioni sui circuiti meno favorevoli e sfruttando al massimo quelli che ci si addicono di pi\u00f9. Forza, Ducati&#8221;.<\/p>\n<\/div>\n","protected":false},"excerpt":{"rendered":"<p>Gigi Dall&#8217;Igna\u00a0ha commentato il GP di Aragon, concluso con la doppia vittoria di Marc M\u00e1rquez. &#8220;Dopo il nostro weekend poco brillante a Silverstone, Marc torna alla vittoria, la quarta quest\u2019anno, in un weekend straordinario che gli permette di conquistare la sua ventesima vittoria nelle gare Sprint &#8211; un record assoluto &#8211; e la sua ottava [&hellip;]<\/p>\n","protected":false},"author":1,"featured_media":0,"comment_status":"open","ping_status":"","sticky":false,"template":"","format":"standard","meta":{"footnotes":""},"categories":[1],"tags":[226,238],"class_list":["post-2122848","post","type-post","status-publish","format-standard","hentry","category-uncategorized","tag-crawlmanager","tag-moto-it"],"_links":{"self":[{"href":"https:\/\/analyse.optim.biz\/index.php?rest_route=\/wp\/v2\/posts\/2122848","targetHints":{"allow":["GET"]}}],"collection":[{"href":"https:\/\/analyse.optim.biz\/index.php?rest_route=\/wp\/v2\/posts"}],"about":[{"href":"https:\/\/analyse.optim.biz\/index.php?rest_route=\/wp\/v2\/types\/post"}],"author":[{"embeddable":true,"href":"https:\/\/analyse.optim.biz\/index.php?rest_route=\/wp\/v2\/users\/1"}],"replies":[{"embeddable":true,"href":"https:\/\/analyse.optim.biz\/index.php?rest_route=%2Fwp%2Fv2%2Fcomments&post=2122848"}],"version-history":[{"count":0,"href":"https:\/\/analyse.optim.biz\/index.php?rest_route=\/wp\/v2\/posts\/2122848\/revisions"}],"wp:attachment":[{"href":"https:\/\/analyse.optim.biz\/index.php?rest_route=%2Fwp%2Fv2%2Fmedia&parent=2122848"}],"wp:term":[{"taxonomy":"category","embeddable":true,"href":"https:\/\/analyse.optim.biz\/index.php?rest_route=%2Fwp%2Fv2%2Fcategories&post=2122848"},{"taxonomy":"post_tag","embeddable":true,"href":"https:\/\/analyse.optim.biz\/index.php?rest_route=%2Fwp%2Fv2%2Ftags&post=2122848"}],"curies":[{"name":"wp","href":"https:\/\/api.w.org\/{rel}","templated":true}]}}