{"id":2122832,"date":"2026-09-01T15:38:46","date_gmt":"2026-09-01T12:38:46","guid":{"rendered":"https:\/\/analyse.optim.biz\/?p=2122832"},"modified":"2026-09-01T15:38:46","modified_gmt":"2026-09-01T12:38:46","slug":"crima-urmata-de-sinucidere-in-barticesti-neamt-ce-arata-camerele-despre-atacul-dintre-un-subofiter-isu-si-tanara-de-22-de-ani","status":"publish","type":"post","link":"https:\/\/analyse.optim.biz\/?p=2122832","title":{"rendered":"Crim\u0103 urmat\u0103 de sinucidere \u00een Bartice\u0219ti, Neam\u021b \u2014 ce arat\u0103 camerele despre atacul dintre un subofi\u021ber ISU \u0219i t\u00e2n\u0103ra de 22 de ani"},"content":{"rendered":"<p>[analyse_image type=&#8221;featured&#8221; src=&#8221;https:\/\/news-vaslui.ro\/wp-content\/uploads\/2026\/09\/featured-image-1788277122986.jpg&#8221;]<\/p>\n<div class=\"tdb-block-inner td-fix-index\"><a class=\"tdb-logo-a\" href=\"https:\/\/news-vaslui.ro\/\" title=\"logo\"><span class=\"tdb-logo-img-wrap\"><img decoding=\"async\" class=\"tdb-logo-img td-retina-data\" data-retina=\"https:\/\/news-vaslui.ro\/wp-content\/uploads\/2025\/12\/FACT-CHECKED-NEWS-VASLUI-2-300x85.png\" src=\"https:\/\/news-vaslui.ro\/wp-content\/uploads\/2025\/12\/FACT-CHECKED-NEWS-VASLUI-2-300x85.png\" alt=\"logo\" title=\"logo\"><\/span><\/a><\/div>\n<div class=\"tdb-block-inner td-fix-index\"><a class=\"tdb-logo-a\" href=\"https:\/\/news-vaslui.ro\/\" title=\"logo\"><span class=\"tdb-logo-img-wrap\"><img decoding=\"async\" class=\"tdb-logo-img td-retina-data\" data-retina=\"https:\/\/news-vaslui.ro\/wp-content\/uploads\/2025\/12\/FACT-CHECKED-NEWS-VASLUI-2-300x85.png\" src=\"https:\/\/news-vaslui.ro\/wp-content\/uploads\/2025\/12\/FACT-CHECKED-NEWS-VASLUI-2-300x85.png\" alt=\"logo\" title=\"logo\"><\/span><\/a><\/div>\n<div class=\"tdb-block-inner td-fix-index\"><a class=\"tdb-logo-a\" href=\"https:\/\/news-vaslui.ro\/\" title=\"logo\"><span class=\"tdb-logo-img-wrap\"><img decoding=\"async\" class=\"tdb-logo-img td-retina-data\" data-retina=\"https:\/\/news-vaslui.ro\/wp-content\/uploads\/2025\/12\/FACT-CHECKED-NEWS-VASLUI-2-300x85.png\" src=\"https:\/\/news-vaslui.ro\/wp-content\/uploads\/2025\/12\/FACT-CHECKED-NEWS-VASLUI-2-300x85.png\" alt=\"logo\" title=\"logo\"><\/span><\/a><\/div>\n<div class=\"tdb-block-inner td-fix-index\">\n<div class=\"tdb-head-date-txt\">mar\u021bi, septembrie 1, 2026<\/div>\n<\/div>\n<div class=\"tdb-block-inner td-fix-index\">\n<div class=\"tdb-weather-deg-wrap\" data-block-uid=\"tdb_header_weather_uid\"><span class=\"tdb-weather-deg\">25.2<\/span><span class=\"tdb-weather-unit\">C<\/span><\/div>\n<div class=\"tdb-weather-city\">Vaslui<\/div>\n<\/div>\n<div class=\"tdb-block-inner td-fix-index\">\n<div class=\"tdb-drop-down-search\" aria-labelledby=\"td-header-search-button\">\n<div class=\"tdb-drop-down-search-inner\">\n<div class=\"tdb-search-form-inner\">\n<div class=\"tdb-head-search-placeholder\">type here&#8230;<\/div>\n<\/div>\n<\/div>\n<\/div>\n<\/div>\n<div class=\"tdb-block-inner td-fix-index\"><a class=\"tdb-logo-a\" href=\"https:\/\/news-vaslui.ro\/\" title=\"logo\"><span class=\"tdb-logo-img-wrap\"><img decoding=\"async\" class=\"tdb-logo-img td-retina-data\" data-retina=\"https:\/\/news-vaslui.ro\/wp-content\/uploads\/2025\/12\/FACT-CHECKED-NEWS-VASLUI-2-300x85.png\" src=\"https:\/\/news-vaslui.ro\/wp-content\/uploads\/2025\/12\/FACT-CHECKED-NEWS-VASLUI-2-300x85.png\" alt=\"Vaslui News\" title=\"logo\"><\/span><\/a><\/div>\n<div class=\"tdb-block-inner td-fix-index\"><img loading=\"lazy\" decoding=\"async\" width=\"1068\" height=\"712\" class=\"entry-thumb\" src=\"https:\/\/news-vaslui.ro\/wp-content\/uploads\/2026\/09\/featured-image-1788277122986-1068x712.jpg\" alt title=\"Featured Image\"><\/div>\n<div class=\"tdb-block-inner td-fix-index\"><span class=\"reading-time-number\">1<\/span><span class=\"tdb-minute-text\"> min.<\/span><span class=\"tdb-add-text\">Read<\/span><\/div>\n<div class=\"tdb-block-inner td-fix-index\">\n<h1 class=\"tdb-title-text\">Crim\u0103 urmat\u0103 de sinucidere \u00een Bartice\u0219ti, Neam\u021b \u2014 ce arat\u0103 camerele despre atacul dintre un subofi\u021ber ISU \u0219i t\u00e2n\u0103ra de 22 de ani<\/h1>\n<\/div>\n<div class=\"tdb-block-inner td-fix-index\"><a class=\"tdb-author-photo\" href=\"https:\/\/news-vaslui.ro\/author\/vasluidev\/\" title=\"News Vaslui\"><img decoding=\"async\" alt=\"News Vaslui\" src=\"https:\/\/secure.gravatar.com\/avatar\/7cd75f71af07ac3deeb6cda7fa3e40e8f10cbbf011f111ff652b3ec2cc663f22?s=96&amp;d=mm&amp;r=g\" class=\"avatar avatar-96 photo\" height=\"96\" width=\"96\" loading=\"lazy\"><\/a><\/p>\n<div class=\"tdb-author-name-wrap\"><span class=\"tdb-author-by\">By<\/span><a class=\"tdb-author-name\" href=\"https:\/\/news-vaslui.ro\/author\/vasluidev\/\">News Vaslui<\/a><\/div>\n<\/div>\n<div class=\"tdb-block-inner td-fix-index\"><time class=\"entry-date updated td-module-date\" datetime=\"2026-09-01T15:38:46+00:00\">1 septembrie 2026<\/time><\/div>\n<div class=\"td_block_wrap tdb_single_content tdi_103 td-pb-border-top td_block_template_1 td-post-content tagdiv-type\" data-td-block-uid=\"tdi_103\">\n<div class=\"tdb-block-inner td-fix-index\">\n<div class=\"post-sources-section\">\n<h3>Surse<\/h3>\n<div class=\"sources-list\"><a href=\"https:\/\/vremeanoua.ro\/crima-urmata-de-sinucidere-in-neamt-un-subofiter-isu-si-a-ucis-iubita-de-22-de-ani-apoi-s-a-spanzurat-ce-au-surprins-camerele-de-supraveghere\" target=\"_blank\" rel=\"noopener\" class=\"source-item\"><\/p>\n<div class=\"source-thumb\"><img decoding=\"async\" src=\"https:\/\/news-vaslui.ro\/wp-content\/uploads\/2025\/12\/vremeanoua.png\" alt=\"Crim\u0103 urmat\u0103 de sinucidere \u00een Neam\u0163. Un subofi\u0163er ISU \u0219i-a ucis iubita...\" class=\"td-animation-stack-type0-2\"><\/div>\n<div class=\"source-info\"><span class=\"source-publication\">Vremea Noua<\/span><span class=\"source-title\">Crim\u0103 urmat\u0103 de sinucidere \u00een Neam\u0163. Un subofi\u0163er ISU \u0219i-a ucis iubita&#8230;<\/span><\/p>\n<p class=\"source-date\">31\/08\/2026<\/p>\n<\/div>\n<p><\/a><a href=\"https:\/\/vasluianul.ro\/pompier-neamt-iubita-injunghiata-mortal\" target=\"_blank\" rel=\"noopener\" class=\"source-item\"><\/p>\n<div class=\"source-info\"><span class=\"source-publication\">Vasluianul<\/span><span class=\"source-title\">Tragedie \u00een Neam\u021b, noaptea trecut\u0103: un pompier de 24 de ani \u0219i-a&#8230;<\/span><\/p>\n<p class=\"source-date\">31\/08\/2026<\/p>\n<\/div>\n<p><\/a><\/div>\n<\/div>\n<p>O tragedie violent\u0103 a zguduit duminic\u0103 sear\u0103 localitatea Bartice\u0219ti, din jude\u021bul Neam\u021b. Andreea Daniela Gherghel, o t\u00e2n\u0103r\u0103 de 22 de ani, a fost \u00eenjunghiat\u0103 \u00een apropierea locului unde lucra, iar atacatorul a fost identificat drept iubitul s\u0103u, un subofi\u021ber de 24 de ani din cadrul ISU Neam\u021b.<\/p>\n<p>Conform primelor nop\u021bi de anchet\u0103, incidentul a avut loc \u00een jurul orei 22:35-22:38, iar camerele de supraveghere din zon\u0103 au surprins momentul c\u00e2nd b\u0103rbatul coboar\u0103 dintr-o ma\u0219in\u0103, se apropie de victim\u0103 \u0219i o \u00eenjunghie cu un cu\u021bit, dup\u0103 care fuge de la fa\u021ba locului. Victima a fost g\u0103sit\u0103 de c\u0103tre echipajele de poli\u021bie \u0219i de ambulan\u021b\u0103 \u00een stare grav\u0103 pe strada Principal\u0103 din sat \u0219i transportat\u0103 de urgen\u021b\u0103 la spital, unde a decedat din cauza r\u0103nilor suferite.<\/p>\n<p>\u00cen scurt timp dup\u0103 atac, autorul a fost g\u0103sit sp\u00e2nzurat \u00eentr-o zon\u0103 \u00eemp\u0103durit\u0103 din apropierea localit\u0103\u021bii. La fa\u021ba locului au ajuns echipe ale Sec\u021biei de Poli\u021bie Rural\u0103 S\u0103b\u0103oani, speciali\u0219ti criminali\u0219ti din Neam\u021b \u0219i din Roman, iar ancheta este \u00een desf\u0103\u0219urare.<\/p>\n<p>Motivele gestului r\u0103m\u00e2n \u00een curs de documentare, iar anchetatorii nu au oficializat public un rezultat sau o ipotez\u0103 clar\u0103 despre cauzele conflictului. Comunitatea din Bartice\u0219ti este \u00een stare de \u0219oc, iar autorit\u0103\u021bile subliniaz\u0103 c\u0103 voin\u021ba de a clarifica circumstan\u021bele acestui incident va sta la baza anchetei \u0219i a eventualelor m\u0103suri de siguran\u021b\u0103 \u00een zon\u0103.<\/p>\n<\/div>\n<\/div>\n<div class=\"tdb-block-inner td-fix-index\">\n<div class=\"post-sources-section\">\n<h3>Surse<\/h3>\n<div class=\"sources-list\"><a href=\"https:\/\/vremeanoua.ro\/crima-urmata-de-sinucidere-in-neamt-un-subofiter-isu-si-a-ucis-iubita-de-22-de-ani-apoi-s-a-spanzurat-ce-au-surprins-camerele-de-supraveghere\" target=\"_blank\" rel=\"noopener\" class=\"source-item\"><\/p>\n<div class=\"source-thumb\"><img decoding=\"async\" src=\"https:\/\/news-vaslui.ro\/wp-content\/uploads\/2025\/12\/vremeanoua.png\" alt=\"Crim\u0103 urmat\u0103 de sinucidere \u00een Neam\u0163. Un subofi\u0163er ISU \u0219i-a ucis iubita...\" class=\"td-animation-stack-type0-2\"><\/div>\n<div class=\"source-info\"><span class=\"source-publication\">Vremea Noua<\/span><span class=\"source-title\">Crim\u0103 urmat\u0103 de sinucidere \u00een Neam\u0163. Un subofi\u0163er ISU \u0219i-a ucis iubita&#8230;<\/span><\/p>\n<p class=\"source-date\">31\/08\/2026<\/p>\n<\/div>\n<p><\/a><a href=\"https:\/\/vasluianul.ro\/pompier-neamt-iubita-injunghiata-mortal\" target=\"_blank\" rel=\"noopener\" class=\"source-item\"><\/p>\n<div class=\"source-info\"><span class=\"source-publication\">Vasluianul<\/span><span class=\"source-title\">Tragedie \u00een Neam\u021b, noaptea trecut\u0103: un pompier de 24 de ani \u0219i-a&#8230;<\/span><\/p>\n<p class=\"source-date\">31\/08\/2026<\/p>\n<\/div>\n<p><\/a><\/div>\n<\/div>\n<p>O tragedie violent\u0103 a zguduit duminic\u0103 sear\u0103 localitatea Bartice\u0219ti, din jude\u021bul Neam\u021b. Andreea Daniela Gherghel, o t\u00e2n\u0103r\u0103 de 22 de ani, a fost \u00eenjunghiat\u0103 \u00een apropierea locului unde lucra, iar atacatorul a fost identificat drept iubitul s\u0103u, un subofi\u021ber de 24 de ani din cadrul ISU Neam\u021b.<\/p>\n<p>Conform primelor nop\u021bi de anchet\u0103, incidentul a avut loc \u00een jurul orei 22:35-22:38, iar camerele de supraveghere din zon\u0103 au surprins momentul c\u00e2nd b\u0103rbatul coboar\u0103 dintr-o ma\u0219in\u0103, se apropie de victim\u0103 \u0219i o \u00eenjunghie cu un cu\u021bit, dup\u0103 care fuge de la fa\u021ba locului. Victima a fost g\u0103sit\u0103 de c\u0103tre echipajele de poli\u021bie \u0219i de ambulan\u021b\u0103 \u00een stare grav\u0103 pe strada Principal\u0103 din sat \u0219i transportat\u0103 de urgen\u021b\u0103 la spital, unde a decedat din cauza r\u0103nilor suferite.<\/p>\n<p>\u00cen scurt timp dup\u0103 atac, autorul a fost g\u0103sit sp\u00e2nzurat \u00eentr-o zon\u0103 \u00eemp\u0103durit\u0103 din apropierea localit\u0103\u021bii. La fa\u021ba locului au ajuns echipe ale Sec\u021biei de Poli\u021bie Rural\u0103 S\u0103b\u0103oani, speciali\u0219ti criminali\u0219ti din Neam\u021b \u0219i din Roman, iar ancheta este \u00een desf\u0103\u0219urare.<\/p>\n<p>Motivele gestului r\u0103m\u00e2n \u00een curs de documentare, iar anchetatorii nu au oficializat public un rezultat sau o ipotez\u0103 clar\u0103 despre cauzele conflictului. Comunitatea din Bartice\u0219ti este \u00een stare de \u0219oc, iar autorit\u0103\u021bile subliniaz\u0103 c\u0103 voin\u021ba de a clarifica circumstan\u021bele acestui incident va sta la baza anchetei \u0219i a eventualelor m\u0103suri de siguran\u021b\u0103 \u00een zon\u0103.<\/p>\n<\/div>\n<div class=\"tdb-block-inner td-fix-index\">\n<div class=\"tdb-next-post tdb-next-post-bg tdb-post-prev\"><span>Articolul precedent<\/span><\/p>\n<div class=\"td-module-container\">\n<div class=\"td-image-container\"><a class=\"td-image-wrap\" href=\"https:\/\/news-vaslui.ro\/explozie-urmata-de-incendiu-intr-un-bloc-din-galati-trei-raniti-una-gasita-inconstienta-ce-dezvaluie-primele-investigatii\/\"><img decoding=\"async\" class=\"td-next-prev-image td-fix-index\" src=\"https:\/\/news-vaslui.ro\/wp-content\/uploads\/2026\/08\/featured-image-1788190729777-1068x712.jpg\"><\/a><\/div>\n<div class=\"next-prev-title\"><a href=\"https:\/\/news-vaslui.ro\/explozie-urmata-de-incendiu-intr-un-bloc-din-galati-trei-raniti-una-gasita-inconstienta-ce-dezvaluie-primele-investigatii\/\">Explozie urmat\u0103 de incendiu \u00eentr-un bloc din Gala\u021bi: trei r\u0103ni\u021bi, una g\u0103sit\u0103 incon\u0219tient\u0103 \u2014 ce dezv\u0103luie primele investiga\u021bii?<\/a><\/div>\n<\/div>\n<\/div>\n<div class=\"tdb-next-post tdb-next-post-bg tdb-post-next\"><span>Articolul urm\u0103tor<\/span><\/p>\n<div class=\"td-module-container\">\n<div class=\"td-image-container\"><a class=\"td-image-wrap\" href=\"https:\/\/news-vaslui.ro\/perchezitii-in-regiunea-nord-est-ce-s-a-descoperit-despre-o-retea-ce-ar-fi-introdus-70-milioane-de-tigarete-in-romania\/\"><img decoding=\"async\" class=\"td-next-prev-image td-fix-index\" src=\"https:\/\/news-vaslui.ro\/wp-content\/uploads\/2026\/09\/featured-image-1788277131621-1068x712.jpg\"><\/a><\/div>\n<div class=\"next-prev-title\"><a href=\"https:\/\/news-vaslui.ro\/perchezitii-in-regiunea-nord-est-ce-s-a-descoperit-despre-o-retea-ce-ar-fi-introdus-70-milioane-de-tigarete-in-romania\/\">Perchezi\u021bii \u00een Regiunea Nord-Est: ce s-a descoperit despre o re\u021bea ce ar fi introdus 70 MILIOANE de \u021bigarete \u00een Rom\u00e2nia<\/a><\/div>\n<\/div>\n<\/div>\n<\/div>\n<div class=\"tdb-block-inner td-fix-index\"><a class=\"tdb-logo-a\" href=\"https:\/\/news-vaslui.ro\/\" title=\"logo\"><span class=\"tdb-logo-img-wrap\"><img decoding=\"async\" class=\"tdb-logo-img td-retina-data\" data-retina=\"https:\/\/news-vaslui.ro\/wp-content\/uploads\/2025\/12\/FACT-CHECKED-NEWS-VASLUI-2-300x85.png\" src=\"https:\/\/news-vaslui.ro\/wp-content\/uploads\/2025\/12\/FACT-CHECKED-NEWS-VASLUI-2-300x85.png\" alt=\"logo\" title=\"logo\"><\/span><\/a><\/div>\n<p>[analyse_source url=&#8221;https:\/\/news-vaslui.ro\/crima-urmata-de-sinucidere-in-barticesti-neamt-ce-arata-camerele-despre-atacul-dintre-un-subofiter-isu-si-tanara-de-22-de-ani\/#new_tab&#8221;]<\/p>\n","protected":false},"excerpt":{"rendered":"<p>[analyse_image type=&#8221;featured&#8221; src=&#8221;https:\/\/news-vaslui.ro\/wp-content\/uploads\/2026\/09\/featured-image-1788277122986.jpg&#8221;] mar\u021bi, septembrie 1, 2026 25.2C Vaslui type here&#8230; 1 min.Read Crim\u0103 urmat\u0103 de sinucidere \u00een Bartice\u0219ti, Neam\u021b \u2014 ce arat\u0103 camerele despre atacul dintre un subofi\u021ber ISU \u0219i t\u00e2n\u0103ra de 22 de ani ByNews Vaslui 1 septembrie 2026 Surse Vremea NouaCrim\u0103 urmat\u0103 de sinucidere \u00een Neam\u0163. Un subofi\u0163er ISU \u0219i-a ucis iubita&#8230; [&hellip;]<\/p>\n","protected":false},"author":1,"featured_media":0,"comment_status":"open","ping_status":"","sticky":false,"template":"","format":"standard","meta":{"footnotes":""},"categories":[89],"tags":[226,217],"class_list":["post-2122832","post","type-post","status-publish","format-standard","hentry","category-romania","tag-crawlmanager","tag-vaslui-robo-stiri-ro"],"_links":{"self":[{"href":"https:\/\/analyse.optim.biz\/index.php?rest_route=\/wp\/v2\/posts\/2122832","targetHints":{"allow":["GET"]}}],"collection":[{"href":"https:\/\/analyse.optim.biz\/index.php?rest_route=\/wp\/v2\/posts"}],"about":[{"href":"https:\/\/analyse.optim.biz\/index.php?rest_route=\/wp\/v2\/types\/post"}],"author":[{"embeddable":true,"href":"https:\/\/analyse.optim.biz\/index.php?rest_route=\/wp\/v2\/users\/1"}],"replies":[{"embeddable":true,"href":"https:\/\/analyse.optim.biz\/index.php?rest_route=%2Fwp%2Fv2%2Fcomments&post=2122832"}],"version-history":[{"count":0,"href":"https:\/\/analyse.optim.biz\/index.php?rest_route=\/wp\/v2\/posts\/2122832\/revisions"}],"wp:attachment":[{"href":"https:\/\/analyse.optim.biz\/index.php?rest_route=%2Fwp%2Fv2%2Fmedia&parent=2122832"}],"wp:term":[{"taxonomy":"category","embeddable":true,"href":"https:\/\/analyse.optim.biz\/index.php?rest_route=%2Fwp%2Fv2%2Fcategories&post=2122832"},{"taxonomy":"post_tag","embeddable":true,"href":"https:\/\/analyse.optim.biz\/index.php?rest_route=%2Fwp%2Fv2%2Ftags&post=2122832"}],"curies":[{"name":"wp","href":"https:\/\/api.w.org\/{rel}","templated":true}]}}