{"id":2122828,"date":"2026-09-01T15:39:02","date_gmt":"2026-09-01T12:39:02","guid":{"rendered":"https:\/\/analyse.optim.biz\/?p=2122828"},"modified":"2026-09-01T15:39:02","modified_gmt":"2026-09-01T12:39:02","slug":"cutremur-in-vrancea-resimtit-in-vaslui-seism-de-magnitudine-34","status":"publish","type":"post","link":"https:\/\/analyse.optim.biz\/?p=2122828","title":{"rendered":"Cutremur \u00een Vrancea, resim\u021bit \u00een Vaslui: seism de MAGNITUDINE 3,4"},"content":{"rendered":"<p>[analyse_image type=&#8221;featured&#8221; src=&#8221;https:\/\/news-vaslui.ro\/wp-content\/uploads\/2026\/09\/featured-image-1788277138262.jpg&#8221;]<\/p>\n<div class=\"tdb-block-inner td-fix-index\"><a class=\"tdb-logo-a\" href=\"https:\/\/news-vaslui.ro\/\" title=\"logo\"><span class=\"tdb-logo-img-wrap\"><img decoding=\"async\" class=\"tdb-logo-img td-retina-data\" data-retina=\"https:\/\/news-vaslui.ro\/wp-content\/uploads\/2025\/12\/FACT-CHECKED-NEWS-VASLUI-2-300x85.png\" src=\"https:\/\/news-vaslui.ro\/wp-content\/uploads\/2025\/12\/FACT-CHECKED-NEWS-VASLUI-2-300x85.png\" alt=\"logo\" title=\"logo\"><\/span><\/a><\/div>\n<div class=\"tdb-block-inner td-fix-index\"><a class=\"tdb-logo-a\" href=\"https:\/\/news-vaslui.ro\/\" title=\"logo\"><span class=\"tdb-logo-img-wrap\"><img decoding=\"async\" class=\"tdb-logo-img td-retina-data\" data-retina=\"https:\/\/news-vaslui.ro\/wp-content\/uploads\/2025\/12\/FACT-CHECKED-NEWS-VASLUI-2-300x85.png\" src=\"https:\/\/news-vaslui.ro\/wp-content\/uploads\/2025\/12\/FACT-CHECKED-NEWS-VASLUI-2-300x85.png\" alt=\"logo\" title=\"logo\"><\/span><\/a><\/div>\n<div class=\"tdb-block-inner td-fix-index\"><a class=\"tdb-logo-a\" href=\"https:\/\/news-vaslui.ro\/\" title=\"logo\"><span class=\"tdb-logo-img-wrap\"><img decoding=\"async\" class=\"tdb-logo-img td-retina-data\" data-retina=\"https:\/\/news-vaslui.ro\/wp-content\/uploads\/2025\/12\/FACT-CHECKED-NEWS-VASLUI-2-300x85.png\" src=\"https:\/\/news-vaslui.ro\/wp-content\/uploads\/2025\/12\/FACT-CHECKED-NEWS-VASLUI-2-300x85.png\" alt=\"logo\" title=\"logo\"><\/span><\/a><\/div>\n<div class=\"tdb-block-inner td-fix-index\">\n<div class=\"tdb-head-date-txt\">mar\u021bi, septembrie 1, 2026<\/div>\n<\/div>\n<div class=\"tdb-block-inner td-fix-index\">\n<div class=\"tdb-weather-deg-wrap\" data-block-uid=\"tdb_header_weather_uid\"><span class=\"tdb-weather-deg\">25.2<\/span><span class=\"tdb-weather-unit\">C<\/span><\/div>\n<div class=\"tdb-weather-city\">Vaslui<\/div>\n<\/div>\n<div class=\"tdb-block-inner td-fix-index\">\n<div class=\"tdb-drop-down-search\" aria-labelledby=\"td-header-search-button\">\n<div class=\"tdb-drop-down-search-inner\">\n<div class=\"tdb-search-form-inner\">\n<div class=\"tdb-head-search-placeholder\">type here&#8230;<\/div>\n<\/div>\n<\/div>\n<\/div>\n<\/div>\n<div class=\"tdb-block-inner td-fix-index\"><a class=\"tdb-logo-a\" href=\"https:\/\/news-vaslui.ro\/\" title=\"logo\"><span class=\"tdb-logo-img-wrap\"><img decoding=\"async\" class=\"tdb-logo-img td-retina-data\" data-retina=\"https:\/\/news-vaslui.ro\/wp-content\/uploads\/2025\/12\/FACT-CHECKED-NEWS-VASLUI-2-300x85.png\" src=\"https:\/\/news-vaslui.ro\/wp-content\/uploads\/2025\/12\/FACT-CHECKED-NEWS-VASLUI-2-300x85.png\" alt=\"Vaslui News\" title=\"logo\"><\/span><\/a><\/div>\n<div class=\"tdb-block-inner td-fix-index\"><img loading=\"lazy\" decoding=\"async\" width=\"1068\" height=\"712\" class=\"entry-thumb\" src=\"https:\/\/news-vaslui.ro\/wp-content\/uploads\/2026\/09\/featured-image-1788277138262-1068x712.jpg\" alt title=\"Featured Image\"><\/div>\n<div class=\"tdb-block-inner td-fix-index\"><span class=\"reading-time-number\">1<\/span><span class=\"tdb-minute-text\"> min.<\/span><span class=\"tdb-add-text\">Read<\/span><\/div>\n<div class=\"tdb-block-inner td-fix-index\">\n<h1 class=\"tdb-title-text\">Cutremur \u00een Vrancea, resim\u021bit \u00een Vaslui: seism de MAGNITUDINE 3,4<\/h1>\n<\/div>\n<div class=\"tdb-block-inner td-fix-index\"><a class=\"tdb-author-photo\" href=\"https:\/\/news-vaslui.ro\/author\/vasluidev\/\" title=\"News Vaslui\"><img decoding=\"async\" alt=\"News Vaslui\" src=\"https:\/\/secure.gravatar.com\/avatar\/7cd75f71af07ac3deeb6cda7fa3e40e8f10cbbf011f111ff652b3ec2cc663f22?s=96&amp;d=mm&amp;r=g\" class=\"avatar avatar-96 photo\" height=\"96\" width=\"96\" loading=\"lazy\"><\/a><\/p>\n<div class=\"tdb-author-name-wrap\"><span class=\"tdb-author-by\">By<\/span><a class=\"tdb-author-name\" href=\"https:\/\/news-vaslui.ro\/author\/vasluidev\/\">News Vaslui<\/a><\/div>\n<\/div>\n<div class=\"tdb-block-inner td-fix-index\"><time class=\"entry-date updated td-module-date\" datetime=\"2026-09-01T15:39:02+00:00\">1 septembrie 2026<\/time><\/div>\n<div class=\"td_block_wrap tdb_single_content tdi_103 td-pb-border-top td_block_template_1 td-post-content tagdiv-type\" data-td-block-uid=\"tdi_103\">\n<div class=\"tdb-block-inner td-fix-index\">\n<div class=\"post-sources-section\">\n<h3>Surse<\/h3>\n<div class=\"sources-list\"><a href=\"https:\/\/vremeanoua.ro\/cutremur-luni-dimineata-in-romania\" target=\"_blank\" rel=\"noopener\" class=\"source-item\"><\/p>\n<div class=\"source-thumb\"><img decoding=\"async\" src=\"https:\/\/news-vaslui.ro\/wp-content\/uploads\/2025\/12\/vremeanoua.png\" alt=\"Cutremur luni diminea\u021b\u0103 \u00een Rom\u00e2nia\" class=\"td-animation-stack-type0-2\"><\/div>\n<div class=\"source-info\"><span class=\"source-publication\">Vremea Noua<\/span><span class=\"source-title\">Cutremur luni diminea\u021b\u0103 \u00een Rom\u00e2nia<\/span><\/p>\n<p class=\"source-date\">31\/08\/2026<\/p>\n<\/div>\n<p><\/a><\/div>\n<\/div>\n<p>Un cutremur cu magnitudinea 3,4 pe scara Richter s-a produs luni diminea\u021ba \u00een zona seismic\u0103 Vrancea, la ora 07:12, conform Institutului Na\u021bional de Cercetare-Dezvoltare pentru Fizica P\u0103m\u00e2ntului (INCDFP) \u0219i preluat de Agerpres. Seismul a avut ad\u00e2ncimea de 98 de kilometri, iar localizarea indic\u0103 apropierea de ora\u0219e precum Foc\u0219ani (30 km), Bra\u0219ov (67 km), Sf\u00e2ntu-Gheorghe (79 km), B\u00e2rlad (85 km), Bac\u0103u (90 km) \u0219i Bra\u0219ov (93 km) \u2014 distan\u021be orientative.<\/p>\n<p>Din datele INCDFP, \u00een luna august Rom\u00e2nia a \u00eenregistrat opt cutremure, cu magnitudini cuprinse \u00eentre 3 \u0219i 4,5, eviden\u021biind activitatea semnificativ\u0103 a zonei Vrancea \u0219i complexitatea ad\u00e2ncimilor din aceast\u0103 zon\u0103. Vorbitorii locali din Vaslui au sim\u021bit vibra\u021bia, potrivit relat\u0103rilor din regiune, cu zguduiri \u00een unele cartiere \u0219i zgomote specifice \u00een case.<\/p>\n<p>P\u00e2n\u0103 \u00een acest moment nu au fost raportate pagube semnificative sau victime, \u00eens\u0103 autorit\u0103\u021bile locale \u00eendeamn\u0103 calmul, recomand\u00e2nd verific\u0103ri rapide ale locuin\u021belor pentru eventuale semne de avarie \u0219i monitorizarea situa\u021biei \u00een cazul apari\u021biei unor replici seismice. Speciali\u0219tii reamintesc c\u0103 Vrancea r\u0103m\u00e2ne o zon\u0103 activ\u0103 din punct de vedere seismic, iar replicile pot ap\u0103rea \u00een zilele urm\u0103toare.<\/p>\n<p>\u00cen contextul cre\u0219terii activit\u0103\u021bii seismice \u00een august, cu opt cutremure \u00eentre 3 \u0219i 4,5, popula\u021bia este \u00eencurajat\u0103 s\u0103 respecte indica\u021biile autorit\u0103\u021bilor, s\u0103 \u00ee\u0219i asigure mobilierul suspendat \u0219i s\u0103 fie preg\u0103tit\u0103 s\u0103 reac\u021bioneze \u00een caz de replici. P\u00e2n\u0103 la acest moment nu exist\u0103 informa\u021bii despre pagube majore sau r\u0103ni, iar monitorizarea situa\u021biei continu\u0103 la nivel local.<\/p>\n<\/div>\n<\/div>\n<div class=\"tdb-block-inner td-fix-index\">\n<div class=\"post-sources-section\">\n<h3>Surse<\/h3>\n<div class=\"sources-list\"><a href=\"https:\/\/vremeanoua.ro\/cutremur-luni-dimineata-in-romania\" target=\"_blank\" rel=\"noopener\" class=\"source-item\"><\/p>\n<div class=\"source-thumb\"><img decoding=\"async\" src=\"https:\/\/news-vaslui.ro\/wp-content\/uploads\/2025\/12\/vremeanoua.png\" alt=\"Cutremur luni diminea\u021b\u0103 \u00een Rom\u00e2nia\" class=\"td-animation-stack-type0-2\"><\/div>\n<div class=\"source-info\"><span class=\"source-publication\">Vremea Noua<\/span><span class=\"source-title\">Cutremur luni diminea\u021b\u0103 \u00een Rom\u00e2nia<\/span><\/p>\n<p class=\"source-date\">31\/08\/2026<\/p>\n<\/div>\n<p><\/a><\/div>\n<\/div>\n<p>Un cutremur cu magnitudinea 3,4 pe scara Richter s-a produs luni diminea\u021ba \u00een zona seismic\u0103 Vrancea, la ora 07:12, conform Institutului Na\u021bional de Cercetare-Dezvoltare pentru Fizica P\u0103m\u00e2ntului (INCDFP) \u0219i preluat de Agerpres. Seismul a avut ad\u00e2ncimea de 98 de kilometri, iar localizarea indic\u0103 apropierea de ora\u0219e precum Foc\u0219ani (30 km), Bra\u0219ov (67 km), Sf\u00e2ntu-Gheorghe (79 km), B\u00e2rlad (85 km), Bac\u0103u (90 km) \u0219i Bra\u0219ov (93 km) \u2014 distan\u021be orientative.<\/p>\n<p>Din datele INCDFP, \u00een luna august Rom\u00e2nia a \u00eenregistrat opt cutremure, cu magnitudini cuprinse \u00eentre 3 \u0219i 4,5, eviden\u021biind activitatea semnificativ\u0103 a zonei Vrancea \u0219i complexitatea ad\u00e2ncimilor din aceast\u0103 zon\u0103. Vorbitorii locali din Vaslui au sim\u021bit vibra\u021bia, potrivit relat\u0103rilor din regiune, cu zguduiri \u00een unele cartiere \u0219i zgomote specifice \u00een case.<\/p>\n<p>P\u00e2n\u0103 \u00een acest moment nu au fost raportate pagube semnificative sau victime, \u00eens\u0103 autorit\u0103\u021bile locale \u00eendeamn\u0103 calmul, recomand\u00e2nd verific\u0103ri rapide ale locuin\u021belor pentru eventuale semne de avarie \u0219i monitorizarea situa\u021biei \u00een cazul apari\u021biei unor replici seismice. Speciali\u0219tii reamintesc c\u0103 Vrancea r\u0103m\u00e2ne o zon\u0103 activ\u0103 din punct de vedere seismic, iar replicile pot ap\u0103rea \u00een zilele urm\u0103toare.<\/p>\n<p>\u00cen contextul cre\u0219terii activit\u0103\u021bii seismice \u00een august, cu opt cutremure \u00eentre 3 \u0219i 4,5, popula\u021bia este \u00eencurajat\u0103 s\u0103 respecte indica\u021biile autorit\u0103\u021bilor, s\u0103 \u00ee\u0219i asigure mobilierul suspendat \u0219i s\u0103 fie preg\u0103tit\u0103 s\u0103 reac\u021bioneze \u00een caz de replici. P\u00e2n\u0103 la acest moment nu exist\u0103 informa\u021bii despre pagube majore sau r\u0103ni, iar monitorizarea situa\u021biei continu\u0103 la nivel local.<\/p>\n<\/div>\n<div class=\"tdb-block-inner td-fix-index\">\n<div class=\"tdb-next-post tdb-next-post-bg tdb-post-prev\"><span>Articolul precedent<\/span><\/p>\n<div class=\"td-module-container\">\n<div class=\"td-image-container\"><a class=\"td-image-wrap\" href=\"https:\/\/news-vaslui.ro\/perchezitii-in-regiunea-nord-est-ce-s-a-descoperit-despre-o-retea-ce-ar-fi-introdus-70-milioane-de-tigarete-in-romania\/\"><img decoding=\"async\" class=\"td-next-prev-image td-fix-index\" src=\"https:\/\/news-vaslui.ro\/wp-content\/uploads\/2026\/09\/featured-image-1788277131621-1068x712.jpg\"><\/a><\/div>\n<div class=\"next-prev-title\"><a href=\"https:\/\/news-vaslui.ro\/perchezitii-in-regiunea-nord-est-ce-s-a-descoperit-despre-o-retea-ce-ar-fi-introdus-70-milioane-de-tigarete-in-romania\/\">Perchezi\u021bii \u00een Regiunea Nord-Est: ce s-a descoperit despre o re\u021bea ce ar fi introdus 70 MILIOANE de \u021bigarete \u00een Rom\u00e2nia<\/a><\/div>\n<\/div>\n<\/div>\n<div class=\"tdb-next-post tdb-next-post-bg tdb-post-next\"><span>Articolul urm\u0103tor<\/span><\/p>\n<div class=\"td-module-container\">\n<div class=\"td-image-container\"><a class=\"td-image-wrap\" href=\"https:\/\/news-vaslui.ro\/motivul-halucinant-pentru-care-mozaicul-din-fata-teiului-lui-eminescu-nu-va-fi-refacut\/\"><img decoding=\"async\" class=\"td-next-prev-image td-fix-index\" src=\"https:\/\/news-vaslui.ro\/wp-content\/uploads\/2026\/09\/featured-image-1788277146913-1068x712.jpg\"><\/a><\/div>\n<div class=\"next-prev-title\"><a href=\"https:\/\/news-vaslui.ro\/motivul-halucinant-pentru-care-mozaicul-din-fata-teiului-lui-eminescu-nu-va-fi-refacut\/\">Motivul halucinant pentru care mozaicul din fa\u021ba Teiului lui Eminescu nu va fi ref\u0103cut<\/a><\/div>\n<\/div>\n<\/div>\n<\/div>\n<div class=\"tdb-block-inner td-fix-index\"><a class=\"tdb-logo-a\" href=\"https:\/\/news-vaslui.ro\/\" title=\"logo\"><span class=\"tdb-logo-img-wrap\"><img decoding=\"async\" class=\"tdb-logo-img td-retina-data\" data-retina=\"https:\/\/news-vaslui.ro\/wp-content\/uploads\/2025\/12\/FACT-CHECKED-NEWS-VASLUI-2-300x85.png\" src=\"https:\/\/news-vaslui.ro\/wp-content\/uploads\/2025\/12\/FACT-CHECKED-NEWS-VASLUI-2-300x85.png\" alt=\"logo\" title=\"logo\"><\/span><\/a><\/div>\n<p>[analyse_source url=&#8221;https:\/\/news-vaslui.ro\/cutremur-in-vrancea-resimtit-in-vaslui-seism-de-magnitudine-34\/#new_tab&#8221;]<\/p>\n","protected":false},"excerpt":{"rendered":"<p>[analyse_image type=&#8221;featured&#8221; src=&#8221;https:\/\/news-vaslui.ro\/wp-content\/uploads\/2026\/09\/featured-image-1788277138262.jpg&#8221;] mar\u021bi, septembrie 1, 2026 25.2C Vaslui type here&#8230; 1 min.Read Cutremur \u00een Vrancea, resim\u021bit \u00een Vaslui: seism de MAGNITUDINE 3,4 ByNews Vaslui 1 septembrie 2026 Surse Vremea NouaCutremur luni diminea\u021b\u0103 \u00een Rom\u00e2nia 31\/08\/2026 Un cutremur cu magnitudinea 3,4 pe scara Richter s-a produs luni diminea\u021ba \u00een zona seismic\u0103 Vrancea, la ora 07:12, [&hellip;]<\/p>\n","protected":false},"author":1,"featured_media":0,"comment_status":"open","ping_status":"","sticky":false,"template":"","format":"standard","meta":{"footnotes":""},"categories":[89],"tags":[226,217],"class_list":["post-2122828","post","type-post","status-publish","format-standard","hentry","category-romania","tag-crawlmanager","tag-vaslui-robo-stiri-ro"],"_links":{"self":[{"href":"https:\/\/analyse.optim.biz\/index.php?rest_route=\/wp\/v2\/posts\/2122828","targetHints":{"allow":["GET"]}}],"collection":[{"href":"https:\/\/analyse.optim.biz\/index.php?rest_route=\/wp\/v2\/posts"}],"about":[{"href":"https:\/\/analyse.optim.biz\/index.php?rest_route=\/wp\/v2\/types\/post"}],"author":[{"embeddable":true,"href":"https:\/\/analyse.optim.biz\/index.php?rest_route=\/wp\/v2\/users\/1"}],"replies":[{"embeddable":true,"href":"https:\/\/analyse.optim.biz\/index.php?rest_route=%2Fwp%2Fv2%2Fcomments&post=2122828"}],"version-history":[{"count":0,"href":"https:\/\/analyse.optim.biz\/index.php?rest_route=\/wp\/v2\/posts\/2122828\/revisions"}],"wp:attachment":[{"href":"https:\/\/analyse.optim.biz\/index.php?rest_route=%2Fwp%2Fv2%2Fmedia&parent=2122828"}],"wp:term":[{"taxonomy":"category","embeddable":true,"href":"https:\/\/analyse.optim.biz\/index.php?rest_route=%2Fwp%2Fv2%2Fcategories&post=2122828"},{"taxonomy":"post_tag","embeddable":true,"href":"https:\/\/analyse.optim.biz\/index.php?rest_route=%2Fwp%2Fv2%2Ftags&post=2122828"}],"curies":[{"name":"wp","href":"https:\/\/api.w.org\/{rel}","templated":true}]}}