{"id":2122824,"date":"2026-09-01T15:39:11","date_gmt":"2026-09-01T12:39:11","guid":{"rendered":"https:\/\/analyse.optim.biz\/?p=2122824"},"modified":"2026-09-01T15:39:11","modified_gmt":"2026-09-01T12:39:11","slug":"motivul-halucinant-pentru-care-mozaicul-din-fata-teiului-lui-eminescu-nu-va-fi-refacut","status":"publish","type":"post","link":"https:\/\/analyse.optim.biz\/?p=2122824","title":{"rendered":"Motivul halucinant pentru care mozaicul din fa\u021ba Teiului lui Eminescu nu va fi ref\u0103cut"},"content":{"rendered":"<p>[analyse_image type=&#8221;featured&#8221; src=&#8221;https:\/\/news-vaslui.ro\/wp-content\/uploads\/2026\/09\/featured-image-1788277146913.jpg&#8221;]<\/p>\n<div class=\"tdb-block-inner td-fix-index\"><a class=\"tdb-logo-a\" href=\"https:\/\/news-vaslui.ro\/\" title=\"logo\"><span class=\"tdb-logo-img-wrap\"><img decoding=\"async\" class=\"tdb-logo-img td-retina-data\" data-retina=\"https:\/\/news-vaslui.ro\/wp-content\/uploads\/2025\/12\/FACT-CHECKED-NEWS-VASLUI-2-300x85.png\" src=\"https:\/\/news-vaslui.ro\/wp-content\/uploads\/2025\/12\/FACT-CHECKED-NEWS-VASLUI-2-300x85.png\" alt=\"logo\" title=\"logo\"><\/span><\/a><\/div>\n<div class=\"tdb-block-inner td-fix-index\"><a class=\"tdb-logo-a\" href=\"https:\/\/news-vaslui.ro\/\" title=\"logo\"><span class=\"tdb-logo-img-wrap\"><img decoding=\"async\" class=\"tdb-logo-img td-retina-data\" data-retina=\"https:\/\/news-vaslui.ro\/wp-content\/uploads\/2025\/12\/FACT-CHECKED-NEWS-VASLUI-2-300x85.png\" src=\"https:\/\/news-vaslui.ro\/wp-content\/uploads\/2025\/12\/FACT-CHECKED-NEWS-VASLUI-2-300x85.png\" alt=\"logo\" title=\"logo\"><\/span><\/a><\/div>\n<div class=\"tdb-block-inner td-fix-index\"><a class=\"tdb-logo-a\" href=\"https:\/\/news-vaslui.ro\/\" title=\"logo\"><span class=\"tdb-logo-img-wrap\"><img decoding=\"async\" class=\"tdb-logo-img td-retina-data\" data-retina=\"https:\/\/news-vaslui.ro\/wp-content\/uploads\/2025\/12\/FACT-CHECKED-NEWS-VASLUI-2-300x85.png\" src=\"https:\/\/news-vaslui.ro\/wp-content\/uploads\/2025\/12\/FACT-CHECKED-NEWS-VASLUI-2-300x85.png\" alt=\"logo\" title=\"logo\"><\/span><\/a><\/div>\n<div class=\"tdb-block-inner td-fix-index\">\n<div class=\"tdb-head-date-txt\">mar\u021bi, septembrie 1, 2026<\/div>\n<\/div>\n<div class=\"tdb-block-inner td-fix-index\">\n<div class=\"tdb-weather-deg-wrap\" data-block-uid=\"tdb_header_weather_uid\"><span class=\"tdb-weather-deg\">25.2<\/span><span class=\"tdb-weather-unit\">C<\/span><\/div>\n<div class=\"tdb-weather-city\">Vaslui<\/div>\n<\/div>\n<div class=\"tdb-block-inner td-fix-index\">\n<div class=\"tdb-drop-down-search\" aria-labelledby=\"td-header-search-button\">\n<div class=\"tdb-drop-down-search-inner\">\n<div class=\"tdb-search-form-inner\">\n<div class=\"tdb-head-search-placeholder\">type here&#8230;<\/div>\n<\/div>\n<\/div>\n<\/div>\n<\/div>\n<div class=\"tdb-block-inner td-fix-index\"><a class=\"tdb-logo-a\" href=\"https:\/\/news-vaslui.ro\/\" title=\"logo\"><span class=\"tdb-logo-img-wrap\"><img decoding=\"async\" class=\"tdb-logo-img td-retina-data\" data-retina=\"https:\/\/news-vaslui.ro\/wp-content\/uploads\/2025\/12\/FACT-CHECKED-NEWS-VASLUI-2-300x85.png\" src=\"https:\/\/news-vaslui.ro\/wp-content\/uploads\/2025\/12\/FACT-CHECKED-NEWS-VASLUI-2-300x85.png\" alt=\"Vaslui News\" title=\"logo\"><\/span><\/a><\/div>\n<div class=\"tdb-block-inner td-fix-index\"><img loading=\"lazy\" decoding=\"async\" width=\"1068\" height=\"712\" class=\"entry-thumb\" src=\"https:\/\/news-vaslui.ro\/wp-content\/uploads\/2026\/09\/featured-image-1788277146913-1068x712.jpg\" alt title=\"Featured Image\"><\/div>\n<div class=\"tdb-block-inner td-fix-index\"><span class=\"reading-time-number\">1<\/span><span class=\"tdb-minute-text\"> min.<\/span><span class=\"tdb-add-text\">Read<\/span><\/div>\n<div class=\"tdb-block-inner td-fix-index\">\n<h1 class=\"tdb-title-text\">Motivul halucinant pentru care mozaicul din fa\u021ba Teiului lui Eminescu nu va fi ref\u0103cut<\/h1>\n<\/div>\n<div class=\"tdb-block-inner td-fix-index\"><a class=\"tdb-author-photo\" href=\"https:\/\/news-vaslui.ro\/author\/vasluidev\/\" title=\"News Vaslui\"><img decoding=\"async\" alt=\"News Vaslui\" src=\"https:\/\/secure.gravatar.com\/avatar\/7cd75f71af07ac3deeb6cda7fa3e40e8f10cbbf011f111ff652b3ec2cc663f22?s=96&amp;d=mm&amp;r=g\" class=\"avatar avatar-96 photo\" height=\"96\" width=\"96\" loading=\"lazy\"><\/a><\/p>\n<div class=\"tdb-author-name-wrap\"><span class=\"tdb-author-by\">By<\/span><a class=\"tdb-author-name\" href=\"https:\/\/news-vaslui.ro\/author\/vasluidev\/\">News Vaslui<\/a><\/div>\n<\/div>\n<div class=\"tdb-block-inner td-fix-index\"><time class=\"entry-date updated td-module-date\" datetime=\"2026-09-01T15:39:11+00:00\">1 septembrie 2026<\/time><\/div>\n<div class=\"td_block_wrap tdb_single_content tdi_103 td-pb-border-top td_block_template_1 td-post-content tagdiv-type\" data-td-block-uid=\"tdi_103\">\n<div class=\"tdb-block-inner td-fix-index\">\n<div class=\"post-sources-section\">\n<h3>Surse<\/h3>\n<div class=\"sources-list\"><a href=\"https:\/\/vremeanoua.ro\/stricat-intr-o-noua-operatiune-tip-borduriada-mozaicul-din-fata-teiului-lui-eminescu-nu-va-mai-fi-refacut-costa-prea-mult-spune-primaria\" target=\"_blank\" rel=\"noopener\" class=\"source-item\"><\/p>\n<div class=\"source-thumb\"><img decoding=\"async\" src=\"https:\/\/news-vaslui.ro\/wp-content\/uploads\/2025\/12\/vremeanoua.png\" alt=\"Stricat \u00eentr-o nou\u0103 opera\u021biune tip \u201eborduriad\u0103\u201d, mozaicul din fa\u021ba Teiului lui Eminescu...\" class=\"td-animation-stack-type0-2\"><\/div>\n<div class=\"source-info\"><span class=\"source-publication\">Vremea Noua<\/span><span class=\"source-title\">Stricat \u00eentr-o nou\u0103 opera\u021biune tip \u201eborduriad\u0103\u201d, mozaicul din fa\u021ba Teiului lui Eminescu&#8230;<\/span><\/p>\n<p class=\"source-date\">31\/08\/2026<\/p>\n<\/div>\n<p><\/a><\/div>\n<\/div>\n<p>\u00cen Ia\u0219i, Prim\u0103ria a decis s\u0103 nu mai refac\u0103 aleea cu mozaic din fa\u021ba Teiului lui Mihai Eminescu, potrivit unor surse oficiale citate de Serviciile Publice Ia\u0219i (SPI). Decizia vine dup\u0103 ce costurile asociate refacerii ar fi dep\u0103\u0219it semnificativ estim\u0103rile ini\u021biale.<\/p>\n<p>Conform SPI Ia\u0219i, refacerea ar fi avut un co\u00fbt estimat la aproape 2.000 de euro pe metru p\u0103trat, \u00eens\u0103 firmele de profil au solicitat sume mult peste acest prag, ceea ce a f\u0103cut planul ini\u021bial s\u0103 fie nesustenabil din punct de vedere bugetar. \u00cen locul mozaicului clasic, administra\u021bia propune o solu\u021bie alternativ\u0103: strofele poeziei Dorin\u021b\u0103 vor fi inscrip\u021bionate pe pl\u0103ci din marmur\u0103 dispuse \u00een jurul teiului, p\u0103str\u00e2nd semnifica\u021bia cultural\u0103 a spa\u021biului, dar \u00eentr-un format mai durabil \u0219i cu costuri mai transparente.<\/p>\n<p>Lauren\u021biu Ivan, directorul SPI Ia\u0219i, a precizat c\u0103 proiectul de achizi\u021bie \u0219i montaj al pl\u0103cilor este \u00een faza de identificare a furnizorului \u0219i urmeaz\u0103 s\u0103 fie \u00eencheiat cur\u00e2nd. Schimbarea abordeaz\u0103 provocarea bugetar\u0103 a administra\u021biei locale, f\u0103r\u0103 a elimina nota cultural\u0103 a amenaj\u0103rii, dar controversa privind solu\u021bia \u0219i impactul asupra patrimoniului public r\u0103m\u00e2ne \u00een centrul aten\u021biei publice.<\/p>\n<p>R\u0103m\u00e2ne de urm\u0103rit calendarul exact al montajului \u0219i modul \u00een care comunitatea va primi aceast\u0103 nou\u0103 structur\u0103 memorial\u0103 \u00een spa\u021biul urban din fa\u021ba Teiului Eminescu.<\/p>\n<\/div>\n<\/div>\n<div class=\"tdb-block-inner td-fix-index\">\n<div class=\"post-sources-section\">\n<h3>Surse<\/h3>\n<div class=\"sources-list\"><a href=\"https:\/\/vremeanoua.ro\/stricat-intr-o-noua-operatiune-tip-borduriada-mozaicul-din-fata-teiului-lui-eminescu-nu-va-mai-fi-refacut-costa-prea-mult-spune-primaria\" target=\"_blank\" rel=\"noopener\" class=\"source-item\"><\/p>\n<div class=\"source-thumb\"><img decoding=\"async\" src=\"https:\/\/news-vaslui.ro\/wp-content\/uploads\/2025\/12\/vremeanoua.png\" alt=\"Stricat \u00eentr-o nou\u0103 opera\u021biune tip \u201eborduriad\u0103\u201d, mozaicul din fa\u021ba Teiului lui Eminescu...\" class=\"td-animation-stack-type0-2\"><\/div>\n<div class=\"source-info\"><span class=\"source-publication\">Vremea Noua<\/span><span class=\"source-title\">Stricat \u00eentr-o nou\u0103 opera\u021biune tip \u201eborduriad\u0103\u201d, mozaicul din fa\u021ba Teiului lui Eminescu&#8230;<\/span><\/p>\n<p class=\"source-date\">31\/08\/2026<\/p>\n<\/div>\n<p><\/a><\/div>\n<\/div>\n<p>\u00cen Ia\u0219i, Prim\u0103ria a decis s\u0103 nu mai refac\u0103 aleea cu mozaic din fa\u021ba Teiului lui Mihai Eminescu, potrivit unor surse oficiale citate de Serviciile Publice Ia\u0219i (SPI). Decizia vine dup\u0103 ce costurile asociate refacerii ar fi dep\u0103\u0219it semnificativ estim\u0103rile ini\u021biale.<\/p>\n<p>Conform SPI Ia\u0219i, refacerea ar fi avut un co\u00fbt estimat la aproape 2.000 de euro pe metru p\u0103trat, \u00eens\u0103 firmele de profil au solicitat sume mult peste acest prag, ceea ce a f\u0103cut planul ini\u021bial s\u0103 fie nesustenabil din punct de vedere bugetar. \u00cen locul mozaicului clasic, administra\u021bia propune o solu\u021bie alternativ\u0103: strofele poeziei Dorin\u021b\u0103 vor fi inscrip\u021bionate pe pl\u0103ci din marmur\u0103 dispuse \u00een jurul teiului, p\u0103str\u00e2nd semnifica\u021bia cultural\u0103 a spa\u021biului, dar \u00eentr-un format mai durabil \u0219i cu costuri mai transparente.<\/p>\n<p>Lauren\u021biu Ivan, directorul SPI Ia\u0219i, a precizat c\u0103 proiectul de achizi\u021bie \u0219i montaj al pl\u0103cilor este \u00een faza de identificare a furnizorului \u0219i urmeaz\u0103 s\u0103 fie \u00eencheiat cur\u00e2nd. Schimbarea abordeaz\u0103 provocarea bugetar\u0103 a administra\u021biei locale, f\u0103r\u0103 a elimina nota cultural\u0103 a amenaj\u0103rii, dar controversa privind solu\u021bia \u0219i impactul asupra patrimoniului public r\u0103m\u00e2ne \u00een centrul aten\u021biei publice.<\/p>\n<p>R\u0103m\u00e2ne de urm\u0103rit calendarul exact al montajului \u0219i modul \u00een care comunitatea va primi aceast\u0103 nou\u0103 structur\u0103 memorial\u0103 \u00een spa\u021biul urban din fa\u021ba Teiului Eminescu.<\/p>\n<\/div>\n<div class=\"tdb-block-inner td-fix-index\">\n<div class=\"tdb-next-post tdb-next-post-bg tdb-post-prev\"><span>Articolul precedent<\/span><\/p>\n<div class=\"td-module-container\">\n<div class=\"td-image-container\"><a class=\"td-image-wrap\" href=\"https:\/\/news-vaslui.ro\/cutremur-in-vrancea-resimtit-in-vaslui-seism-de-magnitudine-34\/\"><img decoding=\"async\" class=\"td-next-prev-image td-fix-index\" src=\"https:\/\/news-vaslui.ro\/wp-content\/uploads\/2026\/09\/featured-image-1788277138262-1068x712.jpg\"><\/a><\/div>\n<div class=\"next-prev-title\"><a href=\"https:\/\/news-vaslui.ro\/cutremur-in-vrancea-resimtit-in-vaslui-seism-de-magnitudine-34\/\">Cutremur \u00een Vrancea, resim\u021bit \u00een Vaslui: seism de MAGNITUDINE 3,4<\/a><\/div>\n<\/div>\n<\/div>\n<div class=\"tdb-next-post tdb-next-post-bg tdb-post-next\"><span>Articolul urm\u0103tor<\/span><\/p>\n<div class=\"td-module-container\">\n<div class=\"td-image-container\"><a class=\"td-image-wrap\" href=\"https:\/\/news-vaslui.ro\/incendiu-de-vegetatie-la-zorleni-flacarile-se-reaprind-la-simila-peste-70-hectare-afectate\/\"><img decoding=\"async\" class=\"td-next-prev-image td-fix-index\" src=\"https:\/\/news-vaslui.ro\/wp-content\/uploads\/2026\/09\/featured-image-1788277155184-1068x712.jpg\"><\/a><\/div>\n<div class=\"next-prev-title\"><a href=\"https:\/\/news-vaslui.ro\/incendiu-de-vegetatie-la-zorleni-flacarile-se-reaprind-la-simila-peste-70-hectare-afectate\/\">Incendiu de vegeta\u021bie la Zorleni: fl\u0103c\u0103rile se reaprind la Simila, peste 70 HECTARE afectate<\/a><\/div>\n<\/div>\n<\/div>\n<\/div>\n<div class=\"tdb-block-inner td-fix-index\"><a class=\"tdb-logo-a\" href=\"https:\/\/news-vaslui.ro\/\" title=\"logo\"><span class=\"tdb-logo-img-wrap\"><img decoding=\"async\" class=\"tdb-logo-img td-retina-data\" data-retina=\"https:\/\/news-vaslui.ro\/wp-content\/uploads\/2025\/12\/FACT-CHECKED-NEWS-VASLUI-2-300x85.png\" src=\"https:\/\/news-vaslui.ro\/wp-content\/uploads\/2025\/12\/FACT-CHECKED-NEWS-VASLUI-2-300x85.png\" alt=\"logo\" title=\"logo\"><\/span><\/a><\/div>\n<p>[analyse_source url=&#8221;https:\/\/news-vaslui.ro\/motivul-halucinant-pentru-care-mozaicul-din-fata-teiului-lui-eminescu-nu-va-fi-refacut\/#new_tab&#8221;]<\/p>\n","protected":false},"excerpt":{"rendered":"<p>[analyse_image type=&#8221;featured&#8221; src=&#8221;https:\/\/news-vaslui.ro\/wp-content\/uploads\/2026\/09\/featured-image-1788277146913.jpg&#8221;] mar\u021bi, septembrie 1, 2026 25.2C Vaslui type here&#8230; 1 min.Read Motivul halucinant pentru care mozaicul din fa\u021ba Teiului lui Eminescu nu va fi ref\u0103cut ByNews Vaslui 1 septembrie 2026 Surse Vremea NouaStricat \u00eentr-o nou\u0103 opera\u021biune tip \u201eborduriad\u0103\u201d, mozaicul din fa\u021ba Teiului lui Eminescu&#8230; 31\/08\/2026 \u00cen Ia\u0219i, Prim\u0103ria a decis s\u0103 nu mai [&hellip;]<\/p>\n","protected":false},"author":1,"featured_media":0,"comment_status":"open","ping_status":"","sticky":false,"template":"","format":"standard","meta":{"footnotes":""},"categories":[89],"tags":[226,217],"class_list":["post-2122824","post","type-post","status-publish","format-standard","hentry","category-romania","tag-crawlmanager","tag-vaslui-robo-stiri-ro"],"_links":{"self":[{"href":"https:\/\/analyse.optim.biz\/index.php?rest_route=\/wp\/v2\/posts\/2122824","targetHints":{"allow":["GET"]}}],"collection":[{"href":"https:\/\/analyse.optim.biz\/index.php?rest_route=\/wp\/v2\/posts"}],"about":[{"href":"https:\/\/analyse.optim.biz\/index.php?rest_route=\/wp\/v2\/types\/post"}],"author":[{"embeddable":true,"href":"https:\/\/analyse.optim.biz\/index.php?rest_route=\/wp\/v2\/users\/1"}],"replies":[{"embeddable":true,"href":"https:\/\/analyse.optim.biz\/index.php?rest_route=%2Fwp%2Fv2%2Fcomments&post=2122824"}],"version-history":[{"count":0,"href":"https:\/\/analyse.optim.biz\/index.php?rest_route=\/wp\/v2\/posts\/2122824\/revisions"}],"wp:attachment":[{"href":"https:\/\/analyse.optim.biz\/index.php?rest_route=%2Fwp%2Fv2%2Fmedia&parent=2122824"}],"wp:term":[{"taxonomy":"category","embeddable":true,"href":"https:\/\/analyse.optim.biz\/index.php?rest_route=%2Fwp%2Fv2%2Fcategories&post=2122824"},{"taxonomy":"post_tag","embeddable":true,"href":"https:\/\/analyse.optim.biz\/index.php?rest_route=%2Fwp%2Fv2%2Ftags&post=2122824"}],"curies":[{"name":"wp","href":"https:\/\/api.w.org\/{rel}","templated":true}]}}