{"id":2122819,"date":"2026-09-01T15:29:13","date_gmt":"2026-09-01T12:29:13","guid":{"rendered":"https:\/\/analyse.optim.biz\/?p=2122819"},"modified":"2026-09-01T15:29:13","modified_gmt":"2026-09-01T12:29:13","slug":"doliu-in-invatamantul-barladean-a-murit-profesorul-vasile-carcota-dumnezeu-sa-l-ierte","status":"publish","type":"post","link":"https:\/\/analyse.optim.biz\/?p=2122819","title":{"rendered":"Doliu \u00een \u00eenv\u0103\u021b\u0103m\u00e2ntul b\u00e2rl\u0103dean. A murit profesorul Vasile C\u00e2rcot\u0103. Dumnezeu s\u0103-l ierte!"},"content":{"rendered":"<p>[analyse_image type=&#8221;featured&#8221; src=&#8221;https:\/\/vasluianul.ro\/wp-content\/uploads\/2026\/09\/vasile-carcota-barlad-44.jpg&#8221;]<\/p>\n<div class=\"tdb-block-inner td-fix-index\"><time class=\"entry-date updated td-module-date\" datetime=\"2026-09-01T18:29:13+03:00\">septembrie 1, 2026<\/time><\/div>\n<div class=\"tdb-block-inner td-fix-index\"><span>Updated:<\/span><time class=\"entry-date updated td-module-date\" datetime=\"2026-09-01T18:29:13+03:00\">septembrie 1, 2026<\/time><\/div>\n<div class=\"tdb-block-inner td-fix-index\">\n<h1 class=\"tdb-title-text\">Doliu \u00een \u00eenv\u0103\u021b\u0103m\u00e2ntul b\u00e2rl\u0103dean. A murit profesorul Vasile C\u00e2rcot\u0103. Dumnezeu s\u0103-l ierte!<\/h1>\n<\/div>\n<div class=\"tdb-block-inner td-fix-index\"><a class=\"tdb-author-photo\" href=\"https:\/\/vasluianul.ro\/author\/mambutul\/\" title=\"admin\"><img loading=\"lazy\" decoding=\"async\" alt=\"admin\" src=\"https:\/\/secure.gravatar.com\/avatar\/96214ba59a3904a87e4c1403dcd2c5787166527e7b72e0707dffdad663f4ffdd?s=34&amp;d=identicon&amp;r=g\" class=\"avatar avatar-34 photo\" height=\"34\" width=\"34\" data-eio=\"l\"><\/a><\/p>\n<div class=\"tdb-author-name-wrap\"><span class=\"tdb-author-by\">By<\/span><a class=\"tdb-author-name\" href=\"https:\/\/vasluianul.ro\/author\/mambutul\/\">admin<\/a><\/div>\n<\/div>\n<div class=\"tdb-block-inner td-fix-index\"><a href=\"https:\/\/vasluianul.ro\/wp-content\/uploads\/2026\/09\/vasile-carcota-barlad-44.jpg\" data-caption><img loading=\"lazy\" decoding=\"async\" width=\"1068\" height=\"1030\" class=\"entry-thumb td-modal-image\" src=\"https:\/\/vasluianul.ro\/wp-content\/uploads\/2026\/09\/vasile-carcota-barlad-44-1068x1030.jpg.webp\" alt title=\"vasile carcota barlad 44\" data-eio=\"l\"><\/a><\/div>\n<div class=\"td_block_wrap tdb_single_content tdi_75 td-pb-border-top td_block_template_1 td-post-content tagdiv-type\" data-td-block-uid=\"tdi_75\">\n<div class=\"tdb-block-inner td-fix-index\">\n<div class=\"vtp-article-views\" aria-label=\"Num\u0103r vizualiz\u0103ri articol\"><span class=\"vtp-eye\" aria-hidden=\"true\">\ud83d\udc41<\/span><strong>22<\/strong> vizualiz\u0103ri<\/div>\n<p class=\"isSelectedEnd\"><span><strong>DOLIU\u2026 \u00cenv\u0103\u021b\u0103m\u00e2ntul \u0219i lumea cultural\u0103 din B\u00e2rlad sunt \u00een doliu dup\u0103 dispari\u021bia profesorului Vasile C\u00e2rcot\u0103, dasc\u0103l care a format genera\u021bii de elevi \u0219i care, timp de decenii, a fost o prezen\u021b\u0103 constant\u0103 \u00een via\u021ba cultural\u0103 a municipiului. Primarul B\u00e2rladului, Dumitru Boro\u0219, a transmis un mesaj de condolean\u021be familiei \u0219i a evocat personalitatea profesorului.<\/strong><\/span><\/p>\n<div class=\"code-block code-block-1\"><a href=\"https:\/\/vasluianul.ro\/a-murit-profesorul-vasile-carcota-barlad\/DESTINATION\"><img decoding=\"async\" src=\"https:\/\/vasluianul.ro\/wp-content\/uploads\/2022\/06\/reclama-vechia-roma-2.jpeg%0A\" data-eio=\"l\"><\/a><\/div>\n<p class=\"isSelectedEnd\"><span>Vestea trecerii la cele ve\u0219nice a profesorului Vasile C\u00e2rcot\u0103 a fost primit\u0103 cu triste\u021be de comunitatea b\u00e2rl\u0103dean\u0103. De-a lungul carierei sale, acesta \u0219i-a pus amprenta asupra mai multor genera\u021bii de elevi, fiind cunoscut drept un dasc\u0103l exigent, implicat \u0219i apropiat de cei pe care i-a \u00eendrumat.<\/span><\/p>\n<p class=\"isSelectedEnd\"><span>Primarul municipiului B\u00e2rlad, Dumitru Boro\u0219, a transmis un mesaj \u00een memoria profesorului, subliniind at\u00e2t activitatea sa didactic\u0103, c\u00e2t \u0219i implicarea \u00een via\u021ba cultural\u0103 a ora\u0219ului.<\/span><\/p>\n<div class=\"vam4-ad vam4-device-all\" data-ad-id=\"1\">\n<div class=\"vam4-label\">PUBLICITATE<\/div>\n<div class=\"vam4-frame\"><a class=\"vam4-click\" href=\"https:\/\/www.facebook.com\/SilverMallVaslui\" target=\"_blank\" rel=\"sponsored noopener\"><img decoding=\"async\" src=\"https:\/\/vasluianul.ro\/wp-content\/uploads\/2026\/08\/fillis-AI-002.png.webp\" alt=\"Silver Mall\" loading=\"lazy\" data-eio=\"l\"><\/a><\/div>\n<\/div>\n<p class=\"isSelectedEnd\"><span><em>\u201dGenera\u021bii de b\u00e2rl\u0103deni \u00eel vor p\u0103stra \u00een memorie a\u0219a cum l-au cunoscut: drept, implicat, apropiat de elevii s\u0103i \u0219i mereu preocupat s\u0103 le ofere mai mult dec\u00e2t o lec\u021bie dintr-un manual\u201d<\/em>, spune Dumitru Boro\u0219.<\/span><\/p>\n<aside class=\"vva-wrap\" aria-label=\"PUBLICITATE\">\n<div class=\"vva-label\">PUBLICITATE<\/div>\n<p><a class=\"vva-link\" href=\"https:\/\/www.facebook.com\/FamiliaSafir\" target=\"_blank\" rel=\"noopener sponsored\"><video class=\"vva-video\" data-max-seconds=\"21\" playsinline preload=\"metadata\" autoplay muted controls><source src=\"https:\/\/vasluianul.ro\/wp-content\/uploads\/2026\/07\/safir-campanie-iulie-2026.mp4\" \/><\/video><\/a><\/aside>\n<p class=\"isSelectedEnd\"><span>Primarul aminte\u0219te \u0219i de prezen\u021ba constant\u0103 a profesorului Vasile C\u00e2rcot\u0103, al\u0103turi de so\u021bia sa, la manifest\u0103rile culturale organizate \u00een B\u00e2rlad.<\/span><\/p>\n<p class=\"isSelectedEnd\"><span><em>\u201dDecenii la r\u00e2nd, al\u0103turi de so\u021bia sa, a fost prezent la aproape fiecare eveniment important al ora\u0219ului. O prezen\u021b\u0103 discret\u0103, permanent\u0103, devenit\u0103 \u00een timp parte din peisajul cultural b\u00e2rl\u0103dean.<\/em><\/span><\/p>\n<p class=\"isSelectedEnd\"><span><em>Transmit familiei \u00eendoliate \u00eentreaga mea compasiune. Dumnezeu s\u0103 \u00eel odihneasc\u0103 \u00een pace!\u201d,<\/em> mai spune edilul.<\/span><\/p>\n<\/div>\n<\/div>\n<div class=\"tdb-block-inner td-fix-index\">\n<div class=\"vtp-article-views\" aria-label=\"Num\u0103r vizualiz\u0103ri articol\"><span class=\"vtp-eye\" aria-hidden=\"true\">\ud83d\udc41<\/span><strong>22<\/strong> vizualiz\u0103ri<\/div>\n<p class=\"isSelectedEnd\"><span><strong>DOLIU\u2026 \u00cenv\u0103\u021b\u0103m\u00e2ntul \u0219i lumea cultural\u0103 din B\u00e2rlad sunt \u00een doliu dup\u0103 dispari\u021bia profesorului Vasile C\u00e2rcot\u0103, dasc\u0103l care a format genera\u021bii de elevi \u0219i care, timp de decenii, a fost o prezen\u021b\u0103 constant\u0103 \u00een via\u021ba cultural\u0103 a municipiului. Primarul B\u00e2rladului, Dumitru Boro\u0219, a transmis un mesaj de condolean\u021be familiei \u0219i a evocat personalitatea profesorului.<\/strong><\/span><\/p>\n<div class=\"code-block code-block-1\"><a href=\"https:\/\/vasluianul.ro\/a-murit-profesorul-vasile-carcota-barlad\/DESTINATION\"><img decoding=\"async\" src=\"https:\/\/vasluianul.ro\/wp-content\/uploads\/2022\/06\/reclama-vechia-roma-2.jpeg%0A\" data-eio=\"l\"><\/a><\/div>\n<p class=\"isSelectedEnd\"><span>Vestea trecerii la cele ve\u0219nice a profesorului Vasile C\u00e2rcot\u0103 a fost primit\u0103 cu triste\u021be de comunitatea b\u00e2rl\u0103dean\u0103. De-a lungul carierei sale, acesta \u0219i-a pus amprenta asupra mai multor genera\u021bii de elevi, fiind cunoscut drept un dasc\u0103l exigent, implicat \u0219i apropiat de cei pe care i-a \u00eendrumat.<\/span><\/p>\n<p class=\"isSelectedEnd\"><span>Primarul municipiului B\u00e2rlad, Dumitru Boro\u0219, a transmis un mesaj \u00een memoria profesorului, subliniind at\u00e2t activitatea sa didactic\u0103, c\u00e2t \u0219i implicarea \u00een via\u021ba cultural\u0103 a ora\u0219ului.<\/span><\/p>\n<div class=\"vam4-ad vam4-device-all\" data-ad-id=\"1\">\n<div class=\"vam4-label\">PUBLICITATE<\/div>\n<div class=\"vam4-frame\"><a class=\"vam4-click\" href=\"https:\/\/www.facebook.com\/SilverMallVaslui\" target=\"_blank\" rel=\"sponsored noopener\"><img decoding=\"async\" src=\"https:\/\/vasluianul.ro\/wp-content\/uploads\/2026\/08\/fillis-AI-002.png.webp\" alt=\"Silver Mall\" loading=\"lazy\" data-eio=\"l\"><\/a><\/div>\n<\/div>\n<p class=\"isSelectedEnd\"><span><em>\u201dGenera\u021bii de b\u00e2rl\u0103deni \u00eel vor p\u0103stra \u00een memorie a\u0219a cum l-au cunoscut: drept, implicat, apropiat de elevii s\u0103i \u0219i mereu preocupat s\u0103 le ofere mai mult dec\u00e2t o lec\u021bie dintr-un manual\u201d<\/em>, spune Dumitru Boro\u0219.<\/span><\/p>\n<aside class=\"vva-wrap\" aria-label=\"PUBLICITATE\">\n<div class=\"vva-label\">PUBLICITATE<\/div>\n<p><a class=\"vva-link\" href=\"https:\/\/www.facebook.com\/FamiliaSafir\" target=\"_blank\" rel=\"noopener sponsored\"><video class=\"vva-video\" data-max-seconds=\"21\" playsinline preload=\"metadata\" autoplay muted controls><source src=\"https:\/\/vasluianul.ro\/wp-content\/uploads\/2026\/07\/safir-campanie-iulie-2026.mp4\" \/><\/video><\/a><\/aside>\n<p class=\"isSelectedEnd\"><span>Primarul aminte\u0219te \u0219i de prezen\u021ba constant\u0103 a profesorului Vasile C\u00e2rcot\u0103, al\u0103turi de so\u021bia sa, la manifest\u0103rile culturale organizate \u00een B\u00e2rlad.<\/span><\/p>\n<p class=\"isSelectedEnd\"><span><em>\u201dDecenii la r\u00e2nd, al\u0103turi de so\u021bia sa, a fost prezent la aproape fiecare eveniment important al ora\u0219ului. O prezen\u021b\u0103 discret\u0103, permanent\u0103, devenit\u0103 \u00een timp parte din peisajul cultural b\u00e2rl\u0103dean.<\/em><\/span><\/p>\n<p class=\"isSelectedEnd\"><span><em>Transmit familiei \u00eendoliate \u00eentreaga mea compasiune. Dumnezeu s\u0103 \u00eel odihneasc\u0103 \u00een pace!\u201d,<\/em> mai spune edilul.<\/span><\/p>\n<\/div>\n<div class=\"tdb-block-inner td-fix-index\"><a href=\"https:\/\/vasluianul.ro\/author\/mambutul\/\" class=\"tdb-author-photo\" title=\"admin\"><img loading=\"lazy\" decoding=\"async\" alt=\"admin\" src=\"https:\/\/secure.gravatar.com\/avatar\/96214ba59a3904a87e4c1403dcd2c5787166527e7b72e0707dffdad663f4ffdd?s=96&amp;d=identicon&amp;r=g\" class=\"avatar avatar-96 photo\" height=\"96\" width=\"96\" data-eio=\"l\"><\/a><\/p>\n<div class=\"tdb-author-info\"><a href=\"https:\/\/vasluianul.ro\/author\/mambutul\/\" class=\"tdb-author-name\">admin<\/a><\/div>\n<\/div>\n<div class=\"tdb-block-inner td-fix-index\">\n<div class=\"comments\" id=\"comments\">\n<div id=\"respond\" class=\"comment-respond\">\n<h3 id=\"reply-title\" class=\"comment-reply-title\">L\u0102SA\u021aI UN MESAJ <small><a rel=\"nofollow\" id=\"cancel-comment-reply-link\" href=\"https:\/\/vasluianul.ro\/a-murit-profesorul-vasile-carcota-barlad\/#respond\">Renun\u021ba\u021bi la r\u0103spuns<\/a><\/small><\/h3>\n<div class=\"comment-form-input-wrap td-form-comment\">\n<div class=\"td-warning-comment\">V\u0103 rug\u0103m s\u0103 introduce\u021bi comentariul dvs.!<\/div>\n<\/div>\n<div class=\"comment-form-input-wrap td-form-author\">\n<div class=\"td-warning-author\">Introduce\u021bi aici numele dvs.<\/div>\n<\/div>\n<div class=\"comment-form-input-wrap td-form-email\">\n<div class=\"td-warning-email-error\">A\u021bi introdus o adres\u0103 de e-mail incorect\u0103!<\/div>\n<div class=\"td-warning-email\">V\u0103 rug\u0103m s\u0103 introduce\u021bi adresa dvs. de e-mail aici<\/div>\n<\/div>\n<\/div>\n<\/div>\n<\/div>\n<p>[analyse_source url=&#8221;https:\/\/vasluianul.ro\/a-murit-profesorul-vasile-carcota-barlad\/#new_tab&#8221;]<\/p>\n","protected":false},"excerpt":{"rendered":"<p>[analyse_image type=&#8221;featured&#8221; src=&#8221;https:\/\/vasluianul.ro\/wp-content\/uploads\/2026\/09\/vasile-carcota-barlad-44.jpg&#8221;] septembrie 1, 2026 Updated:septembrie 1, 2026 Doliu \u00een \u00eenv\u0103\u021b\u0103m\u00e2ntul b\u00e2rl\u0103dean. A murit profesorul Vasile C\u00e2rcot\u0103. Dumnezeu s\u0103-l ierte! Byadmin \ud83d\udc4122 vizualiz\u0103ri DOLIU\u2026 \u00cenv\u0103\u021b\u0103m\u00e2ntul \u0219i lumea cultural\u0103 din B\u00e2rlad sunt \u00een doliu dup\u0103 dispari\u021bia profesorului Vasile C\u00e2rcot\u0103, dasc\u0103l care a format genera\u021bii de elevi \u0219i care, timp de decenii, a fost o prezen\u021b\u0103 [&hellip;]<\/p>\n","protected":false},"author":1,"featured_media":0,"comment_status":"open","ping_status":"","sticky":false,"template":"","format":"standard","meta":{"footnotes":""},"categories":[89],"tags":[226,217],"class_list":["post-2122819","post","type-post","status-publish","format-standard","hentry","category-romania","tag-crawlmanager","tag-vaslui-robo-stiri-ro"],"_links":{"self":[{"href":"https:\/\/analyse.optim.biz\/index.php?rest_route=\/wp\/v2\/posts\/2122819","targetHints":{"allow":["GET"]}}],"collection":[{"href":"https:\/\/analyse.optim.biz\/index.php?rest_route=\/wp\/v2\/posts"}],"about":[{"href":"https:\/\/analyse.optim.biz\/index.php?rest_route=\/wp\/v2\/types\/post"}],"author":[{"embeddable":true,"href":"https:\/\/analyse.optim.biz\/index.php?rest_route=\/wp\/v2\/users\/1"}],"replies":[{"embeddable":true,"href":"https:\/\/analyse.optim.biz\/index.php?rest_route=%2Fwp%2Fv2%2Fcomments&post=2122819"}],"version-history":[{"count":0,"href":"https:\/\/analyse.optim.biz\/index.php?rest_route=\/wp\/v2\/posts\/2122819\/revisions"}],"wp:attachment":[{"href":"https:\/\/analyse.optim.biz\/index.php?rest_route=%2Fwp%2Fv2%2Fmedia&parent=2122819"}],"wp:term":[{"taxonomy":"category","embeddable":true,"href":"https:\/\/analyse.optim.biz\/index.php?rest_route=%2Fwp%2Fv2%2Fcategories&post=2122819"},{"taxonomy":"post_tag","embeddable":true,"href":"https:\/\/analyse.optim.biz\/index.php?rest_route=%2Fwp%2Fv2%2Ftags&post=2122819"}],"curies":[{"name":"wp","href":"https:\/\/api.w.org\/{rel}","templated":true}]}}