{"id":2122794,"date":"2026-09-01T14:03:49","date_gmt":"2026-09-01T11:03:49","guid":{"rendered":"https:\/\/analyse.optim.biz\/?p=2122794"},"modified":"2026-09-01T14:03:49","modified_gmt":"2026-09-01T11:03:49","slug":"dragos-pislaru-ministrul-fondurilor-europene-la-finalul-pnrr-nu-lipsa-resurselor-este-principala-prov","status":"publish","type":"post","link":"https:\/\/analyse.optim.biz\/?p=2122794","title":{"rendered":"Drago\u015f P\u00eeslaru, ministrul Fondurilor Europene, la finalul PNRR. \u201eNu lipsa resurselor este principala prov"},"content":{"rendered":"<p>[analyse_image type=&#8221;featured&#8221; src=&#8221;https:\/\/storage0.dms.mpinteractiv.ro\/media\/1\/1481\/10376\/23228894\/1\/3vdragos-pislaru.jpghttps:\/\/storage0.dms.mpinteractiv.ro\/media\/1\/1481\/10376\/23228894\/1\/3vdragos-pislaru.jpg&#8221;]<\/p>\n<div class=\"text-content\">\n<p> Rom\u00e2nia ar urma s\u0103 \u00eencheie Planul Na\u0163ional de Redresare \u015fi Rezilien\u0163\u0103 cu o rat\u0103 de absorb\u0163ie de peste 90% pentru componenta de granturi \u015fi de peste 97% \u00een cazul \u00eemprumuturilor, potrivit estim\u0103rilor prezentate mar\u0163i de Drago\u015f P\u00eeslaru. Principalul risc r\u0103mas este legat de reformele nefinalizate, \u00een special legea salariz\u0103rii unitare.<\/p>\n<p> Drago\u015f P\u00eeslaru, ministrul Investi\u0163iilor \u015fi Proiectelor Europene \u015fi ministrul interimar al Muncii a prezentat mar\u0163i bilan\u0163ul PNRR, dup\u0103 \u00eencheierea oficial\u0103, la 31 august, a perioadei de implementare a planului, pe care l-a descris drept cel mai amplu mecanism de finan\u0163are pus vreodat\u0103 de Uniunea European\u0103 la dispozi\u0163ia statelor membre.<\/p>\n<p> Rom\u00e2nia a pornit \u00een 2021 cu granturi de 14,24 miliarde de euro, valoarea fiind ulterior ajustat\u0103, inclusiv prin REPowerEU, la aproximativ 13,57 miliarde de euro. Componenta de \u00eemprumuturi, care ajungea ini\u0163ial la 14,94 miliarde de euro, a fost redus\u0103 \u00een formula final\u0103 la 6,54 miliarde de euro.<\/p>\n<div>\n<div><span>Te-ar putea interesa \u0219i:<\/span><\/div>\n<\/div>\n<p><strong>P\u00eeslaru: PNRR era \u201eun program blocat\u201d<\/strong><\/p>\n<p> Ministrul a f\u0103cut o evaluare critic\u0103 a situa\u0163iei g\u0103site de actualul Guvern, sus\u0163in\u00e2nd c\u0103 existau proiecte neeligibile, o supracontractare masiv\u0103 \u015fi \u00eent\u00e2rzieri \u00een realizarea reformelor.<\/p>\n<p> \u201e\u00cen acela\u015fi timp, se constata c\u0103 exista o supracontractare de 47 de miliarde de euro pe un PNRR care avea 28 de miliarde \u00een momentul respectiv, deci, practic, aproape de dou\u0103 ori mai mult. \u00cen acela\u015fi timp, Comisia European\u0103 avea a\u015fteptarea de la Rom\u00e2nia s\u0103 \u00eemping\u0103 \u00een continuare reforme pe care le tot am\u00e2nase\u201d, a declarat P\u00eeslaru.<\/p>\n<p> Potrivit acestuia, situa\u0163ia era agravat\u0103 de probleme de management \u015fi de absen\u0163a unor instrumente eficiente pentru urm\u0103rirea proiectelor.<\/p>\n<p> \u201eExista, \u00een acela\u015fi timp, un haos managerial \u015fi o lips\u0103 de transparen\u0163\u0103 total\u0103. Nu existau instrumente de gestiune de tip tablou de bord sau, cum s\u0103 spun, ceva care s\u0103 poat\u0103 s\u0103 monitorizeze progresul fizic \u015fi financiar al acestui program\u201d, a afirmat ministrul.<\/p>\n<p> La momentul prelu\u0103rii gestiunii PNRR existau peste 25.000 de proiecte, iar cererea de plat\u0103 num\u0103rul 3 ajunsese s\u0103 blocheze practic avansarea planului. Rom\u00e2nia pierduse anterior 16,19 milioane de euro la cererea de plat\u0103 2, iar cererea 3, prev\u0103zut\u0103 mult mai devreme \u00een calendarul programului, a fost \u00eencasat\u0103 abia \u00een iunie 2025.<\/p>\n<p><strong>Peste 90% absorb\u0163ie din granturi, potrivit estim\u0103rilor MIPE<\/strong><\/p>\n<p> Cererea de plat\u0103 num\u0103rul 4, \u00een valoare de 2,251 miliarde de euro, a fost \u00eencasat\u0103 integral \u00een iunie 2026, iar cererea num\u0103rul 5 a fost depus\u0103 pe 14 august \u015fi are o valoare net\u0103 de aproximativ dou\u0103 miliarde de euro. Urmeaz\u0103 cererea de plat\u0103 num\u0103rul 6, care trebuie transmis\u0103 p\u00e2n\u0103 la 30 septembrie.<\/p>\n<p> P\u00eeslaru a sus\u0163inut c\u0103 o parte foarte mare din efortul administrativ aferent PNRR a fost concentrat\u0103 \u00een ultima perioad\u0103 de implementare.<\/p>\n<p> \u201e\u00cen cererea de plat\u0103 4, 5 \u015fi 6, deci cererile care au fost strict \u00een gestiunea acestui Guvern, discut\u0103m de aproximativ 113 investi\u0163ii \u015fi 48 reforme, din care dou\u0103 sunt \u00een acest moment \u00een stadiu ca una s\u0103 nu fie realizat\u0103, discut\u0103m de legea salariz\u0103rii, \u015fi una care s\u0103 fie par\u0163ial realizat\u0103 \u015fi vorbim aici de decizia Guvernului Rom\u00e2niei de a nu \u00eenchide toate capacit\u0103\u0163ile care erau \u00een calendarul de decarbonizare\u201d, a declarat ministrul.<\/p>\n<p> Estimarea prezentat\u0103 de acesta indic\u0103 o rat\u0103 final\u0103 de absorb\u0163ie de peste 90% din componenta nerambursabil\u0103, care se ridic\u0103 la aproximativ 13,57 miliarde de euro.<\/p>\n<p><strong>Legea salariz\u0103rii pune \u00een joc 770 de milioane de euro<\/strong><\/p>\n<div class=\"int-widget-container\" data-channel-id=\"6a7d7d3c65d3cf457c0b4775\" data-publisher-id=\"6a7d78a072984466fe0e9897\">\n\u00a0<\/div>\n<p> Cea mai mare vulnerabilitate r\u0103mas\u0103 este reforma salariz\u0103rii unitare, asociat\u0103 unei sume de aproximativ 770 de milioane de euro. La aceasta se adaug\u0103 aproximativ 50 de milioane de euro aferente decarboniz\u0103rii, circa 36 de milioane de euro \u00eenc\u0103 de clarificat \u00een privin\u0163a investi\u0163iilor \u015fi alte sume mai mici.<\/p>\n<p> \u00cen total, aproximativ 870 de milioane de euro din componenta de granturi r\u0103m\u00e2n expuse riscului, potrivit calculelor prezentate de ministru.<\/p>\n<p> \u201eDin acest punct de vedere, v\u0103 pot spune c\u0103, pe componenta de grant, acesta este riscul final, pentru c\u0103 investi\u0163iile sunt marginale, deci le facem pe toate, riscul este absolut marginal. Prin urmare, riscul r\u0103m\u00e2ne legat de reformele nerealizate, din care, evident, reforma fanion, care ne lipse\u015fte, este cea legat\u0103 de salarizarea unitar\u0103\u201d, a declarat P\u00eeslaru.<\/p>\n<p> Conform calculelor MIPE, la pierderile poten\u0163iale actuale se adaug\u0103 410 milioane de euro din granturi aferente unor probleme anterioare, inclusiv guvernan\u0163ei corporative \u015fi pensiilor speciale. Estimarea final\u0103 prezentat\u0103 de P\u00eeslaru indic\u0103 o rat\u0103 de absorb\u0163ie de 90,58% pentru granturi \u015fi de peste 97% pentru componenta de \u00eemprumuturi.<\/p>\n<p><strong>10 spitale au fost mutate pe fondurile de coeziune<\/strong><\/p>\n<p> P\u00eeslaru a explicat \u015fi de ce componenta de \u00eemprumuturi a PNRR a fost redus\u0103 fa\u0163\u0103 de valoarea ini\u0163ial\u0103. Potrivit acestuia, proiecte \u00een valoare de 4,2 miliarde de euro au trebuit mutate \u00een alte mecanisme de finan\u0163are dup\u0103 probleme privind licita\u0163iile din Transporturi.<\/p>\n<p> Totodat\u0103, zece spitale care nu mai puteau fi finalizate \u00een termenul PNRR au fost transferate pe politica de coeziune, prin Programul S\u0103n\u0103tate, ministrul estim\u00e2nd c\u0103 acestea vor fi terminate cel mai probabil \u00een 2027.<\/p>\n<p> \u201eAm discutat direct cu comisarii, cu Fitto \u015fi cu doamna M\u00e2nzatu pentru a ob\u0163ine aceste mut\u0103ri \u00een politica de coeziune. \u015ei cred c\u0103 este un lucru foarte important s\u0103 men\u0163ion\u0103m c\u0103 cele 10 spitale se vor ad\u0103uga la cele 7 pe care le-am inaugurat deja \u015fi le-am finalizat pe PNRR\u201d, a afirmat P\u00eeslaru.<\/p>\n<p> Ministrul a precizat \u015fi c\u0103 optimizarea structurii financiare a planului, prin transferuri \u00eentre granturi \u015fi \u00eemprumuturi, a redus cu aproximativ un miliard de euro impactul asupra bugetului de stat.<\/p>\n<p><strong>Ultima cerere de plat\u0103 trebuie trimis\u0103 p\u00e2n\u0103 la 30 septembrie<\/strong><\/p>\n<p> Procesul financiar nu se \u00eencheie \u00eens\u0103 odat\u0103 cu expirarea perioadei de implementare. P\u00eeslaru a anun\u0163at discu\u0163ii cu reprezentan\u0163ii Comisiei Europene privind legea salariz\u0103rii \u015fi decarbonizarea.<\/p>\n<p> Ministerele trebuie s\u0103 preg\u0103teasc\u0103 documentele necesare, acestea urm\u00e2nd s\u0103 ajung\u0103 centralizat la coordonatorul na\u0163ional p\u00e2n\u0103 la jum\u0103tatea lunii septembrie. Cererea de plat\u0103 num\u0103rul 6 ar trebui transmis\u0103 Comisiei Europene pe 30 septembrie, dup\u0103 care vor urma negocieri \u015fi verific\u0103ri pe parcursul lunii octombrie \u015fi p\u00e2n\u0103 \u00een noiembrie.<\/p>\n<p> \u00cen \u00eencheierea bilan\u0163ului, ministrul a spus c\u0103 experien\u0163a PNRR ar trebui s\u0103 schimbe modul \u00een care Rom\u00e2nia gestioneaz\u0103 viitoarele fonduri europene.<\/p>\n<p> \u201eFaptul c\u0103 nu lipsa resurselor este principala provocare, ci capacitatea noastr\u0103 de a le folosi, administra eficient, \u00eentr-un mod coerent \u015fi rapid, care s\u0103 urm\u0103reasc\u0103, p\u00e2n\u0103 la urm\u0103, cre\u015fterea economic\u0103 \u015fi dezvoltarea societ\u0103\u0163ii. Prima lec\u0163ie crucial\u0103 este s\u0103 evit\u0103m fragmentarea\u201d, a declarat Drago\u015f P\u00eeslaru.<\/p>\n<p> El a pledat totodat\u0103 pentru o coordonare na\u0163ional\u0103 mai puternic\u0103 \u015fi pentru un acord politic asupra reformelor majore:<\/p>\n<p> \u201ePe partea de reforme, cred c\u0103 este crucial un pact na\u0163ional de la \u00eenceput cu privire la reforme. Cred c\u0103 reformele trebuie s\u0103 dep\u0103\u015feasc\u0103 ciclurile electorale \u015fi s\u0103 ne men\u0163inem angajamentele asumate de Rom\u00e2nia.\u201d<\/p>\n<\/div>\n<p>[analyse_source url=&#8221;https:\/\/www.zf.ro\/zf-24\/dragos-pislaru-ministrul-fondurilor-europene-la-finalul-pnrr-nu-lipsa-resurselor-este-principala-provocare-ci-capacitatea-noastra-de-a-le-folosi-23228894&#8243;]<\/p>\n","protected":false},"excerpt":{"rendered":"<p>[analyse_image type=&#8221;featured&#8221; src=&#8221;https:\/\/storage0.dms.mpinteractiv.ro\/media\/1\/1481\/10376\/23228894\/1\/3vdragos-pislaru.jpghttps:\/\/storage0.dms.mpinteractiv.ro\/media\/1\/1481\/10376\/23228894\/1\/3vdragos-pislaru.jpg&#8221;] Rom\u00e2nia ar urma s\u0103 \u00eencheie Planul Na\u0163ional de Redresare \u015fi Rezilien\u0163\u0103 cu o rat\u0103 de absorb\u0163ie de peste 90% pentru componenta de granturi \u015fi de peste 97% \u00een cazul \u00eemprumuturilor, potrivit estim\u0103rilor prezentate mar\u0163i de Drago\u015f P\u00eeslaru. Principalul risc r\u0103mas este legat de reformele nefinalizate, \u00een special legea salariz\u0103rii unitare. Drago\u015f P\u00eeslaru, [&hellip;]<\/p>\n","protected":false},"author":1,"featured_media":0,"comment_status":"open","ping_status":"","sticky":false,"template":"","format":"standard","meta":{"footnotes":""},"categories":[89],"tags":[226,28],"class_list":["post-2122794","post","type-post","status-publish","format-standard","hentry","category-romania","tag-crawlmanager","tag-zf-ro"],"_links":{"self":[{"href":"https:\/\/analyse.optim.biz\/index.php?rest_route=\/wp\/v2\/posts\/2122794","targetHints":{"allow":["GET"]}}],"collection":[{"href":"https:\/\/analyse.optim.biz\/index.php?rest_route=\/wp\/v2\/posts"}],"about":[{"href":"https:\/\/analyse.optim.biz\/index.php?rest_route=\/wp\/v2\/types\/post"}],"author":[{"embeddable":true,"href":"https:\/\/analyse.optim.biz\/index.php?rest_route=\/wp\/v2\/users\/1"}],"replies":[{"embeddable":true,"href":"https:\/\/analyse.optim.biz\/index.php?rest_route=%2Fwp%2Fv2%2Fcomments&post=2122794"}],"version-history":[{"count":0,"href":"https:\/\/analyse.optim.biz\/index.php?rest_route=\/wp\/v2\/posts\/2122794\/revisions"}],"wp:attachment":[{"href":"https:\/\/analyse.optim.biz\/index.php?rest_route=%2Fwp%2Fv2%2Fmedia&parent=2122794"}],"wp:term":[{"taxonomy":"category","embeddable":true,"href":"https:\/\/analyse.optim.biz\/index.php?rest_route=%2Fwp%2Fv2%2Fcategories&post=2122794"},{"taxonomy":"post_tag","embeddable":true,"href":"https:\/\/analyse.optim.biz\/index.php?rest_route=%2Fwp%2Fv2%2Ftags&post=2122794"}],"curies":[{"name":"wp","href":"https:\/\/api.w.org\/{rel}","templated":true}]}}