{"id":2122793,"date":"2026-09-01T14:37:14","date_gmt":"2026-09-01T11:37:14","guid":{"rendered":"https:\/\/analyse.optim.biz\/?p=2122793"},"modified":"2026-09-01T14:37:14","modified_gmt":"2026-09-01T11:37:14","slug":"transportul-elevilor-din-timisoara-asigurat-cu-ajutorul-a-15-linii-dedicate","status":"publish","type":"post","link":"https:\/\/analyse.optim.biz\/?p=2122793","title":{"rendered":"Transportul elevilor din Timi\u015foara, asigurat cu ajutorul a 15 linii dedicate"},"content":{"rendered":"<p>[analyse_image type=&#8221;featured&#8221; src=&#8221;http:\/\/www.banatulmeu.ro\/wp-content\/uploads\/2026\/09\/67828930_1284670931697241_3236036318827905024_n.jpg&#8221;]<\/p>\n<div class=\"post-content-bd\">\n<p>\u015ei \u00een acest an \u015fcolar, Prim\u0103ria Timi\u015foara, prin Societatea de Transport Public, men\u0163ine cele 15 trasee dedicate transportului elevilor.<\/p>\n<p><em>\u201c\u00cencep\u00e2nd cu 7 septembrie, \u00een contextul lucr\u0103rilor din Pia\u021ba Traian, linia \u0219colar\u0103 S12 va circula pe un traseu deviat, at\u00e2t la dus, c\u00e2t \u0219i la \u00eentors. Sta\u021bia \u201ePia\u021ba Traian\u201d este suspendat\u0103 temporar, iar autobuzele vor circula pe strada Iepurelui \u0219i strada I.H. Pestalozzi. Sunt introduse \u0219i dou\u0103 sta\u021bii noi pe acest traseu deviat \u2013 \u201eIepurelui\u201d \u0219i \u201eRadio Timi\u0219oara\u201d. Traseul liniei S12 va fi reanalizat \u00een func\u021bie de evolu\u021bia lucr\u0103rilor din Pia\u021ba Traian, iar eventualele modific\u0103ri vor fi comunicate din timp\u201d<\/em>, a transmis Prim\u0103ria Timi\u015foara.<\/p>\n<p>Celelalte linii \u0219colare vor circula pe acelea\u0219i trasee ca \u00een anul \u0219colar trecut.<\/p>\n<p><em>\u201cPrin liniile speciale \u201eS\u201d, operate de STPT \u0219i adaptate programului \u0219colar, elevii au o variant\u0103 sigur\u0103 \u0219i accesibil\u0103 pentru drumul spre \u0219coal\u0103. \u00cen acela\u0219i timp, transportul \u0219colar vine \u00een sprijinul p\u0103rin\u021bilor \u0219i \u00eei \u00eencurajeaz\u0103 pe cei mici s\u0103 se obi\u0219nuiasc\u0103 de timpuriu cu transportul public\u201d,<\/em> a informat Prim\u0103ria Timi\u015foara.<\/p>\n<p>Lista complet\u0103 a sta\u021biilor \u0219i orarul de func\u021bionare pot fi accesate <a href=\"https:\/\/stpt.ro\/orare-de-circulatie\/\">AICI<\/a>!<\/p>\n<\/div>\n<p>[analyse_source url=&#8221;https:\/\/www.banatulmeu.ro\/transportul-elevilor-din-timisoara-asigurat-cu-ajutorul-a-15-linii-dedicate\/&#8221;]<\/p>\n","protected":false},"excerpt":{"rendered":"<p>[analyse_image type=&#8221;featured&#8221; src=&#8221;http:\/\/www.banatulmeu.ro\/wp-content\/uploads\/2026\/09\/67828930_1284670931697241_3236036318827905024_n.jpg&#8221;] \u015ei \u00een acest an \u015fcolar, Prim\u0103ria Timi\u015foara, prin Societatea de Transport Public, men\u0163ine cele 15 trasee dedicate transportului elevilor. \u201c\u00cencep\u00e2nd cu 7 septembrie, \u00een contextul lucr\u0103rilor din Pia\u021ba Traian, linia \u0219colar\u0103 S12 va circula pe un traseu deviat, at\u00e2t la dus, c\u00e2t \u0219i la \u00eentors. Sta\u021bia \u201ePia\u021ba Traian\u201d este suspendat\u0103 temporar, iar [&hellip;]<\/p>\n","protected":false},"author":1,"featured_media":0,"comment_status":"open","ping_status":"","sticky":false,"template":"","format":"standard","meta":{"footnotes":""},"categories":[89],"tags":[204,226],"class_list":["post-2122793","post","type-post","status-publish","format-standard","hentry","category-romania","tag-banatulmeu-ro","tag-crawlmanager"],"_links":{"self":[{"href":"https:\/\/analyse.optim.biz\/index.php?rest_route=\/wp\/v2\/posts\/2122793","targetHints":{"allow":["GET"]}}],"collection":[{"href":"https:\/\/analyse.optim.biz\/index.php?rest_route=\/wp\/v2\/posts"}],"about":[{"href":"https:\/\/analyse.optim.biz\/index.php?rest_route=\/wp\/v2\/types\/post"}],"author":[{"embeddable":true,"href":"https:\/\/analyse.optim.biz\/index.php?rest_route=\/wp\/v2\/users\/1"}],"replies":[{"embeddable":true,"href":"https:\/\/analyse.optim.biz\/index.php?rest_route=%2Fwp%2Fv2%2Fcomments&post=2122793"}],"version-history":[{"count":0,"href":"https:\/\/analyse.optim.biz\/index.php?rest_route=\/wp\/v2\/posts\/2122793\/revisions"}],"wp:attachment":[{"href":"https:\/\/analyse.optim.biz\/index.php?rest_route=%2Fwp%2Fv2%2Fmedia&parent=2122793"}],"wp:term":[{"taxonomy":"category","embeddable":true,"href":"https:\/\/analyse.optim.biz\/index.php?rest_route=%2Fwp%2Fv2%2Fcategories&post=2122793"},{"taxonomy":"post_tag","embeddable":true,"href":"https:\/\/analyse.optim.biz\/index.php?rest_route=%2Fwp%2Fv2%2Ftags&post=2122793"}],"curies":[{"name":"wp","href":"https:\/\/api.w.org\/{rel}","templated":true}]}}