{"id":2122792,"date":"2026-08-31T08:14:00","date_gmt":"2026-08-31T05:14:00","guid":{"rendered":"https:\/\/analyse.optim.biz\/?p=2122792"},"modified":"2026-08-31T08:14:00","modified_gmt":"2026-08-31T05:14:00","slug":"ashrae-region-xiv-europe-conference-regional-chapters-2026-la-timisoara","status":"publish","type":"post","link":"https:\/\/analyse.optim.biz\/?p=2122792","title":{"rendered":"ASHRAE Region XIV EUROPE Conference Regional Chapters 2026, la Timi\u0219oara"},"content":{"rendered":"<p>[analyse_image type=&#8221;featured&#8221; src=&#8221;&#8221;]<\/p>\n<div class=\"entry-content\">\n<p class=\"has-text-align-justify has-text-align-justify\">\u00cen perioada 3\u20136 septembrie 2026, Timi\u0219oara g\u0103zduie\u0219te ASHRAE Region XIV EUROPE Conference Regional Chapters 2026 (Conferin\u021ba Regional\u0103 a Filialelor ASHRAE din Regiunea XIV \u2013 Europa; CRC 2026), eveniment interna\u021bional organizat sub egida ASHRAE \u2013 American Society of Heating, Refrigerating and Air-Conditioning Engineers (Societatea American\u0103 a Inginerilor de \u00cenc\u0103lzire, Refrigerare \u0219i Climatizare), care va reuni reprezentan\u021bi ai conducerii ASHRAE, speciali\u0219ti, cercet\u0103tori, cadre universitare \u0219i profesioni\u0219ti din domeniul mediului construit.<\/p>\n<p class=\"has-text-align-justify has-text-align-justify\">Organizatorii principali ai CRC 2026 sunt AIIR \u2013 Asocia\u021bia Inginerilor de Instala\u021bii din Rom\u00e2nia \u0219i KGH \u2013 Serbian HVAC&amp;R Society (Societatea S\u00e2rb\u0103 pentru \u00cenc\u0103lzire, Ventilare, Climatizare \u0219i Refrigerare), \u00een cadrul ASHRAE Danube Chapter (Filiala Dun\u0103rea a ASHRAE). Universitatea Politehnica Timi\u0219oara (UPT) este partener institu\u021bional academic \u0219i g\u0103zduie\u0219te o parte a programului institu\u021bional \u0219i tehnic.<\/p>\n<p class=\"has-text-align-justify has-text-align-justify\">Coordonarea CRC 2026 este asigurat\u0103 de dr. ing. Ioan Silviu Dobo\u0219i \u2013 pre\u0219edinte AIIR, Chair ASHRAE CRC 2026 Region XIV Europe (pre\u0219edinte al CRC 2026); prof. Bratislav Blagojevi\u0107 \u2013 pre\u0219edinte KGH, Co-Chair ASHRAE CRC 2026 Region XIV Europe (copre\u0219edinte al CRC 2026); conf. univ. dr. ing. Marius Balan \u2013 Vice President CRC 2026 (vicepre\u0219edinte CRC 2026); \u0219i assoc. prof. arh. Milena Blagojevi\u0107 (conferen\u021biar universitar arhitect) \u2013 Vice President CRC 2026 (vicepre\u0219edinte CRC 2026).<\/p>\n<p class=\"has-text-align-justify has-text-align-justify\">Timp de patru zile, Timi\u0219oara va deveni un spa\u021biu de dialog profesional \u0219i schimb de experien\u021b\u0103 \u00een jurul unora dintre cele mai importante provoc\u0103ri actuale ale mediului construit: decarbonizarea cl\u0103dirilor, eficien\u021ba energetic\u0103, calitatea mediului interior, digitalizarea, inteligen\u021ba artificial\u0103 aplicat\u0103 sistemelor HVAC&amp;R, energiile regenerabile, cl\u0103dirile inteligente, rezilien\u021ba \u0219i dezvoltarea urban\u0103 sustenabil\u0103.<\/p>\n<p class=\"has-text-align-justify has-text-align-justify\">CRC 2026 reune\u0219te participan\u021bi din 19 \u021b\u0103ri: Belgia, Canada, Cipru, Danemarca, Germania, Grecia, Irlanda, Israel, Italia, \u021a\u0103rile de Jos, Portugalia, Rom\u00e2nia, Serbia, Spania, Suedia, Elve\u021bia, Turcia, Regatul Unit \u0219i Statele Unite ale Americii. Aceast\u0103 reprezentare confirm\u0103 caracterul interna\u021bional al evenimentului \u0219i rolul Timi\u0219oarei ca spa\u021biu de dialog \u0219i cooperare \u00eentre comunitatea academic\u0103, organiza\u021biile profesionale, administra\u021bia public\u0103 \u0219i mediul economic. Motto-ul preziden\u021bial al lui Sarah Maston, \u201eGet to the Game\u201d (\u201eIntra\u021bi la joc!\u201d), \u00ee\u0219i are originea \u00een experien\u021ba sa personal\u0103. Sarah Maston a practicat fotbalul de performan\u021b\u0103 \u00een Statele Unite ale Americii \u0219i consider\u0103 c\u0103 sportul i-a cultivat tenacitatea, disciplina \u0219i orientarea c\u0103tre performan\u021b\u0103. Transpus \u00een activitatea ASHRAE, motto-ul devine o invita\u021bie adresat\u0103 profesioni\u0219tilor de a participa activ, de a se implica \u0219i de a contribui la evolu\u021bia domeniului \u0219i la dezvoltarea unui mediu construit sustenabil \u0219i s\u0103n\u0103tos.<\/p>\n<p class=\"has-text-align-justify has-text-align-justify\">Conducerea interna\u021bional\u0103 ASHRAE, \u00een vizit\u0103 la UPT<\/p>\n<p class=\"has-text-align-justify has-text-align-justify\">Programul oficial al delega\u021biei ASHRAE va \u00eencepe \u00een 3 septembrie 2026, cu o vizit\u0103 institu\u021bional\u0103 la Universitatea Politehnica Timi\u0219oara, programat\u0103 \u00eentre orele 09:30\u201311:00. Delega\u021bia va include reprezentan\u021bi ai conducerii interna\u021bionale \u0219i regionale a organiza\u021biei, \u00eentre care Sarah Maston, pre\u0219edinte ASHRAE 2026\u20132027, Eduardo Maldonado, Director and Regional Chair al ASHRAE Region XIV \u2013 Europe (director \u0219i pre\u0219edinte regional al Regiunii XIV \u2013 Europa), Mahroo Eftekhari, vicepre\u0219edinte ASHRAE, Martin Dieryckx, Director-at-Large ASHRAE (director \u00een Consiliul de Administra\u021bie ASHRAE) \u0219i Stephanie Reiniche, Managing Director of Technology ASHRAE (director executiv pentru tehnologie al ASHRAE). Din delega\u021bie fac parte, de asemenea, reprezentan\u021bi ai ASHRAE Danube Chapter, AIIR \u0219i KGH.<\/p>\n<p class=\"has-text-align-justify has-text-align-justify\">Din partea Universit\u0103\u021bii Politehnica Timi\u0219oara, la discu\u021bii vor participa reprezentan\u021bi ai conducerii universit\u0103\u021bii, ai cercet\u0103rii \u0219i ai domeniilor direct implicate \u00een dezvoltarea mediului construit: conf. univ. dr. ing. Florin Dr\u0103gan, rectorul UPT, prof. univ. dr. ing. Liviu Mar\u0219avina, membru corespondent al Academiei Rom\u00e2ne, conf. univ. dr. ing. Simon Pescari, prorector UPT, prof. univ. dr. ing. Viorel Ungureanu, reprezentant al Institutului de Cercet\u0103ri pentru Energii Regenerabile \u2013 ICER, conf. univ. dr. ing. Adriana Tokar, coordonatoarea colectivului Ingineria Instala\u021biilor din cadrul Departamentului de Construc\u021bii Civile \u0219i Instala\u021bii, prof. univ. dr. ing. Raul-Dan Zaharia, decanul Facult\u0103\u021bii de Construc\u021bii \u0219i conf. univ. dr. arh. Cristian Blidariu, decanul Facult\u0103\u021bii de Arhitectur\u0103 \u0219i Urbanism.<\/p>\n<p class=\"has-text-align-justify has-text-align-justify\">\u00cent\u00e2lnirea urm\u0103re\u0219te dezvoltarea dialogului institu\u021bional dintre ASHRAE \u0219i Universitatea Politehnica Timi\u0219oara \u0219i identificarea unor direc\u021bii concrete de cooperare \u00een educa\u021bie, cercetare, inovare, transfer de cuno\u0219tin\u021be \u0219i dezvoltarea competen\u021belor profesionale \u00een domeniul mediului construit. Discu\u021biile vor fi structurate \u00een jurul a patru teme principale: educa\u021bia \u0219i formarea viitorilor speciali\u0219ti \u00een Ingineria Instala\u021biilor; cercetarea pentru cl\u0103diri performante, s\u0103n\u0103toase \u0219i reziliente; decarbonizarea cl\u0103dirilor \u0219i noile tehnologii; rolul universit\u0103\u021bii \u00een dezvoltarea urban\u0103 sustenabil\u0103, calitatea mediului interior \u0219i transferul tehnologic.<\/p>\n<p class=\"has-text-align-justify has-text-align-justify\">\u00cen aceea\u0219i zi, delega\u021bia va avea, dup\u0103 \u00eent\u00e2lnirea de la UPT, vizite institu\u021bionale la Consiliul Jude\u021bean Timi\u0219, la Prim\u0103ria Municipiului Timi\u0219oara \u0219i la Consulatul General al Republicii Serbia la Timi\u0219oara, urmate de o vizit\u0103 tehnic\u0103 la Centrul de Mari Ar\u0219i al Spitalului Clinic Jude\u021bean de Urgen\u021b\u0103 \u201ePius Br\u00eenzeu\u201d Timi\u0219oara. Programul zilei va continua la Muzeul Apei \u2013 Aquatim.<\/p>\n<p class=\"has-text-align-justify has-text-align-justify\">Technical Day<\/p>\n<p class=\"has-text-align-justify has-text-align-justify\">(Ziua tehnic\u0103 \u2013 Conferin\u021b\u0103), deschis\u0103 la Universitatea Politehnica Timi\u0219oara<\/p>\n<p class=\"has-text-align-justify has-text-align-justify\">Una dintre componentele centrale ale CRC 2026 va fi Technical Day, organizat\u0103 \u00een 4 septembrie, sub tema \u201eIntegrated Decarbonization Strategies in Built and Urban Environments: Digital, Health-Centric, and Resilient Systems\u201d (\u201eStrategii integrate de decarbonizare \u00een mediul construit \u0219i urban: sisteme digitale, centrate pe s\u0103n\u0103tate \u0219i rezilient\u0103\u201d).<\/p>\n<p class=\"has-text-align-justify has-text-align-justify\">Prima parte a programului va avea loc \u00een Sala Senatului UPT, unde, de la ora 09:00, este programat\u0103 ceremonia oficial\u0103 de deschidere. Printre vorbitori se vor num\u0103ra conf. univ. dr. ing. Florin Dr\u0103gan, rectorul Universit\u0103\u021bii Politehnica Timi\u0219oara, Sarah Maston, pre\u0219edintele ASHRAE, Ruben La\u021bc\u0103u, viceprimarul municipiului Timi\u0219oara, Alexandru Iovescu, vicepre\u0219edinte al Consiliului Jude\u021bean Timi\u0219, Cristian Erba\u0219u, pre\u0219edintele Federa\u021biei Patronatelor Societ\u0103\u021bilor din Construc\u021bii din Rom\u00e2nia. Deschiderea va fi moderat\u0103 de Ioan Silviu Dobo\u0219i, pre\u0219edintele AIIR, al\u0103turi de Bratislav Blagojevi\u0107, pre\u0219edintele KGH.<\/p>\n<p class=\"has-text-align-justify has-text-align-justify\">Programul de la UPT va continua cu interven\u021bia lui Bjarne W. Olesen, profesor emerit al Technical University of Denmark (Universitatea Tehnic\u0103 din Danemarca) \u0219i fost pre\u0219edinte ASHRAE, care va sus\u021bine prezentarea \u201eInternational Standards for Indoor Environmental Quality\u201d (\u201eStandarde interna\u021bionale pentru calitatea mediului interior\u201d).<\/p>\n<p class=\"has-text-align-justify has-text-align-justify\">Pe parcursul Technical Day, speciali\u0219ti din universit\u0103\u021bi, organiza\u021bii profesionale \u0219i mediul economic vor aborda teme aflate la intersec\u021bia dintre cercetare, tehnologie \u0219i aplicabilitatea \u00een mediul construit. Programul include prezent\u0103ri despre inteligen\u021ba artificial\u0103 \u00een sistemele de \u00eenc\u0103lzire, ventilare \u0219i climatizare ale cl\u0103dirilor \u0219i despre sistemele Variable Refrigerant Flow \u2013 VRF (cu debit variabil de agent frigorific) \u0219i rolul acestora \u00een electrificarea cl\u0103dirilor. O alt\u0103 tem\u0103 este dezvoltarea unui digital twin (geam\u0103n digital) pentru evaluarea calit\u0103\u021bii mediului interior. Agenda continu\u0103 cu teme dedicate standardelor pentru performan\u021ba energetic\u0103 a cl\u0103dirilor, confortului termic, dezvolt\u0103rii urbane durabile \u0219i strategiilor tehnice \u0219i economice pentru decarbonizarea cl\u0103dirilor existente.<\/p>\n<p class=\"has-text-align-justify has-text-align-justify\">Printre invita\u021bii interna\u021bionali \u0219i na\u021bionali se reg\u0103sesc Badri Patel, ASHRAE Distinguished Lecturer (lector de prestigiu ASHRAE), Livio Mazzarella, profesor la Politecnico di Milano, Jaap Hogeling, Chair of CEN\/TC 371 \u2013 Energy Performance of Buildings (pre\u0219edinte al CEN\/TC 371 \u2013 Performan\u021ba energetic\u0103 a cl\u0103dirilor), Ilinca N\u0103stase, profesor \u0219i prorector al Universit\u0103\u021bii Tehnice de Construc\u021bii Bucure\u0219ti, Ovidiu \u0218andor, fondator Mulberry Development, Ilie Vlaicu, director general al Aquatim \u0219i pre\u0219edinte al Asocia\u021biei Rom\u00e2ne a Apei (ARA), al\u0103turi de Adrian Mariciuc, director general adjunct al Agen\u021biei pentru Dezvoltare Regional\u0103 Vest (ADR Vest), Timi\u0219oara. \u00cen partea a doua a zilei vor fi abordate \u0219i subiecte precum inovarea \u0219i digitalizarea \u00een sectorul construc\u021biilor, optimizarea ventila\u021biei naturale \u00een cl\u0103dirile reziden\u021biale, interdependen\u021ba dintre industria apei \u0219i ingineria instala\u021biilor, al\u0103turi de rolul agen\u021biilor de dezvoltare regional\u0103 \u00een sus\u021binerea proceselor de decarbonizare.<\/p>\n<p class=\"has-text-align-justify has-text-align-justify\">Programul CRC 2026 continu\u0103 \u00een 5 \u0219i 6 septembrie cu \u00eent\u00e2lnirile de lucru ale membrilor ASHRAE Region XIV, sesiuni profesionale \u0219i activit\u0103\u021bi sociale \u0219i culturale. Acestea vor fi urmate de evaluarea programului \u0219i de predarea oficial\u0103 c\u0103tre organizatorii CRC 2027, \u00een \u00eencheierea celor patru zile de sesiuni tehnice, \u00eent\u00e2lniri profesionale \u0219i vizite institu\u021bionale \u0219i tehnice.<\/p>\n<p class=\"has-text-align-justify has-text-align-justify\">ASHRAE Danube Chapter, conectat la comunitatea academic\u0103 UPT<\/p>\n<p class=\"has-text-align-justify has-text-align-justify\">Sediul ASHRAE Danube Chapter se afl\u0103, \u00eenc\u0103 de la \u00eenfiin\u021bare \u00een anul 2005, la Universitatea Politehnica Timi\u0219oara, iar vizitele efectuate la UPT, de-a lungul timpului, de doi fo\u0219ti pre\u0219edin\u021bi ASHRAE \u2013 Ronald P. Vallort \u0219i William P. Bahnfleth \u2013 confirm\u0103 tradi\u021bia \u0219i buna cooperare dintre mediul academic \u0219i asocia\u021biile profesionale interna\u021bionale. Organizarea CRC 2026 la Timi\u0219oara ofer\u0103 cadrul pentru consolidarea acestei colabor\u0103ri \u0219i pentru dezvoltarea unor noi leg\u0103turi \u00eentre universit\u0103\u021bi, organiza\u021bii profesionale, administra\u021bie \u0219i mediul economic.<\/p>\n<p class=\"has-text-align-justify has-text-align-justify\">Prin implicarea \u00een ASHRAE Region XIV EUROPE Conference Regional Chapters 2026, Universitatea Politehnica Timi\u0219oara \u00ee\u0219i continu\u0103 misiunea de a conecta educa\u021bia \u0219i cercetarea cu provoc\u0103rile reale ale societ\u0103\u021bii \u0219i industriei \u0219i de a facilita dialogul interna\u021bional \u00een domenii esen\u021biale pentru dezvoltarea durabil\u0103 a mediului construit.<\/p>\n<div class=\"social-sharing ss-social-sharing\"><a rel=\"external nofollow\" class=\"ss-button-facebook\" href=\"http:\/\/www.facebook.com\/sharer\/sharer.php?u=https%3A%2F%2Fwww.observatordetimis.ro%2F2026%2F08%2F31%2Fashrae-region-xiv-europe-conference-regional-chapters-2026-la-timisoara%2F\" target=\"_blank\">Share on Facebook<\/a><a rel=\"external nofollow\" class=\"ss-button-twitter\" href=\"http:\/\/twitter.com\/intent\/tweet\/?text=ASHRAE+Region+XIV+EUROPE+Conference+Regional+Chapters+2026%2C+la+Timi%C8%99oara&amp;url=https%3A%2F%2Fwww.observatordetimis.ro%2F2026%2F08%2F31%2Fashrae-region-xiv-europe-conference-regional-chapters-2026-la-timisoara%2F\" target=\"_blank\">Share on Twitter<\/a><a rel=\"external nofollow\" class=\"ss-button-linkedin\" href=\"http:\/\/www.linkedin.com\/shareArticle?mini=true&amp;url=https%3A%2F%2Fwww.observatordetimis.ro%2F2026%2F08%2F31%2Fashrae-region-xiv-europe-conference-regional-chapters-2026-la-timisoara%2F&amp;title=ASHRAE+Region+XIV+EUROPE+Conference+Regional+Chapters+2026%2C+la+Timi%C8%99oara\" target=\"_blank\">Share on Linkedin<\/a><\/div>\n<div class=\"relpost-thumb-wrapper\">\n<div class=\"relpost-thumb-container\">\n<h3>Cite\u0219te \u0219i:<\/h3>\n<div class=\"relpost-block-container relpost-block-column-layout\"><a href=\"https:\/\/www.observatordetimis.ro\/2026\/07\/15\/investitie-in-calitate-prin-proiectul-enviregechipamente-moderne-de-laborator\/\" class=\"relpost-block-single\"><\/p>\n<div class=\"relpost-custom-block-single\">\n<div class=\"relpost-block-single-text\">\n<h3 class=\"relpost_card_title\">Investi\u021bie \u00een calitate, prin proiectul\u00a0ENVIREG:echipamente moderne de laborator<\/h3>\n<\/div>\n<\/div>\n<p><\/a><a href=\"https:\/\/www.observatordetimis.ro\/2026\/04\/15\/sesiune-de-informare-legislatia-privind-protectia-consumatorilor-obligatii-si-riscuri-pentru-operatorii-economici-2\/\" class=\"relpost-block-single\"><\/p>\n<div class=\"relpost-custom-block-single\">\n<div class=\"relpost-block-single-text\">\n<h3 class=\"relpost_card_title\">Sesiune de informare: Legisla\u021bia privind protec\u021bia consumatorilor \u2013 obliga\u021bii \u0219i riscuri pentru oper&#8230;<\/h3>\n<\/div>\n<\/div>\n<p><\/a><a href=\"https:\/\/www.observatordetimis.ro\/2025\/06\/17\/scoala-doctorala-de-arte-uvt-organizeaza-a-saptea-editie-a-conferintei-internationale-simpozion-dedicata-doctoranzilor-din-domeniul-artelor-vizuale\/\" class=\"relpost-block-single\"><\/p>\n<div class=\"relpost-custom-block-single\">\n<div class=\"relpost-block-single-text\">\n<h3 class=\"relpost_card_title\">\u0218coala Doctoral\u0103 de Arte UVT organizeaz\u0103 a \u0219aptea edi\u021bie a Conferin\u021bei interna\u021bionale \u201eSIMPOZION\u201d de&#8230;<\/h3>\n<\/div>\n<\/div>\n<p><\/a><a href=\"https:\/\/www.observatordetimis.ro\/2026\/03\/11\/poli-bike-challenge-2026-revine-la-timisoara-cu-o-editie-dedicata-sportului-comunitatii-si-mobilitatii-sustenabile\/\" class=\"relpost-block-single\"><\/p>\n<div class=\"relpost-custom-block-single\">\n<div class=\"relpost-block-single-text\">\n<h3 class=\"relpost_card_title\">POLI BIKE CHALLENGE 2026 revine la Timi\u0219oara cu o edi\u021bie dedicat\u0103 sportului, comunit\u0103\u021bii \u0219i mobilit\u0103&#8230;<\/h3>\n<\/div>\n<\/div>\n<p><\/a><a href=\"https:\/\/www.observatordetimis.ro\/2025\/07\/25\/ambasadorul-indiei-in-romania-in-vizita-la-universitatea-politehnica-timisoara-pentru-explorarea-oportunitatilor-de-colaborare\/\" class=\"relpost-block-single\"><\/p>\n<div class=\"relpost-custom-block-single\">\n<div class=\"relpost-block-single-text\">\n<h3 class=\"relpost_card_title\">Ambasadorul Indiei \u00een Rom\u00e2nia, \u00een vizit\u0103 la Universitatea Politehnica Timi\u0219oara pentru explorarea op&#8230;<\/h3>\n<\/div>\n<\/div>\n<p><\/a><a href=\"https:\/\/www.observatordetimis.ro\/2025\/11\/19\/conferinta-universitate-accesibila-provocari-si-bune-practici-o-reafirmare-a-upt-ca-spatiu-de-dialog\/\" class=\"relpost-block-single\"><\/p>\n<div class=\"relpost-custom-block-single\">\n<div class=\"relpost-block-single-text\">\n<h3 class=\"relpost_card_title\">Conferin\u021ba \u201eUniversitate accesibil\u0103 \u2013 provoc\u0103ri \u0219i bune practici\u201d, o reafirmare a UPT ca spa\u021biu de d&#8230;<\/h3>\n<\/div>\n<\/div>\n<p><\/a><\/div>\n<\/div>\n<\/div>\n<\/div>\n<p>[analyse_source url=&#8221;https:\/\/www.observatordetimis.ro\/2026\/08\/31\/ashrae-region-xiv-europe-conference-regional-chapters-2026-la-timisoara\/&#8221;]<\/p>\n","protected":false},"excerpt":{"rendered":"<p>[analyse_image type=&#8221;featured&#8221; src=&#8221;&#8221;] \u00cen perioada 3\u20136 septembrie 2026, Timi\u0219oara g\u0103zduie\u0219te ASHRAE Region XIV EUROPE Conference Regional Chapters 2026 (Conferin\u021ba Regional\u0103 a Filialelor ASHRAE din Regiunea XIV \u2013 Europa; CRC 2026), eveniment interna\u021bional organizat sub egida ASHRAE \u2013 American Society of Heating, Refrigerating and Air-Conditioning Engineers (Societatea American\u0103 a Inginerilor de \u00cenc\u0103lzire, Refrigerare \u0219i Climatizare), care [&hellip;]<\/p>\n","protected":false},"author":1,"featured_media":0,"comment_status":"open","ping_status":"","sticky":false,"template":"","format":"standard","meta":{"footnotes":""},"categories":[89],"tags":[226,186],"class_list":["post-2122792","post","type-post","status-publish","format-standard","hentry","category-romania","tag-crawlmanager","tag-observatordetimis-ro"],"_links":{"self":[{"href":"https:\/\/analyse.optim.biz\/index.php?rest_route=\/wp\/v2\/posts\/2122792","targetHints":{"allow":["GET"]}}],"collection":[{"href":"https:\/\/analyse.optim.biz\/index.php?rest_route=\/wp\/v2\/posts"}],"about":[{"href":"https:\/\/analyse.optim.biz\/index.php?rest_route=\/wp\/v2\/types\/post"}],"author":[{"embeddable":true,"href":"https:\/\/analyse.optim.biz\/index.php?rest_route=\/wp\/v2\/users\/1"}],"replies":[{"embeddable":true,"href":"https:\/\/analyse.optim.biz\/index.php?rest_route=%2Fwp%2Fv2%2Fcomments&post=2122792"}],"version-history":[{"count":0,"href":"https:\/\/analyse.optim.biz\/index.php?rest_route=\/wp\/v2\/posts\/2122792\/revisions"}],"wp:attachment":[{"href":"https:\/\/analyse.optim.biz\/index.php?rest_route=%2Fwp%2Fv2%2Fmedia&parent=2122792"}],"wp:term":[{"taxonomy":"category","embeddable":true,"href":"https:\/\/analyse.optim.biz\/index.php?rest_route=%2Fwp%2Fv2%2Fcategories&post=2122792"},{"taxonomy":"post_tag","embeddable":true,"href":"https:\/\/analyse.optim.biz\/index.php?rest_route=%2Fwp%2Fv2%2Ftags&post=2122792"}],"curies":[{"name":"wp","href":"https:\/\/api.w.org\/{rel}","templated":true}]}}