{"id":2122788,"date":"2026-09-01T10:50:54","date_gmt":"2026-09-01T07:50:54","guid":{"rendered":"https:\/\/analyse.optim.biz\/?p=2122788"},"modified":"2026-09-01T10:50:54","modified_gmt":"2026-09-01T07:50:54","slug":"tabara-de-robotica-open-robotics-intelligent-grid-revine-la-timisoara-la-editia-a-opta","status":"publish","type":"post","link":"https:\/\/analyse.optim.biz\/?p=2122788","title":{"rendered":"Tab\u0103ra de robotic\u0103 \u201eOpen Robotics Intelligent Grid\u201d revine la Timi\u0219oara, la edi\u021bia a opta"},"content":{"rendered":"<p>[analyse_image type=&#8221;featured&#8221; src=&#8221;&#8221;]<\/p>\n<div class=\"entry-content\">\n<p class=\"has-text-align-justify has-text-align-justify\">Universitatea de Vest din Timi\u0219oara, al\u0103turi de echipa de robotic\u0103 CSH a Colegiului Na\u021bional Pedagogic \u201eCarmen Sylva\u201d, d\u0103 startul celei de-a opta edi\u021bii a evenimentului \u201eOpen Robotics Intelligent Grid\u201d, unul dintre cele mai mari evenimente interna\u021bionale de robotic\u0103 din Europa.<\/p>\n<p class=\"has-text-align-justify has-text-align-justify\">Edi\u021bia din acest an se desf\u0103\u0219oar\u0103 \u00een perioada 1-6 septembrie \u0219i poart\u0103 genericul \u201eThe hive is built by those who work as one\u201d (stupul este construit de cei care lucreaz\u0103 \u00eempreun\u0103 perfect, ca unul singur), un generic care pune accent pe ideea c\u0103 performan\u021ba se construie\u0219te prin colaborare.<\/p>\n<p class=\"has-text-align-justify has-text-align-justify\">400 de participan\u021bi, 40 de echipe, trei \u021b\u0103ri<\/p>\n<p class=\"has-text-align-justify has-text-align-justify\">Evenimentul va reuni aproximativ 400 de tineri pasiona\u021bi de inginerie \u0219i robotic\u0103, organiza\u021bi \u00een 40 de echipe din Rom\u00e2nia, Republica Moldova \u0219i Lituania. Provocarea lor: construirea de la zero a unor robo\u021bi capabili s\u0103 performeze \u00eentr-o tem\u0103 de joc conceput\u0103 integral de organizatori \u2013 membri ai echipei CSH \u0219i reprezentan\u021bi ai Facult\u0103\u021bii de Informatic\u0103 UVT \u2013 \u0219i dezv\u0103luit\u0103 abia \u00een prima zi a competi\u021biei.<\/p>\n<p class=\"has-text-align-justify has-text-align-justify\">Din momentul anun\u021b\u0103rii temei, echipele au la dispozi\u021bie doar 72 de ore pentru a g\u00e2ndi, proiecta, asambla, programa \u0219i documenta \u00eentregul proces de construc\u021bie a robotului.<\/p>\n<p class=\"has-text-align-justify has-text-align-justify\">Tab\u0103ra se va desf\u0103\u0219ura \u00een holul central al sediului principal UVT (Bulevardul Vasile P\u00e2rvan nr. 4), iar programul va include, pe l\u00e2ng\u0103 construc\u021bia propriu-zis\u0103, workshopuri \u0219i activit\u0103\u021bi dedicate colabor\u0103rii \u00eentre tinerii participan\u021bi.<\/p>\n<p class=\"has-text-align-justify has-text-align-justify\">Program<\/p>\n<p class=\"has-text-align-justify has-text-align-justify\">2 septembrie \u2013 Deschiderea oficial\u0103 a evenimentului, \u00een Aula Magna UVT (de la ora 10), moment \u00een care echipele vor afla tema de joc a acestei edi\u021bii.<\/p>\n<p class=\"has-text-align-justify has-text-align-justify\">2-4 septembrie \u2013 Desf\u0103\u0219urarea taberei: proiectare, construc\u021bie \u0219i programare a robo\u021bilor.<\/p>\n<p class=\"has-text-align-justify has-text-align-justify\">5 septembrie, \u00eencep\u00e2nd cu ora 10:00 \u2013 Competi\u021bie public\u0103 desf\u0103\u0219urat\u0103 la Iulius Town Timi\u0219oara (zona Atrium), unde echipele \u00ee\u0219i vor testa robo\u021bii construi\u021bi \u00een cele trei zile de competi\u021bie. Ziua se va \u00eencheia cu festivitatea de premiere, \u00een Aula Magna UVT.<\/p>\n<p class=\"has-text-align-justify has-text-align-justify\">\u201eOpen Robotics Intelligent Grid\u201d a devenit un reper pentru comunitatea interna\u021bional\u0103 de tineri pasiona\u021bi de robotic\u0103 \u0219i inginerie, oferind acestora \u0219ansa de a-\u0219i pune la \u00eencercare creativitatea, spiritul de echip\u0103 \u0219i cuno\u0219tin\u021bele tehnice \u00eentr-un format intensiv, de tip maraton.<\/p>\n<div class=\"social-sharing ss-social-sharing\"><a rel=\"external nofollow\" class=\"ss-button-facebook\" href=\"http:\/\/www.facebook.com\/sharer\/sharer.php?u=https%3A%2F%2Fwww.observatordetimis.ro%2F2026%2F09%2F01%2Ftabara-de-robotica-open-robotics-intelligent-grid-revine-la-timisoara-la-editia-a-opta%2F\" target=\"_blank\">Share on Facebook<\/a><a rel=\"external nofollow\" class=\"ss-button-twitter\" href=\"http:\/\/twitter.com\/intent\/tweet\/?text=Tab%C4%83ra+de+robotic%C4%83+%E2%80%9EOpen+Robotics+Intelligent+Grid%E2%80%9D+revine+la+Timi%C8%99oara%2C+la+edi%C8%9Bia+a+opta&amp;url=https%3A%2F%2Fwww.observatordetimis.ro%2F2026%2F09%2F01%2Ftabara-de-robotica-open-robotics-intelligent-grid-revine-la-timisoara-la-editia-a-opta%2F\" target=\"_blank\">Share on Twitter<\/a><a rel=\"external nofollow\" class=\"ss-button-linkedin\" href=\"http:\/\/www.linkedin.com\/shareArticle?mini=true&amp;url=https%3A%2F%2Fwww.observatordetimis.ro%2F2026%2F09%2F01%2Ftabara-de-robotica-open-robotics-intelligent-grid-revine-la-timisoara-la-editia-a-opta%2F&amp;title=Tab%C4%83ra+de+robotic%C4%83+%E2%80%9EOpen+Robotics+Intelligent+Grid%E2%80%9D+revine+la+Timi%C8%99oara%2C+la+edi%C8%9Bia+a+opta\" target=\"_blank\">Share on Linkedin<\/a><\/div>\n<div class=\"relpost-thumb-wrapper\">\n<div class=\"relpost-thumb-container\">\n<h3>Cite\u0219te \u0219i:<\/h3>\n<div class=\"relpost-block-container relpost-block-column-layout\"><a href=\"https:\/\/www.observatordetimis.ro\/2026\/03\/24\/in-14-mai-timisoara-se-aprinde-prin-evenimentul-anual-noaptea-companiilor\/\" class=\"relpost-block-single\"><\/p>\n<div class=\"relpost-custom-block-single\">\n<div class=\"relpost-block-single-text\">\n<h3 class=\"relpost_card_title\">\u00cen 14 mai, Timi\u0219oara se aprinde prin evenimentul anual \u201eNoaptea companiilor\u201d<\/h3>\n<\/div>\n<\/div>\n<p><\/a><a href=\"https:\/\/www.observatordetimis.ro\/2026\/06\/09\/nadia-comaneci-devine-ambasadoarea-uvt-liberty-marathon-2026-la-50-de-ani-de-cand-scria-istorie-cu-zecele-perfect-obtinut-la-jocurile-olimpice-de-la-montreal\/\" class=\"relpost-block-single\"><\/p>\n<div class=\"relpost-custom-block-single\">\n<div class=\"relpost-block-single-text\">\n<h3 class=\"relpost_card_title\">Nadia Com\u0103neci devine ambasadoarea UVT Liberty Marathon 2026, la 50 de ani de c\u00e2nd scria istorie cu &#8230;<\/h3>\n<\/div>\n<\/div>\n<p><\/a><a href=\"https:\/\/www.observatordetimis.ro\/2026\/06\/15\/universitatea-de-vest-din-timisoara-premiata-la-bruxelles-ca-esci-champion-of-excellence-una-dintre-cele-cinci-universitati-europene-de-top-in-digitalizarea-mobilitatilor-studentes\/\" class=\"relpost-block-single\"><\/p>\n<div class=\"relpost-custom-block-single\">\n<div class=\"relpost-block-single-text\">\n<h3 class=\"relpost_card_title\">Universitatea de Vest din Timi\u0219oara, premiat\u0103 la Bruxelles ca \u201eESCI Champion of Excellence\u201d- una din&#8230;<\/h3>\n<\/div>\n<\/div>\n<p><\/a><a href=\"https:\/\/www.observatordetimis.ro\/2026\/04\/27\/uvt-la-milano-design-week-2026-the-unseen-grid-o-experienta-senzoriala-care-redefineste-perceptia-urbana\/\" class=\"relpost-block-single\"><\/p>\n<div class=\"relpost-custom-block-single\">\n<div class=\"relpost-block-single-text\">\n<h3 class=\"relpost_card_title\">UVT la Milano Design Week 2026: \u201eThe Unseen Grid\u201d, o experien\u021b\u0103 senzorial\u0103 care redefine\u0219te percep\u021bi&#8230;<\/h3>\n<\/div>\n<\/div>\n<p><\/a><a href=\"https:\/\/www.observatordetimis.ro\/2025\/12\/02\/upt-prin-del-in-cadrul-e%c2%b3udres%c2%b2-ent-r-e-novators-peste-1-400-de-participanti-la-evenimente-internationale\/\" class=\"relpost-block-single\"><\/p>\n<div class=\"relpost-custom-block-single\">\n<div class=\"relpost-block-single-text\">\n<h3 class=\"relpost_card_title\">UPT, prin DeL \u00een cadrul E\u00b3UDRES\u00b2 Ent-r-e-novators: Peste 1.400 de participan\u021bi la evenimente interna&#8230;<\/h3>\n<\/div>\n<\/div>\n<p><\/a><a href=\"https:\/\/www.observatordetimis.ro\/2026\/03\/04\/de-ce-democratiile-se-intorc-impotriva-lor-la-uvt-anne-applebaum-laureata-a-premiului-pulitzer\/\" class=\"relpost-block-single\"><\/p>\n<div class=\"relpost-custom-block-single\">\n<div class=\"relpost-block-single-text\">\n<h3 class=\"relpost_card_title\">\u201eDe ce democra\u021biile se \u00eentorc \u00eempotriva lor?\u201d \u2013 la UVT, Anne Applebaum, laureat\u0103 a premiului Pulitze&#8230;<\/h3>\n<\/div>\n<\/div>\n<p><\/a><\/div>\n<\/div>\n<\/div>\n<\/div>\n<p>[analyse_source url=&#8221;https:\/\/www.observatordetimis.ro\/2026\/09\/01\/tabara-de-robotica-open-robotics-intelligent-grid-revine-la-timisoara-la-editia-a-opta\/&#8221;]<\/p>\n","protected":false},"excerpt":{"rendered":"<p>[analyse_image type=&#8221;featured&#8221; src=&#8221;&#8221;] Universitatea de Vest din Timi\u0219oara, al\u0103turi de echipa de robotic\u0103 CSH a Colegiului Na\u021bional Pedagogic \u201eCarmen Sylva\u201d, d\u0103 startul celei de-a opta edi\u021bii a evenimentului \u201eOpen Robotics Intelligent Grid\u201d, unul dintre cele mai mari evenimente interna\u021bionale de robotic\u0103 din Europa. Edi\u021bia din acest an se desf\u0103\u0219oar\u0103 \u00een perioada 1-6 septembrie \u0219i poart\u0103 [&hellip;]<\/p>\n","protected":false},"author":1,"featured_media":0,"comment_status":"open","ping_status":"","sticky":false,"template":"","format":"standard","meta":{"footnotes":""},"categories":[89],"tags":[226,186],"class_list":["post-2122788","post","type-post","status-publish","format-standard","hentry","category-romania","tag-crawlmanager","tag-observatordetimis-ro"],"_links":{"self":[{"href":"https:\/\/analyse.optim.biz\/index.php?rest_route=\/wp\/v2\/posts\/2122788","targetHints":{"allow":["GET"]}}],"collection":[{"href":"https:\/\/analyse.optim.biz\/index.php?rest_route=\/wp\/v2\/posts"}],"about":[{"href":"https:\/\/analyse.optim.biz\/index.php?rest_route=\/wp\/v2\/types\/post"}],"author":[{"embeddable":true,"href":"https:\/\/analyse.optim.biz\/index.php?rest_route=\/wp\/v2\/users\/1"}],"replies":[{"embeddable":true,"href":"https:\/\/analyse.optim.biz\/index.php?rest_route=%2Fwp%2Fv2%2Fcomments&post=2122788"}],"version-history":[{"count":0,"href":"https:\/\/analyse.optim.biz\/index.php?rest_route=\/wp\/v2\/posts\/2122788\/revisions"}],"wp:attachment":[{"href":"https:\/\/analyse.optim.biz\/index.php?rest_route=%2Fwp%2Fv2%2Fmedia&parent=2122788"}],"wp:term":[{"taxonomy":"category","embeddable":true,"href":"https:\/\/analyse.optim.biz\/index.php?rest_route=%2Fwp%2Fv2%2Fcategories&post=2122788"},{"taxonomy":"post_tag","embeddable":true,"href":"https:\/\/analyse.optim.biz\/index.php?rest_route=%2Fwp%2Fv2%2Ftags&post=2122788"}],"curies":[{"name":"wp","href":"https:\/\/api.w.org\/{rel}","templated":true}]}}