{"id":2122783,"date":"2026-09-01T15:01:21","date_gmt":"2026-09-01T12:01:21","guid":{"rendered":"https:\/\/analyse.optim.biz\/?p=2122783"},"modified":"2026-09-01T15:01:21","modified_gmt":"2026-09-01T12:01:21","slug":"usr-si-pnl-contesta-la-ccr-noua-conducere-a-camerei-deputatilor","status":"publish","type":"post","link":"https:\/\/analyse.optim.biz\/?p=2122783","title":{"rendered":"USR \u0219i PNL contest\u0103 la CCR noua conducere a Camerei Deputa\u021bilor"},"content":{"rendered":"<p>[analyse_image type=&#8221;featured&#8221; src=&#8221;https:\/\/www.tion.ro\/wp-content\/uploads\/2020\/12\/+otf\/1200&#215;630\/dEujxuj0mtyCoPlD3zn3cE5PVF9WRVJZX1NFQ8DxPaFmQQcIO__xIfbDqY3BexvUmVdU16iyuxBX8qBG+YCYZKYkqnxSuMw+a3H8MI9SJgP9Al5PaDM9NUhA10k0=\/7538293parlamnentulromanieicdepro.jpg&#8221;]<\/p>\n<article id=\"post-2345100\" class>\n<div class=\"entry-content clearfix\">\n<div class=\"enewsArticleContent\">\n<p>USR sus\u021bine c\u0103 votul marcheaz\u0103 apari\u021bia unei noi majorit\u0103\u021bi parlamentare \u00een jurul PSD, cu sprijinul AUR \u0219i SOS Rom\u00e2nia, acuza\u021bie formulat\u0103 de partid \u00een contextul redistribuirii func\u021biilor din conducerea Camerei Deputa\u021bilor.<\/p>\n<blockquote>\n<p>\u201eAst\u0103zi s-a creat o majoritate toxic\u0103 \u00een Parlament: PSD \u0219i extremi\u0219tii. Nu mai vorbim despre declara\u021bii, specula\u021bii sau despre jocuri politice f\u0103cute \u00een culise, ci despre un vot concret, dat la vedere, prin care PSD a ales s\u0103 le ofere extremi\u0219tilor mai mult\u0103 putere \u00een conducerea Camerei Deputa\u021bilor.<\/p>\n<p>Acesta este rezultatul politic al votului de ast\u0103zi \u0219i PSD trebuie s\u0103 \u0219i-l asume. Dac\u0103 aceasta este noua majoritate pe care PSD vrea s\u0103 construiasc\u0103 \u00een Parlament, atunci a\u0219tept\u0103m s\u0103 vedem \u0219i noul guvern sus\u021binut de aceast\u0103 majoritate. Iar dac\u0103 nu exist\u0103 o majoritate capabil\u0103 s\u0103 guverneze Rom\u00e2nia responsabil \u0219i s\u0103 p\u0103streze direc\u021bia european\u0103 a \u021b\u0103rii, atunci solu\u021bia democratic\u0103 este \u00eentoarcerea la votul rom\u00e2nilor: alegeri anticipate\u201d, a declarat Diana Stoica, lidera deputa\u021bilor USR.<\/p>\n<\/blockquote>\n<p>USR \u0219i PNL contest\u0103 \u00eens\u0103 \u0219i legalitatea procedurii, sus\u021bin\u00e2nd c\u0103 modificarea componen\u021bei Biroului Permanent nu poate fi f\u0103cut\u0103 cu \u00eenc\u0103lcarea regulilor constitu\u021bionale \u0219i parlamentare privind reprezentarea grupurilor politice.<\/p>\n<p>C\u0103t\u0103lin Drul\u0103, deputat USR \u0219i vicepre\u0219edinte al Camerei Deputa\u021bilor, a declarat c\u0103 noua formul\u0103 a fost aprobat\u0103 \u0219i cu voturile UDMR \u0219i ale reprezentan\u021bilor minorit\u0103\u021bilor na\u021bionale.<\/p>\n<blockquote>\n<p>\u201eAst\u0103zi, la Camera Deputa\u021bilor, cu votul celor doi concubini politici, PSD \u0219i extremi\u0219tii, au fost elimina\u021bi doi reprezentan\u021bi ai USR \u0219i PNL din Biroul Permanent al Camerei \u0219i au fost \u00eenlocui\u021bi cu reprezentan\u021bi AUR \u0219i SOS. Nu este un simplu joc de func\u021bii \u00een Parlament. Prin votul dat ast\u0103zi, PSD le-a oferit extremi\u0219tilor mai mult\u0103 putere \u0219i o pozi\u021bie mult mai puternic\u0103 \u00een conducerea uneia dintre cele dou\u0103 camere ale Parlamentului.<\/p>\n<p>Din p\u0103cate \u0219i, pentru noi, inexplicabil, aceast\u0103 opera\u021biune a primit \u0219i voturile minorit\u0103\u021bilor \u0219i UDMR. Rezultatul este foarte simplu \u0219i poate fi m\u0103surat: extremi\u0219tii au acum patru voturi \u2013 trei AUR \u0219i unul SOS \u2013 din cele 12 voturi ale Biroului Permanent al Camerei Deputa\u021bilor. Ni s-a vorbit despre stabilitate, responsabilitate \u0219i proeuropenism. Ast\u0103zi vedem cum arat\u0103 \u00een practic\u0103 aceast\u0103 \u00abstabilitate\u00bb: PSD deschide u\u0219a conducerii Parlamentului pentru AUR \u0219i SOS \u0219i le ofer\u0103 o treime din voturile Biroului Permanent\u201d, a spus Drul\u0103.<\/p>\n<\/blockquote>\n<p>USR anun\u021b\u0103 c\u0103 va folosi toate instrumentele constitu\u021bionale \u0219i parlamentare pentru contestarea hot\u0103r\u00e2rii, urm\u00e2nd ca sesizarea la CCR s\u0103 fie depus\u0103 \u00eempreun\u0103 cu PNL.<\/p>\n<div class=\"fbShareLikeTwitterAndEmailContainer\">\n<div class=\"wrapper\">\n<div class=\"email\">\n<div id=\"mailto-pop\" class=\"pop-form pop-form-mailto\">\n<div class=\"pop-form-header\">\n<h4>Trimite articolul<\/h4>\n<p><a class=\"pop-form-close\">X<\/a><\/div>\n<\/div>\n<\/div>\n<\/div>\n<\/div>\n<div class=\"tagsContainer\">\n<div class=\"tagsLabel\">Taguri:<\/div>\n<div class=\"tags\">\n<div class=\"tag\"><a href=\"https:\/\/www.tion.ro\/cimke\/camera-deputatilor\" rel=\"tag\"><span class=\"link\">camera deputatilor<\/span><span class=\"separator\">,<\/span><\/a><\/div>\n<div class=\"tag\"><a href=\"https:\/\/www.tion.ro\/cimke\/usr\" rel=\"tag\"><span class=\"link\">usr<\/span><\/a><\/div>\n<\/div>\n<\/div>\n<div class=\"comments\">\n<div class=\"top\">\n<div class=\"commentsNumber\"><span class=\"number\">0<\/span><span class=\"text\">Comentarii<\/span><\/div>\n<\/div>\n<div class=\"center\">\n<div id=\"respond\" class=\"comment-respond\">\n<h3 id=\"reply-title\" class=\"comment-reply-title\"><small><a rel=\"nofollow\" id=\"cancel-comment-reply-link\" href=\"https:\/\/www.tion.ro\/romania\/usr-si-pnl-contesta-la-ccr-noua-conducere-a-camerei-deputatilor-2345100\/#respond\">Cancel reply<\/a><\/small><\/h3>\n<p class=\"comment-notes\"><span id=\"email-notes\">Your email address will not be published.<\/span><span class=\"required-field-message\">Required fields are marked <span class=\"required\">*<\/span><\/span><\/p>\n<p class=\"commentFormComment\"><span id=\"commentFormCount\"><br \/>\n                            inca<br \/>\n                            <span id=\"countCommentText\">1000<\/span><br \/>\n                            caractere ramase<br \/>\n                        <\/span><\/p>\n<\/div>\n<\/div>\n<div class=\"bottom\">\n<p class=\"forumDisclaimerHuRo\">\n            Citi\u021bi principiile noastre de moderare <a href=\"https:\/\/www.tion.ro\/reguli-postare-comentarii\/\" target=\"_blank\">aici<\/a>!\n        <\/p>\n<\/div>\n<\/div>\n<\/div>\n<\/div>\n<\/article>\n<div class=\"entry-content clearfix\">\n<div class=\"enewsArticleContent\">\n<p>USR sus\u021bine c\u0103 votul marcheaz\u0103 apari\u021bia unei noi majorit\u0103\u021bi parlamentare \u00een jurul PSD, cu sprijinul AUR \u0219i SOS Rom\u00e2nia, acuza\u021bie formulat\u0103 de partid \u00een contextul redistribuirii func\u021biilor din conducerea Camerei Deputa\u021bilor.<\/p>\n<blockquote>\n<p>\u201eAst\u0103zi s-a creat o majoritate toxic\u0103 \u00een Parlament: PSD \u0219i extremi\u0219tii. Nu mai vorbim despre declara\u021bii, specula\u021bii sau despre jocuri politice f\u0103cute \u00een culise, ci despre un vot concret, dat la vedere, prin care PSD a ales s\u0103 le ofere extremi\u0219tilor mai mult\u0103 putere \u00een conducerea Camerei Deputa\u021bilor.<\/p>\n<p>Acesta este rezultatul politic al votului de ast\u0103zi \u0219i PSD trebuie s\u0103 \u0219i-l asume. Dac\u0103 aceasta este noua majoritate pe care PSD vrea s\u0103 construiasc\u0103 \u00een Parlament, atunci a\u0219tept\u0103m s\u0103 vedem \u0219i noul guvern sus\u021binut de aceast\u0103 majoritate. Iar dac\u0103 nu exist\u0103 o majoritate capabil\u0103 s\u0103 guverneze Rom\u00e2nia responsabil \u0219i s\u0103 p\u0103streze direc\u021bia european\u0103 a \u021b\u0103rii, atunci solu\u021bia democratic\u0103 este \u00eentoarcerea la votul rom\u00e2nilor: alegeri anticipate\u201d, a declarat Diana Stoica, lidera deputa\u021bilor USR.<\/p>\n<\/blockquote>\n<p>USR \u0219i PNL contest\u0103 \u00eens\u0103 \u0219i legalitatea procedurii, sus\u021bin\u00e2nd c\u0103 modificarea componen\u021bei Biroului Permanent nu poate fi f\u0103cut\u0103 cu \u00eenc\u0103lcarea regulilor constitu\u021bionale \u0219i parlamentare privind reprezentarea grupurilor politice.<\/p>\n<p>C\u0103t\u0103lin Drul\u0103, deputat USR \u0219i vicepre\u0219edinte al Camerei Deputa\u021bilor, a declarat c\u0103 noua formul\u0103 a fost aprobat\u0103 \u0219i cu voturile UDMR \u0219i ale reprezentan\u021bilor minorit\u0103\u021bilor na\u021bionale.<\/p>\n<blockquote>\n<p>\u201eAst\u0103zi, la Camera Deputa\u021bilor, cu votul celor doi concubini politici, PSD \u0219i extremi\u0219tii, au fost elimina\u021bi doi reprezentan\u021bi ai USR \u0219i PNL din Biroul Permanent al Camerei \u0219i au fost \u00eenlocui\u021bi cu reprezentan\u021bi AUR \u0219i SOS. Nu este un simplu joc de func\u021bii \u00een Parlament. Prin votul dat ast\u0103zi, PSD le-a oferit extremi\u0219tilor mai mult\u0103 putere \u0219i o pozi\u021bie mult mai puternic\u0103 \u00een conducerea uneia dintre cele dou\u0103 camere ale Parlamentului.<\/p>\n<p>Din p\u0103cate \u0219i, pentru noi, inexplicabil, aceast\u0103 opera\u021biune a primit \u0219i voturile minorit\u0103\u021bilor \u0219i UDMR. Rezultatul este foarte simplu \u0219i poate fi m\u0103surat: extremi\u0219tii au acum patru voturi \u2013 trei AUR \u0219i unul SOS \u2013 din cele 12 voturi ale Biroului Permanent al Camerei Deputa\u021bilor. Ni s-a vorbit despre stabilitate, responsabilitate \u0219i proeuropenism. Ast\u0103zi vedem cum arat\u0103 \u00een practic\u0103 aceast\u0103 \u00abstabilitate\u00bb: PSD deschide u\u0219a conducerii Parlamentului pentru AUR \u0219i SOS \u0219i le ofer\u0103 o treime din voturile Biroului Permanent\u201d, a spus Drul\u0103.<\/p>\n<\/blockquote>\n<p>USR anun\u021b\u0103 c\u0103 va folosi toate instrumentele constitu\u021bionale \u0219i parlamentare pentru contestarea hot\u0103r\u00e2rii, urm\u00e2nd ca sesizarea la CCR s\u0103 fie depus\u0103 \u00eempreun\u0103 cu PNL.<\/p>\n<div class=\"fbShareLikeTwitterAndEmailContainer\">\n<div class=\"wrapper\">\n<div class=\"email\">\n<div id=\"mailto-pop\" class=\"pop-form pop-form-mailto\">\n<div class=\"pop-form-header\">\n<h4>Trimite articolul<\/h4>\n<p><a class=\"pop-form-close\">X<\/a><\/div>\n<\/div>\n<\/div>\n<\/div>\n<\/div>\n<div class=\"tagsContainer\">\n<div class=\"tagsLabel\">Taguri:<\/div>\n<div class=\"tags\">\n<div class=\"tag\"><a href=\"https:\/\/www.tion.ro\/cimke\/camera-deputatilor\" rel=\"tag\"><span class=\"link\">camera deputatilor<\/span><span class=\"separator\">,<\/span><\/a><\/div>\n<div class=\"tag\"><a href=\"https:\/\/www.tion.ro\/cimke\/usr\" rel=\"tag\"><span class=\"link\">usr<\/span><\/a><\/div>\n<\/div>\n<\/div>\n<div class=\"comments\">\n<div class=\"top\">\n<div class=\"commentsNumber\"><span class=\"number\">0<\/span><span class=\"text\">Comentarii<\/span><\/div>\n<\/div>\n<div class=\"center\">\n<div id=\"respond\" class=\"comment-respond\">\n<h3 id=\"reply-title\" class=\"comment-reply-title\"><small><a rel=\"nofollow\" id=\"cancel-comment-reply-link\" href=\"https:\/\/www.tion.ro\/romania\/usr-si-pnl-contesta-la-ccr-noua-conducere-a-camerei-deputatilor-2345100\/#respond\">Cancel reply<\/a><\/small><\/h3>\n<p class=\"comment-notes\"><span id=\"email-notes\">Your email address will not be published.<\/span><span class=\"required-field-message\">Required fields are marked <span class=\"required\">*<\/span><\/span><\/p>\n<p class=\"commentFormComment\"><span id=\"commentFormCount\"><br \/>\n                            inca<br \/>\n                            <span id=\"countCommentText\">1000<\/span><br \/>\n                            caractere ramase<br \/>\n                        <\/span><\/p>\n<\/div>\n<\/div>\n<div class=\"bottom\">\n<p class=\"forumDisclaimerHuRo\">\n            Citi\u021bi principiile noastre de moderare <a href=\"https:\/\/www.tion.ro\/reguli-postare-comentarii\/\" target=\"_blank\">aici<\/a>!\n        <\/p>\n<\/div>\n<\/div>\n<\/div>\n<\/div>\n<p>[analyse_source url=&#8221;https:\/\/www.tion.ro\/romania\/usr-si-pnl-contesta-la-ccr-noua-conducere-a-camerei-deputatilor-2345100\/&#8221;]<\/p>\n","protected":false},"excerpt":{"rendered":"<p>[analyse_image type=&#8221;featured&#8221; src=&#8221;https:\/\/www.tion.ro\/wp-content\/uploads\/2020\/12\/+otf\/1200&#215;630\/dEujxuj0mtyCoPlD3zn3cE5PVF9WRVJZX1NFQ8DxPaFmQQcIO__xIfbDqY3BexvUmVdU16iyuxBX8qBG+YCYZKYkqnxSuMw+a3H8MI9SJgP9Al5PaDM9NUhA10k0=\/7538293parlamnentulromanieicdepro.jpg&#8221;] USR sus\u021bine c\u0103 votul marcheaz\u0103 apari\u021bia unei noi majorit\u0103\u021bi parlamentare \u00een jurul PSD, cu sprijinul AUR \u0219i SOS Rom\u00e2nia, acuza\u021bie formulat\u0103 de partid \u00een contextul redistribuirii func\u021biilor din conducerea Camerei Deputa\u021bilor. \u201eAst\u0103zi s-a creat o majoritate toxic\u0103 \u00een Parlament: PSD \u0219i extremi\u0219tii. Nu mai vorbim despre declara\u021bii, specula\u021bii sau despre jocuri politice [&hellip;]<\/p>\n","protected":false},"author":1,"featured_media":0,"comment_status":"open","ping_status":"","sticky":false,"template":"","format":"standard","meta":{"footnotes":""},"categories":[89],"tags":[226,191],"class_list":["post-2122783","post","type-post","status-publish","format-standard","hentry","category-romania","tag-crawlmanager","tag-tion-ro"],"_links":{"self":[{"href":"https:\/\/analyse.optim.biz\/index.php?rest_route=\/wp\/v2\/posts\/2122783","targetHints":{"allow":["GET"]}}],"collection":[{"href":"https:\/\/analyse.optim.biz\/index.php?rest_route=\/wp\/v2\/posts"}],"about":[{"href":"https:\/\/analyse.optim.biz\/index.php?rest_route=\/wp\/v2\/types\/post"}],"author":[{"embeddable":true,"href":"https:\/\/analyse.optim.biz\/index.php?rest_route=\/wp\/v2\/users\/1"}],"replies":[{"embeddable":true,"href":"https:\/\/analyse.optim.biz\/index.php?rest_route=%2Fwp%2Fv2%2Fcomments&post=2122783"}],"version-history":[{"count":0,"href":"https:\/\/analyse.optim.biz\/index.php?rest_route=\/wp\/v2\/posts\/2122783\/revisions"}],"wp:attachment":[{"href":"https:\/\/analyse.optim.biz\/index.php?rest_route=%2Fwp%2Fv2%2Fmedia&parent=2122783"}],"wp:term":[{"taxonomy":"category","embeddable":true,"href":"https:\/\/analyse.optim.biz\/index.php?rest_route=%2Fwp%2Fv2%2Fcategories&post=2122783"},{"taxonomy":"post_tag","embeddable":true,"href":"https:\/\/analyse.optim.biz\/index.php?rest_route=%2Fwp%2Fv2%2Ftags&post=2122783"}],"curies":[{"name":"wp","href":"https:\/\/api.w.org\/{rel}","templated":true}]}}