{"id":2122767,"date":"2026-09-01T12:44:33","date_gmt":"2026-09-01T09:44:33","guid":{"rendered":"https:\/\/analyse.optim.biz\/?p=2122767"},"modified":"2026-09-01T12:44:33","modified_gmt":"2026-09-01T09:44:33","slug":"lucian-bondoc-managing-partner-bondoc-asociatii-pro-occidentalii-pro-europenii-pro","status":"publish","type":"post","link":"https:\/\/analyse.optim.biz\/?p=2122767","title":{"rendered":"Lucian Bondoc, managing partner Bondoc &amp; Asocia\u0163ii: \u201ePro-occidentalii\u201d, \u201epro-europenii\u201d, \u201epro-"},"content":{"rendered":"<p>[analyse_image type=&#8221;featured&#8221; src=&#8221;https:\/\/storage0.dms.mpinteractiv.ro\/media\/1\/1481\/10369\/23228787\/1\/a878e757-e78b-4405-bd3e-58eabfc4ccc0.jpghttps:\/\/storage0.dms.mpinteractiv.ro\/media\/1\/1481\/10369\/23228787\/1\/a878e757-e78b-4405-bd3e-58eabfc4ccc0.jpg&#8221;]<\/p>\n<div class=\"text-content\">\n<p> Pentru o c\u00e2t mai bun\u0103 \u00een\u0163elegere a situa\u0163iei actuale din Rom\u00e2nia este necesar s\u0103 fie avute \u00een vedere mai multe dimensiuni.<\/p>\n<p><strong>Pe plan pur intern,<\/strong> este evident c\u0103 pachetele de modific\u0103ri legislative din ultimul an \u015fi ceva au afectat nu doar segmente mari din popula\u0163ie, ci \u015fi grupuri de interese influente. \u00cen plus, unele dintre m\u0103surile anun\u0163ate \u00een continuare vizau \u015fi mai multe astfel de grupuri.<\/p>\n<p> Tensiunile au dep\u0103\u015fit, \u00eens\u0103, ceea ce era oarecum standard de a\u015fteptat de la orice reforme substan\u0163iale din mai multe motive ce au favorizat partide diferite.<\/p>\n<div>\n<div><span>Te-ar putea interesa \u0219i:<\/span><\/div>\n<\/div>\n<p> De exemplu, am\u00e2narea ini\u0163ial\u0103 a reformelor \u00een sectorul public a creat un deficit de legitimitate pentru taxele \u015fi alte constr\u00e2ngeri aplicate rapid sectorului privat. Cu c\u00e2t \u00eent\u00e2rzierile \u015fi blocajele \u00een reformarea zonei publice s-au prelungit, \u00een timp ce ve\u015ftile proaste pentru sectorul privat se acumulau, deficitul de legitimitate a crescut. Acesta a f\u0103cut mai u\u015foar\u0103 exploatarea politic\u0103 a nemul\u0163umirilor.<\/p>\n<p> De asemenea, a contat faptul c\u0103 modific\u0103rile adoptate nu au reprezentat, din p\u0103cate, doar lucruri bune pentru Rom\u00e2nia. Ele au inclus \u015fi destule gre\u015feli ce au generat \u015fi reac\u0163ii adverse legitime.<\/p>\n<p> \u00cen domeniul politicilor publice, nu este suficient ca diagnosticul s\u0103 fie bun \u015fi medicamentul s\u0103 fie corect identificat (\u015fi nu a fost \u00eentotdeauna cazul). Modul de prioritizare, doza \u015fi ritmul de administrare sunt la fel de importante \u015fi ele.<\/p>\n<p> Reac\u0163iile au fost exacerbate \u015fi de fondul anul\u0103rii primului tur al alegerilor preziden\u0163iale din 2024 care a crescut suspiciunea unor segmente fa\u0163\u0103 de stat \u015fi reticen\u0163a la reforme care afectau mai mult omul obi\u015fnuit.<\/p>\n<p> Miza mare a reform\u0103rii pensiilor \u00een justi\u0163ie \u015fi o serie de erori de abordare pe acel subiect au avut \u015fi ele un rol important \u00een tensionarea jocurilor de putere. Mai ales cre\u015fterea v\u00e2rstei de pensionare a generat mobiliz\u0103ri \u015fi din afara domeniului justi\u0163iei, o serie de categorii profesionale anticip\u00e2nd m\u0103suri similare \u015fi \u00een cazul lor \u015fi unele grupuri influente realiz\u00e2nd c\u0103 aceasta va perturba indirect multe sisteme de putere<a href=\"https:\/\/www.zf.ro\/opinii\/lucian-bondoc-managing-partner-bondoc-asociatii-pro-occidentalii-pro-europenii-pro-rusii-si-pro-romanii-23228787#_edn1\" name=\"_ednref1\" title>[i]<\/a>.<\/p>\n<p> Presa\u0163i de direc\u0163ia modific\u0103rilor \u015fi de alte evolu\u0163ii la care m\u0103 voi referi mai jos \u015fi \u00eencuraja\u0163i de scorul redus \u00een sondaje al partidelor care au sus\u0163inut reforme &#8211; unii actori au \u015fi adoptat o tactic\u0103 eronat\u0103. Nu s-au mai concentrat pe numeroasele gre\u015feli de execu\u0163ie, ci au negat \u00eens\u0103\u015fi problema pe p\u0103r\u0163ile care-i interesau.<\/p>\n<p> Or problematica v\u00e2rstei de pensionare mult mai reduse dec\u00e2t media UE nu avea cum s\u0103 atrag\u0103 cine \u015ftie ce simpatii. Aceasta cu at\u00e2t mai mult \u00een contextul unor reforme ce afectau deja popula\u0163ia larg\u0103 \u015fi al unor rezultate foarte slabe \u00een combaterea marii corup\u0163ii.<\/p>\n<p> De asemenea, pe partea de risip\u0103 de fonduri publice, o cre\u015ftere economic\u0103 de numai 0,9% din PIB \u00een 2024 concomitent cu un deficit de 9,3% din PIB, \u015fi asta \u00een condi\u0163iile \u00een care Rom\u00e2nia aproape c\u0103 \u015fi-a dublat datoria extern\u0103 \u00een perioada 2021-2024, ar\u0103tase deja c\u0103 re\u0163eta anterioar\u0103 nu era sustenabil\u0103.<\/p>\n<p> Aceast\u0103 eroare de tactic\u0103 a fost poten\u0163at\u0103 de modul de gestionare a mo\u0163iunii de cenzur\u0103 \u00een sine. Motiva\u0163ia slab argumentat\u0103 a mo\u0163iunii, sus\u0163inerea sa vizibil\u0103 de c\u0103tre numeroase personaje f\u0103r\u0103 credibilitate etic\u0103, rolul unui partid asociat cu risipa enorm\u0103 din anii anteriori \u00een coordonarea comunic\u0103rii politice, precum \u015fi episoade flagrante de personalizare \u015fi intimidare prin institu\u0163ii publice au fost tot at\u00e2tea gre\u015feli de abordare.<\/p>\n<p> Aceste elemente au crescut rapid legitimitatea public\u0103 a direc\u0163iei reformiste, cumva post-factum.<\/p>\n<p> Practic, unele for\u0163e politice au fost percepute de mai mul\u0163i rom\u00e2ni ca fiind mai preocupate de interesul general dec\u00e2t altele, chiar dac\u0103 reformele l\u0103saser\u0103 de dorit<a href=\"https:\/\/www.zf.ro\/opinii\/lucian-bondoc-managing-partner-bondoc-asociatii-pro-occidentalii-pro-europenii-pro-rusii-si-pro-romanii-23228787#_edn2\" name=\"_ednref2\" title>[ii]<\/a>.<\/p>\n<p> A\u015fa s-a ajuns ca de la un scor slab \u00een sondaje pentru for\u0163ele politice ce au promovat reforme \u00een ajunul mo\u0163iunii, s\u0103 se ajung\u0103 la c\u00e2teva s\u0103pt\u0103m\u00e2ni dup\u0103 aceea la un scor semnificativ mai bun. Acesta a fost suficient c\u00e2t s\u0103 dea de g\u00e2ndit cu privire la rezultatele poten\u0163iale ale unor alegeri anticipate \u015fi a necesitat timp de analiz\u0103 \u015fi renegocieri, reduc\u00e2nd plaja de op\u0163iuni politice pentru o parte din promotorii mo\u0163iunii.<\/p>\n<p> Dar blocajele \u00eenc\u0103 \u00een curs \u015fi conflictele din ultimele luni nu ar putea fi \u00een\u0163elese bine f\u0103r\u0103 a avea \u00een vedere \u015fi alte 3 dimensiuni influen\u0163ate \u015fi extern.<\/p>\n<p><strong>Astfel, pe plan politico-securitar, retensionarea situa\u0163iei \u00eentre Guvernul american \u015fi Uniunea European\u0103 a complicat unele aspecte \u015fi pentru Rom\u00e2nia.<\/strong><\/p>\n<p> SUA este \u00een continuare implicat\u0103 \u00een ritm alert \u00eentr-o campanie global\u0103 pe multiple fronturi \u00een care \u00eencearc\u0103 s\u0103 securizeze pozi\u0163ii strategice, s\u0103 contracareze mut\u0103rile Chinei \u015fi s\u0103 neutralizeze din alia\u0163ii acesteia.<\/p>\n<p> \u00cen acest context, este tentat\u0103 s\u0103-\u015fi clasifice alia\u0163ii\/partenerii \u00een func\u0163ie de gradul de utilitate strategic\u0103 \u015fi de disponibilitatea de a sprijini planurile americane de termen scurt.<\/p>\n<p> De\u015fi UE a f\u0103cut numeroase concesii \u00een ultimii ani pentru a acomoda cerin\u0163ele americane, lipsa de sprijin sau sprijinul slab pentru ini\u0163iativele SUA \u00een alte zone dec\u00e2t cea legat\u0103 de Ucraina au deranjat repetat.<\/p>\n<p> Aceasta cu at\u00e2t mai mult cu c\u00e2t transferul mare de responsabilit\u0103\u0163i financiare pentru securitatea european\u0103 de la SUA c\u0103tre Uniunea European\u0103 din ultimii ani o f\u0103cuse pe aceasta din urm\u0103 s\u0103 preseze deja pentru o alocare propor\u0163ional\u0103 \u015fi de influen\u0163\u0103 geopolitic\u0103 \u00een zon\u0103.<\/p>\n<p> Adic\u0103, dac\u0103 tot trebuie s\u0103 fie principalul finan\u0163ator al r\u0103zboiului din Ucraina \u015fi al re\u00eenarm\u0103rii continentului, UE ac\u0163ioneaz\u0103 \u00een direc\u0163ia unei emancip\u0103ri politico-militare reale fa\u0163\u0103 de SUA.<\/p>\n<p> De\u015fi sper\u0103 multe de la un eventual succes al Partidului Democrat la alegerile parlamentare americane \u201emidterm\u201d din noiembrie, UE se teme, astfel, c\u0103 intrarea strategiei americane \u00eentr-o faz\u0103 de divergen\u0163\u0103 cu cea european\u0103 pe mai multe niveluri poate fi de termen mai lung.<\/p>\n<p> Perpetuarea sl\u0103biciunii politico-militare ar expune-o \u015fi fa\u0163\u0103 de restul de for\u0163e majore geopolitice din lume implicate \u00een procesul de re\u00eemp\u0103r\u0163ire de sfere de influen\u0163\u0103 ce se deruleaz\u0103 \u00een prezent.<\/p>\n<p> Concentrarea \u201eBruxelles-ului\u201d din ultima perioad\u0103 pe sprijinirea furnizorilor de pe continent nu doar \u00een domeniul militar, dar \u015fi \u00een privin\u0163a dezvolt\u0103rii unei autonomii digitale \u015fi de comunica\u0163ii<a href=\"https:\/\/www.zf.ro\/opinii\/lucian-bondoc-managing-partner-bondoc-asociatii-pro-occidentalii-pro-europenii-pro-rusii-si-pro-romanii-23228787#_edn3\" name=\"_ednref3\" title>[iii]<\/a> etc, precum \u015fi criteriile de eligibilitate pentru programul de finan\u0163are a \u00eenarm\u0103rii SAFE, reflect\u0103 aceast\u0103 dorin\u0163\u0103 de emancipare.<\/p>\n<p> Dup\u0103 o perioad\u0103 de relativ\u0103 calmare a tensiunilor dintre SUA \u015fi UE la finalul anului trecut, au ap\u0103rut mai multe evolu\u0163ii care au putut fi interpretate la Washington ca semnale ale unei emancip\u0103ri mai largi.<\/p>\n<p> Printre acestea se num\u0103r\u0103 pozi\u0163ionarea UE fa\u0163\u0103 de atacarea Iranului, \u00eenceput\u0103 \u00een februarie 2026. Important\u0103 a fost probabil \u015fi configura\u0163ia final\u0103 a programului SAFE care prevede o preferin\u0163\u0103 pentru furnizori europeni pentru aproximativ 65% din fonduri, \u015fi include \u00een rest \u015fi a\u015fa-numita clauza de independen\u0163\u0103<a href=\"https:\/\/www.zf.ro\/opinii\/lucian-bondoc-managing-partner-bondoc-asociatii-pro-occidentalii-pro-europenii-pro-rusii-si-pro-romanii-23228787#_edn4\" name=\"_ednref4\" title>[iv]<\/a>.<\/p>\n<p> \u00cen paralel, mai multe companii americane au fost eliminate gradual, direct sau indirect, din anumite sisteme europene de comunica\u0163ii \u015fi baze de date.<a href=\"https:\/\/www.zf.ro\/opinii\/lucian-bondoc-managing-partner-bondoc-asociatii-pro-occidentalii-pro-europenii-pro-rusii-si-pro-romanii-23228787#_edn5\" name=\"_ednref5\" title>[v]<\/a><\/p>\n<p> Pierderea alegerilor de Viktor Orban nu a ajutat nici ea percep\u0163ia rela\u0163iei transatlantice.<\/p>\n<p> A crescut, astfel, tenta\u0163ia SUA de a-\u015fi securiza influen\u0163a \u00een UE oriunde se poate.<\/p>\n<p> \u0162\u0103rile europene slab guvernate \u00een medie de decenii, precum Rom\u00e2nia, au fost prinse nepreg\u0103tite de noul tip de tensiune SUA-UE de mai sus.<\/p>\n<p> Numeroasele avantaje pe ansamblu, dar \u015fi dependen\u0163a mare (\u015fi destul de standard pentru toate statele membre ale UE) de comer\u0163ul intra comunitar &#8211; aprox 78% din comer\u0163ul Rom\u00e2niei fiind cu alte state membre UE plus UK \u2013 \u00eemping tradi\u0163ional spre o acomodare european\u0103 pe subiectele importante.<\/p>\n<p> De\u015fi viza un domeniu sensibil, participarea la ini\u0163iativele UE de cre\u015ftere a puterii militare nu a p\u0103rut problematic\u0103. Mai tot restul blocului european era destul de unit \u00een jurul ideii c\u0103 UE ar avea nevoie de vectori comuni de putere militar\u0103, niciun stat membru neput\u00e2nd avea singur vreo pondere global\u0103 militar\u0103 suficient\u0103 \u00een prezent, iar SUA \u00eens\u0103\u015fi ceruse \u00eent\u0103rirea militar\u0103 a UE.<\/p>\n<p> Pe fondul de mai sus, cre\u015fterea discursului \u00abpro-european\u00bb (echilibr\u00e2nd mult mai r\u0103sp\u00e2nditul anterior discurs \u00abpro-occidental\u00bb), precum \u015fi participarea Rom\u00e2niei la programul european de finan\u0163are militar\u0103 SAFE, au venit destul de natural.<\/p>\n<p> Doar c\u0103 una este cre\u015fterea puterii militare a UE \u015fi alta este cre\u015fterea emancip\u0103rii acesteia fa\u0163\u0103 de SUA.<\/p>\n<p> \u00centr-un context de presiune spre emancipare, pe l\u00e2ng\u0103 multe beneficii, programele precum SAFE includ \u015fi o dilem\u0103 cumva structural\u0103 pentru \u0163\u0103ri ca Rom\u00e2nia, raportat la linia ro\u015fie a strategiei de ap\u0103rare.<\/p>\n<p> Problema deriv\u0103 \u00een principal din nivelul relativ redus al cheltuielilor de ap\u0103rare de mul\u0163i ani.<\/p>\n<p> \u00cen aceste condi\u0163ii, op\u0163iunile mari exercitate prin programul SAFE pot influen\u0163a o parte important\u0103 a bugetului militar rom\u00e2nesc pentru o perioad\u0103 \u00eendelungat\u0103 dac\u0103 aloc\u0103rile vor r\u0103m\u00e2ne similare.<\/p>\n<p> Ca idee, alocarea SAFE pentru Rom\u00e2nia de aproape 17 miliarde de euro este echivalentul a aproximativ 2 ani de buget total al Ministerului Ap\u0103r\u0103rii dac\u0103 lu\u0103m nivelul din 2025<a href=\"https:\/\/www.zf.ro\/opinii\/lucian-bondoc-managing-partner-bondoc-asociatii-pro-occidentalii-pro-europenii-pro-rusii-si-pro-romanii-23228787#_edn6\" name=\"_ednref6\" title>[vi]<\/a>.<\/p>\n<p> Programul SAFE este finan\u0163at prin \u00eemprumuturi cu dob\u00e2nd\u0103 mic\u0103, are o perioad\u0103 de gra\u0163ie de 10 ani \u015fi dup\u0103 aceea trebuie pl\u0103tit etalat p\u00e2n\u0103 \u00een 2045. Presiunea spre alte cheltuieli mari, tot europene, de compatibilizare a altor echipamente \u015fi capabilit\u0103\u0163i de muni\u0163ie \u015fi logistic\u0103 \u00een viitor devine, \u00eens\u0103, inerent\u0103.<\/p>\n<p> Semnifica\u0163ia este, \u00een principal, politico-militar\u0103, chiar dac\u0103 \u015fi economicul conteaz\u0103. Astfel, de\u015fi efectul nu este imediat, se \u00eempinge structural spre o convergen\u0163\u0103 militar\u0103 cu UE (\u015fi, \u00een pasul doi \u2013 \u00eentr-un context de emancipare a UE &#8211; convergen\u0163\u0103 politico-militar\u0103).<\/p>\n<p> Aceasta las\u0103 mai pu\u0163in spa\u0163iu pentru SUA, partenerul militar strategic tradi\u0163ional.<\/p>\n<p> Cu alte cuvinte dac\u0103 p\u00e2n\u0103 la SAFE, Rom\u00e2nia a sus\u0163inut constant direct sau indirect prioritizarea politico-militar\u0103 a SUA (opun\u00e2ndu-se dezvolt\u0103rii ap\u0103r\u0103rii europene \u00een afara NATO \u015fi concentr\u00e2nd grosul achizi\u0163iilor militare c\u0103tre furnizori americani etc), conjunctura nevoii \u015fi din perspectiv\u0103 american\u0103 a militariz\u0103rii UE, presiunea european\u0103 spre o emancipare real\u0103 \u015fi dimensiunile mari ale op\u0163iunilor Rom\u00e2niei din SAFE preseaz\u0103 indirect asupra liniei ro\u015fii respective.<a href=\"https:\/\/www.zf.ro\/opinii\/lucian-bondoc-managing-partner-bondoc-asociatii-pro-occidentalii-pro-europenii-pro-rusii-si-pro-romanii-23228787#_edn7\" name=\"_ednref7\" title>[vii]<\/a><\/p>\n<p> Acest aspect pare s\u0103 fi fost sesizat cu \u00eent\u00e2rziere la noi \u00een toate dimensiunile sale, chiar dac\u0103 participarea la SAFE nu a fost \u00eent\u00e2mpl\u0103toare, volatilitatea strategic\u0103 american\u0103 \u00een regiune \u00eemping\u00e2nd la pruden\u0163\u0103 \u015fi diversificare de op\u0163iuni.<\/p>\n<p> Este posibil ca nemul\u0163umirea american\u0103 destul de transparent\u0103 fa\u0163\u0103 de configura\u0163ia final\u0103 a SAFE \u015fi, par\u0163ial, fa\u0163\u0103 de orientarea guvern\u0103rii perceput\u0103 ca prea dezechilibrat \u00abpro-european\u0103\u00bb<a href=\"https:\/\/www.zf.ro\/opinii\/lucian-bondoc-managing-partner-bondoc-asociatii-pro-occidentalii-pro-europenii-pro-rusii-si-pro-romanii-23228787#_edn8\" name=\"_ednref8\" title>[viii]<\/a> s\u0103 fi avut un rol \u00een dezinvoltura cu care nu s-a mai a\u015fteptat rotativa \u015fi s-a generat c\u0103derea Guvernului f\u0103r\u0103 o formul\u0103 de \u00eenlocuire garantat\u0103. Mo\u0163iunea era preg\u0103tit\u0103 mai demult, dar a \u015fi fost depus\u0103 la 2 s\u0103pt\u0103m\u00e2ni dup\u0103 c\u0103derea lui Viktor Orban \u00een Ungaria, mut\u00e2nd par\u0163ial un c\u00e2mp de tensiune UE-SUA de acolo la noi.<\/p>\n<p> Cu un buget militar aproximativ dublu ca pondere \u00een PIB dec\u00e2t Rom\u00e2nia \u015fi o structur\u0103 de putere, \u00een medie, mai competent\u0103, Polonia s-a putut plasa mai inteligent tactic.<\/p>\n<p> Pare c\u0103 \u00een prezent se \u00eencearc\u0103 o reechilibrare \u00eentre \u201c\u201dpro-occidentalism\u201d \u015fi \u201cpro-europenism\u201d, inclusiv semantic\u0103 (cu prioritizarea SUA pe partea militaro-strategic\u0103). Anun\u0163ul recent<a href=\"https:\/\/www.zf.ro\/opinii\/lucian-bondoc-managing-partner-bondoc-asociatii-pro-occidentalii-pro-europenii-pro-rusii-si-pro-romanii-23228787#_edn9\" name=\"_ednref9\" title>[ix]<\/a> cu privire la o \u0163int\u0103 de alocare bugetar\u0103 pentru Ministerul Ap\u0103r\u0103rii de 3,7% din PIB (de la vreo 2,4%) vine, probabil, tot \u00een acest context.<\/p>\n<p> De\u015fi impactul bugetar va fi resim\u0163it decalat \u00een timp (av\u00e2nd \u00een vedere perioada de gra\u0163ie de rambursare a SAFE), nevoia de finan\u0163are suplimentar\u0103 va deveni structural\u0103 cur\u00e2nd. Ea va complica \u015fi mai mult peisajul politic rom\u00e2nesc. Cam singurul aspect pozitiv al acesteia este eviden\u0163ierea \u015fi mai clar\u0103 a nevoii de reforme reale, nu mimate, gradul prea mare de risip\u0103 \u015fi furt de la noi gener\u00e2nd vulnerabilit\u0103\u0163i \u015fi pentru alia\u0163i.<\/p>\n<p><strong>Pe l\u00e2ng\u0103 concuren\u0163a de influen\u0163\u0103 politico-militar\u0103 \u00een cre\u015ftere \u00eentre SUA \u015fi UE cu privire la Rom\u00e2nia, lucrurile sunt complicate \u015fi de dimensiunea tensiunilor ideologice \u00eentre republicani \u015fi \u00abBruxelles\u00bb.<\/strong><\/p>\n<p> Guvernul american \u00eencearc\u0103 \u00een continuare s\u0103 sprijine \u00een toat\u0103 UE mi\u015fc\u0103rile de tip similar cu MAGA.<\/p>\n<p> Ideea principal\u0103 este aceea de sus\u0163inere a unei UE bazat\u0103 fundamental pe state na\u0163ionale separate, \u00een timp ce politica \u201eBruxelles-ului\u201d r\u0103m\u00e2ne una de stimulare a unui bloc din ce \u00een ce mai integrat, consider\u00e2nd c\u0103 statele na\u0163ionale tradi\u0163ionale sunt mai susceptibile s\u0103 intre \u00een dispute \u00eentre ele dec\u00e2t s\u0103 coopereze suficient pentru a face fa\u0163\u0103 celorlalte mari for\u0163e geopolitice din lume.<\/p>\n<p> Dac\u0103 ne uit\u0103m la salturile f\u0103cute de diversele partide sprijinite de MAGA \u00een \u0163\u0103rile UE \u00een ultimii aproximativ doi ani, progresele sunt notabile, dar, de regul\u0103, \u00eenc\u0103 departe de a fi suficiente.<\/p>\n<p> Pierderea alegerilor pe 13 aprilie de Viktor Orban \u00een Ungaria pare s\u0103 fi fost v\u0103zut\u0103 de Mi\u015fcarea MAGA ca una important\u0103 simbolic, gener\u00e2nd demersuri multiplicate de cre\u015ftere a influen\u0163ei \u00een alte state europene.<\/p>\n<p> \u0162\u0103rile din zona central-european\u0103 \u015fi estic\u0103 a fostului bloc comunist sunt de interes natural pentru republicani \u00een acest sens din mai multe motive.<\/p>\n<p> De exemplu, experien\u0163a comunist\u0103 \u015fi stadiul mai sc\u0103zut de dezvoltare economic\u0103 fac aceste \u0163\u0103ri, inclusiv Rom\u00e2nia, mai deschise natural spre valori conservatoare \u015fi de tip na\u0163ional \u015fi mai susceptibile fa\u0163\u0103 de tipurile de excese care au coalizat curentele din cadrul MAGA.<\/p>\n<p> Pozi\u0163ia geografic\u0103 a statelor din Europa Central\u0103 \u015fi de Est ofer\u0103 \u015fi op\u0163iuni strategice suplimentare.<\/p>\n<p> \u00cen anumite scenarii, s-ar putea \u00eencerca ca aceste state s\u0103 func\u0163ioneze ca o zon\u0103 tampon \u00eentre Rusia, Turcia \u015fi un nucleu european mai mic geografic, dar mai puternic militar.<\/p>\n<p> O astfel de configura\u0163ie ar facilita menajarea sensibilit\u0103\u0163ilor geopolitice ale Rusiei \u015fi Turciei fa\u0163\u0103 de o UE puternic militarizat\u0103.<\/p>\n<p> Tensiunea ideologic\u0103 de mai sus explic\u0103 \u00een bun\u0103 parte \u015fi n\u0103vala de platforme politice autodeclarate conservatoare \u00een Rom\u00e2nia. Pare c\u0103 Rom\u00e2nia a \u00abpromis\u00bb s\u0103 livreze o astfel de mi\u015fcare \u015fi mai multe segmente din elitele de facto \u00eencearc\u0103 s\u0103 c\u00e2\u015ftige cursa pentru un parteneriat american \u00een acest sens.<\/p>\n<p> O platform\u0103 nou\u0103 bine g\u00e2ndit\u0103 \u015fi sprijinit\u0103 ar fi util\u0103 Rom\u00e2niei \u015fi ar avea \u015fanse bune, dar nu dac\u0103 este promovat\u0103 de numero\u015fi corup\u0163i sau epuiza\u0163i politic.<\/p>\n<p> \u00cen orice caz, \u00eenfr\u00e2ngerea lui Viktor Orban (e adev\u0103rat, dup\u0103 16 ani de guvernare) a ar\u0103tat c\u0103 UE are multe mijloace de promovare a intereselor sale geopolitice \u00een regiune. Viktor Orban a \u015fi beneficiat de un aparat politic competent \u015fi coerent ideologic \u015fi a fost sprijinit \u015fi de Rusia \u015fi de reprezentan\u0163i americani importan\u0163i.<\/p>\n<p> Urm\u0103toarele 18 luni vor fi, \u00eens\u0103, importante pentru direc\u0163ia final\u0103 a UE, 5 state europene urm\u00e2nd s\u0103 aib\u0103 alegeri \u00eentre timp. Dintre acestea, evolu\u0163ia Fran\u0163ei dup\u0103 alegerile preziden\u0163iale din 2027 va reprezenta un test major pentru UE, candidata Frontului Na\u0163ional fiind creditat\u0103 cu prima \u015fans\u0103 cam \u00een toate sondajele.<\/p>\n<p> \u00centre timp, tensiunea ideologic\u0103 dintre MAGA \u015fi Bruxelles se va manifesta \u00een multe alte state europene, inclusiv la noi, suprapun\u00e2ndu-se par\u0163ial \u015fi cu interesele r\u0103zboaielor hibride sprijinite, \u00een principal, de \u00abEst\u00bb.<\/p>\n<p><strong>Al patrulea plan care se manifest\u0103 \u00een Rom\u00e2nia este tocmai acela al r\u0103zboaielor hibride, \u00een special dinspre Rusia, dar nu numai (de altfel, \u015fi unele segmente de elite de facto de la noi au interese autonome de tip similar).<\/strong><\/p>\n<p> Amintesc c\u0103 r\u0103zboaiele culturale de subversiune implic\u0103 planific\u0103ri \u015fi activit\u0103\u0163i organizate pe perioade lungi de peste 15-25 de ani.<\/p>\n<p> Astfel de campanii urm\u0103resc o divizare a popula\u0163iei unei \u0163\u0103ri pe c\u00e2t mai multe falii, specul\u00e2nd orice aspect (de la sprijinirea Ucrainei sau nu, p\u00e2n\u0103 la a face teme na\u0163ionale de disput\u0103 din croissante \u015fi merdenele).<\/p>\n<p> Singurul punct de unitate urm\u0103rit de acestea este convingerea popula\u0163iei c\u0103 foarte multe lucruri merg prost \u00een propriul stat \u015fi c\u0103 nu se poate face nimic pentru o schimbare real\u0103 cu elitele sale actuale.<\/p>\n<p> Campania de demoralizare a popula\u0163iei Rom\u00e2niei \u00een derulare de zeci de ani pare c\u0103 a \u015fi intrat \u00een faza final\u0103 (nu f\u0103r\u0103 multe motive obiective \u00een spate) \u015fi c\u0103 se \u00eencearc\u0103 o destabilizare.<\/p>\n<p> Transfugul sovietic, Yuri Bezmenov a sintetizat \u00een anii 80\u201d \u0163intele, liniile de ac\u0163iune \u015fi rezultatele scontate ale unor astfel de campanii \u00eentr-un tabel<a href=\"https:\/\/www.zf.ro\/opinii\/lucian-bondoc-managing-partner-bondoc-asociatii-pro-occidentalii-pro-europenii-pro-rusii-si-pro-romanii-23228787#_edn10\" name=\"_ednref10\" title>[x]<\/a> care se potrive\u015fte destul de bine cu ce se \u00eent\u00e2mpl\u0103 \u00een Rom\u00e2nia.<\/p>\n<div class=\"int-widget-container\" data-channel-id=\"6a7d7d3c65d3cf457c0b4775\" data-publisher-id=\"6a7d78a072984466fe0e9897\">\n\u00a0<\/div>\n<p> Pe partea de destabilizare (care dureaz\u0103, de obicei, 2-5 ani \u015fi poate fi declan\u015fat\u0103 c\u00e2nd etapa de demoralizare de 15-20 de ani este finalizat\u0103) \u015fi etape ulterioare, ar fi vorba de:<\/p>\n<table border=\"1\" cellpadding=\"0\" cellspacing=\"0\" width=\"624\">\n<tbody>\n<tr>\n<td>\n<p><strong>Etapa 2 &#8211; Destabilizare (2-5 ani)<\/strong><\/p>\n<p><strong>Domeniu<\/strong><\/p>\n<\/td>\n<td>\n<p> \u00a0<\/p>\n<p><strong>Metod\u0103<\/strong><\/p>\n<\/td>\n<td>\n<p> \u00a0<\/p>\n<p><strong>Obiectiv<\/strong><\/p>\n<\/td>\n<\/tr>\n<tr>\n<td>\n<p> 1 &#8211; Politic (lupta pentru putere)<\/p>\n<\/td>\n<td>\n<p align=\"left\"> Populism, lupte politice iresponsabile<\/p>\n<\/td>\n<td>\n<p> Big Brother<\/p>\n<\/td>\n<\/tr>\n<tr>\n<td>\n<p> 2 &#8211; Economie<\/p>\n<\/td>\n<td>\n<p align=\"left\"> Distrugerea procesului de negociere<a href=\"https:\/\/www.zf.ro\/opinii\/lucian-bondoc-managing-partner-bondoc-asociatii-pro-occidentalii-pro-europenii-pro-rusii-si-pro-romanii-23228787#_edn11\" name=\"_ednref11\" title>[xi]<\/a><\/p>\n<\/td>\n<td>\n<p> Virare spre abord\u0103ri de tip Big Brother<\/p>\n<\/td>\n<\/tr>\n<tr>\n<td>\n<p> 3 &#8211; Rela\u0163ii sociale (fibra societ\u0103\u0163ii, lege)<\/p>\n<\/td>\n<td>\n<p> Mi\u015fc\u0103ri locale<\/p>\n<\/td>\n<td>\n<p> Puterea mul\u0163imilor<\/p>\n<\/td>\n<\/tr>\n<tr>\n<td>\n<p> 4 &#8211; Rela\u0163ii externe<\/p>\n<\/td>\n<td>\n<p align=\"left\"> Izolare, dezbinare, centralizare a economiei<\/p>\n<\/td>\n<td>\n<p> Afectare prestigiu, \u00eencercuire beligerant\u0103<\/p>\n<\/td>\n<\/tr>\n<tr>\n<td>\n<p><strong>Etapa 3 \u2013 CRIZA <\/strong><\/p>\n<p><strong>(2-6 luni)<\/strong><\/p>\n<p> \u00a0<\/p>\n<\/td>\n<td colspan=\"2\">\n<p> Societatea nu mai func\u0163ioneaz\u0103 normal, se caut\u0103 un salvator, un guvern puternic \u2013 poate evolua \u015fi \u00een r\u0103zboi civil sau invazie extern\u0103.<\/p>\n<\/td>\n<\/tr>\n<tr>\n<td>\n<p><strong>Etapa 4 &#8211; Normalizare<\/strong><\/p>\n<\/td>\n<td colspan=\"2\">\n<p> Fie de o putere str\u0103in\u0103, fie de un grup local de st\u00e2nga \u2013 cuv\u00e2ntul provine din sintagma folosit\u0103 de presa moscovit\u0103 dup\u0103 \u00een\u0103bu\u015firea revolu\u0163iei din Cehia din 1968 (\u201esitua\u0163ia din Cehoslovacia s-a normalizat\u201d). Mi\u015fc\u0103rile radicale care au sprijinit criza sunt eliminate, pentru c\u0103 puterea este d\u00e9j\u00e0 de\u0163inut\u0103 de un grup de st\u00e2nga controlat.<\/p>\n<\/td>\n<\/tr>\n<\/tbody>\n<\/table>\n<p> \u00a0<\/p>\n<p> Din cele de mai sus, doar izolarea extern\u0103 nu am bifat-o \u00eenc\u0103, dar se \u00eencearc\u0103.<\/p>\n<p> \u00cen rest, toate le cam avem, fiind de a\u015fteptat ca unele dintre aspecte s\u0103 creasc\u0103 \u00een intensitate odat\u0103 cu terminarea perioadelor de vacan\u0163e\/concedii \u015fi intrarea \u00een iarn\u0103.<\/p>\n<p> Ideea nu este aceea c\u0103 tabelul de mai sus ar reprezenta vreo formul\u0103 magic\u0103 de \u00een\u0163elegere a realit\u0103\u0163ii \u015fi nici c\u0103 o \u00eencercare de destabilizare ar trebui s\u0103 reu\u015feasc\u0103. Dar \u0163ine de logic\u0103 s\u0103 observ\u0103m c\u0103 mai toate aspectele din el sunt \u00eendeplinite la noi \u015fi c\u0103 acestea sunt de natur\u0103 s\u0103 \u00eemping\u0103 mul\u0163i rom\u00e2ni s\u0103 fie deschi\u015fi c\u0103tre un regim autoritar care s\u0103 pun\u0103 ordine \u00een lucruri \u2013 ceea ce este tocmai rezultatul final dorit al unor astfel de campanii hibride.<\/p>\n<p> Aceasta nu \u00eenseamn\u0103 c\u0103 nu ar mai trebui s\u0103 avem guverne ferme (fermitatea nu e deloc acela\u015fi lucru cu un regim autoritar), dar dac\u0103 nu suntem aten\u0163i, o \u00abnormalizare\u00bb a situa\u0163iei din Rom\u00e2nia de tipul Bezmenov ar risca s\u0103 fie o solu\u0163ie doar \u00een interesul unor for\u0163e externe \u015fi care s\u0103 afecteze Rom\u00e2nia timp de decenii.<\/p>\n<p> Grupurile de putere de la noi care cred c\u0103 ar putea face ele o \u00abnormalizare\u00bb \u00een interesul lor ar risca foarte mult \u2013 a\u015fa ceva nu se face \u00een beneficiul principalelor structuri de putere existente dec\u00e2t \u00een condi\u0163ii extraordinare care nu sunt \u00eendeplinite. Chiar dac\u0103 ar reu\u015fi o aparent\u0103 \u00abnormalizare\u00bb ini\u0163ial, \u00een 2-3 ani ar fi foarte u\u015for de generat \u00abnormalizarea\u00bb dorit\u0103 extern. De aceea o solu\u0163ie negociat\u0103 \u015fi care s\u0103 fie sustenabil\u0103 pentru interesul general ar fi \u015fi cea mai eficient\u0103, de regul\u0103.<\/p>\n<p> Aceasta cu at\u00e2t mai mult cu c\u00e2t r\u0103zboaiele hibride au dep\u0103\u015fit de ani de zile partea de subminare cultural\u0103 \u015fi s-au extins \u015fi la alte domenii, oper\u00e2nd \u015fi la nivelul \u00eentregii UE.<\/p>\n<p> Este foarte posibil ca num\u0103rul \u00een cre\u015ftere de atacuri cibernetice, de sabotaje, de \u00eencerc\u0103ri de asasinate \u00een industria armamentului, de incendii, de drone etc din multe \u0163\u0103ri europene s\u0103 aib\u0103 leg\u0103tur\u0103, cel pu\u0163in par\u0163ial cu \u00eencercarea de demoralizare, intimidare \u015fi asalt final pentru destabiliz\u0103ri \u015fi ini\u0163ieri de crize pe blocuri geopolitice mai largi.<\/p>\n<p> UE are mijloacele pentru a ie\u015fi puternic \u00eent\u0103rit\u0103 din tot acest proces, dar e un aspect care depinde \u015fi de inteligen\u0163a cu care se va ac\u0163iona \u00een urm\u0103torii ani.<\/p>\n<p><strong>\u00cen concluzie, <\/strong>Rom\u00e2nia este afectat\u0103 de numeroase lupte interne pe fondul presiunii structurale de reducere a risipei \u015fi de recalibrare a unor sisteme de putere.<\/p>\n<p> Este \u015fi \u0163inta unor r\u0103zboaie hibride mai largi, sprijinite \u00een principal dinspre Est \u015fi care \u00eencearc\u0103 s\u0103 dea impulsul final spre destabilizare, profit\u00e2nd de mul\u0163imea de incompeten\u0163i \u015fi corup\u0163i din politica rom\u00e2neasc\u0103.<\/p>\n<p> Situa\u0163ia este complicat\u0103 \u015fi de o tensiune strategic\u0103 cumva nou\u0103. Pe de o parte, UE urm\u0103re\u015fte un grad mai mare de emancipare fa\u0163\u0103 de SUA. Pe de alt\u0103 parte, SUA dore\u015fte s\u0103 \u00ee\u015fi conserve influen\u0163a politico-militar\u0103 \u00eentr-o regiune \u00een care num\u0103rul alia\u0163ilor predictibili s-a mai redus \u015fi presiunea economic\u0103 e \u00een cre\u015ftere.<\/p>\n<p> Diferen\u0163a de vederi ideologice \u00eentre Washington \u015fi Bruxelles nu ajut\u0103 nici ea, facilit\u00e2nd \u015fi unele dimensiuni ale r\u0103zboaielor hibride dinspre Est care \u00eencearc\u0103 o destabilizare european\u0103 mai larg\u0103.<\/p>\n<p> Dar chiar dac\u0103 gradul de complexitate de ansamblu este mare \u015fi sunt foarte multe aspecte mai mici care nu au o rezolvare simpl\u0103, liniile principale nu prea s-au schimbat \u015fi nu sunt dificil de \u00een\u0163eles.<\/p>\n<p> Evolu\u0163ia economic\u0103 a Rom\u00e2niei din ultimii 20 de ani, gradul de integrare al economiei rom\u00e2ne\u015fti cu cea european\u0103 \u015fi plaja redus\u0103, de fapt, de oferte tangibile de investi\u0163ii din partea altor actori majori globali &#8211; fac ca apartenen\u0163a la UE s\u0103 nu aib\u0103 echivalent c\u00e2t de c\u00e2t comparabil \u00een prezent ca raport pe ansamblu &#8211; avantaje versus dezavantaje.<\/p>\n<p> Evolu\u0163ia UK post Brexit, c\u0103derea regimului Viktor Orban<a href=\"https:\/\/www.zf.ro\/opinii\/lucian-bondoc-managing-partner-bondoc-asociatii-pro-occidentalii-pro-europenii-pro-rusii-si-pro-romanii-23228787#_edn12\" name=\"_ednref12\" title>[xii]<\/a> \u015fi anii premerg\u0103tori acesteia din urm\u0103 arat\u0103 destul de predictibil \u015fi dinamicile probabile (doar c\u0103 mai proaste)<a href=\"https:\/\/www.zf.ro\/opinii\/lucian-bondoc-managing-partner-bondoc-asociatii-pro-occidentalii-pro-europenii-pro-rusii-si-pro-romanii-23228787#_edn13\" name=\"_ednref13\" title>[xiii]<\/a> din Rom\u00e2nia dac\u0103 nu s-ar \u00een\u0163elege diferen\u0163a dintre promisiuni \u015fi realit\u0103\u0163i \u015fi c\u0103 re\u0163eta de administrare public\u0103 anterioar\u0103 nu mai este sustenabil\u0103.<\/p>\n<p> SUA nu are cum s\u0103 nu r\u0103m\u00e2n\u0103 principalul partener geopolitic \u015fi militar al Rom\u00e2niei cel pu\u0163in pe termen mediu, fiind \u00eenc\u0103 singura \u0163ar\u0103 care poate proteja militar Rom\u00e2nia de alte mari puteri. O emancipare a UE este de dorit, dar ea nu poate veni dec\u00e2t gradual, odat\u0103 cu mijloacelor efective de asigurare.<\/p>\n<p> Cele de mai sus nu \u00eenseamn\u0103 c\u0103 Rom\u00e2nia nu trebuie s\u0103-\u015fi urm\u0103reasc\u0103 interesele inteligent \u015fi consecvent \u00een rela\u0163ia cu toat\u0103 lumea. Nu \u00eenseamn\u0103 nici c\u0103 situa\u0163ia \u00een lume nu este dinamic\u0103 \u015fi c\u0103 analizele nu trebuie actualizate.<\/p>\n<p> De exemplu, alegerile din state europene \u00een urm\u0103torul an \u015fi ceva (\u00een special cele din Fran\u0163a) pot favoriza mai mult tab\u0103ra pentru o UE de state na\u0163ionale fa\u0163\u0103 de cea a unui bloc din ce \u00een ce mai integrat \u00een curs \u00een prezent. Dar chiar \u015fi o virare mult mai mult spre o UE de state na\u0163ionale tradi\u0163ionale nu va schimba fundamental cele de mai sus.<\/p>\n<p> \u00cen orice caz, a s\u0103ri din b\u0103rcile existente f\u0103r\u0103 preconstituirea unei alternative imediate de tip tot bloc ar fi o eroare strategic\u0103 colosal\u0103 pentru Rom\u00e2nia.<\/p>\n<p> Pe partea ideologic\u0103, Rom\u00e2nia are interesul s\u0103 aib\u0103 un partid conservator puternic \u015fi pro-Vest. Traiectoria Partidului Democrat din SUA spre mai mul\u0163i reprezentan\u0163i dinspre zona socialist\u0103 \u015fi chiar comunist\u0103 (precum primarul New-York-ului) \u015fi recenta reintegrare (dup\u0103 decenii) \u00een discursul republican a mesajelor anticomuniste vor trebuie avute \u00een vedere atent la noi.<\/p>\n<p> Reforme substan\u0163iale sunt necesare indiferent de scenariu, economia \u015fi datoriile externe ale Rom\u00e2niei fiind prea dependente de exterior \u015fi asta, \u00een principal, din cauza ho\u0163ilor \u015fi incompeten\u0163ilor din intern.<\/p>\n<p> Trebuie aten\u0163ie, \u00eens\u0103, la dozaj pentru c\u0103 Rom\u00e2nia nu poate deveni o alta peste noapte \u015fi istoria e plin\u0103 de reforme foarte bune, dar care au rezistat foarte pu\u0163in \u00een timp. Unele reset\u0103ri pot ajuta.<\/p>\n<p> Atunci c\u00e2nd o c\u0103ru\u0163\u0103 are multe stric\u0103ciuni \u015fi merge la vale, poate fi tentat \u015fi de gr\u0103bit c\u0103ru\u0163a \u00een pr\u0103pastie pentru a reconstrui un vehicul mai bun din resturi. Experien\u0163a arat\u0103, \u00eens\u0103, c\u0103 \u00een cele mai multe cazuri \u00eentoarcerea c\u0103ru\u0163ei din drum \u015fi repararea ei gradual\u0103 e varianta mult mai bun\u0103 \u015fi mai ieftin\u0103 per total.<\/p>\n<p> \u201cPro-occidentalii\u201d, \u201cpro-europenii\u201d \u015fi chiar o parte din \u201cpro-ru\u015fii\u201d din Rom\u00e2nia includ numero\u015fi pro-rom\u00e2ni (\u00een diverse propor\u0163ii). F\u0103r\u0103 un plus de meritocra\u0163ie, dialog \u015fi de claritate moral\u0103 mul\u0163i dintre ei risc\u0103, \u00eens\u0103, doar s\u0103 dea o m\u00e2n\u0103 de ajutor presiunilor destabilizatoare din jur.<\/p>\n<div><\/p>\n<hr align=\"left\" size=\"1\" width=\"33%\">\n<div id=\"edn1\">\n<p><a href=\"https:\/\/www.zf.ro\/opinii\/lucian-bondoc-managing-partner-bondoc-asociatii-pro-occidentalii-pro-europenii-pro-rusii-si-pro-romanii-23228787#_ednref1\" name=\"_edn1\" title>[i]<\/a> Revenirea la o durat\u0103 de carier\u0103 semnificativ mai lung\u0103 duce structural la modific\u0103ri serioase \u00een sistemele de putere, cresc\u00e2nd pe termen mediu infla\u0163ia de elite ceea ce este destabilizator. Segmente \u00eentregi vor fi promovate mult mai lent dec\u00e2t p\u00e2n\u0103 acum \u015fi num\u0103rul de locuri la v\u00e2rf vor acomoda mult mai pu\u0163ine persoane.<\/p>\n<\/div>\n<div id=\"edn2\">\n<p><a href=\"https:\/\/www.zf.ro\/opinii\/lucian-bondoc-managing-partner-bondoc-asociatii-pro-occidentalii-pro-europenii-pro-rusii-si-pro-romanii-23228787#_ednref2\" name=\"_edn2\" title>[ii]<\/a> De exemplu, p\u0103r\u0163ile de bullying-ul din zona justi\u0163iei s-au dorit probabil o demonstra\u0163ie de for\u0163\u0103 \u015fi o manevr\u0103 de intimidare pentru discu\u0163iile de culise, dar consecin\u0163a a fost \u015fi este una de tip bumerang politic. F\u0103r\u0103 o echilibrare rapid\u0103, efectul \u00een pasul doi va fi d\u0103r\u00e2m\u0103tor pentru o putere \u00een stat care este prezentat\u0103 constitu\u0163ional \u015fi public ca o zei\u0163\u0103 legat\u0103 la ochi (adic\u0103, neutr\u0103 fa\u0163\u0103 de persoane sau interese, singurul scop fiind dreptatea \u00een societate).<\/p>\n<\/div>\n<div id=\"edn3\">\n<p><a href=\"https:\/\/www.zf.ro\/opinii\/lucian-bondoc-managing-partner-bondoc-asociatii-pro-occidentalii-pro-europenii-pro-rusii-si-pro-romanii-23228787#_ednref3\" name=\"_edn3\" title>[iii]<\/a> A se vedea, de exemplu, https:\/\/defence-industry-space.ec.europa.eu\/eu-defence-industry\/edis-our-common-defence-industrial-strategy_en, https:\/\/defence-industry-space.ec.europa.eu\/eu-space\/iris2-secure-connectivity_en <a href=\"https:\/\/digital-strategy.ec.europa.eu\/en\/policies\/eu-tech-sovereignty\">https:\/\/digital-strategy.ec.europa.eu\/en\/policies\/eu-tech-sovereignty<\/a>, <a href=\"https:\/\/commission.europa.eu\/document\/download\/09579818-64a6-4dd5-9577-446ab6219113_en\">https:\/\/commission.europa.eu\/document\/download\/09579818-64a6-4dd5-9577-446ab6219113_en<\/a>,<\/p>\n<\/div>\n<div id=\"edn4\">\n<p><a href=\"https:\/\/www.zf.ro\/opinii\/lucian-bondoc-managing-partner-bondoc-asociatii-pro-occidentalii-pro-europenii-pro-rusii-si-pro-romanii-23228787#_ednref4\" name=\"_edn4\" title>[iv]<\/a> Aceast\u0103 clauz\u0103 cere ca orice armament comandat din afara UE s\u0103 poat\u0103 fi folosit pe baz\u0103 de decizie exclusiv din UE. E un aspect sensibil pentru unii furnizori americani, o parte din sistemele de arme mai sofisticate (de exemplu, unele tipuri avansate de avioane) put\u00e2nd fi dezactivate de la distan\u0163\u0103 \u00een anumite condi\u0163ii.<\/p>\n<\/div>\n<div id=\"edn5\">\n<p><a href=\"https:\/\/www.zf.ro\/opinii\/lucian-bondoc-managing-partner-bondoc-asociatii-pro-occidentalii-pro-europenii-pro-rusii-si-pro-romanii-23228787#_ednref5\" name=\"_edn5\" title>[v]<\/a> A se vedea de exemplu cazurile de \u00eenlocuire a companiei Palantir \u015fi dezbaterile \u00een curs. Sau finan\u0163area de c\u0103tre UE a unei infrastructuri proprii de comunica\u0163ii satelitare securizate (IRIS) sau de suveranitate cloud (GAIA-X).<\/p>\n<\/div>\n<div id=\"edn6\">\n<p><a href=\"https:\/\/www.zf.ro\/opinii\/lucian-bondoc-managing-partner-bondoc-asociatii-pro-occidentalii-pro-europenii-pro-rusii-si-pro-romanii-23228787#_ednref6\" name=\"_edn6\" title>[vi]<\/a> https:\/\/monitorulapararii.ro\/mapn-primeste-in-2025-un-buget-de-42-8-miliarde-lei-8-5-miliarde-euro-la-care-se-adauga-credite-de-angajament-putand-ajunge-la-5-6-din-pib-1-57560<\/p>\n<\/div>\n<div id=\"edn7\">\n<p><a href=\"https:\/\/www.zf.ro\/opinii\/lucian-bondoc-managing-partner-bondoc-asociatii-pro-occidentalii-pro-europenii-pro-rusii-si-pro-romanii-23228787#_ednref7\" name=\"_edn7\" title>[vii]<\/a> \u00cen plus, procentele finale de alocare a fondurilor SAFE \u00eentre diver\u015fi furnizori au st\u00e2rnit \u015fi unele nemul\u0163umiri \u00een tab\u0103ra european\u0103.<\/p>\n<\/div>\n<div id=\"edn8\">\n<p><a href=\"https:\/\/www.zf.ro\/opinii\/lucian-bondoc-managing-partner-bondoc-asociatii-pro-occidentalii-pro-europenii-pro-rusii-si-pro-romanii-23228787#_ednref8\" name=\"_edn8\" title>[viii]<\/a> A se vedea, de exemplu, modul majoritar \u00een care mo\u0163iunea de cenzur\u0103 a fost comentat\u0103 din direc\u0163ia american\u0103, inclusiv la nivel de oficiali etc.<\/p>\n<\/div>\n<div id=\"edn9\">\n<p><a href=\"https:\/\/www.zf.ro\/opinii\/lucian-bondoc-managing-partner-bondoc-asociatii-pro-occidentalii-pro-europenii-pro-rusii-si-pro-romanii-23228787#_ednref9\" name=\"_edn9\" title>[ix]<\/a><a href=\"https:\/\/politicmonitor.ro\/reforma-interna\/cheltuieli-aparare-romania-37-pib-nato\/\">https:\/\/politicmonitor.ro\/reforma-interna\/cheltuieli-aparare-romania-37-pib-nato\/<\/a>.<\/p>\n<\/div>\n<div id=\"edn10\">\n<p><a href=\"https:\/\/www.zf.ro\/opinii\/lucian-bondoc-managing-partner-bondoc-asociatii-pro-occidentalii-pro-europenii-pro-rusii-si-pro-romanii-23228787#_ednref10\" name=\"_edn10\" title>[x]<\/a> Unele explica\u0163ii \u015fi exemple cu privire la tabelul lui Bezmenov pleac\u0103 de la cartea acestuia: Love Letter to America &amp; World thought Police. Am discutat despre tot tabelul \u00een articolul: Contracararea trollilor (\u015fi a ideilor nocive din r\u0103zboaiele culturale).<\/p>\n<\/div>\n<div id=\"edn11\">\n<p><a href=\"https:\/\/www.zf.ro\/opinii\/lucian-bondoc-managing-partner-bondoc-asociatii-pro-occidentalii-pro-europenii-pro-rusii-si-pro-romanii-23228787#_ednref11\" name=\"_edn11\" title>[xi]<\/a> Practic, negocierile nu se mai prea duc \u00een principal cu analize obiective \u00een spate \u015fi cu deschiderea spre compromisuri sustenabile, ci de pe pozi\u0163ii de for\u0163\u0103 \u00een care fiecare se g\u00e2nde\u015fte doar la el.\u00a0<\/p>\n<\/div>\n<div id=\"edn12\">\n<p><a href=\"https:\/\/www.zf.ro\/opinii\/lucian-bondoc-managing-partner-bondoc-asociatii-pro-occidentalii-pro-europenii-pro-rusii-si-pro-romanii-23228787#_ednref12\" name=\"_edn12\" title>[xii]<\/a> Este posibil ca modul destul de pu\u0163in specific unui stat de drept, dar rapid, extins si ferm \u00een care ac\u0163ioneaz\u0103 noua conducere maghiar\u0103 fa\u0163\u0103 de vectorii de putere anteriori s\u0103 fie acceptat (\u015fi chiar \u00eencurajat indirect) de Bruxelles, \u015fi pentru a da mesaje altor elite de facto din statele din zon\u0103.<\/p>\n<\/div>\n<div id=\"edn13\">\n<p><a href=\"https:\/\/www.zf.ro\/opinii\/lucian-bondoc-managing-partner-bondoc-asociatii-pro-occidentalii-pro-europenii-pro-rusii-si-pro-romanii-23228787#_ednref13\" name=\"_edn13\" title>[xiii]<\/a> Noi av\u00e2nd mai mult\u0103 incompeten\u0163\u0103 \u015fi lips\u0103 de integritate \u00een medie \u00een clasa politic\u0103 dec\u00e2t \u0163\u0103rile men\u0163ionate.<\/p>\n<p> \u00a0<\/p>\n<p> \u00a0<\/p>\n<p> \u00a0<\/p>\n<p> \u00a0<\/p>\n<p> \u00a0<\/p>\n<p> \u00a0<\/p>\n<\/div>\n<\/div>\n<p> \u00a0<\/p>\n<\/div>\n<p>[analyse_source url=&#8221;https:\/\/www.zf.ro\/opinii\/lucian-bondoc-managing-partner-bondoc-asociatii-pro-occidentalii-pro-europenii-pro-rusii-si-pro-romanii-23228787&#8243;]<\/p>\n","protected":false},"excerpt":{"rendered":"<p>[analyse_image type=&#8221;featured&#8221; src=&#8221;https:\/\/storage0.dms.mpinteractiv.ro\/media\/1\/1481\/10369\/23228787\/1\/a878e757-e78b-4405-bd3e-58eabfc4ccc0.jpghttps:\/\/storage0.dms.mpinteractiv.ro\/media\/1\/1481\/10369\/23228787\/1\/a878e757-e78b-4405-bd3e-58eabfc4ccc0.jpg&#8221;] Pentru o c\u00e2t mai bun\u0103 \u00een\u0163elegere a situa\u0163iei actuale din Rom\u00e2nia este necesar s\u0103 fie avute \u00een vedere mai multe dimensiuni. Pe plan pur intern, este evident c\u0103 pachetele de modific\u0103ri legislative din ultimul an \u015fi ceva au afectat nu doar segmente mari din popula\u0163ie, ci \u015fi grupuri de interese influente. \u00cen [&hellip;]<\/p>\n","protected":false},"author":1,"featured_media":0,"comment_status":"open","ping_status":"","sticky":false,"template":"","format":"standard","meta":{"footnotes":""},"categories":[89],"tags":[226,28],"class_list":["post-2122767","post","type-post","status-publish","format-standard","hentry","category-romania","tag-crawlmanager","tag-zf-ro"],"_links":{"self":[{"href":"https:\/\/analyse.optim.biz\/index.php?rest_route=\/wp\/v2\/posts\/2122767","targetHints":{"allow":["GET"]}}],"collection":[{"href":"https:\/\/analyse.optim.biz\/index.php?rest_route=\/wp\/v2\/posts"}],"about":[{"href":"https:\/\/analyse.optim.biz\/index.php?rest_route=\/wp\/v2\/types\/post"}],"author":[{"embeddable":true,"href":"https:\/\/analyse.optim.biz\/index.php?rest_route=\/wp\/v2\/users\/1"}],"replies":[{"embeddable":true,"href":"https:\/\/analyse.optim.biz\/index.php?rest_route=%2Fwp%2Fv2%2Fcomments&post=2122767"}],"version-history":[{"count":0,"href":"https:\/\/analyse.optim.biz\/index.php?rest_route=\/wp\/v2\/posts\/2122767\/revisions"}],"wp:attachment":[{"href":"https:\/\/analyse.optim.biz\/index.php?rest_route=%2Fwp%2Fv2%2Fmedia&parent=2122767"}],"wp:term":[{"taxonomy":"category","embeddable":true,"href":"https:\/\/analyse.optim.biz\/index.php?rest_route=%2Fwp%2Fv2%2Fcategories&post=2122767"},{"taxonomy":"post_tag","embeddable":true,"href":"https:\/\/analyse.optim.biz\/index.php?rest_route=%2Fwp%2Fv2%2Ftags&post=2122767"}],"curies":[{"name":"wp","href":"https:\/\/api.w.org\/{rel}","templated":true}]}}