{"id":2122762,"date":"2026-09-01T17:01:01","date_gmt":"2026-09-01T14:01:01","guid":{"rendered":"https:\/\/analyse.optim.biz\/?p=2122762"},"modified":"2026-09-01T17:01:01","modified_gmt":"2026-09-01T14:01:01","slug":"ghiozdane-complet-echipate-pentru-inceperea-noului-an-scolar-distribuite-printr-un-proiect-european-unor-copii-de-la-scoala-gimnaziala-berchisesti-si-scoala-gimnaziala-nr-3-vicovu-de-sus","status":"publish","type":"post","link":"https:\/\/analyse.optim.biz\/?p=2122762","title":{"rendered":"Ghiozdane complet echipate pentru \u00eenceperea noului an \u0219colar distribuite printr-un proiect european unor copii de la \u0218coala Gimnazial\u0103 Berchi\u0219e\u0219ti \u0219i \u0218coala Gimnazial\u0103 nr.3 Vicovu de Sus"},"content":{"rendered":"<p>[analyse_image type=&#8221;featured&#8221; src=&#8221;https:\/\/img.svnews.ro\/foto\/2026\/09\/01\/557349\/0e1d87641144cc735cce1ced1.jpeg&#8221;]<\/p>\n<div class=\"entry\"><img loading=\"lazy\" decoding=\"async\" width=\"650\" height=\"325\" src=\"https:\/\/img.svnews.ro\/foto\/2026\/09\/01\/557349\/0e1d87641144cc735cce1ced106500325.jpeg\" alt><\/p>\n<div class=\"entry_content\">\n<p>Asocia\u021bia Consultan\u021bilor \u00een Dezvoltare Comunitar\u0103 \u2013 ACDC organizeaz\u0103 evenimentul de lansare al proiectului \u201eEDU ACCES \u2013 Acces la educa\u021bie pentru un viitor mai bun!\u201d, proiect cofinan\u021bat de Uniunea European\u0103 prin Fondul Social European+, \u00een cadrul Programului Educa\u021bie \u0219i Ocupare 2021\u20132027 \u0219i implementat \u00een parteneriat cu \u0218coala Gimnazial\u0103 Berchi\u0219e\u0219ti \u0219i \u0218coala Gimnazial\u0103 Nr.3 Vicovu de Sus, \u0219i av\u00e2nd colaborarea Prim\u0103riei Comunei Berchi\u0219e\u0219ti, respectiv al Prim\u0103riei Ora\u0219ului Vicovu de Sus.<\/p>\n<p>Evenimentul va avea loc \u00een data de 3 septembrie \u00eencep\u00e2nd cu ora 11:00, la \u0218coala Gimnazial\u0103 Berchi\u0219e\u0219ti, str. Daniil Oniga, nr. 141. Cu aceast\u0103 ocazie vor fi distribuite copiilor selecta\u021bi din comunitate ghiozdane complet echipate pentru \u00eenceperea noului an \u0219colar, vor fi \u00a0prezentate obiectivele, activit\u0103\u021bile \u0219i rezultatele urm\u0103rite prin proiect, \u0219i se va realiza informarea comunit\u0103\u021bii cu privire la m\u0103surile destinate sprijinirii accesului la educa\u021bie \u0219i promov\u0103rii incluziunii prin activit\u0103\u021bi educative personalizate. Totodat\u0103, \u00eent\u00e2lnirea va constitui un prilej de dialog \u0219i de consolidare a colabor\u0103rii dintre actorii implica\u021bi \u00een sus\u021binerea educa\u021biei \u0219i dezvoltarea comunit\u0103\u021bii locale.<\/p>\n<p>\u00a0<\/p>\n<p><img loading=\"lazy\" decoding=\"async\" class=\"alignnone size-medium wp-image-557350\" src=\"https:\/\/img.svnews.ro\/foto\/2026\/09\/01\/557349\/0e1d87641144cc735cce1ced106500920.jpeg\" alt width=\"650\" height=\"920\"><\/p>\n<\/div>\n<div>\n<div>VN:F [1.9.22_1171]<\/div>\n<div class=\"ratingblock \">\n<div class=\"ratingstars \">\n<div id=\"article_loader_557349\" class=\"ratingloaderarticle\">\n<div class=\"loader arrows \">\n<div class=\"loaderinner\">se actualizeaz\u0103&#8230;<\/div>\n<\/div>\n<\/div>\n<\/div>\n<div class=\"ratingtext \">\n<div id=\"gdr_text_a557349\">Rating: 0.0\/<strong>10<\/strong> (0 votes cast)<\/div>\n<\/div>\n<\/div>\n<\/div>\n<\/div>\n<div class=\"entry_content\">\n<p>Asocia\u021bia Consultan\u021bilor \u00een Dezvoltare Comunitar\u0103 \u2013 ACDC organizeaz\u0103 evenimentul de lansare al proiectului \u201eEDU ACCES \u2013 Acces la educa\u021bie pentru un viitor mai bun!\u201d, proiect cofinan\u021bat de Uniunea European\u0103 prin Fondul Social European+, \u00een cadrul Programului Educa\u021bie \u0219i Ocupare 2021\u20132027 \u0219i implementat \u00een parteneriat cu \u0218coala Gimnazial\u0103 Berchi\u0219e\u0219ti \u0219i \u0218coala Gimnazial\u0103 Nr.3 Vicovu de Sus, \u0219i av\u00e2nd colaborarea Prim\u0103riei Comunei Berchi\u0219e\u0219ti, respectiv al Prim\u0103riei Ora\u0219ului Vicovu de Sus.<\/p>\n<p>Evenimentul va avea loc \u00een data de 3 septembrie \u00eencep\u00e2nd cu ora 11:00, la \u0218coala Gimnazial\u0103 Berchi\u0219e\u0219ti, str. Daniil Oniga, nr. 141. Cu aceast\u0103 ocazie vor fi distribuite copiilor selecta\u021bi din comunitate ghiozdane complet echipate pentru \u00eenceperea noului an \u0219colar, vor fi \u00a0prezentate obiectivele, activit\u0103\u021bile \u0219i rezultatele urm\u0103rite prin proiect, \u0219i se va realiza informarea comunit\u0103\u021bii cu privire la m\u0103surile destinate sprijinirii accesului la educa\u021bie \u0219i promov\u0103rii incluziunii prin activit\u0103\u021bi educative personalizate. Totodat\u0103, \u00eent\u00e2lnirea va constitui un prilej de dialog \u0219i de consolidare a colabor\u0103rii dintre actorii implica\u021bi \u00een sus\u021binerea educa\u021biei \u0219i dezvoltarea comunit\u0103\u021bii locale.<\/p>\n<p>\u00a0<\/p>\n<p><img loading=\"lazy\" decoding=\"async\" class=\"alignnone size-medium wp-image-557350\" src=\"https:\/\/img.svnews.ro\/foto\/2026\/09\/01\/557349\/0e1d87641144cc735cce1ced106500920.jpeg\" alt width=\"650\" height=\"920\"><\/p>\n<\/div>\n<p>[analyse_source url=&#8221;https:\/\/www.svnews.ro\/ghiozdane-complet-echipate-pentru-inceperea-noului-an-scolar-distribuite-printr-un-proiect-european-unor-copii-de-la-scoala-gimnaziala-berchisesti-si-scoala-gimnaziala-nr-3-vicovu-de-sus\/557349\/&#8221;]<\/p>\n","protected":false},"excerpt":{"rendered":"<p>[analyse_image type=&#8221;featured&#8221; src=&#8221;https:\/\/img.svnews.ro\/foto\/2026\/09\/01\/557349\/0e1d87641144cc735cce1ced1.jpeg&#8221;] Asocia\u021bia Consultan\u021bilor \u00een Dezvoltare Comunitar\u0103 \u2013 ACDC organizeaz\u0103 evenimentul de lansare al proiectului \u201eEDU ACCES \u2013 Acces la educa\u021bie pentru un viitor mai bun!\u201d, proiect cofinan\u021bat de Uniunea European\u0103 prin Fondul Social European+, \u00een cadrul Programului Educa\u021bie \u0219i Ocupare 2021\u20132027 \u0219i implementat \u00een parteneriat cu \u0218coala Gimnazial\u0103 Berchi\u0219e\u0219ti \u0219i \u0218coala Gimnazial\u0103 Nr.3 [&hellip;]<\/p>\n","protected":false},"author":1,"featured_media":0,"comment_status":"open","ping_status":"","sticky":false,"template":"","format":"standard","meta":{"footnotes":""},"categories":[89],"tags":[226,175],"class_list":["post-2122762","post","type-post","status-publish","format-standard","hentry","category-romania","tag-crawlmanager","tag-svnews-ro"],"_links":{"self":[{"href":"https:\/\/analyse.optim.biz\/index.php?rest_route=\/wp\/v2\/posts\/2122762","targetHints":{"allow":["GET"]}}],"collection":[{"href":"https:\/\/analyse.optim.biz\/index.php?rest_route=\/wp\/v2\/posts"}],"about":[{"href":"https:\/\/analyse.optim.biz\/index.php?rest_route=\/wp\/v2\/types\/post"}],"author":[{"embeddable":true,"href":"https:\/\/analyse.optim.biz\/index.php?rest_route=\/wp\/v2\/users\/1"}],"replies":[{"embeddable":true,"href":"https:\/\/analyse.optim.biz\/index.php?rest_route=%2Fwp%2Fv2%2Fcomments&post=2122762"}],"version-history":[{"count":0,"href":"https:\/\/analyse.optim.biz\/index.php?rest_route=\/wp\/v2\/posts\/2122762\/revisions"}],"wp:attachment":[{"href":"https:\/\/analyse.optim.biz\/index.php?rest_route=%2Fwp%2Fv2%2Fmedia&parent=2122762"}],"wp:term":[{"taxonomy":"category","embeddable":true,"href":"https:\/\/analyse.optim.biz\/index.php?rest_route=%2Fwp%2Fv2%2Fcategories&post=2122762"},{"taxonomy":"post_tag","embeddable":true,"href":"https:\/\/analyse.optim.biz\/index.php?rest_route=%2Fwp%2Fv2%2Ftags&post=2122762"}],"curies":[{"name":"wp","href":"https:\/\/api.w.org\/{rel}","templated":true}]}}