{"id":2122712,"date":"2026-09-01T16:03:55","date_gmt":"2026-09-01T13:03:55","guid":{"rendered":"https:\/\/analyse.optim.biz\/?p=2122712"},"modified":"2026-09-01T16:03:55","modified_gmt":"2026-09-01T13:03:55","slug":"furia-este-o-emotie-dar-reactia-la-furie-este-o-alegere-cum-ii-invata-serviciul-de-probatiune-buzau-sa-si-controleze-reactiile-pe-cei-aflati-in-supraveghere","status":"publish","type":"post","link":"https:\/\/analyse.optim.biz\/?p=2122712","title":{"rendered":"\u201eFuria este o emo\u021bie, dar reac\u021bia la furie este o alegere\u201d. Cum \u00eei \u00eenva\u021b\u0103 Serviciul de Proba\u021biune Buz\u0103u s\u0103-\u0219i controleze reac\u021biile pe cei afla\u021bi \u00een supraveghere"},"content":{"rendered":"<p>[analyse_image type=&#8221;featured&#8221; src=&#8221;https:\/\/gazetabuzoiana.ro\/wp-content\/uploads\/2026\/09\/furia.jpeg&#8221;]<\/p>\n<div class=\"entry-content entry clearfix\">\n<p class=\"wp-block-paragraph\">Persoanele aflate \u00een supravegherea Serviciului de Proba\u021biune Buz\u0103u care se confrunt\u0103 cu probleme \u00een gestionarea furiei au participat, \u00een luna august, la un program destinat dezvolt\u0103rii autocontrolului \u0219i prevenirii reac\u021biilor impulsive. Este vorba despre programul de reintegrare social\u0103 I-MAP \u2013 gestionarea furiei, derulat \u00een cadrul activit\u0103\u021bii curente a institu\u021biei.<\/p>\n<p class=\"wp-block-paragraph\">Programul urm\u0103re\u0219te s\u0103-i ajute pe participan\u021bi s\u0103 \u00een\u021beleag\u0103 mai bine ce se \u00eent\u00e2mpl\u0103 \u00een momentele de furie, s\u0103 identifice factorii care declan\u0219eaz\u0103 reac\u021biile \u0219i s\u0103 \u00eenve\u021be s\u0103 r\u0103spund\u0103 controlat \u00een situa\u021bii tensionate.<\/p>\n<p class=\"wp-block-paragraph\">Unul dintre obiective este reducerea comportamentelor conflictuale \u0219i a riscului de recidiv\u0103, dar \u0219i prevenirea situa\u021biilor \u00een care o reac\u021bie impulsiv\u0103 poate degenera \u00eentr-un conflict sau chiar \u00eentr-un comportament agresiv.<\/p>\n<h3 class=\"wp-block-heading\">De la emo\u021bie la reac\u021bie<\/h3>\n<p class=\"wp-block-paragraph\">Sesiunile I-MAP \u00eei ajut\u0103 pe participan\u021bi s\u0103 observe leg\u0103tura dintre ceea ce g\u00e2ndesc, ceea ce simt \u0219i modul \u00een care reac\u021bioneaz\u0103. Sunt abordate inclusiv modalit\u0103\u021bi de comunicare asertiv\u0103, astfel \u00eenc\u00e2t opiniile, nevoile \u0219i emo\u021biile s\u0103 poat\u0103 fi exprimate clar, f\u0103r\u0103 agresivitate.<\/p>\n<p class=\"wp-block-paragraph\">Programul este structurat \u00een <strong>nou\u0103 \u00eentrevederi individuale, desf\u0103\u0219urate s\u0103pt\u0103m\u00e2nal<\/strong>, \u0219i combin\u0103 informa\u021biile teoretice cu exerci\u021bii practice. Ideea este ca participan\u021bii s\u0103 nu r\u0103m\u00e2n\u0103 doar cu informa\u021bii despre furie, ci s\u0103 exerseze efectiv modalit\u0103\u021bi prin care \u00ee\u0219i pot controla reac\u021biile \u0219i pe care s\u0103 le poat\u0103 folosi \u00een via\u021ba de zi cu zi.<\/p>\n<p class=\"wp-block-paragraph\">Mesajul central al programului este unul simplu: <strong>\u201eFuria este o emo\u021bie, dar reac\u021bia la furie este o alegere.\u201d<\/strong><\/p>\n<h3 class=\"wp-block-heading\">\u201eClipa de r\u0103gaz\u201d, tehnica prin care se creeaz\u0103 o pauz\u0103 \u00eenainte de reac\u021bie<\/h3>\n<p class=\"wp-block-paragraph\">Una dintre tehnicile prezentate \u00een cadrul programului este \u201eClipa de r\u0103gaz\u201d. Aceasta presupune aproximativ trei minute \u00een care persoana \u00ee\u0219i con\u0219tientizeaz\u0103 emo\u021biile, se concentreaz\u0103 asupra respira\u021biei \u0219i \u00ee\u0219i \u00eendreapt\u0103 aten\u021bia c\u0103tre propriul corp.<\/p>\n<p class=\"wp-block-paragraph\">Scopul este reducerea intensit\u0103\u021bii emo\u021biei \u0219i, mai ales, crearea unei pauze \u00eentre momentul \u00een care apare furia \u0219i reac\u021bia propriu-zis\u0103.<\/p>\n<p class=\"wp-block-paragraph\">\u00cen loc ca tensiunea s\u0103 duc\u0103 imediat la o reac\u021bie agresiv\u0103, persoana este \u00eencurajat\u0103 s\u0103 se opreasc\u0103, s\u0103-\u0219i observe starea \u0219i s\u0103 aleag\u0103 con\u0219tient ce face mai departe.<\/p>\n<p class=\"wp-block-paragraph\">O alt\u0103 metod\u0103 folosit\u0103 este cea a \u201eCartona\u0219elor cu indicii\u201d. Acestea con\u021bin mesaje scurte care pot servi drept repere \u00een momentele de tensiune: <strong>\u201eRespir\u0103 \u0219i num\u0103r\u0103 p\u00e2n\u0103 la 10!\u201d, \u201eFuria nu decide \u00een locul meu!\u201d, \u201ePot s\u0103 aleg s\u0103 plec din conflict!\u201d<\/strong> sau <strong>\u201eVorbe\u0219te, nu r\u0103ni!\u201d<\/strong>.<\/p>\n<h3 class=\"wp-block-heading\">Un program care vizeaz\u0103 \u0219i prevenirea violen\u021bei<\/h3>\n<p class=\"wp-block-paragraph\">Serviciul de Proba\u021biune Buz\u0103u transmite c\u0103 aplicarea programului I-MAP completeaz\u0103 demersurile de prevenire a violen\u021bei domestice desf\u0103\u0219urate \u00een cadrul campaniei <strong>\u201eFuria trece, consecin\u021bele r\u0103m\u00e2n. Apas\u0103 RESTART \u2013 tu controlezi schimbarea!\u201d<\/strong>.<\/p>\n<p class=\"wp-block-paragraph\">Interven\u021bia este inclus\u0103, totodat\u0103, \u00een eforturile de atingere a obiectivelor Strategiei Na\u021bionale de Prevenire a Recidivei 2025\u20132029.<\/p>\n<p class=\"wp-block-paragraph\">\u00cen esen\u021b\u0103, participan\u021bii sunt \u00eencuraja\u021bi s\u0103 urmeze trei pa\u0219i: <strong>\u201e\u00een\u021beleg ce mi se \u00eent\u00e2mpl\u0103 \u2013 observ ce g\u00e2ndesc \u0219i ce simt \u2013 aleg cum r\u0103spund\u201d<\/strong>.<\/p>\n<p class=\"wp-block-paragraph\">Este o abordare prin care se \u00eencearc\u0103 prevenirea situa\u021biilor \u00een care o reac\u021bie de moment ajunge s\u0103 produc\u0103 efecte pe termen lung.<\/p>\n<p class=\"wp-block-paragraph\">Serviciul de Proba\u021biune Buz\u0103u consider\u0103 c\u0103 astfel de programe reprezint\u0103 o investi\u021bie \u00een reintegrarea persoanelor supravegheate \u0219i \u00een siguran\u021ba comunit\u0103\u021bii. Dezvoltarea autocontrolului \u0219i a unor modalit\u0103\u021bi s\u0103n\u0103toase de gestionare a conflictelor poate \u00eensemna rela\u021bii mai stabile, familii mai sigure \u0219i reducerea riscului ca persoanele care au ajuns \u00een aten\u021bia sistemului de justi\u021bie s\u0103 repete comportamentele care le-au adus \u00een aceast\u0103 situa\u021bie.<\/p>\n<div class=\"post-bottom-meta post-bottom-tags post-tags-modern\">\n<div class=\"post-bottom-meta-title\"> Etichete<\/div>\n<p><span class=\"tagcloud\"><a href=\"https:\/\/gazetabuzoiana.ro\/tag\/autocontrol\/\" rel=\"tag\">autocontrol<\/a><a href=\"https:\/\/gazetabuzoiana.ro\/tag\/buzau-2\/\" rel=\"tag\">Buz\u0103u<\/a><a href=\"https:\/\/gazetabuzoiana.ro\/tag\/comportament-agresiv\/\" rel=\"tag\">comportament agresiv<\/a><a href=\"https:\/\/gazetabuzoiana.ro\/tag\/furia-trece-consecintele-raman\/\" rel=\"tag\">Furia trece consecin\u021bele r\u0103m\u00e2n<\/a><a href=\"https:\/\/gazetabuzoiana.ro\/tag\/gestionarea-emotiilor\/\" rel=\"tag\">gestionarea emo\u021biilor<\/a><a href=\"https:\/\/gazetabuzoiana.ro\/tag\/gestionarea-furiei\/\" rel=\"tag\">gestionarea furiei<\/a><a href=\"https:\/\/gazetabuzoiana.ro\/tag\/i-map\/\" rel=\"tag\">I-MAP<\/a><a href=\"https:\/\/gazetabuzoiana.ro\/tag\/prevenirea-recidivei\/\" rel=\"tag\">prevenirea recidivei<\/a><a href=\"https:\/\/gazetabuzoiana.ro\/tag\/prevenirea-violentei\/\" rel=\"tag\">prevenirea violen\u021bei<\/a><a href=\"https:\/\/gazetabuzoiana.ro\/tag\/reintegrare-sociala\/\" rel=\"tag\">reintegrare social\u0103<\/a><a href=\"https:\/\/gazetabuzoiana.ro\/tag\/serviciul-de-probatiune-buzau\/\" rel=\"tag\">Serviciul de Proba\u021biune Buz\u0103u<\/a><a href=\"https:\/\/gazetabuzoiana.ro\/tag\/siguranta-comunitatii\/\" rel=\"tag\">siguran\u021ba comunit\u0103\u021bii<\/a><a href=\"https:\/\/gazetabuzoiana.ro\/tag\/strategia-nationala-de-prevenire-a-recidivei\/\" rel=\"tag\">Strategia Na\u021bional\u0103 de Prevenire a Recidivei<\/a><a href=\"https:\/\/gazetabuzoiana.ro\/tag\/violenta-domestica-2\/\" rel=\"tag\">violen\u021b\u0103 domestic\u0103<\/a><\/span><\/div>\n<\/div>\n<p>[analyse_source url=&#8221;https:\/\/gazetabuzoiana.ro\/2026\/09\/01\/furia-este-o-emotie-dar-reactia-la-furie-este-o-alegere-cum-ii-invata-serviciul-de-probatiune-buzau-sa-si-controleze-reactiile-pe-cei-aflati-in-supraveghere\/&#8221;]<\/p>\n","protected":false},"excerpt":{"rendered":"<p>[analyse_image type=&#8221;featured&#8221; src=&#8221;https:\/\/gazetabuzoiana.ro\/wp-content\/uploads\/2026\/09\/furia.jpeg&#8221;] Persoanele aflate \u00een supravegherea Serviciului de Proba\u021biune Buz\u0103u care se confrunt\u0103 cu probleme \u00een gestionarea furiei au participat, \u00een luna august, la un program destinat dezvolt\u0103rii autocontrolului \u0219i prevenirii reac\u021biilor impulsive. Este vorba despre programul de reintegrare social\u0103 I-MAP \u2013 gestionarea furiei, derulat \u00een cadrul activit\u0103\u021bii curente a institu\u021biei. Programul urm\u0103re\u0219te s\u0103-i [&hellip;]<\/p>\n","protected":false},"author":1,"featured_media":0,"comment_status":"open","ping_status":"","sticky":false,"template":"","format":"standard","meta":{"footnotes":""},"categories":[2],"tags":[226,38],"class_list":["post-2122712","post","type-post","status-publish","format-standard","hentry","category-politics","tag-crawlmanager","tag-gazetabuzoiana-ro"],"_links":{"self":[{"href":"https:\/\/analyse.optim.biz\/index.php?rest_route=\/wp\/v2\/posts\/2122712","targetHints":{"allow":["GET"]}}],"collection":[{"href":"https:\/\/analyse.optim.biz\/index.php?rest_route=\/wp\/v2\/posts"}],"about":[{"href":"https:\/\/analyse.optim.biz\/index.php?rest_route=\/wp\/v2\/types\/post"}],"author":[{"embeddable":true,"href":"https:\/\/analyse.optim.biz\/index.php?rest_route=\/wp\/v2\/users\/1"}],"replies":[{"embeddable":true,"href":"https:\/\/analyse.optim.biz\/index.php?rest_route=%2Fwp%2Fv2%2Fcomments&post=2122712"}],"version-history":[{"count":0,"href":"https:\/\/analyse.optim.biz\/index.php?rest_route=\/wp\/v2\/posts\/2122712\/revisions"}],"wp:attachment":[{"href":"https:\/\/analyse.optim.biz\/index.php?rest_route=%2Fwp%2Fv2%2Fmedia&parent=2122712"}],"wp:term":[{"taxonomy":"category","embeddable":true,"href":"https:\/\/analyse.optim.biz\/index.php?rest_route=%2Fwp%2Fv2%2Fcategories&post=2122712"},{"taxonomy":"post_tag","embeddable":true,"href":"https:\/\/analyse.optim.biz\/index.php?rest_route=%2Fwp%2Fv2%2Ftags&post=2122712"}],"curies":[{"name":"wp","href":"https:\/\/api.w.org\/{rel}","templated":true}]}}