{"id":2122710,"date":"2026-09-01T15:54:05","date_gmt":"2026-09-01T12:54:05","guid":{"rendered":"https:\/\/analyse.optim.biz\/?p=2122710"},"modified":"2026-09-01T15:54:05","modified_gmt":"2026-09-01T12:54:05","slug":"stefan-doloiu-ramane-seful-politiei-buzau-a-castigat-concursul-organizat-de-igpr","status":"publish","type":"post","link":"https:\/\/analyse.optim.biz\/?p=2122710","title":{"rendered":"\u0218tefan Doloiu r\u0103m\u00e2ne \u0219eful Poli\u021biei Buz\u0103u. A c\u00e2\u0219tigat concursul organizat de IGPR"},"content":{"rendered":"<p>[analyse_image type=&#8221;featured&#8221; src=&#8221;https:\/\/gazetabuzoiana.ro\/wp-content\/uploads\/2026\/07\/stefan-doloiu.webp&#8221;]<\/p>\n<div class=\"entry-content entry clearfix\">\n<p class=\"wp-block-paragraph\">Comisarul-\u0219ef \u0218tefan Doloiu este, \u00eencep\u00e2nd de ast\u0103zi, inspector-\u0219ef al Inspectoratului de Poli\u021bie Jude\u021bean Buz\u0103u cu acte \u00een regul\u0103. Acesta a promovat concursul organizat de Inspectoratul General al Poli\u021biei Rom\u00e2ne pentru ocuparea func\u021biei, dup\u0103 aproape doi ani \u00een care a condus institu\u021bia prin \u00eemputernicire.<\/p>\n<p class=\"wp-block-paragraph\">Concursul s-a desf\u0103\u0219urat mar\u021bi, 1 septembrie, la sediul IGPR, iar \u0218tefan Doloiu a fost singurul candidat \u00eenscris pentru func\u021bia de inspector-\u0219ef al IPJ Buz\u0103u.<\/p>\n<p class=\"wp-block-paragraph\">Proba decisiv\u0103 a fost interviul structurat pe subiecte profesionale, iar pentru promovarea concursului era necesar\u0103 ob\u021binerea unei note de minimum 7. Comisarul-\u0219ef a ob\u021binut <strong>7,61<\/strong>, fiind declarat admis.<\/p>\n<p class=\"wp-block-paragraph\">Astfel, \u0218tefan Doloiu \u00ee\u0219i p\u0103streaz\u0103 func\u021bia pe care o ocup\u0103 din august 2024, \u00eens\u0103 de aceast\u0103 dat\u0103 \u00een urma unui concurs \u0219i nu prin \u00eemputernicire.<\/p>\n<p class=\"wp-block-paragraph\">Participarea lui \u0218tefan Doloiu la concurs nu a fost o surpriz\u0103. La sf\u00e2r\u0219itul lunii iulie, c\u00e2nd postul de inspector-\u0219ef a fost scos la concurs, surse din cadrul Poli\u021biei confirmau c\u0103 actualul comandant urma s\u0103 se \u00eenscrie.<\/p>\n<p class=\"wp-block-paragraph\">Decizia ar\u0103ta inten\u021bia acestuia de a r\u0103m\u00e2ne la conducerea Poli\u021biei buzoiene, dup\u0103 ce mandatul s\u0103u, care ini\u021bial fusese g\u00e2ndit pentru o perioad\u0103 limitat\u0103, a fost prelungit succesiv.<\/p>\n<p class=\"wp-block-paragraph\">Doloiu este, de asemenea, titular \u00een cadrul Brig\u0103zii de Combatere a Criminalit\u0103\u021bii Organizate Bucure\u0219ti. Ocuparea definitiv\u0103 a func\u021biei de la Buz\u0103u \u00eenseamn\u0103 c\u0103 acesta va r\u0103m\u00e2ne la conducerea IPJ Buz\u0103u \u0219i va renun\u021ba la postul de\u021binut \u00een structura de combatere a criminalit\u0103\u021bii organizate.<\/p>\n<p class=\"wp-block-paragraph\">\u00cen perioada \u00een care \u0218tefan Doloiu s-a aflat la conducerea IPJ Buz\u0103u, una dintre direc\u021biile asupra c\u0103rora institu\u021bia a pus accent a fost aplicarea m\u0103surilor preventive \u0219i combaterea infrac\u021bionalit\u0103\u021bii.<\/p>\n<p class=\"wp-block-paragraph\">Potrivit datelor prezentate anterior de surse din cadrul Poli\u021biei, numai \u00een primele cinci luni ale acestui an, aproximativ 200 de persoane au fost re\u021binute pentru 24 de ore. Pentru compara\u021bie, \u00een 2025 au fost dispuse 191 de m\u0103suri preventive, iar \u00een 2024 au fost 163.<\/p>\n<p class=\"wp-block-paragraph\">Zona combaterii criminalit\u0103\u021bii organizate este, de altfel, una dintre specializ\u0103rile lui \u0218tefan Doloiu. Acesta are experien\u021b\u0103 \u00een cadrul Brig\u0103zii de Combatere a Criminalit\u0103\u021bii Organizate Bucure\u0219ti \u0219i a urmat cursuri de specializare \u00een combaterea traficului de droguri, precum \u0219i \u00een combaterea crimei organizate \u0219i antidrog.<\/p>\n<p class=\"wp-block-paragraph\">La conducerea IPJ Buz\u0103u, \u0218tefan Doloiu face echip\u0103 cu comisarul-\u0219ef Valentin Dorin Miric\u0103, adjunctul inspectorului-\u0219ef.<\/p>\n<p class=\"wp-block-paragraph\">Func\u021bia de inspector-\u0219ef a devenit vacant\u0103 dup\u0103 plecarea fostului \u0219ef al IPJ Buz\u0103u, iar \u00een ultimii ani conducerea institu\u021biei a fost asigurat\u0103 prin \u00eemputernicire. Concursul organizat de IGPR pune, astfel, cap\u0103t perioadei \u00een care Poli\u021bia buzoian\u0103 a avut conducerea asigurat\u0103 temporar.<\/p>\n<p class=\"wp-block-paragraph\">De ast\u0103zi, \u0218tefan Doloiu are mandatul ob\u021binut prin concurs pentru func\u021bia de inspector-\u0219ef al IPJ Buz\u0103u.<\/p>\n<div class=\"post-bottom-meta post-bottom-tags post-tags-modern\">\n<div class=\"post-bottom-meta-title\"> Etichete<\/div>\n<p><span class=\"tagcloud\"><a href=\"https:\/\/gazetabuzoiana.ro\/tag\/buzau-2\/\" rel=\"tag\">Buz\u0103u<\/a><a href=\"https:\/\/gazetabuzoiana.ro\/tag\/concurs-sef-ipj-buzau\/\" rel=\"tag\">concurs \u0219ef IPJ Buz\u0103u<\/a><a href=\"https:\/\/gazetabuzoiana.ro\/tag\/conducerea-ipj-buzau\/\" rel=\"tag\">conducerea IPJ Buz\u0103u<\/a><a href=\"https:\/\/gazetabuzoiana.ro\/tag\/criminalitate-organizata\/\" rel=\"tag\">criminalitate organizat\u0103<\/a><a href=\"https:\/\/gazetabuzoiana.ro\/tag\/igpr\/\" rel=\"tag\">IGPR<\/a><a href=\"https:\/\/gazetabuzoiana.ro\/tag\/inspector-sef\/\" rel=\"tag\">inspector-\u0219ef<\/a><a href=\"https:\/\/gazetabuzoiana.ro\/tag\/inspectoratul-de-politie-judetean-buzau\/\" rel=\"tag\">Inspectoratul de Poli\u021bie Jude\u021bean Buz\u0103u<\/a><a href=\"https:\/\/gazetabuzoiana.ro\/tag\/inspectoratul-general-al-politiei-romane\/\" rel=\"tag\">Inspectoratul General al Poli\u021biei Rom\u00e2ne<\/a><a href=\"https:\/\/gazetabuzoiana.ro\/tag\/ipj-buzau-2\/\" rel=\"tag\">IPJ Buz\u0103u<\/a><a href=\"https:\/\/gazetabuzoiana.ro\/tag\/politia-buzau\/\" rel=\"tag\">poli\u021bia Buz\u0103u<\/a><a href=\"https:\/\/gazetabuzoiana.ro\/tag\/politie\/\" rel=\"tag\">poli\u021bie<\/a><a href=\"https:\/\/gazetabuzoiana.ro\/tag\/sef-politia-buzau\/\" rel=\"tag\">\u0219ef Poli\u021bia Buz\u0103u<\/a><a href=\"https:\/\/gazetabuzoiana.ro\/tag\/stefan-doloiu\/\" rel=\"tag\">\u0218tefan Doloiu<\/a><a href=\"https:\/\/gazetabuzoiana.ro\/tag\/valentin-dorin-mirica\/\" rel=\"tag\">Valentin Dorin Miric\u0103<\/a><\/span><\/div>\n<\/div>\n<p>[analyse_source url=&#8221;https:\/\/gazetabuzoiana.ro\/2026\/09\/01\/stefan-doloiu-ramane-seful-politiei-buzau-a-castigat-concursul-organizat-de-igpr\/&#8221;]<\/p>\n","protected":false},"excerpt":{"rendered":"<p>[analyse_image type=&#8221;featured&#8221; src=&#8221;https:\/\/gazetabuzoiana.ro\/wp-content\/uploads\/2026\/07\/stefan-doloiu.webp&#8221;] Comisarul-\u0219ef \u0218tefan Doloiu este, \u00eencep\u00e2nd de ast\u0103zi, inspector-\u0219ef al Inspectoratului de Poli\u021bie Jude\u021bean Buz\u0103u cu acte \u00een regul\u0103. Acesta a promovat concursul organizat de Inspectoratul General al Poli\u021biei Rom\u00e2ne pentru ocuparea func\u021biei, dup\u0103 aproape doi ani \u00een care a condus institu\u021bia prin \u00eemputernicire. Concursul s-a desf\u0103\u0219urat mar\u021bi, 1 septembrie, la sediul IGPR, [&hellip;]<\/p>\n","protected":false},"author":1,"featured_media":0,"comment_status":"open","ping_status":"","sticky":false,"template":"","format":"standard","meta":{"footnotes":""},"categories":[2],"tags":[226,38],"class_list":["post-2122710","post","type-post","status-publish","format-standard","hentry","category-politics","tag-crawlmanager","tag-gazetabuzoiana-ro"],"_links":{"self":[{"href":"https:\/\/analyse.optim.biz\/index.php?rest_route=\/wp\/v2\/posts\/2122710","targetHints":{"allow":["GET"]}}],"collection":[{"href":"https:\/\/analyse.optim.biz\/index.php?rest_route=\/wp\/v2\/posts"}],"about":[{"href":"https:\/\/analyse.optim.biz\/index.php?rest_route=\/wp\/v2\/types\/post"}],"author":[{"embeddable":true,"href":"https:\/\/analyse.optim.biz\/index.php?rest_route=\/wp\/v2\/users\/1"}],"replies":[{"embeddable":true,"href":"https:\/\/analyse.optim.biz\/index.php?rest_route=%2Fwp%2Fv2%2Fcomments&post=2122710"}],"version-history":[{"count":0,"href":"https:\/\/analyse.optim.biz\/index.php?rest_route=\/wp\/v2\/posts\/2122710\/revisions"}],"wp:attachment":[{"href":"https:\/\/analyse.optim.biz\/index.php?rest_route=%2Fwp%2Fv2%2Fmedia&parent=2122710"}],"wp:term":[{"taxonomy":"category","embeddable":true,"href":"https:\/\/analyse.optim.biz\/index.php?rest_route=%2Fwp%2Fv2%2Fcategories&post=2122710"},{"taxonomy":"post_tag","embeddable":true,"href":"https:\/\/analyse.optim.biz\/index.php?rest_route=%2Fwp%2Fv2%2Ftags&post=2122710"}],"curies":[{"name":"wp","href":"https:\/\/api.w.org\/{rel}","templated":true}]}}