{"id":2122694,"date":"2026-08-31T23:36:46","date_gmt":"2026-08-31T20:36:46","guid":{"rendered":"https:\/\/analyse.optim.biz\/?p=2122694"},"modified":"2026-08-31T23:36:46","modified_gmt":"2026-08-31T20:36:46","slug":"primaria-buzau-anunt-cu-privire-la-prelungirea-termenului-de-informare-publica-pentru-actualizarea-integrala-a-planului-urbanistic-general-al-municipiului-buzau","status":"publish","type":"post","link":"https:\/\/analyse.optim.biz\/?p=2122694","title":{"rendered":"Prim\u0103ria Buz\u0103u, anun\u021b cu privire la prelungirea termenului de informare public\u0103 pentru ACTUALIZAREA INTEGRAL\u0102 A PLANULUI URBANISTIC GENERAL AL MUNICIPIULUI BUZ\u0102U"},"content":{"rendered":"<p>[analyse_image type=&#8221;featured&#8221; src=&#8221;https:\/\/stiridebuzau.ro\/wp-content\/uploads\/2023\/09\/Primaria-Buzau-e1757173521456.jpg&#8221;]<\/p>\n<div class=\"elementor-element elementor-element-22c955c elementor-widget elementor-widget-theme-post-content\" data-id=\"22c955c\" data-element_type=\"widget\" data-widget_type=\"theme-post-content.default\">\n<div class=\"elementor-widget-container\">\n<p>Stima\u0163i cet\u0103\u0163eni,<br \/>\nAducem la cuno\u0219tin\u021b\u0103 public\u0103 prelungirea cu 30 de zile a termenul pentru publicarea r\u0103spunsurilor la observa\u0163iile formulate \u0219i  transmise \u00een  procesul inform\u0103rii publice  pentru documenta\u021bia urbanistic\u0103 P.U.G. municipiul Buz\u0103u, proiectul \u201d ACTUALIZARE INTEGRAL\u0102 A PLANULUI URBANISTIC GENERAL AL MUN. BUZ\u0102U\u201d, parte scrisa \u0219i desenat\u0103, postat\u0103 pe site-ul www.primariei (https:\/\/primariabuzau.ro\/urbanism). <\/p>\n<p>Astfel, perioada ini\u021bial\u0103 din  16.08.2026 \u2013 30.08.2026 se prelunge\u0219te p\u00e2n\u0103   pe 29.09.2026.  <\/p>\n<p>Prezenta \u00een\u0219tiin\u021bare completeaz\u0103 anun\u021bul nr. 104727 din 01.07.2026.<\/p>\n<p>Cu deosebit respect, <\/p>\n<p>                       Arhitect \u0218ef,<br \/>\n           Arh. Raluca Elena Bobescu<br \/>\n                                                                                                                   \u00centocmit,<br \/>\n                                                                                                         Ing. Cristina Stoicescu  <\/p>\n<p><a href=\"https:\/\/stiridebuzau.ro\/wp-content\/uploads\/2026\/09\/Screenshot_20260901-023231_WPS-Office.jpg\"><img loading=\"lazy\" decoding=\"async\" src=\"https:\/\/stiridebuzau.ro\/wp-content\/uploads\/2026\/09\/Screenshot_20260901-023231_WPS-Office-726x1024.jpg\" alt width=\"726\" height=\"1024\" class=\"aligncenter size-large wp-image-77583\"><\/a><\/p>\n<\/div>\n<\/div>\n<div class=\"elementor-element elementor-element-22c955c elementor-widget elementor-widget-theme-post-content\" data-id=\"22c955c\" data-element_type=\"widget\" data-widget_type=\"theme-post-content.default\">\n<div class=\"elementor-widget-container\">\n<p>Stima\u0163i cet\u0103\u0163eni,<br \/>\nAducem la cuno\u0219tin\u021b\u0103 public\u0103 prelungirea cu 30 de zile a termenul pentru publicarea r\u0103spunsurilor la observa\u0163iile formulate \u0219i  transmise \u00een  procesul inform\u0103rii publice  pentru documenta\u021bia urbanistic\u0103 P.U.G. municipiul Buz\u0103u, proiectul \u201d ACTUALIZARE INTEGRAL\u0102 A PLANULUI URBANISTIC GENERAL AL MUN. BUZ\u0102U\u201d, parte scrisa \u0219i desenat\u0103, postat\u0103 pe site-ul www.primariei (https:\/\/primariabuzau.ro\/urbanism). <\/p>\n<p>Astfel, perioada ini\u021bial\u0103 din  16.08.2026 \u2013 30.08.2026 se prelunge\u0219te p\u00e2n\u0103   pe 29.09.2026.  <\/p>\n<p>Prezenta \u00een\u0219tiin\u021bare completeaz\u0103 anun\u021bul nr. 104727 din 01.07.2026.<\/p>\n<p>Cu deosebit respect, <\/p>\n<p>                       Arhitect \u0218ef,<br \/>\n           Arh. Raluca Elena Bobescu<br \/>\n                                                                                                                   \u00centocmit,<br \/>\n                                                                                                         Ing. Cristina Stoicescu  <\/p>\n<p><a href=\"https:\/\/stiridebuzau.ro\/wp-content\/uploads\/2026\/09\/Screenshot_20260901-023231_WPS-Office.jpg\"><img loading=\"lazy\" decoding=\"async\" src=\"https:\/\/stiridebuzau.ro\/wp-content\/uploads\/2026\/09\/Screenshot_20260901-023231_WPS-Office-726x1024.jpg\" alt width=\"726\" height=\"1024\" class=\"aligncenter size-large wp-image-77583\"><\/a><\/p>\n<\/div>\n<\/div>\n<p>[analyse_source url=&#8221;https:\/\/stiridebuzau.ro\/primaria-buzau-anunt-cu-privire-la-prelungirea-termenului-de-informare-publica-pentru-actualizarea-integrala-a-planului-urbanistic-general-al-municipiului-buzau\/&#8221;]<\/p>\n","protected":false},"excerpt":{"rendered":"<p>[analyse_image type=&#8221;featured&#8221; src=&#8221;https:\/\/stiridebuzau.ro\/wp-content\/uploads\/2023\/09\/Primaria-Buzau-e1757173521456.jpg&#8221;] Stima\u0163i cet\u0103\u0163eni, Aducem la cuno\u0219tin\u021b\u0103 public\u0103 prelungirea cu 30 de zile a termenul pentru publicarea r\u0103spunsurilor la observa\u0163iile formulate \u0219i transmise \u00een procesul inform\u0103rii publice pentru documenta\u021bia urbanistic\u0103 P.U.G. municipiul Buz\u0103u, proiectul \u201d ACTUALIZARE INTEGRAL\u0102 A PLANULUI URBANISTIC GENERAL AL MUN. BUZ\u0102U\u201d, parte scrisa \u0219i desenat\u0103, postat\u0103 pe site-ul www.primariei (https:\/\/primariabuzau.ro\/urbanism). Astfel, [&hellip;]<\/p>\n","protected":false},"author":1,"featured_media":0,"comment_status":"open","ping_status":"","sticky":false,"template":"","format":"standard","meta":{"footnotes":""},"categories":[2],"tags":[226,117],"class_list":["post-2122694","post","type-post","status-publish","format-standard","hentry","category-politics","tag-crawlmanager","tag-stiridebuzau-ro"],"_links":{"self":[{"href":"https:\/\/analyse.optim.biz\/index.php?rest_route=\/wp\/v2\/posts\/2122694","targetHints":{"allow":["GET"]}}],"collection":[{"href":"https:\/\/analyse.optim.biz\/index.php?rest_route=\/wp\/v2\/posts"}],"about":[{"href":"https:\/\/analyse.optim.biz\/index.php?rest_route=\/wp\/v2\/types\/post"}],"author":[{"embeddable":true,"href":"https:\/\/analyse.optim.biz\/index.php?rest_route=\/wp\/v2\/users\/1"}],"replies":[{"embeddable":true,"href":"https:\/\/analyse.optim.biz\/index.php?rest_route=%2Fwp%2Fv2%2Fcomments&post=2122694"}],"version-history":[{"count":0,"href":"https:\/\/analyse.optim.biz\/index.php?rest_route=\/wp\/v2\/posts\/2122694\/revisions"}],"wp:attachment":[{"href":"https:\/\/analyse.optim.biz\/index.php?rest_route=%2Fwp%2Fv2%2Fmedia&parent=2122694"}],"wp:term":[{"taxonomy":"category","embeddable":true,"href":"https:\/\/analyse.optim.biz\/index.php?rest_route=%2Fwp%2Fv2%2Fcategories&post=2122694"},{"taxonomy":"post_tag","embeddable":true,"href":"https:\/\/analyse.optim.biz\/index.php?rest_route=%2Fwp%2Fv2%2Ftags&post=2122694"}],"curies":[{"name":"wp","href":"https:\/\/api.w.org\/{rel}","templated":true}]}}