{"id":2122676,"date":"2026-09-01T13:49:52","date_gmt":"2026-09-01T10:49:52","guid":{"rendered":"https:\/\/analyse.optim.biz\/?p=2122676"},"modified":"2026-09-01T13:49:52","modified_gmt":"2026-09-01T10:49:52","slug":"de-azi-ipj-buzau-are-sef-cu-acte-in-regula-cine-a-promovat-concursul-organizat-de-igpr","status":"publish","type":"post","link":"https:\/\/analyse.optim.biz\/?p=2122676","title":{"rendered":"De azi, IPJ Buz\u0103u are \u0219ef cu acte \u00een regul\u0103! Cine a promovat concursul organizat de IGPR"},"content":{"rendered":"<p>[analyse_image type=&#8221;featured&#8221; src=&#8221;https:\/\/sansanews.ro\/wp-content\/uploads\/2020\/07\/107869411_1526756214153000_889182608599018380_n.jpghttps:\/\/sansanews.ro\/wp-content\/uploads\/2020\/07\/107869411_1526756214153000_889182608599018380_n.jpg&#8221;]<\/p>\n<div class=\"entry-content herald-entry-content\">\n<div class=\"herald-ad herald-ad-above-single\"><a href=\"https:\/\/buzau.21k.ro\/\"><img loading=\"lazy\" decoding=\"async\" src=\"https:\/\/sansanews.ro\/wp-content\/uploads\/2026\/08\/300x300-k21.gif\" alt width=\"300\" height=\"300\" class=\"aligncenter size-full wp-image-124436\"><\/a><\/div>\n<p> Poli\u021bia buzoian\u0103 are, de ast\u0103zi, un comandant care ob\u021bine func\u021bia prin concurs. Comisarul \u0219ef \u0218tefan Doloiu a promovat concursul organizat \u00een aceast\u0103 dup\u0103-amiaz\u0103 de IGPR pentru func\u021bia de inspector-\u0219ef al IPJ Buz\u0103u. Doloiu a fost singurul candidat. El a ob\u021binut nota 7,61, fiind declarat admis, nota minim\u0103 necesar\u0103 pentru a promova fiind 7. <\/p>\n<p>\u0218tefan Doloiu se afl\u0103 \u00een func\u021bia de comandant al Poli\u021biei buzoiene din august 2024. P\u00e2n\u0103 acum, el a ocupat func\u021bia cu \u00eemputernicire. Detalii <a href=\"https:\/\/sansanews.ro\/prima-candidatura-anuntata-pentru-sefia-politiei-buzoiene\/\">AICI.<\/a><\/p>\n<div class=\"meta-tags\"><span>Etichete<\/span><a href=\"https:\/\/sansanews.ro\/tag\/concurs-ipj-buzau\/\" rel=\"tag\">concurs ipj buzau<\/a><a href=\"https:\/\/sansanews.ro\/tag\/ipj-buzau\/\" rel=\"tag\">ipj buzau<\/a><\/div>\n<div class=\"herald-share-content\">\n<div class=\"meks_ess rectangle no-labels outline\"><a class=\"meks_ess-item socicon-facebook\" data-url=\"http:\/\/www.facebook.com\/sharer\/sharer.php?u=https%3A%2F%2Fsansanews.ro%2Fde-azi-ipj-buzau-are-sef-cu-acte-in-regula-cine-a-promovat-concursul-organizat-de-igpr%2F&amp;t=De%20azi%2C%20IPJ%20Buz%C4%83u%20are%20%C8%99ef%20cu%20acte%20%C3%AEn%20regul%C4%83%21%20Cine%20a%20promovat%20concursul%20organizat%20de%20IGPR\"><span>Facebook<\/span><\/a><a href=\"https:\/\/api.whatsapp.com\/send?text=De%20azi%2C%20IPJ%20Buz%C4%83u%20are%20%C8%99ef%20cu%20acte%20%C3%AEn%20regul%C4%83%21%20Cine%20a%20promovat%20concursul%20organizat%20de%20IGPR%20https%3A%2F%2Fsansanews.ro%2Fde-azi-ipj-buzau-are-sef-cu-acte-in-regula-cine-a-promovat-concursul-organizat-de-igpr%2F\" class=\"meks_ess-item socicon-whatsapp prevent-share-popup\"><span>WhatsApp<\/span><\/a><a class=\"meks_ess-item socicon-twitter\" data-url=\"http:\/\/twitter.com\/intent\/tweet?url=https%3A%2F%2Fsansanews.ro%2Fde-azi-ipj-buzau-are-sef-cu-acte-in-regula-cine-a-promovat-concursul-organizat-de-igpr%2F&amp;text=De%20azi%2C%20IPJ%20Buz%C4%83u%20are%20%C8%99ef%20cu%20acte%20%C3%AEn%20regul%C4%83%21%20Cine%20a%20promovat%20concursul%20organizat%20de%20IGPR\"><span>Twitter<\/span><\/a><a class=\"meks_ess-item socicon-pinterest\" data-url=\"http:\/\/pinterest.com\/pin\/create\/button\/?url=https%3A%2F%2Fsansanews.ro%2Fde-azi-ipj-buzau-are-sef-cu-acte-in-regula-cine-a-promovat-concursul-organizat-de-igpr%2F&amp;media=https%3A%2F%2Fsansanews.ro%2Fwp-content%2Fuploads%2F2020%2F07%2F107869411_1526756214153000_889182608599018380_n.jpg&amp;description=De%20azi%2C%20IPJ%20Buz%C4%83u%20are%20%C8%99ef%20cu%20acte%20%C3%AEn%20regul%C4%83%21%20Cine%20a%20promovat%20concursul%20organizat%20de%20IGPR\"><span>Pinterest<\/span><\/a><\/div>\n<\/div>\n<\/div>\n<div class=\"entry-content herald-entry-content\">\n<div class=\"herald-ad herald-ad-above-single\"><a href=\"https:\/\/buzau.21k.ro\/\"><img loading=\"lazy\" decoding=\"async\" src=\"https:\/\/sansanews.ro\/wp-content\/uploads\/2026\/08\/300x300-k21.gif\" alt width=\"300\" height=\"300\" class=\"aligncenter size-full wp-image-124436\"><\/a><\/div>\n<p> Poli\u021bia buzoian\u0103 are, de ast\u0103zi, un comandant care ob\u021bine func\u021bia prin concurs. Comisarul \u0219ef \u0218tefan Doloiu a promovat concursul organizat \u00een aceast\u0103 dup\u0103-amiaz\u0103 de IGPR pentru func\u021bia de inspector-\u0219ef al IPJ Buz\u0103u. Doloiu a fost singurul candidat. El a ob\u021binut nota 7,61, fiind declarat admis, nota minim\u0103 necesar\u0103 pentru a promova fiind 7. <\/p>\n<p>\u0218tefan Doloiu se afl\u0103 \u00een func\u021bia de comandant al Poli\u021biei buzoiene din august 2024. P\u00e2n\u0103 acum, el a ocupat func\u021bia cu \u00eemputernicire. Detalii <a href=\"https:\/\/sansanews.ro\/prima-candidatura-anuntata-pentru-sefia-politiei-buzoiene\/\">AICI.<\/a><\/p>\n<div class=\"meta-tags\"><span>Etichete<\/span><a href=\"https:\/\/sansanews.ro\/tag\/concurs-ipj-buzau\/\" rel=\"tag\">concurs ipj buzau<\/a><a href=\"https:\/\/sansanews.ro\/tag\/ipj-buzau\/\" rel=\"tag\">ipj buzau<\/a><\/div>\n<div class=\"herald-share-content\">\n<div class=\"meks_ess rectangle no-labels outline\"><a class=\"meks_ess-item socicon-facebook\" data-url=\"http:\/\/www.facebook.com\/sharer\/sharer.php?u=https%3A%2F%2Fsansanews.ro%2Fde-azi-ipj-buzau-are-sef-cu-acte-in-regula-cine-a-promovat-concursul-organizat-de-igpr%2F&amp;t=De%20azi%2C%20IPJ%20Buz%C4%83u%20are%20%C8%99ef%20cu%20acte%20%C3%AEn%20regul%C4%83%21%20Cine%20a%20promovat%20concursul%20organizat%20de%20IGPR\"><span>Facebook<\/span><\/a><a href=\"https:\/\/api.whatsapp.com\/send?text=De%20azi%2C%20IPJ%20Buz%C4%83u%20are%20%C8%99ef%20cu%20acte%20%C3%AEn%20regul%C4%83%21%20Cine%20a%20promovat%20concursul%20organizat%20de%20IGPR%20https%3A%2F%2Fsansanews.ro%2Fde-azi-ipj-buzau-are-sef-cu-acte-in-regula-cine-a-promovat-concursul-organizat-de-igpr%2F\" class=\"meks_ess-item socicon-whatsapp prevent-share-popup\"><span>WhatsApp<\/span><\/a><a class=\"meks_ess-item socicon-twitter\" data-url=\"http:\/\/twitter.com\/intent\/tweet?url=https%3A%2F%2Fsansanews.ro%2Fde-azi-ipj-buzau-are-sef-cu-acte-in-regula-cine-a-promovat-concursul-organizat-de-igpr%2F&amp;text=De%20azi%2C%20IPJ%20Buz%C4%83u%20are%20%C8%99ef%20cu%20acte%20%C3%AEn%20regul%C4%83%21%20Cine%20a%20promovat%20concursul%20organizat%20de%20IGPR\"><span>Twitter<\/span><\/a><a class=\"meks_ess-item socicon-pinterest\" data-url=\"http:\/\/pinterest.com\/pin\/create\/button\/?url=https%3A%2F%2Fsansanews.ro%2Fde-azi-ipj-buzau-are-sef-cu-acte-in-regula-cine-a-promovat-concursul-organizat-de-igpr%2F&amp;media=https%3A%2F%2Fsansanews.ro%2Fwp-content%2Fuploads%2F2020%2F07%2F107869411_1526756214153000_889182608599018380_n.jpg&amp;description=De%20azi%2C%20IPJ%20Buz%C4%83u%20are%20%C8%99ef%20cu%20acte%20%C3%AEn%20regul%C4%83%21%20Cine%20a%20promovat%20concursul%20organizat%20de%20IGPR\"><span>Pinterest<\/span><\/a><\/div>\n<\/div>\n<\/div>\n<p>[analyse_source url=&#8221;https:\/\/sansanews.ro\/de-azi-ipj-buzau-are-sef-cu-acte-in-regula-cine-a-promovat-concursul-organizat-de-igpr\/&#8221;]<\/p>\n","protected":false},"excerpt":{"rendered":"<p>[analyse_image type=&#8221;featured&#8221; src=&#8221;https:\/\/sansanews.ro\/wp-content\/uploads\/2020\/07\/107869411_1526756214153000_889182608599018380_n.jpghttps:\/\/sansanews.ro\/wp-content\/uploads\/2020\/07\/107869411_1526756214153000_889182608599018380_n.jpg&#8221;] Poli\u021bia buzoian\u0103 are, de ast\u0103zi, un comandant care ob\u021bine func\u021bia prin concurs. Comisarul \u0219ef \u0218tefan Doloiu a promovat concursul organizat \u00een aceast\u0103 dup\u0103-amiaz\u0103 de IGPR pentru func\u021bia de inspector-\u0219ef al IPJ Buz\u0103u. Doloiu a fost singurul candidat. El a ob\u021binut nota 7,61, fiind declarat admis, nota minim\u0103 necesar\u0103 pentru a promova fiind [&hellip;]<\/p>\n","protected":false},"author":1,"featured_media":0,"comment_status":"open","ping_status":"","sticky":false,"template":"","format":"standard","meta":{"footnotes":""},"categories":[2],"tags":[226,51],"class_list":["post-2122676","post","type-post","status-publish","format-standard","hentry","category-politics","tag-crawlmanager","tag-sansanews-ro"],"_links":{"self":[{"href":"https:\/\/analyse.optim.biz\/index.php?rest_route=\/wp\/v2\/posts\/2122676","targetHints":{"allow":["GET"]}}],"collection":[{"href":"https:\/\/analyse.optim.biz\/index.php?rest_route=\/wp\/v2\/posts"}],"about":[{"href":"https:\/\/analyse.optim.biz\/index.php?rest_route=\/wp\/v2\/types\/post"}],"author":[{"embeddable":true,"href":"https:\/\/analyse.optim.biz\/index.php?rest_route=\/wp\/v2\/users\/1"}],"replies":[{"embeddable":true,"href":"https:\/\/analyse.optim.biz\/index.php?rest_route=%2Fwp%2Fv2%2Fcomments&post=2122676"}],"version-history":[{"count":0,"href":"https:\/\/analyse.optim.biz\/index.php?rest_route=\/wp\/v2\/posts\/2122676\/revisions"}],"wp:attachment":[{"href":"https:\/\/analyse.optim.biz\/index.php?rest_route=%2Fwp%2Fv2%2Fmedia&parent=2122676"}],"wp:term":[{"taxonomy":"category","embeddable":true,"href":"https:\/\/analyse.optim.biz\/index.php?rest_route=%2Fwp%2Fv2%2Fcategories&post=2122676"},{"taxonomy":"post_tag","embeddable":true,"href":"https:\/\/analyse.optim.biz\/index.php?rest_route=%2Fwp%2Fv2%2Ftags&post=2122676"}],"curies":[{"name":"wp","href":"https:\/\/api.w.org\/{rel}","templated":true}]}}