{"id":2122604,"date":"2026-09-01T12:37:05","date_gmt":"2026-09-01T09:37:05","guid":{"rendered":"https:\/\/analyse.optim.biz\/?p=2122604"},"modified":"2026-09-01T12:37:05","modified_gmt":"2026-09-01T09:37:05","slug":"debutul-romaniei-in-liga-natiunilor-cand-si-unde-se-disputa-primul-meci-tricolorii-au-fost-sanctionati-de","status":"publish","type":"post","link":"https:\/\/analyse.optim.biz\/?p=2122604","title":{"rendered":"Debutul Rom\u00e2niei \u00een Liga Na\u021biunilor: c\u00e2nd \u0219i unde se disput\u0103 primul meci. Tricolorii au fost sanc\u021biona\u021bi de&#8230;"},"content":{"rendered":"<p>[analyse_image type=&#8221;featured&#8221; src=&#8221;https:\/\/cdn.adh.reperio.news\/image-9\/92dd540c-7f5b-42d5-a578-d38b8ca0206f\/index.jpeg?p=f%3Djpeg%26w%3D1200%26h%3D630%26r%3Dcover&#8221;]<\/p>\n<article class=\"svelte-x63bga\">\n<nav>\n<ul class=\"breadcrump svelte-1pk9a69\">\n<li class=\"svelte-1pk9a69\"><a href=\"https:\/\/adevarul.ro\/\" title=\"Adev\u0103rul\" class=\"svelte-1pk9a69\">Home<\/a><\/li>\n<li class=\"svelte-1pk9a69\"><a href=\"https:\/\/adevarul.ro\/sport\" class=\"svelte-1pk9a69\">Sport<\/a><\/li>\n<li class=\"svelte-1pk9a69\"><a href=\"https:\/\/adevarul.ro\/sport\/debutul-romaniei-in-liga-natiunilor-cand-si-unde-2553411.html\" class=\"svelte-1pk9a69\">Debutul Rom\u00e2niei \u00een Liga Na\u021biunilor: c\u00e2nd \u0219i unde se disput\u0103 primul meci. Tricolorii au fost sanc\u021biona\u021bi de UEFA<\/a><\/li>\n<\/ul>\n<\/nav>\n<p><main class=\"svelte-x63bga\"><\/p>\n<p>Fanii tricolorilor care vor s\u0103 fie al\u0103turi de na\u021bional\u0103 la Stockholm trebuie s\u0103 se gr\u0103beasc\u0103.\u00a0<a href=\"https:\/\/adevarul.ro\/sport\/cele-cinci-criterii-ale-lui-hagi-care-fac-2550344.html\">Rom\u00e2nia va debuta \u00een noua edi\u021bie de Liga Na\u021biunilor pe 25 septembrie<\/a>, de la ora 21:45, contra Suediei, iar suporterii rom\u00e2ni au la dispozi\u021bie doar 2.200 de locuri pe Strawberry Arena din Solna.<\/p>\n<div class=\"container-image  svelte-1xbw4f3\"><source type=\"image\/webp\" srcset=\"https:\/\/cdn.adh.reperio.news\/image-9\/92dd540c-7f5b-42d5-a578-d38b8ca0206f\/index.jpeg?p=a%3D1%26co%3D1.05%26w%3D1400%26h%3D750%26r%3Dcontain%26f%3Dwebp 1400w\" media=\"(min-width: 1400px)\" \/><\/p>\n<div class=\"caption svelte-1xbw4f3\"><span class=\"captionText svelte-1xbw4f3\">Echipa na\u021bional\u0103 a Rom\u00e2niei <span class=\"source svelte-1xbw4f3\">Foto: Sportpictures<\/span><\/span><\/div>\n<\/div>\n<p>Biletele pentru partida din deplasare au fost\u00a0puse \u00een v\u00e2nzare online pe bilete.frf.ro \u00eencep\u00e2nd cu data de 25 august. Acestea vor putea fi achizi\u021bionate cel t\u00e2rziu p\u00e2n\u0103 pe 18 septembrie, \u00een limita locurilor disponibile, iar pre\u021bul stabilit de organizatorii meciului este de 130 de lei.<\/p>\n<p><a href=\"https:\/\/adevarul.ro\/sport\/gica-hagi-despre-cea-mai-de-pret-lectie-invatata-2550730.html\">Na\u021bionala Rom\u00e2niei, preg\u0103tit\u0103 de Gheorghe Hagi, va evolua \u00een Grupa IV din Liga B<\/a>, al\u0103turi de Suedia, Bosnia-Her\u021begovina \u0219i Polonia.<\/p>\n<h2>Rom\u00e2nia, sanc\u021bionat\u0103 \u00eenaintea duelului cu Bosnia \u0219i Her\u021begovina<\/h2>\n<p><a href=\"https:\/\/adevarul.ro\/sport\/romania-isi-joaca-viitorul-la-euro-2028-urna-in-2542550.html\">Na\u021bionala Rom\u00e2niei va disputa cu por\u021bile \u00eenchise partida cu Bosnia \u0219i Her\u021begovina, programat\u0103 pe 28 septembrie<\/a>, \u00een Liga Na\u021biunilor.<\/p>\n<p>Federa\u021bia Rom\u00e2n\u0103 de Fotbal a anun\u021bat luni c\u0103 nici m\u0103car copiii nu vor putea asista la meci, \u00een contextul sanc\u021biunii primite. Oficialii FRF au explicat motivul pentru care accesul acestora nu va fi permis, a\u0219a cum s-a \u00eent\u00e2mplat \u0219i la alte partide \u00een urma unor sanc\u021biuni dictate de UEFA.<\/p>\n<p><i>\u201e<\/i><i>F\u0103r\u0103 spectatori cu Bosnia&amp;Her\u021bgovina<\/i><i>. <\/i><i>Conform deciziei Comisiei de Disciplin\u0103 a UEFA, meciul Rom\u00e2nia \u2013 Bosnia \u0219i Her\u021begovina, programat \u00een data de 28 septembrie 2026, pe Arena Na\u021bional\u0103, se va disputa f\u0103r\u0103 spectatori.<\/i><i>\u00a0<\/i><i>De aceast\u0103 dat\u0103, nu va fi permis nici accesul copiilor. Cu toate c\u0103 \u00een trecut, la partidele cu Norvegia \u0219i Andorra, atmosfera a reprezentat un succes emo\u021bional, decizia FRF pentru meciul de la finalul lunii septembrie are la baz\u0103 concluzii trase din experien\u021bele anterioare \u0219i principii stricte de echitate \u0219i siguran\u021b\u0103.<\/i><\/p>\n<p><i>Federa\u021bia Rom\u00e2n\u0103 de Fotbal nu poate permite ca accesul s\u0103 fie rezervat doar \u0219colilor \u0219i academiilor din Bucure\u0219ti sau din proximitatea Capitalei, fiind obligat\u0103 s\u0103 asigure egalitatea de \u0219anse pentru zeci de mii de copii care \u00ee\u0219i doresc s\u0103 vin\u0103 din toate col\u021burile \u021b\u0103rii, chiar \u0219i din jude\u021be \u00eendep\u0103rtate precum Bihor, Maramure\u0219, Boto\u0219ani sau Suceava.<\/i><\/p>\n<div class=\"raw-block\"><iframe loading=\"lazy\" src=\"https:\/\/www.facebook.com\/plugins\/post.php?href=https%3A%2F%2Fwww.facebook.com%2FNationalaRomanieiOfficial%2Fposts%2Fpfbid0KUJkniAVjiyv8JKLmmK9edHPKvDpvvPU2mMYTZ6o6MtRiTTALz1EBfiG5QNyD5VYl&amp;show_text=true&amp;width=390\" width=\"500\" height=\"737\" frameborder allowfullscreen=\"true\" allow=\"autoplay; clipboard-write; encrypted-media; picture-in-picture; web-share\" class=\"facebook-iframe\"><\/iframe><\/div>\n<p><i>O astfel de desf\u0103\u0219urare logistic\u0103 devine \u00eens\u0103 imposibil de gestionat \u00een siguran\u021b\u0103 deplin\u0103 din cauza a dou\u0103 riscuri majore: pe de o parte, meciul se disput\u0103 la 21:45, iar a doua zi este zi de \u0219coal\u0103 \u0219i ar for\u021ba copiii s\u0103 lipseasc\u0103, afect\u00e2ndu-le programul educa\u021bional; iar pe de alt\u0103 parte, plecarea de la stadion dup\u0103 miezul nop\u021bii \u0219i parcurgerea drumului de \u00eentoarcere, chiar \u0219i 9-10 ore pe timp de noapte, ar supune minorii \u0219i \u00eenso\u021bitorii lor unor riscuri majore de oboseal\u0103 \u0219i siguran\u021b\u0103 rutier\u0103, o responsabilitate pe care FRF consider\u0103 c\u0103 nimeni nu ar trebui s\u0103 \u0219i-o asume.<\/i><i>\u00a0<\/i><i>Hai, Rom\u00e2nia! Ne vedem pe stadion la meciul cu Suedia!<\/i><i>\u201d<\/i>, se arat\u0103 \u00eentr-un comunicat.<\/p>\n<h2>De unde a ap\u0103rut sanc\u021biunea?<\/h2>\n<p>UEFA a decis ca Rom\u00e2nia s\u0103 dispute un meci f\u0103r\u0103 spectatori, ca urmare a incidentelor de la partida dintre Rom\u00e2nia \u0219i Kosovo, din edi\u021bia precedent\u0103 a Ligii Na\u021biunilor.<\/p>\n<p>Partida respectiv\u0103 a fost \u00eentrerupt\u0103 dup\u0103 ce juc\u0103torii kosovari au p\u0103r\u0103sit terenul f\u0103r\u0103 acordul arbitrului. Dup\u0103 aproximativ o or\u0103 de a\u0219teptare, centralul a decis s\u0103 \u00eencheie definitiv meciul, iar ulterior Rom\u00e2nia a primit victoria la masa verde. Pe l\u00e2ng\u0103 sanc\u021biunea sportiv\u0103, Federa\u021bia Rom\u00e2n\u0103 de Fotbal a fost amendat\u0103 cu 128.000 de euro.<\/p>\n<h2>Programul complet al Rom\u00e2niei:<\/h2>\n<ul>\n<li>Suedia &#8211; Rom\u00e2nia, 25 septembrie (21:45);<\/li>\n<\/ul>\n<ul>\n<li>Rom\u00e2nia &#8211; Bosnia \u0219i Her\u021begovina, 28 septembrie (21:45);<\/li>\n<\/ul>\n<ul>\n<li>Polonia &#8211; Rom\u00e2nia, 2 octombrie (21:45);<\/li>\n<\/ul>\n<ul>\n<li>Rom\u00e2nia &#8211; Suedia, 5 octombrie (21:45);<\/li>\n<\/ul>\n<ul>\n<li>Rom\u00e2nia &#8211; Polonia, 14 noiembrie (21:45);<\/li>\n<\/ul>\n<ul>\n<li>Bosnia \u0219i Her\u021begovina &#8211; Rom\u00e2nia, 17 noiembrie (21:45).<\/li>\n<\/ul>\n<p><\/main><\/p>\n<footer class=\"svelte-x63bga\">\n<div class=\"related-wrap related-footer svelte-78g0vl\"><span class=\"related-label svelte-78g0vl\">Cite\u0219te \u0219i<\/span><a class=\"related svelte-78g0vl\" data-gtrack=\"{&quot;event&quot;:&quot;utm_click&quot;,&quot;data&quot;:{&quot;event_category&quot;:&quot;article_related&quot;}}\" href=\"https:\/\/adevarul.ro\/sport\/romania-isi-joaca-viitorul-la-euro-2028-urna-in-2542550.html\" title=\"Alt articol de interes pentru tine\"><img decoding=\"async\" class=\"thumb svelte-78g0vl\" src=\"https:\/\/cdn.adh.reperio.news\/image-d\/d1045a1d-ec04-468b-ae60-355062647f52\/index.png?p=f%3Dwebp%26w%3D120%26h%3D80%26r%3Dcover%26a%3D0\" alt loading=\"lazy\" width=\"80\" height=\"54\"><span class=\"title svelte-78g0vl\">Rom\u00e2nia \u00ee\u0219i joac\u0103 viitorul la EURO 2028! Urna \u00een care pot ajunge tricolorii lui Gic\u0103 Hagi. De ce este important\u0103 Liga Na\u021biunilor<\/span><\/a><a class=\"related svelte-78g0vl\" data-gtrack=\"{&quot;event&quot;:&quot;utm_click&quot;,&quot;data&quot;:{&quot;event_category&quot;:&quot;article_related&quot;}}\" href=\"https:\/\/adevarul.ro\/sport\/cele-cinci-criterii-ale-lui-hagi-care-fac-2550344.html\" title=\"Alt articol de interes pentru tine\"><img decoding=\"async\" class=\"thumb svelte-78g0vl\" src=\"https:\/\/cdn.adh.reperio.news\/image-9\/9d077e40-5f29-4487-8aa5-06cd2f920187\/index.png?p=f%3Dwebp%26w%3D120%26h%3D80%26r%3Dcover%26a%3D0\" alt loading=\"lazy\" width=\"80\" height=\"54\"><span class=\"title svelte-78g0vl\">Cele cinci criterii ale lui Hagi care fac diferen\u021ba \u00eentre tricolori: \u201eUnul mai bun dec\u00e2t to\u021bi!\u201d. Selec\u021bionerul vrea locul 1 \u00een grup\u0103 \u0219i adversari de top<\/span><\/a><a class=\"related svelte-78g0vl\" data-gtrack=\"{&quot;event&quot;:&quot;utm_click&quot;,&quot;data&quot;:{&quot;event_category&quot;:&quot;article_related&quot;}}\" href=\"https:\/\/adevarul.ro\/sport\/gica-hagi-despre-cea-mai-de-pret-lectie-invatata-2550730.html\" title=\"Alt articol de interes pentru tine\"><img decoding=\"async\" class=\"thumb svelte-78g0vl\" src=\"https:\/\/cdn.adh.reperio.news\/image-2\/2cb86b1e-2580-46b1-92b0-c3b9891aa298\/index.png?p=f%3Dwebp%26w%3D120%26h%3D80%26r%3Dcover%26a%3D0\" alt loading=\"lazy\" width=\"80\" height=\"54\"><span class=\"title svelte-78g0vl\">Gic\u0103 Hagi, despre cea mai de pre\u021b lec\u021bie \u00eenv\u0103\u021bat\u0103 de la Mircea Lucescu: \u201eTrebuie s\u0103 avem grij\u0103 de juc\u0103torul rom\u00e2n!\u201d<\/span><\/a><\/div>\n<div class=\"meta svelte-x63bga\">\n<div class=\"authors svelte-x63bga\"><span class=\"names svelte-x63bga\"><a href=\"https:\/\/adevarul.ro\/author\/2106\" rel=\"author\" class=\"svelte-x63bga\">Amelia Ionescu<\/a><\/span><\/p>\n<div class=\"_hydratable\" data-props=\"%7B%22showLive%22%3Atrue%7D\" data-context=\"%7B%22parentBlockColumnCount%22%3A%7B%22value%22%3A0%2C%22type%22%3A%22store%2Freadable%22%7D%2C%22parentBlockBackgroundColor%22%3A%7B%22type%22%3A%22store%2Freadable%22%7D%7D\" data-component=\"ShareButton\">\n<div class=\"shareButtons svelte-itwbrr\">\n<div class=\"liveSessions metaFont svelte-1maxmbf\"><span class=\"value svelte-1maxmbf\">1<\/span> live <\/div>\n<\/div>\n<\/div>\n<\/div>\n<div class=\"tags svelte-1l3vwp1\"><span class=\"tags-label metaFont svelte-1l3vwp1\">Cite\u0219te mai multe despre<\/span><\/p>\n<div class=\"tags-list svelte-1l3vwp1\"><a href=\"https:\/\/adevarul.ro\/tag\/romania\" title=\"Ultimele \u0219tiri despre romania\" class=\"tag-pill svelte-1l3vwp1\">romania<\/a><a href=\"https:\/\/adevarul.ro\/tag\/gheorghe%20hagi\" title=\"Ultimele \u0219tiri despre gheorghe hagi\" class=\"tag-pill svelte-1l3vwp1\">gheorghe hagi<\/a><a href=\"https:\/\/adevarul.ro\/tag\/liga%20natiunilor\" title=\"Ultimele \u0219tiri despre liga natiunilor\" class=\"tag-pill svelte-1l3vwp1\">liga natiunilor<\/a><\/div>\n<\/div>\n<\/div>\n<p><a class=\"moreFromCategory svelte-x63bga\" href=\"https:\/\/adevarul.ro\/sport\" title=\"Sport\">Mai multe din <strong class=\"svelte-x63bga\">Sport<\/strong> \u203a<\/a><\/footer>\n<\/article>\n<p>[analyse_source url=&#8221;https:\/\/adevarul.ro\/sport\/debutul-romaniei-in-liga-natiunilor-cand-si-unde-2553411.html&#8221;]<\/p>\n","protected":false},"excerpt":{"rendered":"<p>[analyse_image type=&#8221;featured&#8221; src=&#8221;https:\/\/cdn.adh.reperio.news\/image-9\/92dd540c-7f5b-42d5-a578-d38b8ca0206f\/index.jpeg?p=f%3Djpeg%26w%3D1200%26h%3D630%26r%3Dcover&#8221;] Home Sport Debutul Rom\u00e2niei \u00een Liga Na\u021biunilor: c\u00e2nd \u0219i unde se disput\u0103 primul meci. Tricolorii au fost sanc\u021biona\u021bi de UEFA Fanii tricolorilor care vor s\u0103 fie al\u0103turi de na\u021bional\u0103 la Stockholm trebuie s\u0103 se gr\u0103beasc\u0103.\u00a0Rom\u00e2nia va debuta \u00een noua edi\u021bie de Liga Na\u021biunilor pe 25 septembrie, de la ora 21:45, contra Suediei, [&hellip;]<\/p>\n","protected":false},"author":1,"featured_media":0,"comment_status":"open","ping_status":"","sticky":false,"template":"","format":"standard","meta":{"footnotes":""},"categories":[89],"tags":[19,226],"class_list":["post-2122604","post","type-post","status-publish","format-standard","hentry","category-romania","tag-adevarul","tag-crawlmanager"],"_links":{"self":[{"href":"https:\/\/analyse.optim.biz\/index.php?rest_route=\/wp\/v2\/posts\/2122604","targetHints":{"allow":["GET"]}}],"collection":[{"href":"https:\/\/analyse.optim.biz\/index.php?rest_route=\/wp\/v2\/posts"}],"about":[{"href":"https:\/\/analyse.optim.biz\/index.php?rest_route=\/wp\/v2\/types\/post"}],"author":[{"embeddable":true,"href":"https:\/\/analyse.optim.biz\/index.php?rest_route=\/wp\/v2\/users\/1"}],"replies":[{"embeddable":true,"href":"https:\/\/analyse.optim.biz\/index.php?rest_route=%2Fwp%2Fv2%2Fcomments&post=2122604"}],"version-history":[{"count":0,"href":"https:\/\/analyse.optim.biz\/index.php?rest_route=\/wp\/v2\/posts\/2122604\/revisions"}],"wp:attachment":[{"href":"https:\/\/analyse.optim.biz\/index.php?rest_route=%2Fwp%2Fv2%2Fmedia&parent=2122604"}],"wp:term":[{"taxonomy":"category","embeddable":true,"href":"https:\/\/analyse.optim.biz\/index.php?rest_route=%2Fwp%2Fv2%2Fcategories&post=2122604"},{"taxonomy":"post_tag","embeddable":true,"href":"https:\/\/analyse.optim.biz\/index.php?rest_route=%2Fwp%2Fv2%2Ftags&post=2122604"}],"curies":[{"name":"wp","href":"https:\/\/api.w.org\/{rel}","templated":true}]}}