{"id":2122556,"date":"2026-09-01T06:36:22","date_gmt":"2026-09-01T03:36:22","guid":{"rendered":"https:\/\/analyse.optim.biz\/?p=2122556"},"modified":"2026-09-01T06:36:22","modified_gmt":"2026-09-01T03:36:22","slug":"nicusor-dan-a-fost-o-criza-politica-care-ne-a-depasit-previziunile-ce-spune-despre-viitorul-guvern","status":"publish","type":"post","link":"https:\/\/analyse.optim.biz\/?p=2122556","title":{"rendered":"Nicu\u0219or Dan: \u201eA fost o criz\u0103 politic\u0103 care ne-a dep\u0103\u0219it previziunile\u201d. Ce spune despre viitorul Guvern"},"content":{"rendered":"<p>[analyse_image type=&#8221;featured&#8221; src=&#8221;https:\/\/s.iw.ro\/gateway\/g\/ZmlsZVNvdXJjZT1odHRwJTNBJTJGJTJG\/c3RvcmFnZTA4dHJhbnNjb2Rlci5yY3Mt\/cmRzLnJvJTJGc3RvcmFnZSUyRjIwMjYl\/MkYwOSUyRjAxJTJGMjkzMzM0MF8yOTMz\/MzQwX25pY3Vzb3ItZGFuLWRpcGxvbWF0\/aS0yLmpwZyZ3PTEyMDAmaD02MzAmemM9\/MSZoYXNoPTY3MTM3OWE0NTM4NzRmNmQwZTY1NWVmM2M2MDI3Y2Rk.thumb.jpg&#8221;]<\/p>\n<div class=\"entry data-app-meta data-app-meta-article\" data-embed-base-url-canonical=\"https:\/\/www.digi24.ro\/embed\/stiri\/actualitate\/politica\/nicusor-dan-a-fost-o-criza-politica-care-ne-a-depasit-previziunile-ce-spune-despre-viitorul-guvern-3929781\">\n<p data-index=\"1\"><strong>Pre\u0219edintele Nicu\u0219or Dan a declarat, mar\u021bi la Palatul Cotroceni, c\u0103 \u00eei pare r\u0103u c\u0103 rota\u021bia guvernamental\u0103 nu a putut fi realizat\u0103 \u00een aceast\u0103 var\u0103 \u0219i a explicat c\u0103 Rom\u00e2nia s-a confruntat cu \u201eo criz\u0103 politic\u0103 care a dep\u0103\u0219it previziunile\u201d. \u0218eful statului a vorbit \u0219i despre priorit\u0103\u021bile pentru Ministerul de Externe \u0219i despre problemele administrative \u0219i de finan\u021bare care trebuie rezolvate.<\/strong><\/p>\n<p data-index=\"2\">Declara\u021biile au fost f\u0103cute cu prilejul primirii la Palatul Cotroceni a \u0219efilor de misiuni diplomatice, a \u0219efilor oficiilor consulare \u0219i a directorilor institutelor culturale rom\u00e2ne\u0219ti, cu ocazia Reuniunii Anuale a Diploma\u021biei Rom\u00e2ne.<\/p>\n<p data-index=\"3\"><strong>Cite\u0219te \u0219i:<a href=\"https:\/\/www.digi24.ro\/stiri\/actualitate\/politica\/nicusor-dan-ar-urma-sa-desemneze-un-premier-saptamana-viitoare-varianta-guvern-psd-condus-de-un-independent-surse-3925195\" data-skip-linkfix=\"1\"> Nicu\u0219or Dan ar urma s\u0103 desemneze un premier s\u0103pt\u0103m\u00e2na viitoare. Variant\u0103: Guvern PSD, condus de un independent (surse)<\/a><\/strong><\/p>\n<p data-index=\"4\">\u201e\u00cemi pare r\u0103u c\u0103 nu am reu\u0219it a\u0219a cum ne-am fi dorit s\u0103 realiz\u0103m rota\u021bia \u00een cursul acestei veri. A fost o criz\u0103 politic\u0103 care ne-a dep\u0103\u0219it previziunile\u201d, a declarat Nicu\u0219or Dan.<\/p>\n<p data-index=\"5\">Pre\u0219edintele a spus c\u0103 sper\u0103 ca, \u00een rela\u021bia cu viitorul Guvern, indiferent de componen\u021ba acestuia, s\u0103 fie g\u0103sit\u0103 \u201epozi\u021bia potrivit\u0103\u201d pentru Ministerul Afacerilor Externe.<\/p>\n<p data-index=\"6\">\u201eSper ca \u00een rela\u021bia cu viitorul Guvern, oricare va fi el, s\u0103 reu\u0219im s\u0103 g\u0103sim pozi\u021bia potrivit\u0103 pentru Ministerul de Externe, pentru c\u0103 exist\u0103 chestiune logistice importante am\u00e2nate \u0219i pe partea de finan\u021bare \u0219i pe partea de sedii administrative ale Rom\u00e2niei \u00een afar\u0103 \u0219i politica extern\u0103 este, inclusiv din perspectiv\u0103 economic\u0103, o zon\u0103 asupra c\u0103reia trebuie s\u0103 ne concentr\u0103m\u201d, a afirmat \u0219eful statului.<\/p>\n<p data-index=\"7\">Nicu\u0219or Dan a subliniat c\u0103 partea administrativ\u0103 a activit\u0103\u021bii Ministerului de Externe trebuie s\u0103 \u00eenregistreze progrese \u00een perioada urm\u0103toare.<\/p>\n<p data-index=\"8\">\u201eDeci sper c\u0103 pe partea administrativ\u0103 vom avea ni\u0219te progrese \u00een cursul anului care urmeaz\u0103\u201d, a mai spus pre\u0219edintele.<\/p>\n<h2 id=\"highlight-3929781-1\">Nicu\u0219or Dan: Rom\u00e2nia trebuie s\u0103 \u00ee\u0219i consolideze rolul \u00een formatele de securitate<\/h2>\n<p data-index=\"9\">Nicu\u0219or Dan a prezentat principalele direc\u021bii ale politicii externe a Rom\u00e2niei, \u00een cadrul Reuniunii Anuale a Diploma\u021biei Rom\u00e2ne, organizat\u0103 la Palatul Cotroceni. \u0218eful statului a indicat trei obiective: consolidarea securit\u0103\u021bii, sprijinirea comunit\u0103\u021bilor rom\u00e2ne\u0219ti din afara grani\u021belor \u0219i dezvoltarea diploma\u021biei economice.<\/p>\n<p data-index=\"10\">\u201eTrei obiective \u00een politica extern\u0103 a Rom\u00e2niei &#8211; consolidarea securit\u0103\u021bii, comunit\u0103\u021bile rom\u00e2ne\u0219ti din afara grani\u021belor \u0219i diploma\u021bia economic\u0103. Pe unele am progresat mai mult, pe altele mai pu\u021bin. Anul acesta va fi mai bun\u201d, a declarat Nicu\u0219or Dan.<\/p>\n<p data-index=\"11\">\u00cen ceea ce prive\u0219te securitatea, pre\u0219edintele a spus c\u0103 Rom\u00e2nia trebuie s\u0103 aib\u0103 un rol activ \u00een formatele multilaterale din care face parte.<\/p>\n<p data-index=\"12\">\u201e\u00cen ceea ce prive\u0219te securitatea, \u00een ac\u021biunile noastre din acest an am \u00eencercat s\u0103 consolid\u0103m rolul nostru \u00een interiorul formatelor multilaterale de securitate \u00een care suntem parte. \u0218i mesajul este c\u0103 Rom\u00e2nia este un contributor la securitatea transatlantic\u0103, contributor la securitatea Flancului Estic \u0219i a regiunii mai restr\u00e2nse \u00een care ne g\u0103sim. A\u0219a cum am spus, o prezen\u021b\u0103 important\u0103, \u0219i a\u0219 spune ambi\u021bioas\u0103, \u00een formatele multilaterale \u00een care suntem parte\u201d, a afirmat \u0219eful statului.<\/p>\n<p data-index=\"13\">Nicu\u0219or Dan a enumerat participarea Rom\u00e2niei la mai multe formate \u0219i ini\u021biative interna\u021bionale.<\/p>\n<p data-index=\"14\"><strong>Cite\u0219te \u0219i: <a href=\"https:\/\/www.digi24.ro\/stiri\/actualitate\/politica\/grindeanu-anunta-ca-psd-isi-asuma-guvernarea-si-aminteste-de-perioada-2017-eu-stiu-ce-inseamna-sa-fii-premier-3928761\" data-skip-linkfix=\"1\">Grindeanu anun\u021b\u0103 c\u0103 PSD \u00ee\u0219i asum\u0103 guvernarea \u0219i aminte\u0219te de perioada 2017: \u201eEu \u0219tiu ce \u00eenseamn\u0103 s\u0103 fii premier\u201d<\/a><\/strong><\/p>\n<p data-index=\"15\">\u201eAm avut Summitul B9 la Bucure\u0219ti, cu participarea Secretarului General NATO, cu participarea Statelor Unite, a Ucrainei, \u0219i o declara\u021bie a Summitului important\u0103 \u00een perspectiva Summitului NATO de la Ankara.<\/p>\n<p data-index=\"16\">Suntem parte din acest nou format al Flancului Estic \u00een interiorul Uniunii Europene, Formatul Helsinki. Am participat la Board of Peace, particip\u0103m \u00een mod activ la Coali\u021bia de Voin\u021b\u0103.<\/p>\n<p data-index=\"17\">Acolo, \u00een fiecare din aceste formate, exprim\u0103m punctul de vedere al Rom\u00e2niei pe chestiuni de securitate \u0219i suntem activi, a\u0219a cum ne dorim s\u0103 fie \u0219i rela\u021bia partenerilor \u00eenspre noi\u201d, a spus pre\u0219edintele.<\/p>\n<h2 id=\"highlight-3929781-2\">Parteneriatul cu SUA \u0219i amenin\u021b\u0103rile hibride<\/h2>\n<p data-index=\"18\">Pre\u0219edintele a subliniat importan\u021ba rela\u021biei cu Statele Unite \u0219i a spus c\u0103 Rom\u00e2nia \u00ee\u0219i dore\u0219te o prezen\u021b\u0103 economic\u0103 mai important\u0103 a companiilor americane.<\/p>\n<p data-index=\"19\">\u201eParteneriatul cu Statele Unite, foarte important pentru Rom\u00e2nia. Aici, \u00een opinia mea, am progresat \u0219i ne dorim, dincolo de parteneriatul de securitate, care progreseaz\u0103, ne dorim o prezen\u021b\u0103 economic\u0103 mai important\u0103 a companiilor americane \u00een Rom\u00e2nia\u201d, a declarat Nicu\u0219or Dan.<\/p>\n<p data-index=\"20\">\u201eNe concentr\u0103m \u00een acest climat de securitate pe parteneriate bilaterale cu component\u0103 de ap\u0103rare, care se consolideze securitatea pe care ne-o d\u0103 participarea \u00een formate multilaterale.<\/p>\n<p data-index=\"21\">Pe amenin\u021b\u0103ri hibride, at\u00e2t partea mai cinetic\u0103, c\u00e2t \u0219i partea, s\u0103-i spunem, cyber \u0219i de dezinformare, progrese mai mari sau mai mici, dar aceste chestiuni trebuie s\u0103 fie parte din preocup\u0103rile noastre \u00een continuare\u201d, a ad\u0103ugat el.<\/p>\n<p data-index=\"22\"><strong>Cite\u0219te \u0219i:<a href=\"https:\/\/www.digi24.ro\/stiri\/actualitate\/politica\/ft-despre-miza-uriasa-a-reformelor-pnrr-blocate-criza-politica-prelungita-costa-romania-fondurile-de-redresare-post-pandemie-ale-ue-3928967\" data-skip-linkfix=\"1\"> FT, despre miza uria\u0219\u0103 a reformelor PNRR blocate: Criza politic\u0103 prelungit\u0103 cost\u0103 Rom\u00e2nia fondurile de redresare post-pandemie ale UE<\/a><\/strong><\/p>\n<p data-index=\"23\">\u00cen privin\u021ba rela\u021biei cu Uniunea European\u0103, Nicu\u0219or Dan a eviden\u021biat negocierile privind viitorul buget european \u0219i sprijinul pentru extinderea Uniunii.<\/p>\n<p data-index=\"24\">\u201e\u00cen ceea ce prive\u0219te rela\u021bia noastr\u0103 cu Uniunea European\u0103, urmeaz\u0103 un an important, cu decizii majore care privesc Cadrul Financiar Multianual. Sper\u0103m s\u0103 avem un buget european \u00een 2028-2034 p\u00e2n\u0103 la sf\u00e2r\u0219itul acestui an. \u0218i aici vreau s\u0103 remarc faptul c\u0103 Rom\u00e2nia a coordonat declara\u021bia comun\u0103 a grupului \u00abPrietenii Coeziunii\u00bb, 16 state care ac\u021bioneaz\u0103 \u00eempreun\u0103, \u00een\u021beleg\u00e2nd c\u0103 au interese comune \u00een ceea ce prive\u0219te arhitectura viitorului buget european.<\/p>\n<p data-index=\"25\">Ne intereseaz\u0103 foarte mult procesul de extindere, \u00een special pentru Republica Moldova, dar \u0219i pentru Ucraina \u0219i Balcanii de Vest.<\/p>\n<p data-index=\"26\">Ne intereseaz\u0103 foarte mult arhitectura de securitate \u00een interiorul Uniunii Europene. \u0218i am men\u021bionat participarea la acest Format Helsinki. \u0218i ne intereseaz\u0103, de asemenea, s\u0103 fim contributori \u00een ceea ce prive\u0219te presiunea hibrid\u0103, fenomen \u00een parte nou, \u00een care e important s\u0103 colabor\u0103m pentru a g\u0103si solu\u021biile cele mai bune\u201d, a afirmat pre\u0219edintele.<\/p>\n<h2 id=\"highlight-3929781-3\">Sprijin pentru Ucraina \u0219i Republica Moldova<\/h2>\n<p data-index=\"27\">\u0218eful statului a reafirmat sprijinul Rom\u00e2niei pentru Ucraina \u0219i pentru Republica Moldova, precum \u0219i sus\u021binerea pentru o \u00eencetare c\u00e2t mai rapid\u0103 a r\u0103zboiului.<\/p>\n<p data-index=\"28\">\u201eVecin\u0103tatea imediat\u0103 \u2013 evident, sus\u021binem, am men\u021bionat, Coali\u021bia de Voin\u021b\u0103. Ne dorim o \u00eencetare c\u00e2t mai rapid\u0103 a r\u0103zboiului din Ucraina \u0219i o pace solid\u0103 \u00een regiune. Pentru asta, sprijinim \u0219i bilateral, \u0219i \u00een formate multilaterale Ucraina, \u0219i sprijinim formele de presiune \u00een special economic\u0103 asupra Rusiei.<\/p>\n<p data-index=\"29\">Sprijinim procesul de integrare pentru Moldova, Ucraina, Balcanii de Vest, f\u0103r\u0103 s\u0103 ne abatem de la principiul merit-based, \u0219i salut\u0103m deschiderea pentru Moldova \u0219i Ucraina a clusterelor de negociere\u201d, a declarat Nicu\u0219or Dan.<\/p>\n<p data-index=\"30\">\u201eRela\u021bia cu Republica Moldova r\u0103m\u00e2ne una extrem de important\u0103 pentru politica noastr\u0103 extern\u0103 \u0219i m\u0103 bucur c\u0103 am progresat \u00een elemente concrete de sprijin, inclusiv interconexiuni energetice cu Republica Moldova\u201d, a ad\u0103ugat el.<\/p>\n<p data-index=\"31\">Nicu\u0219or Dan a vorbit \u0219i despre importan\u021ba strategic\u0103 a M\u0103rii Negre \u0219i despre proiectele energetice din regiune.<\/p>\n<p data-index=\"32\">\u201eMarea Neagr\u0103 &#8211; important\u0103 pentru securitatea Rom\u00e2niei, important\u0103 pentru securitatea Europei, important\u0103 \u00een perspectiv\u0103 pentru rela\u021bia economic\u0103 cu zona Caspic\u0103 \u0219i cu Asia \u00een general, \u0219i avem progrese pe hub-ul european de securitate maritim\u0103.<\/p>\n<p data-index=\"33\">Vom \u00eencepe anul viitor exploatarea la Neptun Deep. Progres\u0103m \u00een ceea ce prive\u0219te interconexiunile energetice cu \u021b\u0103rile din regiune \u0219i fiecare dintre aceste instrumente sunt parte ale politicii noastre de securitate\u201d, a spus pre\u0219edintele.<\/p>\n<p data-index=\"34\"><strong>Cite\u0219te \u0219i: <a href=\"https:\/\/www.digi24.ro\/stiri\/actualitate\/politica\/kelemen-hunor-neaga-ca-va-sustine-orice-premier-desemnat-pnl-usr-si-udmr-au-o-propunere-comuna-ce-i-reproseaza-lui-siegfried-muresan-3929217\" data-skip-linkfix=\"1\">Kelemen Hunor neag\u0103 c\u0103 va sus\u021bine orice premier desemnat: PNL, USR \u0219i UDMR au o propunere comun\u0103. Ce-i repro\u0219eaz\u0103 lui Siegfried Mure\u0219an<\/a><\/strong><\/p>\n<h2 id=\"highlight-3929781-4\">Rom\u00e2nia a \u00eendeplinit condi\u021biile tehnice pentru aderarea la OCDE<\/h2>\n<p data-index=\"35\">\u00cen discursul s\u0103u, \u0219eful statului a men\u021bionat \u0219i obiectivul ader\u0103rii Rom\u00e2niei la Organiza\u021bia pentru Cooperare \u0219i Dezvoltare Economic\u0103.<\/p>\n<p data-index=\"36\">\u201eAlte formate interna\u021bionale. Extrem de important\u0103 aderarea Rom\u00e2niei la OCDE, unde, gra\u021bie efortului multor oameni, am \u00eendeplinit toate cele 25 grupuri de condi\u021bii tehnice \u0219i a\u0219tept\u0103m cur\u00e2nd decizia politic\u0103 pentru integrare.<\/p>\n<p data-index=\"37\">Organiza\u021bia Interna\u021bional\u0103 a Francofoniei, o miz\u0103 pentru Rom\u00e2nia \u00een perioada imediat urm\u0103toare. Avem un candidat foarte bun pentru poli\u021bia de secretar general \u0219i e important ca eforturile noastre diplomatice s\u0103 mearg\u0103 \u00een aceast\u0103 direc\u021bie\u201d, a afirmat Nicu\u0219or Dan.<\/p>\n<p data-index=\"38\">Pre\u0219edintele a prezentat apoi situa\u021bia comunit\u0103\u021bilor rom\u00e2ne\u0219ti din afara grani\u021belor, eviden\u021biind evolu\u021biile \u00een rela\u021bia cu Ucraina.<\/p>\n<p data-index=\"39\">\u201e\u00cen ceea ce prive\u0219te rela\u021bia cu comunit\u0103\u021bile rom\u00e2ne\u0219ti din afara grani\u021belor, un progres important pe rela\u021bia cu Ucraina, unde am semnat Parteneriatul Strategic, \u0219i cu consecin\u021be pentru minoritatea rom\u00e2neasc\u0103 din Ucraina. Ucraina s\u0103rb\u0103tore\u0219te 31 august, \u00eencep\u00e2nd de anul acesta, ziua Limbii Rom\u00e2ne, \u0219i acele tensiuni sau \u00eengrijor\u0103ri cu privire la \u0219coala \u00een limba rom\u00e2n\u0103 cred c\u0103 s-au risipit \u00een bun\u0103 m\u0103sur\u0103.<\/p>\n<p data-index=\"40\">E important aici prezen\u021ba personalului diplomatic \u00een comunit\u0103\u021bile rom\u00e2ne\u0219ti, \u00een special \u00een \u021b\u0103rile \u00een care avem comunit\u0103\u021bi mari de rom\u00e2ni, \u0219i e important s\u0103 optimiz\u0103m serviciile consulare, \u0219i o s\u0103 revin la chestiunea asta\u201d, a declarat \u0219eful statului.<\/p>\n<p data-index=\"41\"><strong>Cite\u0219te \u0219i: <a href=\"https:\/\/www.digi24.ro\/stiri\/actualitate\/politica\/siegfried-muresan-ii-raspunde-lui-grindeanu-a-prezentat-o-agenda-populista-de-prioritati-problemele-din-acele-domenii-din-vina-psd-3928883\" data-skip-linkfix=\"1\">Siegfried Mure\u0219an \u00eei r\u0103spunde lui Grindeanu: \u201eA prezentat o agend\u0103 populist\u0103 de priorit\u0103\u021bi. Problemele din acele domenii, din vina PSD\u201d<\/a><\/strong><\/p>\n<h2 id=\"highlight-3929781-5\">Diploma\u021bia economic\u0103, o prioritate<\/h2>\n<p data-index=\"42\">\u00cen final, Nicu\u0219or Dan a vorbit despre necesitatea unei colabor\u0103ri mai str\u00e2nse \u00eentre companiile rom\u00e2ne\u0219ti \u0219i diploma\u021bia rom\u00e2n\u0103 pentru valorificarea oportunit\u0103\u021bilor de pe pie\u021bele externe.<\/p>\n<p data-index=\"43\">\u201e\u00cen ceea ce prive\u0219te diploma\u021bia economic\u0103, exist\u0103 oportunit\u0103\u021bi care se deschid odat\u0103 cu tratatele semnate de Uniunea European\u0103 \u00een raport cu Mercosur, cu India, Indonezia, Australia \u0219i alte pie\u021be importante. Deci pe aceste zone vor exista oportunit\u0103\u021bi \u0219i e important s\u0103 avem un dialog \u00eentre companiile rom\u00e2ne\u0219ti de stat, companiile rom\u00e2ne\u0219ti private \u0219i diploma\u021bia rom\u00e2neasc\u0103, astfel \u00eenc\u00e2t s\u0103 optimiz\u0103m at\u00e2t prezen\u021ba companiilor rom\u00e2ne\u0219ti pe aceste pie\u021be, c\u00e2t \u0219i atragerea de capital \u00een Rom\u00e2nia\u201d, a conchis Nicu\u0219or Dan.<\/p>\n<p> Editor : <a href=\"https:\/\/www.digi24.ro\/autor\/ana-petrescu\"> Ana Petrescu <\/a><\/p>\n<\/div>\n<p>[analyse_source url=&#8221;https:\/\/www.digi24.ro\/stiri\/actualitate\/politica\/nicusor-dan-a-fost-o-criza-politica-care-ne-a-depasit-previziunile-ce-spune-despre-viitorul-guvern-3929781&#8243;]<\/p>\n","protected":false},"excerpt":{"rendered":"<p>[analyse_image type=&#8221;featured&#8221; src=&#8221;https:\/\/s.iw.ro\/gateway\/g\/ZmlsZVNvdXJjZT1odHRwJTNBJTJGJTJG\/c3RvcmFnZTA4dHJhbnNjb2Rlci5yY3Mt\/cmRzLnJvJTJGc3RvcmFnZSUyRjIwMjYl\/MkYwOSUyRjAxJTJGMjkzMzM0MF8yOTMz\/MzQwX25pY3Vzb3ItZGFuLWRpcGxvbWF0\/aS0yLmpwZyZ3PTEyMDAmaD02MzAmemM9\/MSZoYXNoPTY3MTM3OWE0NTM4NzRmNmQwZTY1NWVmM2M2MDI3Y2Rk.thumb.jpg&#8221;] Pre\u0219edintele Nicu\u0219or Dan a declarat, mar\u021bi la Palatul Cotroceni, c\u0103 \u00eei pare r\u0103u c\u0103 rota\u021bia guvernamental\u0103 nu a putut fi realizat\u0103 \u00een aceast\u0103 var\u0103 \u0219i a explicat c\u0103 Rom\u00e2nia s-a confruntat cu \u201eo criz\u0103 politic\u0103 care a dep\u0103\u0219it previziunile\u201d. \u0218eful statului a vorbit \u0219i despre priorit\u0103\u021bile pentru Ministerul de Externe \u0219i despre [&hellip;]<\/p>\n","protected":false},"author":1,"featured_media":0,"comment_status":"open","ping_status":"","sticky":false,"template":"","format":"standard","meta":{"footnotes":""},"categories":[89],"tags":[226,11],"class_list":["post-2122556","post","type-post","status-publish","format-standard","hentry","category-romania","tag-crawlmanager","tag-digi24"],"_links":{"self":[{"href":"https:\/\/analyse.optim.biz\/index.php?rest_route=\/wp\/v2\/posts\/2122556","targetHints":{"allow":["GET"]}}],"collection":[{"href":"https:\/\/analyse.optim.biz\/index.php?rest_route=\/wp\/v2\/posts"}],"about":[{"href":"https:\/\/analyse.optim.biz\/index.php?rest_route=\/wp\/v2\/types\/post"}],"author":[{"embeddable":true,"href":"https:\/\/analyse.optim.biz\/index.php?rest_route=\/wp\/v2\/users\/1"}],"replies":[{"embeddable":true,"href":"https:\/\/analyse.optim.biz\/index.php?rest_route=%2Fwp%2Fv2%2Fcomments&post=2122556"}],"version-history":[{"count":0,"href":"https:\/\/analyse.optim.biz\/index.php?rest_route=\/wp\/v2\/posts\/2122556\/revisions"}],"wp:attachment":[{"href":"https:\/\/analyse.optim.biz\/index.php?rest_route=%2Fwp%2Fv2%2Fmedia&parent=2122556"}],"wp:term":[{"taxonomy":"category","embeddable":true,"href":"https:\/\/analyse.optim.biz\/index.php?rest_route=%2Fwp%2Fv2%2Fcategories&post=2122556"},{"taxonomy":"post_tag","embeddable":true,"href":"https:\/\/analyse.optim.biz\/index.php?rest_route=%2Fwp%2Fv2%2Ftags&post=2122556"}],"curies":[{"name":"wp","href":"https:\/\/api.w.org\/{rel}","templated":true}]}}