{"id":2122500,"date":"2026-08-31T18:56:09","date_gmt":"2026-08-31T15:56:09","guid":{"rendered":"https:\/\/analyse.optim.biz\/?p=2122500"},"modified":"2026-08-31T18:56:09","modified_gmt":"2026-08-31T15:56:09","slug":"ploaia-nu-i-a-trimis-acasa-pe-malaieni-zilele-comunei-au-continuat-cu-muzica-dans-si-foc-de-artificii","status":"publish","type":"post","link":"https:\/\/analyse.optim.biz\/?p=2122500","title":{"rendered":"Ploaia nu i-a trimis acas\u0103 pe malaieni, Zilele Comunei au continuat cu muzic\u0103, dans \u0219i foc de artificii"},"content":{"rendered":"<p>[analyse_image type=&#8221;featured&#8221; src=&#8221;https:\/\/www.impactreal.ro\/wp-content\/uploads\/2026\/08\/malaia-01.jpg&#8221;]<\/p>\n<div class=\"single-news-content\">\n<div class=\"news-image\"><img loading=\"lazy\" decoding=\"async\" width=\"2048\" height=\"1324\" src=\"https:\/\/www.impactreal.ro\/wp-content\/uploads\/2026\/08\/malaia-01.jpg\" class=\"img-responsive wp-post-image\" alt=\"Ploaia nu i-a trimis acas\u0103 pe malaieni, Zilele Comunei au continuat cu muzic\u0103, dans \u0219i foc de artificii\"><\/div>\n<div class=\"news-detail clearfix\">\n<div class=\"entry-meta\"><span class=\"posted-date\"><a href=\"https:\/\/www.impactreal.ro\/2026\/08\/31\/ploaia-nu-i-a-trimis-acasa-pe-malaieni-zilele-comunei-au-continuat-cu-muzica-dans-si-foc-de-artificii\/\" rel=\"bookmark\"><time class=\"entry-date published updated\" datetime=\"2026-08-31T21:56:09+03:00\">31 august 2026<\/time><\/a><\/span><span class=\"author vcard\"><a href=\"https:\/\/www.impactreal.ro\/author\/claudia-schiopu\/\">Claudia Schiopu<\/a><\/span><span class=\"cat-links\"><a href=\"https:\/\/www.impactreal.ro\/category\/administratie\/\" rel=\"category tag\">Administra\u0163ie<\/a><a href=\"https:\/\/www.impactreal.ro\/category\/malaia\/\" rel=\"category tag\">Malaia<\/a><\/span><\/div>\n<div class=\"news-content editor-content-entry\">\n<p>Zilele Comunei Malaia au adunat localnici \u0219i oaspe\u021bi pe 29 \u0219i 30 august, la cea de-a XVIII-a edi\u021bie a s\u0103rb\u0103torii. Timp de dou\u0103 zile, scena a fost ocupat\u0103 de arti\u0219ti locali, interpre\u021bi de muzic\u0103 popular\u0103 \u0219i forma\u021bii de dans. Duminic\u0103, ploaia \u0219i-a f\u0103cut apari\u021bia, \u00eens\u0103 oamenii au r\u0103mas la petrecere, iar programul a continuat p\u00e2n\u0103 seara, c\u00e2nd cerul a fost luminat de focul de artificii.<\/p>\n<p><strong>Dou\u0103 zile de s\u0103rb\u0103toare la Malaia<\/strong><\/p>\n<p>Prima zi a \u00eenceput s\u00e2mb\u0103t\u0103, 29 august, cu forma\u021bia \u201eBanSound\u201d din Sibiu. Au urcat apoi pe scen\u0103 Gabi Barbu, Roxana Maria Pop, membrii trupei \u201eTwins Dance Club\u201d, Alexandra Ungureanu \u0219i forma\u021bia Modernii. Muzica \u0219i dansul au \u021binut publicul aproape de scen\u0103, \u00eentr-un decor cunoscut oamenilor locului, \u00eentre mun\u021bii care \u00eenconjoar\u0103 Malaia.<\/p>\n<p>Duminic\u0103, 30 august, s\u0103rb\u0103toarea a continuat cu un program care a adus \u00een fa\u021ba publicului mai multe genera\u021bii de arti\u0219ti. Au c\u00e2ntat Alexandra Ungureanu, Maria Patricia Tolea \u0219i Vladimir Mirion, apoi au urcat pe scen\u0103 grupul vocal \u201eVl\u0103starele Satului\u201d \u0219i grupul \u201e\u0218ez\u0103toarea din Sat\u201d.<\/p>\n<p>Nineta Popa a sus\u021binut unul dintre recitalurile zilei, urmat de DJ R\u0103zvan. Pe parcursul programului au mai c\u00e2ntat Mariana Ionescu C\u0103pit\u0103nescu, Ionela Petrea, Cosmin \u0219i Constantin Gaciu, al\u0103turi de ceilal\u021bi arti\u0219ti invita\u021bi. Seara s-a \u00eencheiat cu focul de artificii.<\/p>\n<p><strong>Ploaia nu a oprit petrecerea de duminic\u0103<\/strong><\/p>\n<p>Vremea a dat ceva emo\u021bii organizatorilor \u00een cea de-a doua zi. Ploaia a venit peste Malaia, \u00eens\u0103 oamenii nu s-au gr\u0103bit s\u0103 plece. Au r\u0103mas al\u0103turi de arti\u0219ti, au dansat \u0219i au continuat petrecerea.<\/p>\n<p>Primarul comunei Malaia, Gheorghe Dinculescu, \u00a0le-a mul\u021bumit celor care au contribuit la organizarea edi\u021biei din acest an.<\/p>\n<p>\u201e\u201e<strong><em>M\u0103 bucur c\u0103 Zilele Comunei Malaia au adunat at\u00e2t de mul\u021bi oameni \u0219i c\u0103 am petrecut \u00eempreun\u0103 dou\u0103 zile frumoase. Le mul\u021bumesc arti\u0219tilor, sponsorilor, celor care s-au implicat \u00een organizare \u0219i tuturor malaienilor care au fost al\u0103turi de noi. La mul\u021bi ani, Malaia!\u201d,<\/em><\/strong> a declarat primarul Gheorghe Dinculescu.a declarat Gheorghe Dinculescu.<\/p>\n<p><strong><u>Oaspe\u021bi la s\u0103rb\u0103toarea comunei<\/u><\/strong><\/p>\n<p>Al\u0103turi de primar s-au aflat consilieri jude\u021beni, senatorul Andra Bica, vicepre\u0219edintele Consiliului Jude\u021bean V\u00e2lcea \u0219i directori ai unor institu\u021bii deconcentrate. \u00cen deschiderea evenimentului, invita\u021bii l-au felicitat pe primar \u0219i au apreciat investi\u021biile realizate \u0219i proiectele preg\u0103tite pentru Malaia.<\/p>\n<p><img loading=\"lazy\" decoding=\"async\" class=\"alignnone size-medium wp-image-58524\" src=\"https:\/\/www.impactreal.ro\/wp-content\/uploads\/2026\/08\/malaia-02-275x300.jpg\" alt width=\"275\" height=\"300\"><img loading=\"lazy\" decoding=\"async\" class=\"alignnone size-medium wp-image-58525\" src=\"https:\/\/www.impactreal.ro\/wp-content\/uploads\/2026\/08\/malaia-03-300x250.jpg\" alt width=\"300\" height=\"250\"><img decoding=\"async\" loading=\"lazy\" class=\"alignnone size-medium wp-image-58526\" src=\"https:\/\/www.impactreal.ro\/wp-content\/uploads\/2026\/08\/malaia-66-300x165.jpg\" alt width=\"300\" height=\"165\"><img decoding=\"async\" loading=\"lazy\" class=\"alignnone size-medium wp-image-58527\" src=\"https:\/\/www.impactreal.ro\/wp-content\/uploads\/2026\/08\/malaia-333-300x150.jpg\" alt width=\"300\" height=\"150\"><img decoding=\"async\" loading=\"lazy\" class=\"alignnone size-medium wp-image-58528\" src=\"https:\/\/www.impactreal.ro\/wp-content\/uploads\/2026\/08\/malaia-666-300x258.jpg\" alt width=\"300\" height=\"258\"><img decoding=\"async\" loading=\"lazy\" class=\"alignnone size-medium wp-image-58529\" src=\"https:\/\/www.impactreal.ro\/wp-content\/uploads\/2026\/08\/malaia-9993-300x187.jpg\" alt width=\"300\" height=\"187\"><img decoding=\"async\" loading=\"lazy\" class=\"alignnone size-medium wp-image-58530\" src=\"https:\/\/www.impactreal.ro\/wp-content\/uploads\/2026\/08\/malaia-oo-300x185.jpg\" alt width=\"300\" height=\"185\"><img decoding=\"async\" loading=\"lazy\" class=\"alignnone size-medium wp-image-58531\" src=\"https:\/\/www.impactreal.ro\/wp-content\/uploads\/2026\/08\/malaia-ttt-300x173.jpg\" alt width=\"300\" height=\"173\"><\/p>\n<\/div>\n<\/div>\n<\/div>\n<div class=\"news-content editor-content-entry\">\n<p>Zilele Comunei Malaia au adunat localnici \u0219i oaspe\u021bi pe 29 \u0219i 30 august, la cea de-a XVIII-a edi\u021bie a s\u0103rb\u0103torii. Timp de dou\u0103 zile, scena a fost ocupat\u0103 de arti\u0219ti locali, interpre\u021bi de muzic\u0103 popular\u0103 \u0219i forma\u021bii de dans. Duminic\u0103, ploaia \u0219i-a f\u0103cut apari\u021bia, \u00eens\u0103 oamenii au r\u0103mas la petrecere, iar programul a continuat p\u00e2n\u0103 seara, c\u00e2nd cerul a fost luminat de focul de artificii.<\/p>\n<p><strong>Dou\u0103 zile de s\u0103rb\u0103toare la Malaia<\/strong><\/p>\n<p>Prima zi a \u00eenceput s\u00e2mb\u0103t\u0103, 29 august, cu forma\u021bia \u201eBanSound\u201d din Sibiu. Au urcat apoi pe scen\u0103 Gabi Barbu, Roxana Maria Pop, membrii trupei \u201eTwins Dance Club\u201d, Alexandra Ungureanu \u0219i forma\u021bia Modernii. Muzica \u0219i dansul au \u021binut publicul aproape de scen\u0103, \u00eentr-un decor cunoscut oamenilor locului, \u00eentre mun\u021bii care \u00eenconjoar\u0103 Malaia.<\/p>\n<p>Duminic\u0103, 30 august, s\u0103rb\u0103toarea a continuat cu un program care a adus \u00een fa\u021ba publicului mai multe genera\u021bii de arti\u0219ti. Au c\u00e2ntat Alexandra Ungureanu, Maria Patricia Tolea \u0219i Vladimir Mirion, apoi au urcat pe scen\u0103 grupul vocal \u201eVl\u0103starele Satului\u201d \u0219i grupul \u201e\u0218ez\u0103toarea din Sat\u201d.<\/p>\n<p>Nineta Popa a sus\u021binut unul dintre recitalurile zilei, urmat de DJ R\u0103zvan. Pe parcursul programului au mai c\u00e2ntat Mariana Ionescu C\u0103pit\u0103nescu, Ionela Petrea, Cosmin \u0219i Constantin Gaciu, al\u0103turi de ceilal\u021bi arti\u0219ti invita\u021bi. Seara s-a \u00eencheiat cu focul de artificii.<\/p>\n<p><strong>Ploaia nu a oprit petrecerea de duminic\u0103<\/strong><\/p>\n<p>Vremea a dat ceva emo\u021bii organizatorilor \u00een cea de-a doua zi. Ploaia a venit peste Malaia, \u00eens\u0103 oamenii nu s-au gr\u0103bit s\u0103 plece. Au r\u0103mas al\u0103turi de arti\u0219ti, au dansat \u0219i au continuat petrecerea.<\/p>\n<p>Primarul comunei Malaia, Gheorghe Dinculescu, \u00a0le-a mul\u021bumit celor care au contribuit la organizarea edi\u021biei din acest an.<\/p>\n<p>\u201e\u201e<strong><em>M\u0103 bucur c\u0103 Zilele Comunei Malaia au adunat at\u00e2t de mul\u021bi oameni \u0219i c\u0103 am petrecut \u00eempreun\u0103 dou\u0103 zile frumoase. Le mul\u021bumesc arti\u0219tilor, sponsorilor, celor care s-au implicat \u00een organizare \u0219i tuturor malaienilor care au fost al\u0103turi de noi. La mul\u021bi ani, Malaia!\u201d,<\/em><\/strong> a declarat primarul Gheorghe Dinculescu.a declarat Gheorghe Dinculescu.<\/p>\n<p><strong><u>Oaspe\u021bi la s\u0103rb\u0103toarea comunei<\/u><\/strong><\/p>\n<p>Al\u0103turi de primar s-au aflat consilieri jude\u021beni, senatorul Andra Bica, vicepre\u0219edintele Consiliului Jude\u021bean V\u00e2lcea \u0219i directori ai unor institu\u021bii deconcentrate. \u00cen deschiderea evenimentului, invita\u021bii l-au felicitat pe primar \u0219i au apreciat investi\u021biile realizate \u0219i proiectele preg\u0103tite pentru Malaia.<\/p>\n<p><img loading=\"lazy\" decoding=\"async\" class=\"alignnone size-medium wp-image-58524\" src=\"https:\/\/www.impactreal.ro\/wp-content\/uploads\/2026\/08\/malaia-02-275x300.jpg\" alt width=\"275\" height=\"300\"><img loading=\"lazy\" decoding=\"async\" class=\"alignnone size-medium wp-image-58525\" src=\"https:\/\/www.impactreal.ro\/wp-content\/uploads\/2026\/08\/malaia-03-300x250.jpg\" alt width=\"300\" height=\"250\"><img decoding=\"async\" loading=\"lazy\" class=\"alignnone size-medium wp-image-58526\" src=\"https:\/\/www.impactreal.ro\/wp-content\/uploads\/2026\/08\/malaia-66-300x165.jpg\" alt width=\"300\" height=\"165\"><img decoding=\"async\" loading=\"lazy\" class=\"alignnone size-medium wp-image-58527\" src=\"https:\/\/www.impactreal.ro\/wp-content\/uploads\/2026\/08\/malaia-333-300x150.jpg\" alt width=\"300\" height=\"150\"><img decoding=\"async\" loading=\"lazy\" class=\"alignnone size-medium wp-image-58528\" src=\"https:\/\/www.impactreal.ro\/wp-content\/uploads\/2026\/08\/malaia-666-300x258.jpg\" alt width=\"300\" height=\"258\"><img decoding=\"async\" loading=\"lazy\" class=\"alignnone size-medium wp-image-58529\" src=\"https:\/\/www.impactreal.ro\/wp-content\/uploads\/2026\/08\/malaia-9993-300x187.jpg\" alt width=\"300\" height=\"187\"><img decoding=\"async\" loading=\"lazy\" class=\"alignnone size-medium wp-image-58530\" src=\"https:\/\/www.impactreal.ro\/wp-content\/uploads\/2026\/08\/malaia-oo-300x185.jpg\" alt width=\"300\" height=\"185\"><img decoding=\"async\" loading=\"lazy\" class=\"alignnone size-medium wp-image-58531\" src=\"https:\/\/www.impactreal.ro\/wp-content\/uploads\/2026\/08\/malaia-ttt-300x173.jpg\" alt width=\"300\" height=\"173\"><\/p>\n<\/div>\n<div class=\"news-content editor-content-entry\">\n<p>Zilele Comunei Malaia au adunat localnici \u0219i oaspe\u021bi pe 29 \u0219i 30 august, la cea de-a XVIII-a edi\u021bie a s\u0103rb\u0103torii. Timp de dou\u0103 zile, scena a fost ocupat\u0103 de arti\u0219ti locali, interpre\u021bi de muzic\u0103 popular\u0103 \u0219i forma\u021bii de dans. Duminic\u0103, ploaia \u0219i-a f\u0103cut apari\u021bia, \u00eens\u0103 oamenii au r\u0103mas la petrecere, iar programul a continuat p\u00e2n\u0103 seara, c\u00e2nd cerul a fost luminat de focul de artificii.<\/p>\n<p><strong>Dou\u0103 zile de s\u0103rb\u0103toare la Malaia<\/strong><\/p>\n<p>Prima zi a \u00eenceput s\u00e2mb\u0103t\u0103, 29 august, cu forma\u021bia \u201eBanSound\u201d din Sibiu. Au urcat apoi pe scen\u0103 Gabi Barbu, Roxana Maria Pop, membrii trupei \u201eTwins Dance Club\u201d, Alexandra Ungureanu \u0219i forma\u021bia Modernii. Muzica \u0219i dansul au \u021binut publicul aproape de scen\u0103, \u00eentr-un decor cunoscut oamenilor locului, \u00eentre mun\u021bii care \u00eenconjoar\u0103 Malaia.<\/p>\n<p>Duminic\u0103, 30 august, s\u0103rb\u0103toarea a continuat cu un program care a adus \u00een fa\u021ba publicului mai multe genera\u021bii de arti\u0219ti. Au c\u00e2ntat Alexandra Ungureanu, Maria Patricia Tolea \u0219i Vladimir Mirion, apoi au urcat pe scen\u0103 grupul vocal \u201eVl\u0103starele Satului\u201d \u0219i grupul \u201e\u0218ez\u0103toarea din Sat\u201d.<\/p>\n<p>Nineta Popa a sus\u021binut unul dintre recitalurile zilei, urmat de DJ R\u0103zvan. Pe parcursul programului au mai c\u00e2ntat Mariana Ionescu C\u0103pit\u0103nescu, Ionela Petrea, Cosmin \u0219i Constantin Gaciu, al\u0103turi de ceilal\u021bi arti\u0219ti invita\u021bi. Seara s-a \u00eencheiat cu focul de artificii.<\/p>\n<p><strong>Ploaia nu a oprit petrecerea de duminic\u0103<\/strong><\/p>\n<p>Vremea a dat ceva emo\u021bii organizatorilor \u00een cea de-a doua zi. Ploaia a venit peste Malaia, \u00eens\u0103 oamenii nu s-au gr\u0103bit s\u0103 plece. Au r\u0103mas al\u0103turi de arti\u0219ti, au dansat \u0219i au continuat petrecerea.<\/p>\n<p>Primarul comunei Malaia, Gheorghe Dinculescu, \u00a0le-a mul\u021bumit celor care au contribuit la organizarea edi\u021biei din acest an.<\/p>\n<p>\u201e\u201e<strong><em>M\u0103 bucur c\u0103 Zilele Comunei Malaia au adunat at\u00e2t de mul\u021bi oameni \u0219i c\u0103 am petrecut \u00eempreun\u0103 dou\u0103 zile frumoase. Le mul\u021bumesc arti\u0219tilor, sponsorilor, celor care s-au implicat \u00een organizare \u0219i tuturor malaienilor care au fost al\u0103turi de noi. La mul\u021bi ani, Malaia!\u201d,<\/em><\/strong> a declarat primarul Gheorghe Dinculescu.a declarat Gheorghe Dinculescu.<\/p>\n<p><strong><u>Oaspe\u021bi la s\u0103rb\u0103toarea comunei<\/u><\/strong><\/p>\n<p>Al\u0103turi de primar s-au aflat consilieri jude\u021beni, senatorul Andra Bica, vicepre\u0219edintele Consiliului Jude\u021bean V\u00e2lcea \u0219i directori ai unor institu\u021bii deconcentrate. \u00cen deschiderea evenimentului, invita\u021bii l-au felicitat pe primar \u0219i au apreciat investi\u021biile realizate \u0219i proiectele preg\u0103tite pentru Malaia.<\/p>\n<p><img loading=\"lazy\" decoding=\"async\" class=\"alignnone size-medium wp-image-58524\" src=\"https:\/\/www.impactreal.ro\/wp-content\/uploads\/2026\/08\/malaia-02-275x300.jpg\" alt width=\"275\" height=\"300\"><img loading=\"lazy\" decoding=\"async\" class=\"alignnone size-medium wp-image-58525\" src=\"https:\/\/www.impactreal.ro\/wp-content\/uploads\/2026\/08\/malaia-03-300x250.jpg\" alt width=\"300\" height=\"250\"><img decoding=\"async\" loading=\"lazy\" class=\"alignnone size-medium wp-image-58526\" src=\"https:\/\/www.impactreal.ro\/wp-content\/uploads\/2026\/08\/malaia-66-300x165.jpg\" alt width=\"300\" height=\"165\"><img decoding=\"async\" loading=\"lazy\" class=\"alignnone size-medium wp-image-58527\" src=\"https:\/\/www.impactreal.ro\/wp-content\/uploads\/2026\/08\/malaia-333-300x150.jpg\" alt width=\"300\" height=\"150\"><img decoding=\"async\" loading=\"lazy\" class=\"alignnone size-medium wp-image-58528\" src=\"https:\/\/www.impactreal.ro\/wp-content\/uploads\/2026\/08\/malaia-666-300x258.jpg\" alt width=\"300\" height=\"258\"><img decoding=\"async\" loading=\"lazy\" class=\"alignnone size-medium wp-image-58529\" src=\"https:\/\/www.impactreal.ro\/wp-content\/uploads\/2026\/08\/malaia-9993-300x187.jpg\" alt width=\"300\" height=\"187\"><img decoding=\"async\" loading=\"lazy\" class=\"alignnone size-medium wp-image-58530\" src=\"https:\/\/www.impactreal.ro\/wp-content\/uploads\/2026\/08\/malaia-oo-300x185.jpg\" alt width=\"300\" height=\"185\"><img decoding=\"async\" loading=\"lazy\" class=\"alignnone size-medium wp-image-58531\" src=\"https:\/\/www.impactreal.ro\/wp-content\/uploads\/2026\/08\/malaia-ttt-300x173.jpg\" alt width=\"300\" height=\"173\"><\/p>\n<\/div>\n<p>[analyse_source url=&#8221;https:\/\/www.impactreal.ro\/2026\/08\/31\/ploaia-nu-i-a-trimis-acasa-pe-malaieni-zilele-comunei-au-continuat-cu-muzica-dans-si-foc-de-artificii\/&#8221;]<\/p>\n","protected":false},"excerpt":{"rendered":"<p>[analyse_image type=&#8221;featured&#8221; src=&#8221;https:\/\/www.impactreal.ro\/wp-content\/uploads\/2026\/08\/malaia-01.jpg&#8221;] 31 august 2026Claudia SchiopuAdministra\u0163ieMalaia Zilele Comunei Malaia au adunat localnici \u0219i oaspe\u021bi pe 29 \u0219i 30 august, la cea de-a XVIII-a edi\u021bie a s\u0103rb\u0103torii. Timp de dou\u0103 zile, scena a fost ocupat\u0103 de arti\u0219ti locali, interpre\u021bi de muzic\u0103 popular\u0103 \u0219i forma\u021bii de dans. Duminic\u0103, ploaia \u0219i-a f\u0103cut apari\u021bia, \u00eens\u0103 oamenii au r\u0103mas [&hellip;]<\/p>\n","protected":false},"author":1,"featured_media":0,"comment_status":"open","ping_status":"","sticky":false,"template":"","format":"standard","meta":{"footnotes":""},"categories":[89],"tags":[226,212],"class_list":["post-2122500","post","type-post","status-publish","format-standard","hentry","category-romania","tag-crawlmanager","tag-impactreal-ro"],"_links":{"self":[{"href":"https:\/\/analyse.optim.biz\/index.php?rest_route=\/wp\/v2\/posts\/2122500","targetHints":{"allow":["GET"]}}],"collection":[{"href":"https:\/\/analyse.optim.biz\/index.php?rest_route=\/wp\/v2\/posts"}],"about":[{"href":"https:\/\/analyse.optim.biz\/index.php?rest_route=\/wp\/v2\/types\/post"}],"author":[{"embeddable":true,"href":"https:\/\/analyse.optim.biz\/index.php?rest_route=\/wp\/v2\/users\/1"}],"replies":[{"embeddable":true,"href":"https:\/\/analyse.optim.biz\/index.php?rest_route=%2Fwp%2Fv2%2Fcomments&post=2122500"}],"version-history":[{"count":0,"href":"https:\/\/analyse.optim.biz\/index.php?rest_route=\/wp\/v2\/posts\/2122500\/revisions"}],"wp:attachment":[{"href":"https:\/\/analyse.optim.biz\/index.php?rest_route=%2Fwp%2Fv2%2Fmedia&parent=2122500"}],"wp:term":[{"taxonomy":"category","embeddable":true,"href":"https:\/\/analyse.optim.biz\/index.php?rest_route=%2Fwp%2Fv2%2Fcategories&post=2122500"},{"taxonomy":"post_tag","embeddable":true,"href":"https:\/\/analyse.optim.biz\/index.php?rest_route=%2Fwp%2Fv2%2Ftags&post=2122500"}],"curies":[{"name":"wp","href":"https:\/\/api.w.org\/{rel}","templated":true}]}}