{"id":2122490,"date":"2026-08-31T07:35:36","date_gmt":"2026-08-31T04:35:36","guid":{"rendered":"https:\/\/analyse.optim.biz\/?p=2122490"},"modified":"2026-08-31T07:35:36","modified_gmt":"2026-08-31T04:35:36","slug":"primarul-din-cernisoara-a-premiat-valorile-la-sarbatoarea-comunei-cuplurile-de-aur-si-elevii-de-nota-10-aplaudati-pe-scena-de-la-modoia","status":"publish","type":"post","link":"https:\/\/analyse.optim.biz\/?p=2122490","title":{"rendered":"Primarul din Cerni\u0219oara a premiat valorile la s\u0103rb\u0103toarea comunei: cuplurile de aur \u0219i elevii de nota 10, aplauda\u021bi pe scena de la Modoia"},"content":{"rendered":"<p>[analyse_image type=&#8221;featured&#8221; src=&#8221;https:\/\/www.impactreal.ro\/wp-content\/uploads\/2026\/08\/cernisoara-pensionari-foto.jpeg&#8221;]<\/p>\n<div class=\"single-news-content\">\n<div class=\"news-image\"><img loading=\"lazy\" decoding=\"async\" width=\"2040\" height=\"1148\" src=\"https:\/\/www.impactreal.ro\/wp-content\/uploads\/2026\/08\/cernisoara-pensionari-foto.jpeg\" class=\"img-responsive wp-post-image\" alt=\"Primarul din Cerni\u0219oara a premiat valorile la s\u0103rb\u0103toarea comunei: cuplurile de aur \u0219i elevii de nota 10, aplauda\u021bi pe scena de la Modoia\"><\/div>\n<div class=\"news-detail clearfix\">\n<div class=\"entry-meta\"><span class=\"posted-date\"><a href=\"https:\/\/www.impactreal.ro\/2026\/08\/31\/primarul-din-cernisoara-a-premiat-valorile-la-sarbatoarea-comunei-cuplurile-de-aur-si-elevii-de-nota-10-aplaudati-pe-scena-de-la-modoia\/\" rel=\"bookmark\"><time class=\"entry-date published updated\" datetime=\"2026-08-31T10:35:36+03:00\">31 august 2026<\/time><\/a><\/span><span class=\"author vcard\"><a href=\"https:\/\/www.impactreal.ro\/author\/claudia-schiopu\/\">Claudia Schiopu<\/a><\/span><span class=\"cat-links\"><a href=\"https:\/\/www.impactreal.ro\/category\/administratie\/\" rel=\"category tag\">Administra\u0163ie<\/a><a href=\"https:\/\/www.impactreal.ro\/category\/cernisoara\/\" rel=\"category tag\">Cernisoara<\/a><\/span><\/div>\n<div class=\"news-content editor-content-entry\">\n<p>Locuitorii comunei Cerni\u0219oara s-au \u00eent\u00e2lnit, pe 29 \u0219i 30 august, la cea de-a cincea edi\u021bie a Zilei Comunei, organizat\u0103 pe Izlazul Comunal Modoia. Cele dou\u0103 zile au adus muzic\u0103, dansuri populare \u0219i momente dedicate oamenilor locului. Zece familii care au \u00eemplinit 50 de ani de c\u0103snicie au fost premiate, al\u0103turi de elevii care au \u00eencheiat anul \u0219colar cu media general\u0103 10.<\/p>\n<p><strong><u>Zece familii, premiate dup\u0103 cinci decenii \u00eempreun\u0103<\/u><\/strong><\/p>\n<p>Festivitatea de duminic\u0103 a \u00eenceput cu premierea celor zece cupluri din Cerni\u0219oara care au ajuns la nunta de aur. So\u021bii au urcat pe scen\u0103 \u00een aplauzele publicului \u0219i au primit diplome \u0219i premii din partea Prim\u0103riei \u0219i a Consiliului Local. Copiii \u0219i nepo\u021bii le-au fost al\u0103turi \u0219i au p\u0103strat prin fotografii aceast\u0103 \u00eent\u00e2lnire de familie.<\/p>\n<p>Primarul comunei Cerni\u0219oara, Dumitru Cior\u00eec\u0103, le-a vorbit celor prezen\u021bi despre credin\u021b\u0103, familie \u0219i p\u0103strarea tradi\u021biilor locale.<\/p>\n<p>\u201e<strong><em>La mul\u021bi ani tuturor cerni\u0219orenilor! \u00cei mul\u021bumesc lui Dumnezeu c\u0103 ne-a \u00eeng\u0103duit s\u0103 ne \u00eent\u00e2lnim din nou \u0219i s\u0103 petrecem \u00eempreun\u0103 aceste dou\u0103 zile. Ne dorim s\u0103 p\u0103str\u0103m tradi\u021bia \u0219i s\u0103 o continu\u0103m at\u00e2t c\u00e2t vom avea s\u0103n\u0103tate \u0219i putere. Ast\u0103zi \u00eei felicit\u0103m pe cei care au ajuns la 50 de ani de c\u0103snicie. Au trecut \u00eempreun\u0103 prin bucurii \u0219i greut\u0103\u021bi \u0219i ne-au ar\u0103tat c\u00e2t de important\u0103 este o familie unit\u0103. Le mul\u021bumesc tuturor celor care au venit la s\u0103rb\u0103toarea comunei<\/em><\/strong>\u201d, a declarat Dumitru Cior\u00eec\u0103.<\/p>\n<p><strong><u>Elevii de nota 10 au urcat pe scen\u0103<\/u><\/strong><\/p>\n<p>Festivitatea a continuat cu premierea copiilor din Cerni\u0219oara care au ob\u021binut media general\u0103 10 la finalul anului \u0219colar. Primarul le-a mul\u021bumit elevilor pentru munca depus\u0103, dar \u0219i profesorilor care i-au \u00eendrumat.<\/p>\n<p>\u201e<strong><em>To\u021bi ace\u0219ti copii merit\u0103 sus\u021binerea, felicit\u0103rile \u0219i aplauzele noastre. Le mul\u021bumesc doamnei director \u0219i tuturor cadrelor didactice pentru munca lor. Rezultatele elevilor se ob\u021bin prin studiu, seriozitate \u0219i sprijinul profesorilor \u0219i al p\u0103rin\u021bilor. Sper ca anul viitor s\u0103 avem \u0219i mai mul\u021bi copii premia\u021bi<\/em><\/strong>\u201d, a spus Dumitru Cior\u00eec\u0103.<\/p>\n<p><strong><em><u>Copiii din Cerni\u0219oara au deschis programul artistic<\/u><\/em><\/strong><\/p>\n<p>Dup\u0103 premiere, scena le-a apar\u021binut copiilor talenta\u021bi din Cerni\u0219oara \u0219i Cop\u0103ceni. Grupul feminin \u201eCerni\u0219orencele\u201d, coordonat de M\u0103riuca \u0219i alc\u0103tuit din tinere din localitate, a prezentat un moment de dans \u0219i c\u00e2ntec popular inspirat din tradi\u021biile zonei.\u00a0 \u00a0Au urcat pe scen\u0103 \u0219i elevii \u0218colii Gimnaziale din Ulmet, cu dansurile preg\u0103tite pentru aceast\u0103 s\u0103rb\u0103toare. Programul folcloric a continuat cu Ansamblul Casei de Cultur\u0103 \u201eDrago\u0219 Vr\u00e2nceanu\u201d din B\u0103beni, Ansamblul \u201eBordeia\u0219ul\u201d din Bechet \u0219i Ansamblul \u201eBr\u00e2ule\u021bul\u201d din Celaru.\u00a0 Forma\u021bia de fluiera\u0219i din \u0218ugag a adus la Modoia c\u00e2ntece specifice jude\u021bului Alba, apoi Rapsodia V\u00e2lcean\u0103 a sus\u021binut un program de muzic\u0103 popular\u0103.\u00a0 \u00cen fa\u021ba publicului au mai c\u00e2ntat Eduard Stoica, Teodora \u0219i Sofia Opri\u021ba, Nicoleta Popa, Diana Igoianu, Maria Izabela P\u00eengulescu \u0219i Elena Antonia, o interpret\u0103 \u00een v\u00e2rst\u0103 de 11 ani din comuna Ote\u0219ani.<\/p>\n<p><strong><u>Primari \u0219i reprezentan\u021bi ai jude\u021bului, prezen\u021bi la s\u0103rb\u0103toare<\/u><\/strong><\/p>\n<p>\u00cen cea de-a doua parte a zilei au ajuns la Modoia vicepre\u0219edintele Consiliului Jude\u021bean V\u00e2lcea, Adrian Iliescu, directori ai institu\u021biilor jude\u021bene \u0219i consilieri jude\u021beni. Al\u0103turi de ace\u0219tia s-au aflat primarul comunei Pope\u0219ti, Aurora M\u0103gura, primarul comunei Cop\u0103ceni, Tironel T\u00e2mpl\u0103rescu, \u0219i primarul comunei Vaideeni, Daniel B\u0103lu\u021b\u0103. Invita\u021bii au urcat pe scen\u0103 \u0219i l-au felicitat pe Dumitru Cior\u00eec\u0103 pentru organizarea evenimentului.<\/p>\n<p>Prima sear\u0103 a \u00eenceput cu Forma\u021bia Cristal 2000 \u0219i Anisia \u0218tef\u0103nescu. Niculina Stoican a fost unul dintre numele importante ale programului de s\u00e2mb\u0103t\u0103. Muzica a continuat duminic\u0103 p\u00e2n\u0103 aproape de miezul nop\u021bii, c\u00e2nd Forma\u021bia Cristal 2000 a \u00eencheiat cele dou\u0103 zile de s\u0103rb\u0103toare.<\/p>\n<div class=\"wp-video\"><video class=\"wp-video-shortcode\" id=\"video-58508-1\" width=\"640\" height=\"361\" preload=\"metadata\" controls=\"controls\"><source type=\"video\/mp4\" src=\"https:\/\/www.impactreal.ro\/wp-content\/uploads\/2026\/08\/inregistare-01000-primar.mp4?_=1\" \/><\/video><\/div>\n<p>\u00a0<\/p>\n<div class=\"wp-video\"><video class=\"wp-video-shortcode\" id=\"video-58508-2\" width=\"640\" height=\"361\" preload=\"metadata\" controls=\"controls\"><source type=\"video\/mp4\" src=\"https:\/\/www.impactreal.ro\/wp-content\/uploads\/2026\/08\/inregsiatrae-copii.mp4?_=2\" \/><\/video><\/div>\n<p>\u00a0<\/p>\n<p><img loading=\"lazy\" decoding=\"async\" class=\"alignnone size-medium wp-image-58512\" src=\"https:\/\/www.impactreal.ro\/wp-content\/uploads\/2026\/08\/cernisoara-fetele-300x225.jpg\" alt width=\"300\" height=\"225\"><img loading=\"lazy\" decoding=\"async\" class=\"alignnone size-medium wp-image-58513\" src=\"https:\/\/www.impactreal.ro\/wp-content\/uploads\/2026\/08\/cernisoar-primar-00-300x272.jpeg\" alt width=\"300\" height=\"272\"><img decoding=\"async\" loading=\"lazy\" class=\"alignnone size-medium wp-image-58514\" src=\"https:\/\/www.impactreal.ro\/wp-content\/uploads\/2026\/08\/cernisoara-ddd-300x225.jpg\" alt width=\"300\" height=\"225\"><img decoding=\"async\" loading=\"lazy\" class=\"alignnone size-medium wp-image-58515\" src=\"https:\/\/www.impactreal.ro\/wp-content\/uploads\/2026\/08\/cernisoara-55-300x225.jpeg\" alt width=\"300\" height=\"225\"><img decoding=\"async\" loading=\"lazy\" class=\"alignnone size-medium wp-image-58516\" src=\"https:\/\/www.impactreal.ro\/wp-content\/uploads\/2026\/08\/cernisoara-pensionari-foto-1-300x169.jpeg\" alt width=\"300\" height=\"169\"><\/p>\n<p><img decoding=\"async\" loading=\"lazy\" class=\"alignnone size-medium wp-image-58517\" src=\"https:\/\/www.impactreal.ro\/wp-content\/uploads\/2026\/08\/cernisoara-copii-300x148.jpeg\" alt width=\"300\" height=\"148\"><\/p>\n<\/div>\n<\/div>\n<\/div>\n<div class=\"news-content editor-content-entry\">\n<p>Locuitorii comunei Cerni\u0219oara s-au \u00eent\u00e2lnit, pe 29 \u0219i 30 august, la cea de-a cincea edi\u021bie a Zilei Comunei, organizat\u0103 pe Izlazul Comunal Modoia. Cele dou\u0103 zile au adus muzic\u0103, dansuri populare \u0219i momente dedicate oamenilor locului. Zece familii care au \u00eemplinit 50 de ani de c\u0103snicie au fost premiate, al\u0103turi de elevii care au \u00eencheiat anul \u0219colar cu media general\u0103 10.<\/p>\n<p><strong><u>Zece familii, premiate dup\u0103 cinci decenii \u00eempreun\u0103<\/u><\/strong><\/p>\n<p>Festivitatea de duminic\u0103 a \u00eenceput cu premierea celor zece cupluri din Cerni\u0219oara care au ajuns la nunta de aur. So\u021bii au urcat pe scen\u0103 \u00een aplauzele publicului \u0219i au primit diplome \u0219i premii din partea Prim\u0103riei \u0219i a Consiliului Local. Copiii \u0219i nepo\u021bii le-au fost al\u0103turi \u0219i au p\u0103strat prin fotografii aceast\u0103 \u00eent\u00e2lnire de familie.<\/p>\n<p>Primarul comunei Cerni\u0219oara, Dumitru Cior\u00eec\u0103, le-a vorbit celor prezen\u021bi despre credin\u021b\u0103, familie \u0219i p\u0103strarea tradi\u021biilor locale.<\/p>\n<p>\u201e<strong><em>La mul\u021bi ani tuturor cerni\u0219orenilor! \u00cei mul\u021bumesc lui Dumnezeu c\u0103 ne-a \u00eeng\u0103duit s\u0103 ne \u00eent\u00e2lnim din nou \u0219i s\u0103 petrecem \u00eempreun\u0103 aceste dou\u0103 zile. Ne dorim s\u0103 p\u0103str\u0103m tradi\u021bia \u0219i s\u0103 o continu\u0103m at\u00e2t c\u00e2t vom avea s\u0103n\u0103tate \u0219i putere. Ast\u0103zi \u00eei felicit\u0103m pe cei care au ajuns la 50 de ani de c\u0103snicie. Au trecut \u00eempreun\u0103 prin bucurii \u0219i greut\u0103\u021bi \u0219i ne-au ar\u0103tat c\u00e2t de important\u0103 este o familie unit\u0103. Le mul\u021bumesc tuturor celor care au venit la s\u0103rb\u0103toarea comunei<\/em><\/strong>\u201d, a declarat Dumitru Cior\u00eec\u0103.<\/p>\n<p><strong><u>Elevii de nota 10 au urcat pe scen\u0103<\/u><\/strong><\/p>\n<p>Festivitatea a continuat cu premierea copiilor din Cerni\u0219oara care au ob\u021binut media general\u0103 10 la finalul anului \u0219colar. Primarul le-a mul\u021bumit elevilor pentru munca depus\u0103, dar \u0219i profesorilor care i-au \u00eendrumat.<\/p>\n<p>\u201e<strong><em>To\u021bi ace\u0219ti copii merit\u0103 sus\u021binerea, felicit\u0103rile \u0219i aplauzele noastre. Le mul\u021bumesc doamnei director \u0219i tuturor cadrelor didactice pentru munca lor. Rezultatele elevilor se ob\u021bin prin studiu, seriozitate \u0219i sprijinul profesorilor \u0219i al p\u0103rin\u021bilor. Sper ca anul viitor s\u0103 avem \u0219i mai mul\u021bi copii premia\u021bi<\/em><\/strong>\u201d, a spus Dumitru Cior\u00eec\u0103.<\/p>\n<p><strong><em><u>Copiii din Cerni\u0219oara au deschis programul artistic<\/u><\/em><\/strong><\/p>\n<p>Dup\u0103 premiere, scena le-a apar\u021binut copiilor talenta\u021bi din Cerni\u0219oara \u0219i Cop\u0103ceni. Grupul feminin \u201eCerni\u0219orencele\u201d, coordonat de M\u0103riuca \u0219i alc\u0103tuit din tinere din localitate, a prezentat un moment de dans \u0219i c\u00e2ntec popular inspirat din tradi\u021biile zonei.\u00a0 \u00a0Au urcat pe scen\u0103 \u0219i elevii \u0218colii Gimnaziale din Ulmet, cu dansurile preg\u0103tite pentru aceast\u0103 s\u0103rb\u0103toare. Programul folcloric a continuat cu Ansamblul Casei de Cultur\u0103 \u201eDrago\u0219 Vr\u00e2nceanu\u201d din B\u0103beni, Ansamblul \u201eBordeia\u0219ul\u201d din Bechet \u0219i Ansamblul \u201eBr\u00e2ule\u021bul\u201d din Celaru.\u00a0 Forma\u021bia de fluiera\u0219i din \u0218ugag a adus la Modoia c\u00e2ntece specifice jude\u021bului Alba, apoi Rapsodia V\u00e2lcean\u0103 a sus\u021binut un program de muzic\u0103 popular\u0103.\u00a0 \u00cen fa\u021ba publicului au mai c\u00e2ntat Eduard Stoica, Teodora \u0219i Sofia Opri\u021ba, Nicoleta Popa, Diana Igoianu, Maria Izabela P\u00eengulescu \u0219i Elena Antonia, o interpret\u0103 \u00een v\u00e2rst\u0103 de 11 ani din comuna Ote\u0219ani.<\/p>\n<p><strong><u>Primari \u0219i reprezentan\u021bi ai jude\u021bului, prezen\u021bi la s\u0103rb\u0103toare<\/u><\/strong><\/p>\n<p>\u00cen cea de-a doua parte a zilei au ajuns la Modoia vicepre\u0219edintele Consiliului Jude\u021bean V\u00e2lcea, Adrian Iliescu, directori ai institu\u021biilor jude\u021bene \u0219i consilieri jude\u021beni. Al\u0103turi de ace\u0219tia s-au aflat primarul comunei Pope\u0219ti, Aurora M\u0103gura, primarul comunei Cop\u0103ceni, Tironel T\u00e2mpl\u0103rescu, \u0219i primarul comunei Vaideeni, Daniel B\u0103lu\u021b\u0103. Invita\u021bii au urcat pe scen\u0103 \u0219i l-au felicitat pe Dumitru Cior\u00eec\u0103 pentru organizarea evenimentului.<\/p>\n<p>Prima sear\u0103 a \u00eenceput cu Forma\u021bia Cristal 2000 \u0219i Anisia \u0218tef\u0103nescu. Niculina Stoican a fost unul dintre numele importante ale programului de s\u00e2mb\u0103t\u0103. Muzica a continuat duminic\u0103 p\u00e2n\u0103 aproape de miezul nop\u021bii, c\u00e2nd Forma\u021bia Cristal 2000 a \u00eencheiat cele dou\u0103 zile de s\u0103rb\u0103toare.<\/p>\n<div class=\"wp-video\"><video class=\"wp-video-shortcode\" id=\"video-58508-1\" width=\"640\" height=\"361\" preload=\"metadata\" controls=\"controls\"><source type=\"video\/mp4\" src=\"https:\/\/www.impactreal.ro\/wp-content\/uploads\/2026\/08\/inregistare-01000-primar.mp4?_=1\" \/><\/video><\/div>\n<p>\u00a0<\/p>\n<div class=\"wp-video\"><video class=\"wp-video-shortcode\" id=\"video-58508-2\" width=\"640\" height=\"361\" preload=\"metadata\" controls=\"controls\"><source type=\"video\/mp4\" src=\"https:\/\/www.impactreal.ro\/wp-content\/uploads\/2026\/08\/inregsiatrae-copii.mp4?_=2\" \/><\/video><\/div>\n<p>\u00a0<\/p>\n<p><img loading=\"lazy\" decoding=\"async\" class=\"alignnone size-medium wp-image-58512\" src=\"https:\/\/www.impactreal.ro\/wp-content\/uploads\/2026\/08\/cernisoara-fetele-300x225.jpg\" alt width=\"300\" height=\"225\"><img loading=\"lazy\" decoding=\"async\" class=\"alignnone size-medium wp-image-58513\" src=\"https:\/\/www.impactreal.ro\/wp-content\/uploads\/2026\/08\/cernisoar-primar-00-300x272.jpeg\" alt width=\"300\" height=\"272\"><img decoding=\"async\" loading=\"lazy\" class=\"alignnone size-medium wp-image-58514\" src=\"https:\/\/www.impactreal.ro\/wp-content\/uploads\/2026\/08\/cernisoara-ddd-300x225.jpg\" alt width=\"300\" height=\"225\"><img decoding=\"async\" loading=\"lazy\" class=\"alignnone size-medium wp-image-58515\" src=\"https:\/\/www.impactreal.ro\/wp-content\/uploads\/2026\/08\/cernisoara-55-300x225.jpeg\" alt width=\"300\" height=\"225\"><img decoding=\"async\" loading=\"lazy\" class=\"alignnone size-medium wp-image-58516\" src=\"https:\/\/www.impactreal.ro\/wp-content\/uploads\/2026\/08\/cernisoara-pensionari-foto-1-300x169.jpeg\" alt width=\"300\" height=\"169\"><\/p>\n<p><img decoding=\"async\" loading=\"lazy\" class=\"alignnone size-medium wp-image-58517\" src=\"https:\/\/www.impactreal.ro\/wp-content\/uploads\/2026\/08\/cernisoara-copii-300x148.jpeg\" alt width=\"300\" height=\"148\"><\/p>\n<\/div>\n<div class=\"news-content editor-content-entry\">\n<p>Locuitorii comunei Cerni\u0219oara s-au \u00eent\u00e2lnit, pe 29 \u0219i 30 august, la cea de-a cincea edi\u021bie a Zilei Comunei, organizat\u0103 pe Izlazul Comunal Modoia. Cele dou\u0103 zile au adus muzic\u0103, dansuri populare \u0219i momente dedicate oamenilor locului. Zece familii care au \u00eemplinit 50 de ani de c\u0103snicie au fost premiate, al\u0103turi de elevii care au \u00eencheiat anul \u0219colar cu media general\u0103 10.<\/p>\n<p><strong><u>Zece familii, premiate dup\u0103 cinci decenii \u00eempreun\u0103<\/u><\/strong><\/p>\n<p>Festivitatea de duminic\u0103 a \u00eenceput cu premierea celor zece cupluri din Cerni\u0219oara care au ajuns la nunta de aur. So\u021bii au urcat pe scen\u0103 \u00een aplauzele publicului \u0219i au primit diplome \u0219i premii din partea Prim\u0103riei \u0219i a Consiliului Local. Copiii \u0219i nepo\u021bii le-au fost al\u0103turi \u0219i au p\u0103strat prin fotografii aceast\u0103 \u00eent\u00e2lnire de familie.<\/p>\n<p>Primarul comunei Cerni\u0219oara, Dumitru Cior\u00eec\u0103, le-a vorbit celor prezen\u021bi despre credin\u021b\u0103, familie \u0219i p\u0103strarea tradi\u021biilor locale.<\/p>\n<p>\u201e<strong><em>La mul\u021bi ani tuturor cerni\u0219orenilor! \u00cei mul\u021bumesc lui Dumnezeu c\u0103 ne-a \u00eeng\u0103duit s\u0103 ne \u00eent\u00e2lnim din nou \u0219i s\u0103 petrecem \u00eempreun\u0103 aceste dou\u0103 zile. Ne dorim s\u0103 p\u0103str\u0103m tradi\u021bia \u0219i s\u0103 o continu\u0103m at\u00e2t c\u00e2t vom avea s\u0103n\u0103tate \u0219i putere. Ast\u0103zi \u00eei felicit\u0103m pe cei care au ajuns la 50 de ani de c\u0103snicie. Au trecut \u00eempreun\u0103 prin bucurii \u0219i greut\u0103\u021bi \u0219i ne-au ar\u0103tat c\u00e2t de important\u0103 este o familie unit\u0103. Le mul\u021bumesc tuturor celor care au venit la s\u0103rb\u0103toarea comunei<\/em><\/strong>\u201d, a declarat Dumitru Cior\u00eec\u0103.<\/p>\n<p><strong><u>Elevii de nota 10 au urcat pe scen\u0103<\/u><\/strong><\/p>\n<p>Festivitatea a continuat cu premierea copiilor din Cerni\u0219oara care au ob\u021binut media general\u0103 10 la finalul anului \u0219colar. Primarul le-a mul\u021bumit elevilor pentru munca depus\u0103, dar \u0219i profesorilor care i-au \u00eendrumat.<\/p>\n<p>\u201e<strong><em>To\u021bi ace\u0219ti copii merit\u0103 sus\u021binerea, felicit\u0103rile \u0219i aplauzele noastre. Le mul\u021bumesc doamnei director \u0219i tuturor cadrelor didactice pentru munca lor. Rezultatele elevilor se ob\u021bin prin studiu, seriozitate \u0219i sprijinul profesorilor \u0219i al p\u0103rin\u021bilor. Sper ca anul viitor s\u0103 avem \u0219i mai mul\u021bi copii premia\u021bi<\/em><\/strong>\u201d, a spus Dumitru Cior\u00eec\u0103.<\/p>\n<p><strong><em><u>Copiii din Cerni\u0219oara au deschis programul artistic<\/u><\/em><\/strong><\/p>\n<p>Dup\u0103 premiere, scena le-a apar\u021binut copiilor talenta\u021bi din Cerni\u0219oara \u0219i Cop\u0103ceni. Grupul feminin \u201eCerni\u0219orencele\u201d, coordonat de M\u0103riuca \u0219i alc\u0103tuit din tinere din localitate, a prezentat un moment de dans \u0219i c\u00e2ntec popular inspirat din tradi\u021biile zonei.\u00a0 \u00a0Au urcat pe scen\u0103 \u0219i elevii \u0218colii Gimnaziale din Ulmet, cu dansurile preg\u0103tite pentru aceast\u0103 s\u0103rb\u0103toare. Programul folcloric a continuat cu Ansamblul Casei de Cultur\u0103 \u201eDrago\u0219 Vr\u00e2nceanu\u201d din B\u0103beni, Ansamblul \u201eBordeia\u0219ul\u201d din Bechet \u0219i Ansamblul \u201eBr\u00e2ule\u021bul\u201d din Celaru.\u00a0 Forma\u021bia de fluiera\u0219i din \u0218ugag a adus la Modoia c\u00e2ntece specifice jude\u021bului Alba, apoi Rapsodia V\u00e2lcean\u0103 a sus\u021binut un program de muzic\u0103 popular\u0103.\u00a0 \u00cen fa\u021ba publicului au mai c\u00e2ntat Eduard Stoica, Teodora \u0219i Sofia Opri\u021ba, Nicoleta Popa, Diana Igoianu, Maria Izabela P\u00eengulescu \u0219i Elena Antonia, o interpret\u0103 \u00een v\u00e2rst\u0103 de 11 ani din comuna Ote\u0219ani.<\/p>\n<p><strong><u>Primari \u0219i reprezentan\u021bi ai jude\u021bului, prezen\u021bi la s\u0103rb\u0103toare<\/u><\/strong><\/p>\n<p>\u00cen cea de-a doua parte a zilei au ajuns la Modoia vicepre\u0219edintele Consiliului Jude\u021bean V\u00e2lcea, Adrian Iliescu, directori ai institu\u021biilor jude\u021bene \u0219i consilieri jude\u021beni. Al\u0103turi de ace\u0219tia s-au aflat primarul comunei Pope\u0219ti, Aurora M\u0103gura, primarul comunei Cop\u0103ceni, Tironel T\u00e2mpl\u0103rescu, \u0219i primarul comunei Vaideeni, Daniel B\u0103lu\u021b\u0103. Invita\u021bii au urcat pe scen\u0103 \u0219i l-au felicitat pe Dumitru Cior\u00eec\u0103 pentru organizarea evenimentului.<\/p>\n<p>Prima sear\u0103 a \u00eenceput cu Forma\u021bia Cristal 2000 \u0219i Anisia \u0218tef\u0103nescu. Niculina Stoican a fost unul dintre numele importante ale programului de s\u00e2mb\u0103t\u0103. Muzica a continuat duminic\u0103 p\u00e2n\u0103 aproape de miezul nop\u021bii, c\u00e2nd Forma\u021bia Cristal 2000 a \u00eencheiat cele dou\u0103 zile de s\u0103rb\u0103toare.<\/p>\n<div class=\"wp-video\"><video class=\"wp-video-shortcode\" id=\"video-58508-1\" width=\"640\" height=\"361\" preload=\"metadata\" controls=\"controls\"><source type=\"video\/mp4\" src=\"https:\/\/www.impactreal.ro\/wp-content\/uploads\/2026\/08\/inregistare-01000-primar.mp4?_=1\" \/><\/video><\/div>\n<p>\u00a0<\/p>\n<div class=\"wp-video\"><video class=\"wp-video-shortcode\" id=\"video-58508-2\" width=\"640\" height=\"361\" preload=\"metadata\" controls=\"controls\"><source type=\"video\/mp4\" src=\"https:\/\/www.impactreal.ro\/wp-content\/uploads\/2026\/08\/inregsiatrae-copii.mp4?_=2\" \/><\/video><\/div>\n<p>\u00a0<\/p>\n<p><img loading=\"lazy\" decoding=\"async\" class=\"alignnone size-medium wp-image-58512\" src=\"https:\/\/www.impactreal.ro\/wp-content\/uploads\/2026\/08\/cernisoara-fetele-300x225.jpg\" alt width=\"300\" height=\"225\"><img loading=\"lazy\" decoding=\"async\" class=\"alignnone size-medium wp-image-58513\" src=\"https:\/\/www.impactreal.ro\/wp-content\/uploads\/2026\/08\/cernisoar-primar-00-300x272.jpeg\" alt width=\"300\" height=\"272\"><img decoding=\"async\" loading=\"lazy\" class=\"alignnone size-medium wp-image-58514\" src=\"https:\/\/www.impactreal.ro\/wp-content\/uploads\/2026\/08\/cernisoara-ddd-300x225.jpg\" alt width=\"300\" height=\"225\"><img decoding=\"async\" loading=\"lazy\" class=\"alignnone size-medium wp-image-58515\" src=\"https:\/\/www.impactreal.ro\/wp-content\/uploads\/2026\/08\/cernisoara-55-300x225.jpeg\" alt width=\"300\" height=\"225\"><img decoding=\"async\" loading=\"lazy\" class=\"alignnone size-medium wp-image-58516\" src=\"https:\/\/www.impactreal.ro\/wp-content\/uploads\/2026\/08\/cernisoara-pensionari-foto-1-300x169.jpeg\" alt width=\"300\" height=\"169\"><\/p>\n<p><img decoding=\"async\" loading=\"lazy\" class=\"alignnone size-medium wp-image-58517\" src=\"https:\/\/www.impactreal.ro\/wp-content\/uploads\/2026\/08\/cernisoara-copii-300x148.jpeg\" alt width=\"300\" height=\"148\"><\/p>\n<\/div>\n<p>[analyse_source url=&#8221;https:\/\/www.impactreal.ro\/2026\/08\/31\/primarul-din-cernisoara-a-premiat-valorile-la-sarbatoarea-comunei-cuplurile-de-aur-si-elevii-de-nota-10-aplaudati-pe-scena-de-la-modoia\/&#8221;]<\/p>\n","protected":false},"excerpt":{"rendered":"<p>[analyse_image type=&#8221;featured&#8221; src=&#8221;https:\/\/www.impactreal.ro\/wp-content\/uploads\/2026\/08\/cernisoara-pensionari-foto.jpeg&#8221;] 31 august 2026Claudia SchiopuAdministra\u0163ieCernisoara Locuitorii comunei Cerni\u0219oara s-au \u00eent\u00e2lnit, pe 29 \u0219i 30 august, la cea de-a cincea edi\u021bie a Zilei Comunei, organizat\u0103 pe Izlazul Comunal Modoia. Cele dou\u0103 zile au adus muzic\u0103, dansuri populare \u0219i momente dedicate oamenilor locului. Zece familii care au \u00eemplinit 50 de ani de c\u0103snicie au fost [&hellip;]<\/p>\n","protected":false},"author":1,"featured_media":0,"comment_status":"open","ping_status":"","sticky":false,"template":"","format":"standard","meta":{"footnotes":""},"categories":[89],"tags":[226,212],"class_list":["post-2122490","post","type-post","status-publish","format-standard","hentry","category-romania","tag-crawlmanager","tag-impactreal-ro"],"_links":{"self":[{"href":"https:\/\/analyse.optim.biz\/index.php?rest_route=\/wp\/v2\/posts\/2122490","targetHints":{"allow":["GET"]}}],"collection":[{"href":"https:\/\/analyse.optim.biz\/index.php?rest_route=\/wp\/v2\/posts"}],"about":[{"href":"https:\/\/analyse.optim.biz\/index.php?rest_route=\/wp\/v2\/types\/post"}],"author":[{"embeddable":true,"href":"https:\/\/analyse.optim.biz\/index.php?rest_route=\/wp\/v2\/users\/1"}],"replies":[{"embeddable":true,"href":"https:\/\/analyse.optim.biz\/index.php?rest_route=%2Fwp%2Fv2%2Fcomments&post=2122490"}],"version-history":[{"count":0,"href":"https:\/\/analyse.optim.biz\/index.php?rest_route=\/wp\/v2\/posts\/2122490\/revisions"}],"wp:attachment":[{"href":"https:\/\/analyse.optim.biz\/index.php?rest_route=%2Fwp%2Fv2%2Fmedia&parent=2122490"}],"wp:term":[{"taxonomy":"category","embeddable":true,"href":"https:\/\/analyse.optim.biz\/index.php?rest_route=%2Fwp%2Fv2%2Fcategories&post=2122490"},{"taxonomy":"post_tag","embeddable":true,"href":"https:\/\/analyse.optim.biz\/index.php?rest_route=%2Fwp%2Fv2%2Ftags&post=2122490"}],"curies":[{"name":"wp","href":"https:\/\/api.w.org\/{rel}","templated":true}]}}