{"id":2122482,"date":"2026-08-31T04:48:03","date_gmt":"2026-08-31T01:48:03","guid":{"rendered":"https:\/\/analyse.optim.biz\/?p=2122482"},"modified":"2026-08-31T04:48:03","modified_gmt":"2026-08-31T01:48:03","slug":"ziua-orasului-balcesti-sarbatorita-cu-muzica-dans-si-artificii-constantin-aleca-avem-27-de-proiecte-in-lucru-si-cinci-blocuri-finalizate","status":"publish","type":"post","link":"https:\/\/analyse.optim.biz\/?p=2122482","title":{"rendered":"Ziua Ora\u0219ului B\u0103lce\u0219ti, s\u0103rb\u0103torit\u0103 cu muzic\u0103, dans \u0219i artificii. Constantin Aleca: \u201eAvem 27 de proiecte \u00een lucru \u0219i cinci blocuri finalizate\u201d"},"content":{"rendered":"<p>[analyse_image type=&#8221;featured&#8221; src=&#8221;https:\/\/www.impactreal.ro\/wp-content\/uploads\/2026\/08\/balcesti-1122.jpg&#8221;]<\/p>\n<div class=\"single-news-content\">\n<div class=\"news-image\"><img loading=\"lazy\" decoding=\"async\" width=\"1600\" height=\"900\" src=\"https:\/\/www.impactreal.ro\/wp-content\/uploads\/2026\/08\/balcesti-1122.jpg\" class=\"img-responsive wp-post-image\" alt=\"Ziua Ora\u0219ului B\u0103lce\u0219ti, s\u0103rb\u0103torit\u0103 cu muzic\u0103, dans \u0219i artificii. Constantin Aleca: \u201eAvem 27 de proiecte \u00een lucru \u0219i cinci blocuri finalizate\u201d\"><\/div>\n<div class=\"news-detail clearfix\">\n<div class=\"entry-meta\"><span class=\"posted-date\"><a href=\"https:\/\/www.impactreal.ro\/2026\/08\/31\/ziua-orasului-balcesti-sarbatorita-cu-muzica-dans-si-artificii-constantin-aleca-avem-27-de-proiecte-in-lucru-si-cinci-blocuri-finalizate\/\" rel=\"bookmark\"><time class=\"entry-date published updated\" datetime=\"2026-08-31T07:48:03+03:00\">31 august 2026<\/time><\/a><\/span><span class=\"author vcard\"><a href=\"https:\/\/www.impactreal.ro\/author\/claudia-schiopu\/\">Claudia Schiopu<\/a><\/span><span class=\"cat-links\"><a href=\"https:\/\/www.impactreal.ro\/category\/administratie\/\" rel=\"category tag\">Administra\u0163ie<\/a><a href=\"https:\/\/www.impactreal.ro\/category\/balcesti\/\" rel=\"category tag\">Balcesti<\/a><\/span><\/div>\n<div class=\"news-content editor-content-entry\">\n<p>Locuitorii din B\u0103lce\u0219ti s-au \u00eent\u00e2lnit \u00een Parcul Central pentru dou\u0103 zile de spectacole, dansuri \u0219i muzic\u0103. Deschiderea oficial\u0103 a avut loc duminic\u0103, 30 august, c\u00e2nd primarul liberal Constantin Aleca a vorbit despre istoria localit\u0103\u021bii, proiectele aflate \u00een lucru, locuin\u021bele construite pentru tineri \u0219i speciali\u0219ti, dar \u0219i despre redeschiderea spitalului.<\/p>\n<p>Pe scen\u0103, al\u0103turi de primar, s-au aflat subprefectul cu atribu\u021bii de prefect al jude\u021bului V\u00e2lcea, Victor St\u0103nculescu, Florin Epure, directorul Direc\u021biei Jude\u021bene pentru Cultur\u0103 V\u00e2lcea, viceprimarul Aurel Radu, secretarul de stat Aurel Simion \u0219i primarii Marius Irimia din F\u0103ure\u0219ti, Gheorghe G\u00eengu din Bujoreni \u0219i Mugur M\u0103rcuianu din M\u0103ciuca.<\/p>\n<p><strong><u>De la satul B\u0103lce\u0219ti la ora\u0219ul de ast\u0103zi<\/u><\/strong><\/p>\n<p>Constantin Aleca \u0219i-a \u00eenceput discursul cu o scurt\u0103 prezentare a localit\u0103\u021bii, atestat\u0103 documentar la 18 decembrie 1574. B\u0103lce\u0219ti a devenit comun\u0103 \u00een 1861, av\u00e2nd atunci \u00een componen\u021b\u0103 satele B\u0103lce\u0219ti, B\u0103\u021b\u0103\u021bei \u0219i Ulicioi. Localitatea a f\u0103cut parte, de-a lungul anilor, din plasa Olte\u021bul de Jos, plasa B\u0103lce\u0219ti \u0219i raionul Olte\u021b. La 6 iunie 2002, comuna a fost declarat\u0103 ora\u0219.<\/p>\n<p>Primarul a r\u0103spuns \u0219i celor care sus\u021bin c\u0103 administra\u021bia local\u0103 nu a realizat suficiente investi\u021bii.<\/p>\n<p>\u201e<strong><em>Ora\u0219ul nostru se dezvolt\u0103 \u0219i cred c\u0103 rezultatele se v\u0103d. Avem 27 de proiecte \u00een implementare, dintre care nou\u0103 prin Planul Na\u021bional de Redresare \u0219i Rezilien\u021b\u0103, 11 prin Programul Regional Sud-Vest Oltenia, dou\u0103 prin \u00abAnghel Saligny\u00bb \u0219i dou\u0103 prin Compania Na\u021bional\u0103 de Investi\u021bii\u201d,<\/em><\/strong> a declarat Constantin Aleca.<\/p>\n<p><strong><u>Spitalul \u0219i locuin\u021bele pentru speciali\u0219ti, printre priorit\u0103\u021bi<\/u><\/strong><strong><u>\u00a0<\/u><\/strong><\/p>\n<p>Una dintre cele mai importante probleme r\u0103m\u00e2ne redeschiderea Spitalului Or\u0103\u0219enesc B\u0103lce\u0219ti. Unitatea medical\u0103 a fost re\u00eenfiin\u021bat\u0103 prin Hot\u0103r\u00e2rea de Guvern nr. 727 din 20 august 2020 \u0219i va avea 46 de paturi pentru medicin\u0103 intern\u0103 \u0219i recuperare.<\/p>\n<p>Primarul a vorbit \u0219i despre cele cinci blocuri construite pentru tineri \u0219i pentru angaja\u021bii din S\u0103n\u0103tate \u0219i \u00cenv\u0103\u021b\u0103m\u00e2nt.<\/p>\n<p>\u201e<strong><em>Blocurile sunt finalizate \u0219i recep\u021bionate. Avem apartamente pentru tineri, dar \u0219i 12 locuin\u021be pentru speciali\u0219ti. \u00cei a\u0219tept\u0103m pe medicii, asisten\u021bii, infirmierii \u0219i profesorii care vor lucra la B\u0103lce\u0219ti \u0219i care au nevoie de o locuin\u021b\u0103<\/em><\/strong>\u201d, a precizat Constantin Aleca.<\/p>\n<p><strong><u>Dou\u0103 zile de spectacole \u00een Parcul Central<\/u><\/strong><\/p>\n<p>Zilele Ora\u0219ului B\u0103lce\u0219ti au \u00eenceput s\u00e2mb\u0103t\u0103, 29 august, \u0219i au continuat duminic\u0103, 30 august. Programul artistic i-a adus \u00een fa\u021ba publicului pe Ionel Tudorache, Roberta Crintea, Cristian B\u0103n\u0103\u021beanu, Cristina Ene, Ionu\u021b \u0219i Doini\u021ba Dol\u0103nescu, Florina B\u0103lan, Taraful Cristi Caliu \u0219i Rapsodia V\u00e2lcean\u0103.<\/p>\n<p>Au urcat pe scen\u0103 \u0219i Ansamblul de Dansuri B\u0103lce\u0219ti, Raisa Cupr\u0103reanu, Maria Cristina Stan, Antonia B\u0103lan, Irina Militar, Daria Cotoi, Rebeca Mierlian, Erica M\u0103ntescu, Delia Musta\u021b\u0103, Ana Aricescu-Stroe, Rebeca B\u00eerchi, Miruna Marica \u0219i trupa \u201eJL Garage d\u2019Or\u201d.<\/p>\n<p><strong><u>S\u0103rb\u0103toarea s-a \u00eencheiat duminic\u0103 seara cu un foc de artificii<\/u><\/strong>.<\/p>\n<div class=\"wp-video\"><video class=\"wp-video-shortcode\" id=\"video-58497-1\" width=\"640\" height=\"362\" preload=\"metadata\" controls=\"controls\"><source type=\"video\/mp4\" src=\"https:\/\/www.impactreal.ro\/wp-content\/uploads\/2026\/08\/balcersti-333-ffoto-202256-INREGISTARE-WhatsApp-Video-2026-08-30-at-20.02.54.mp4?_=1\" \/><\/video><\/div>\n<div class=\"wp-video\"><video class=\"wp-video-shortcode\" id=\"video-58497-2\" width=\"640\" height=\"362\" preload=\"metadata\" controls=\"controls\"><source type=\"video\/mp4\" src=\"https:\/\/www.impactreal.ro\/wp-content\/uploads\/2026\/08\/balcesti-inreg-555-WhatsApp-Video-2026-08-30-at-19.32.59.mp4?_=2\" \/><\/video><\/div>\n<p><img loading=\"lazy\" decoding=\"async\" class=\"alignnone size-medium wp-image-58501\" src=\"https:\/\/www.impactreal.ro\/wp-content\/uploads\/2026\/08\/balcesti-1133-300x169.jpeg\" alt width=\"300\" height=\"169\"><img loading=\"lazy\" decoding=\"async\" class=\"alignnone size-medium wp-image-58502\" src=\"https:\/\/www.impactreal.ro\/wp-content\/uploads\/2026\/08\/balcesti-1144-169x300.jpeg\" alt width=\"169\" height=\"300\"><img decoding=\"async\" loading=\"lazy\" class=\"alignnone size-medium wp-image-58503\" src=\"https:\/\/www.impactreal.ro\/wp-content\/uploads\/2026\/08\/balcesti-1166-300x169.jpeg\" alt width=\"300\" height=\"169\"><img decoding=\"async\" loading=\"lazy\" class=\"alignnone size-medium wp-image-58504\" src=\"https:\/\/www.impactreal.ro\/wp-content\/uploads\/2026\/08\/balcesti-1177-169x300.jpeg\" alt width=\"169\" height=\"300\"><img decoding=\"async\" loading=\"lazy\" class=\"alignnone size-medium wp-image-58505\" src=\"https:\/\/www.impactreal.ro\/wp-content\/uploads\/2026\/08\/balcesti-1199-300x168.jpeg\" alt width=\"300\" height=\"168\"><img decoding=\"async\" loading=\"lazy\" class=\"alignnone size-medium wp-image-58506\" src=\"https:\/\/www.impactreal.ro\/wp-content\/uploads\/2026\/08\/balcesti-11636-169x300.jpeg\" alt width=\"169\" height=\"300\"><\/p>\n<p>\u00a0<\/p>\n<\/div>\n<\/div>\n<\/div>\n<div class=\"news-content editor-content-entry\">\n<p>Locuitorii din B\u0103lce\u0219ti s-au \u00eent\u00e2lnit \u00een Parcul Central pentru dou\u0103 zile de spectacole, dansuri \u0219i muzic\u0103. Deschiderea oficial\u0103 a avut loc duminic\u0103, 30 august, c\u00e2nd primarul liberal Constantin Aleca a vorbit despre istoria localit\u0103\u021bii, proiectele aflate \u00een lucru, locuin\u021bele construite pentru tineri \u0219i speciali\u0219ti, dar \u0219i despre redeschiderea spitalului.<\/p>\n<p>Pe scen\u0103, al\u0103turi de primar, s-au aflat subprefectul cu atribu\u021bii de prefect al jude\u021bului V\u00e2lcea, Victor St\u0103nculescu, Florin Epure, directorul Direc\u021biei Jude\u021bene pentru Cultur\u0103 V\u00e2lcea, viceprimarul Aurel Radu, secretarul de stat Aurel Simion \u0219i primarii Marius Irimia din F\u0103ure\u0219ti, Gheorghe G\u00eengu din Bujoreni \u0219i Mugur M\u0103rcuianu din M\u0103ciuca.<\/p>\n<p><strong><u>De la satul B\u0103lce\u0219ti la ora\u0219ul de ast\u0103zi<\/u><\/strong><\/p>\n<p>Constantin Aleca \u0219i-a \u00eenceput discursul cu o scurt\u0103 prezentare a localit\u0103\u021bii, atestat\u0103 documentar la 18 decembrie 1574. B\u0103lce\u0219ti a devenit comun\u0103 \u00een 1861, av\u00e2nd atunci \u00een componen\u021b\u0103 satele B\u0103lce\u0219ti, B\u0103\u021b\u0103\u021bei \u0219i Ulicioi. Localitatea a f\u0103cut parte, de-a lungul anilor, din plasa Olte\u021bul de Jos, plasa B\u0103lce\u0219ti \u0219i raionul Olte\u021b. La 6 iunie 2002, comuna a fost declarat\u0103 ora\u0219.<\/p>\n<p>Primarul a r\u0103spuns \u0219i celor care sus\u021bin c\u0103 administra\u021bia local\u0103 nu a realizat suficiente investi\u021bii.<\/p>\n<p>\u201e<strong><em>Ora\u0219ul nostru se dezvolt\u0103 \u0219i cred c\u0103 rezultatele se v\u0103d. Avem 27 de proiecte \u00een implementare, dintre care nou\u0103 prin Planul Na\u021bional de Redresare \u0219i Rezilien\u021b\u0103, 11 prin Programul Regional Sud-Vest Oltenia, dou\u0103 prin \u00abAnghel Saligny\u00bb \u0219i dou\u0103 prin Compania Na\u021bional\u0103 de Investi\u021bii\u201d,<\/em><\/strong> a declarat Constantin Aleca.<\/p>\n<p><strong><u>Spitalul \u0219i locuin\u021bele pentru speciali\u0219ti, printre priorit\u0103\u021bi<\/u><\/strong><strong><u>\u00a0<\/u><\/strong><\/p>\n<p>Una dintre cele mai importante probleme r\u0103m\u00e2ne redeschiderea Spitalului Or\u0103\u0219enesc B\u0103lce\u0219ti. Unitatea medical\u0103 a fost re\u00eenfiin\u021bat\u0103 prin Hot\u0103r\u00e2rea de Guvern nr. 727 din 20 august 2020 \u0219i va avea 46 de paturi pentru medicin\u0103 intern\u0103 \u0219i recuperare.<\/p>\n<p>Primarul a vorbit \u0219i despre cele cinci blocuri construite pentru tineri \u0219i pentru angaja\u021bii din S\u0103n\u0103tate \u0219i \u00cenv\u0103\u021b\u0103m\u00e2nt.<\/p>\n<p>\u201e<strong><em>Blocurile sunt finalizate \u0219i recep\u021bionate. Avem apartamente pentru tineri, dar \u0219i 12 locuin\u021be pentru speciali\u0219ti. \u00cei a\u0219tept\u0103m pe medicii, asisten\u021bii, infirmierii \u0219i profesorii care vor lucra la B\u0103lce\u0219ti \u0219i care au nevoie de o locuin\u021b\u0103<\/em><\/strong>\u201d, a precizat Constantin Aleca.<\/p>\n<p><strong><u>Dou\u0103 zile de spectacole \u00een Parcul Central<\/u><\/strong><\/p>\n<p>Zilele Ora\u0219ului B\u0103lce\u0219ti au \u00eenceput s\u00e2mb\u0103t\u0103, 29 august, \u0219i au continuat duminic\u0103, 30 august. Programul artistic i-a adus \u00een fa\u021ba publicului pe Ionel Tudorache, Roberta Crintea, Cristian B\u0103n\u0103\u021beanu, Cristina Ene, Ionu\u021b \u0219i Doini\u021ba Dol\u0103nescu, Florina B\u0103lan, Taraful Cristi Caliu \u0219i Rapsodia V\u00e2lcean\u0103.<\/p>\n<p>Au urcat pe scen\u0103 \u0219i Ansamblul de Dansuri B\u0103lce\u0219ti, Raisa Cupr\u0103reanu, Maria Cristina Stan, Antonia B\u0103lan, Irina Militar, Daria Cotoi, Rebeca Mierlian, Erica M\u0103ntescu, Delia Musta\u021b\u0103, Ana Aricescu-Stroe, Rebeca B\u00eerchi, Miruna Marica \u0219i trupa \u201eJL Garage d\u2019Or\u201d.<\/p>\n<p><strong><u>S\u0103rb\u0103toarea s-a \u00eencheiat duminic\u0103 seara cu un foc de artificii<\/u><\/strong>.<\/p>\n<div class=\"wp-video\"><video class=\"wp-video-shortcode\" id=\"video-58497-1\" width=\"640\" height=\"362\" preload=\"metadata\" controls=\"controls\"><source type=\"video\/mp4\" src=\"https:\/\/www.impactreal.ro\/wp-content\/uploads\/2026\/08\/balcersti-333-ffoto-202256-INREGISTARE-WhatsApp-Video-2026-08-30-at-20.02.54.mp4?_=1\" \/><\/video><\/div>\n<div class=\"wp-video\"><video class=\"wp-video-shortcode\" id=\"video-58497-2\" width=\"640\" height=\"362\" preload=\"metadata\" controls=\"controls\"><source type=\"video\/mp4\" src=\"https:\/\/www.impactreal.ro\/wp-content\/uploads\/2026\/08\/balcesti-inreg-555-WhatsApp-Video-2026-08-30-at-19.32.59.mp4?_=2\" \/><\/video><\/div>\n<p><img loading=\"lazy\" decoding=\"async\" class=\"alignnone size-medium wp-image-58501\" src=\"https:\/\/www.impactreal.ro\/wp-content\/uploads\/2026\/08\/balcesti-1133-300x169.jpeg\" alt width=\"300\" height=\"169\"><img loading=\"lazy\" decoding=\"async\" class=\"alignnone size-medium wp-image-58502\" src=\"https:\/\/www.impactreal.ro\/wp-content\/uploads\/2026\/08\/balcesti-1144-169x300.jpeg\" alt width=\"169\" height=\"300\"><img decoding=\"async\" loading=\"lazy\" class=\"alignnone size-medium wp-image-58503\" src=\"https:\/\/www.impactreal.ro\/wp-content\/uploads\/2026\/08\/balcesti-1166-300x169.jpeg\" alt width=\"300\" height=\"169\"><img decoding=\"async\" loading=\"lazy\" class=\"alignnone size-medium wp-image-58504\" src=\"https:\/\/www.impactreal.ro\/wp-content\/uploads\/2026\/08\/balcesti-1177-169x300.jpeg\" alt width=\"169\" height=\"300\"><img decoding=\"async\" loading=\"lazy\" class=\"alignnone size-medium wp-image-58505\" src=\"https:\/\/www.impactreal.ro\/wp-content\/uploads\/2026\/08\/balcesti-1199-300x168.jpeg\" alt width=\"300\" height=\"168\"><img decoding=\"async\" loading=\"lazy\" class=\"alignnone size-medium wp-image-58506\" src=\"https:\/\/www.impactreal.ro\/wp-content\/uploads\/2026\/08\/balcesti-11636-169x300.jpeg\" alt width=\"169\" height=\"300\"><\/p>\n<p>\u00a0<\/p>\n<\/div>\n<div class=\"news-content editor-content-entry\">\n<p>Locuitorii din B\u0103lce\u0219ti s-au \u00eent\u00e2lnit \u00een Parcul Central pentru dou\u0103 zile de spectacole, dansuri \u0219i muzic\u0103. Deschiderea oficial\u0103 a avut loc duminic\u0103, 30 august, c\u00e2nd primarul liberal Constantin Aleca a vorbit despre istoria localit\u0103\u021bii, proiectele aflate \u00een lucru, locuin\u021bele construite pentru tineri \u0219i speciali\u0219ti, dar \u0219i despre redeschiderea spitalului.<\/p>\n<p>Pe scen\u0103, al\u0103turi de primar, s-au aflat subprefectul cu atribu\u021bii de prefect al jude\u021bului V\u00e2lcea, Victor St\u0103nculescu, Florin Epure, directorul Direc\u021biei Jude\u021bene pentru Cultur\u0103 V\u00e2lcea, viceprimarul Aurel Radu, secretarul de stat Aurel Simion \u0219i primarii Marius Irimia din F\u0103ure\u0219ti, Gheorghe G\u00eengu din Bujoreni \u0219i Mugur M\u0103rcuianu din M\u0103ciuca.<\/p>\n<p><strong><u>De la satul B\u0103lce\u0219ti la ora\u0219ul de ast\u0103zi<\/u><\/strong><\/p>\n<p>Constantin Aleca \u0219i-a \u00eenceput discursul cu o scurt\u0103 prezentare a localit\u0103\u021bii, atestat\u0103 documentar la 18 decembrie 1574. B\u0103lce\u0219ti a devenit comun\u0103 \u00een 1861, av\u00e2nd atunci \u00een componen\u021b\u0103 satele B\u0103lce\u0219ti, B\u0103\u021b\u0103\u021bei \u0219i Ulicioi. Localitatea a f\u0103cut parte, de-a lungul anilor, din plasa Olte\u021bul de Jos, plasa B\u0103lce\u0219ti \u0219i raionul Olte\u021b. La 6 iunie 2002, comuna a fost declarat\u0103 ora\u0219.<\/p>\n<p>Primarul a r\u0103spuns \u0219i celor care sus\u021bin c\u0103 administra\u021bia local\u0103 nu a realizat suficiente investi\u021bii.<\/p>\n<p>\u201e<strong><em>Ora\u0219ul nostru se dezvolt\u0103 \u0219i cred c\u0103 rezultatele se v\u0103d. Avem 27 de proiecte \u00een implementare, dintre care nou\u0103 prin Planul Na\u021bional de Redresare \u0219i Rezilien\u021b\u0103, 11 prin Programul Regional Sud-Vest Oltenia, dou\u0103 prin \u00abAnghel Saligny\u00bb \u0219i dou\u0103 prin Compania Na\u021bional\u0103 de Investi\u021bii\u201d,<\/em><\/strong> a declarat Constantin Aleca.<\/p>\n<p><strong><u>Spitalul \u0219i locuin\u021bele pentru speciali\u0219ti, printre priorit\u0103\u021bi<\/u><\/strong><strong><u>\u00a0<\/u><\/strong><\/p>\n<p>Una dintre cele mai importante probleme r\u0103m\u00e2ne redeschiderea Spitalului Or\u0103\u0219enesc B\u0103lce\u0219ti. Unitatea medical\u0103 a fost re\u00eenfiin\u021bat\u0103 prin Hot\u0103r\u00e2rea de Guvern nr. 727 din 20 august 2020 \u0219i va avea 46 de paturi pentru medicin\u0103 intern\u0103 \u0219i recuperare.<\/p>\n<p>Primarul a vorbit \u0219i despre cele cinci blocuri construite pentru tineri \u0219i pentru angaja\u021bii din S\u0103n\u0103tate \u0219i \u00cenv\u0103\u021b\u0103m\u00e2nt.<\/p>\n<p>\u201e<strong><em>Blocurile sunt finalizate \u0219i recep\u021bionate. Avem apartamente pentru tineri, dar \u0219i 12 locuin\u021be pentru speciali\u0219ti. \u00cei a\u0219tept\u0103m pe medicii, asisten\u021bii, infirmierii \u0219i profesorii care vor lucra la B\u0103lce\u0219ti \u0219i care au nevoie de o locuin\u021b\u0103<\/em><\/strong>\u201d, a precizat Constantin Aleca.<\/p>\n<p><strong><u>Dou\u0103 zile de spectacole \u00een Parcul Central<\/u><\/strong><\/p>\n<p>Zilele Ora\u0219ului B\u0103lce\u0219ti au \u00eenceput s\u00e2mb\u0103t\u0103, 29 august, \u0219i au continuat duminic\u0103, 30 august. Programul artistic i-a adus \u00een fa\u021ba publicului pe Ionel Tudorache, Roberta Crintea, Cristian B\u0103n\u0103\u021beanu, Cristina Ene, Ionu\u021b \u0219i Doini\u021ba Dol\u0103nescu, Florina B\u0103lan, Taraful Cristi Caliu \u0219i Rapsodia V\u00e2lcean\u0103.<\/p>\n<p>Au urcat pe scen\u0103 \u0219i Ansamblul de Dansuri B\u0103lce\u0219ti, Raisa Cupr\u0103reanu, Maria Cristina Stan, Antonia B\u0103lan, Irina Militar, Daria Cotoi, Rebeca Mierlian, Erica M\u0103ntescu, Delia Musta\u021b\u0103, Ana Aricescu-Stroe, Rebeca B\u00eerchi, Miruna Marica \u0219i trupa \u201eJL Garage d\u2019Or\u201d.<\/p>\n<p><strong><u>S\u0103rb\u0103toarea s-a \u00eencheiat duminic\u0103 seara cu un foc de artificii<\/u><\/strong>.<\/p>\n<div class=\"wp-video\"><video class=\"wp-video-shortcode\" id=\"video-58497-1\" width=\"640\" height=\"362\" preload=\"metadata\" controls=\"controls\"><source type=\"video\/mp4\" src=\"https:\/\/www.impactreal.ro\/wp-content\/uploads\/2026\/08\/balcersti-333-ffoto-202256-INREGISTARE-WhatsApp-Video-2026-08-30-at-20.02.54.mp4?_=1\" \/><\/video><\/div>\n<div class=\"wp-video\"><video class=\"wp-video-shortcode\" id=\"video-58497-2\" width=\"640\" height=\"362\" preload=\"metadata\" controls=\"controls\"><source type=\"video\/mp4\" src=\"https:\/\/www.impactreal.ro\/wp-content\/uploads\/2026\/08\/balcesti-inreg-555-WhatsApp-Video-2026-08-30-at-19.32.59.mp4?_=2\" \/><\/video><\/div>\n<p><img loading=\"lazy\" decoding=\"async\" class=\"alignnone size-medium wp-image-58501\" src=\"https:\/\/www.impactreal.ro\/wp-content\/uploads\/2026\/08\/balcesti-1133-300x169.jpeg\" alt width=\"300\" height=\"169\"><img loading=\"lazy\" decoding=\"async\" class=\"alignnone size-medium wp-image-58502\" src=\"https:\/\/www.impactreal.ro\/wp-content\/uploads\/2026\/08\/balcesti-1144-169x300.jpeg\" alt width=\"169\" height=\"300\"><img decoding=\"async\" loading=\"lazy\" class=\"alignnone size-medium wp-image-58503\" src=\"https:\/\/www.impactreal.ro\/wp-content\/uploads\/2026\/08\/balcesti-1166-300x169.jpeg\" alt width=\"300\" height=\"169\"><img decoding=\"async\" loading=\"lazy\" class=\"alignnone size-medium wp-image-58504\" src=\"https:\/\/www.impactreal.ro\/wp-content\/uploads\/2026\/08\/balcesti-1177-169x300.jpeg\" alt width=\"169\" height=\"300\"><img decoding=\"async\" loading=\"lazy\" class=\"alignnone size-medium wp-image-58505\" src=\"https:\/\/www.impactreal.ro\/wp-content\/uploads\/2026\/08\/balcesti-1199-300x168.jpeg\" alt width=\"300\" height=\"168\"><img decoding=\"async\" loading=\"lazy\" class=\"alignnone size-medium wp-image-58506\" src=\"https:\/\/www.impactreal.ro\/wp-content\/uploads\/2026\/08\/balcesti-11636-169x300.jpeg\" alt width=\"169\" height=\"300\"><\/p>\n<p>\u00a0<\/p>\n<\/div>\n<p>[analyse_source url=&#8221;https:\/\/www.impactreal.ro\/2026\/08\/31\/ziua-orasului-balcesti-sarbatorita-cu-muzica-dans-si-artificii-constantin-aleca-avem-27-de-proiecte-in-lucru-si-cinci-blocuri-finalizate\/&#8221;]<\/p>\n","protected":false},"excerpt":{"rendered":"<p>[analyse_image type=&#8221;featured&#8221; src=&#8221;https:\/\/www.impactreal.ro\/wp-content\/uploads\/2026\/08\/balcesti-1122.jpg&#8221;] 31 august 2026Claudia SchiopuAdministra\u0163ieBalcesti Locuitorii din B\u0103lce\u0219ti s-au \u00eent\u00e2lnit \u00een Parcul Central pentru dou\u0103 zile de spectacole, dansuri \u0219i muzic\u0103. Deschiderea oficial\u0103 a avut loc duminic\u0103, 30 august, c\u00e2nd primarul liberal Constantin Aleca a vorbit despre istoria localit\u0103\u021bii, proiectele aflate \u00een lucru, locuin\u021bele construite pentru tineri \u0219i speciali\u0219ti, dar \u0219i despre redeschiderea [&hellip;]<\/p>\n","protected":false},"author":1,"featured_media":0,"comment_status":"open","ping_status":"","sticky":false,"template":"","format":"standard","meta":{"footnotes":""},"categories":[89],"tags":[226,212],"class_list":["post-2122482","post","type-post","status-publish","format-standard","hentry","category-romania","tag-crawlmanager","tag-impactreal-ro"],"_links":{"self":[{"href":"https:\/\/analyse.optim.biz\/index.php?rest_route=\/wp\/v2\/posts\/2122482","targetHints":{"allow":["GET"]}}],"collection":[{"href":"https:\/\/analyse.optim.biz\/index.php?rest_route=\/wp\/v2\/posts"}],"about":[{"href":"https:\/\/analyse.optim.biz\/index.php?rest_route=\/wp\/v2\/types\/post"}],"author":[{"embeddable":true,"href":"https:\/\/analyse.optim.biz\/index.php?rest_route=\/wp\/v2\/users\/1"}],"replies":[{"embeddable":true,"href":"https:\/\/analyse.optim.biz\/index.php?rest_route=%2Fwp%2Fv2%2Fcomments&post=2122482"}],"version-history":[{"count":0,"href":"https:\/\/analyse.optim.biz\/index.php?rest_route=\/wp\/v2\/posts\/2122482\/revisions"}],"wp:attachment":[{"href":"https:\/\/analyse.optim.biz\/index.php?rest_route=%2Fwp%2Fv2%2Fmedia&parent=2122482"}],"wp:term":[{"taxonomy":"category","embeddable":true,"href":"https:\/\/analyse.optim.biz\/index.php?rest_route=%2Fwp%2Fv2%2Fcategories&post=2122482"},{"taxonomy":"post_tag","embeddable":true,"href":"https:\/\/analyse.optim.biz\/index.php?rest_route=%2Fwp%2Fv2%2Ftags&post=2122482"}],"curies":[{"name":"wp","href":"https:\/\/api.w.org\/{rel}","templated":true}]}}