{"id":2122449,"date":"2026-09-01T13:00:15","date_gmt":"2026-09-01T10:00:15","guid":{"rendered":"https:\/\/analyse.optim.biz\/?p=2122449"},"modified":"2026-09-01T13:00:15","modified_gmt":"2026-09-01T10:00:15","slug":"vacante-la-mare-de-la-39-de-lei-pe-noapte-a-inceput-editia-de-toamna-litoralul-pentru-toti","status":"publish","type":"post","link":"https:\/\/analyse.optim.biz\/?p=2122449","title":{"rendered":"Vacan\u021be la mare de la 39 de lei pe noapte. A \u00eenceput edi\u021bia de toamn\u0103 \u201eLitoralul pentru To\u021bi\u201d"},"content":{"rendered":"<p>[analyse_image type=&#8221;featured&#8221; src=&#8221;https:\/\/www.tion.ro\/wp-content\/uploads\/2026\/09\/+otf\/1200&#215;630\/8264230litoralolimpmareaneagra.jpg&#8221;]<\/p>\n<article id=\"post-2344863\" class>\n<div class=\"entry-content clearfix\">\n<div class=\"enewsArticleContent\">\n<p>Programul, lansat de Federa\u021bia Patronatelor din Turismul Rom\u00e2nesc (FPTR) \u00een 2001, a ajuns la cea de-a 49-a edi\u021bie. Scopul este acela\u0219i: s\u0103 ofere turi\u0219tilor posibilitatea de a petrece o vacan\u021b\u0103 pe litoral la pre\u021buri mai mici \u0219i, \u00een acela\u0219i timp, s\u0103 prelungeasc\u0103 sezonul estival.<\/p>\n<p>\u00cen edi\u021bia din aceast\u0103 toamn\u0103 sunt \u00eenscrise aproximativ 67 de unit\u0103\u021bi de cazare din zece sta\u021biuni \u0219i zone turistice. Lista participan\u021bilor s-a schimbat fa\u021b\u0103 de edi\u021bia de prim\u0103var\u0103. 24 dintre unit\u0103\u021bile \u00eenscrise \u00een aceast\u0103 toamn\u0103 nu au participat la edi\u021bia precedent\u0103, astfel c\u0103 turi\u0219tii au la dispozi\u021bie \u0219i oferte noi.<\/p>\n<p>FPTR transmite c\u0103 edi\u021bia din septembrie se desf\u0103\u0219oar\u0103 \u00een cadrul \u201eAnului Calit\u0103\u021bii \u00een Turism\u201d, ini\u021biativ\u0103 lansat\u0103 pentru 2026. Federa\u021bia subliniaz\u0103 c\u0103 pre\u021burile mai mici din extrasezon ar trebui s\u0103 fie \u00eenso\u021bite de servicii corespunz\u0103toare.<\/p>\n<p>Cel mai mic tarif anun\u021bat p\u00e2n\u0103 acum este de 39 de lei\/persoan\u0103\/noapte \u00een Eforie Nord.<\/p>\n<p><strong>Pre\u021burile de pornire difer\u0103 \u00een func\u021bie de sta\u021biune:<\/strong><\/p>\n<ul>\n<li>Eforie Nord \u2013 de la 39 lei\/persoan\u0103\/noapte;<\/li>\n<li>Neptun-Olimp \u2013 de la 58 lei;<\/li>\n<li>Costine\u0219ti \u2013 de la 60 lei;<\/li>\n<li>Mamaia Nord \u0219i Eforie Sud \u2013 de la 65 lei;<\/li>\n<li>Mamaia \u2013 de la 69 lei;<\/li>\n<li>Jupiter \u2013 de la 74 lei;<\/li>\n<li>Saturn \u2013 de la 77 lei;<\/li>\n<li>Vama Veche \u2013 de la 80 lei;<\/li>\n<li>Mangalia \u2013 de la 108 lei.<\/li>\n<\/ul>\n<p>Tarifele, serviciile incluse \u0219i perioadele \u00een care pot fi accesate ofertele sunt stabilite de fiecare unitate de cazare. Unele pachete presupun doar cazare, \u00een timp ce altele includ micul dejun sau servicii all inclusive.<\/p>\n<p>De\u0219i programul oficial se desf\u0103\u0219oar\u0103 \u00eentre 1 \u0219i 30 septembrie, unele unit\u0103\u021bi participante au preg\u0103tit oferte care se extind \u0219i \u00een luna octombrie.<\/p>\n<h3><strong>Cine poate beneficia de program<\/strong><\/h3>\n<p>\u201eLitoralul pentru To\u021bi\u201d se adreseaz\u0103 tuturor celor care vor o vacan\u021b\u0103 la mare \u00een extrasezon: familii, tineri, pensionari, dar \u0219i turi\u0219tilor care prefer\u0103 o perioad\u0103 mai lini\u0219tit\u0103, f\u0103r\u0103 aglomera\u021bia din lunile de v\u00e2rf.<\/p>\n<p>Programul poate fi o variant\u0103 \u0219i pentru cei care vor s\u0103 profite de mini-vacan\u021be sau escapade de weekend la malul m\u0103rii, la tarife mai accesibile. \u00cen func\u021bie de condi\u021biile stabilite de fiecare hotel sau agen\u021bie, pachetele pot fi achitate \u0219i cu vouchere de vacan\u021b\u0103.<\/p>\n<p>Pre\u0219edintele FPTR, Drago\u0219 R\u0103ducan, sus\u021bine c\u0103 interesul pentru program r\u0103m\u00e2ne ridicat dup\u0103 aproape 25 de ani de la lansare.<\/p>\n<blockquote>\n<p>\u201eDup\u0103 49 de edi\u021bii, \u00abLitoralul pentru To\u021bi\u00bb continu\u0103 s\u0103 atrag\u0103 unit\u0103\u021bi noi \u0219i s\u0103 readuc\u0103 \u00een program operatori care nu au mai participat \u00een ultimele edi\u021bii\u201d, a transmis acesta.<\/p>\n<\/blockquote>\n<p>Potrivit reprezentantului FPTR, obiectivul pentru 2026 este ca turismul rom\u00e2nesc s\u0103 fie competitiv prin calitatea serviciilor, profesionalism \u0219i un raport corect \u00eentre pre\u021b \u0219i servicii.<\/p>\n<blockquote>\n<p>\u201eTuristul care vine la mare \u00een septembrie este la fel de important ca turistul din plin sezon \u0219i trebuie s\u0103 plece mul\u021bumit, cu dorin\u021ba de a reveni\u201d, a mai declarat Drago\u0219 R\u0103ducan.<\/p>\n<\/blockquote>\n<div class=\"fbShareLikeTwitterAndEmailContainer\">\n<div class=\"wrapper\">\n<div class=\"email\">\n<div id=\"mailto-pop\" class=\"pop-form pop-form-mailto\">\n<div class=\"pop-form-header\">\n<h4>Trimite articolul<\/h4>\n<p><a class=\"pop-form-close\">X<\/a><\/div>\n<\/div>\n<\/div>\n<\/div>\n<\/div>\n<div class=\"tagsContainer\">\n<div class=\"tagsLabel\">Taguri:<\/div>\n<div class=\"tags\">\n<div class=\"tag\"><a href=\"https:\/\/www.tion.ro\/cimke\/litoralul-pentru-toti\" rel=\"tag\"><span class=\"link\">Litoralul pentru toti<\/span><span class=\"separator\">,<\/span><\/a><\/div>\n<div class=\"tag\"><a href=\"https:\/\/www.tion.ro\/cimke\/marea-neagra\" rel=\"tag\"><span class=\"link\">marea neagra<\/span><span class=\"separator\">,<\/span><\/a><\/div>\n<div class=\"tag\"><a href=\"https:\/\/www.tion.ro\/cimke\/preturi\" rel=\"tag\"><span class=\"link\">preturi<\/span><\/a><\/div>\n<\/div>\n<\/div>\n<div class=\"comments\">\n<div class=\"top\">\n<div class=\"commentsNumber\"><span class=\"number\">1<\/span><span class=\"text\">Comentarii<\/span><\/div>\n<\/div>\n<div class=\"center\">\n<div id=\"respond\" class=\"comment-respond\">\n<h3 id=\"reply-title\" class=\"comment-reply-title\"><small><a rel=\"nofollow\" id=\"cancel-comment-reply-link\" href=\"https:\/\/www.tion.ro\/turism\/vacante-la-mare-de-la-39-de-lei-pe-noapte-a-inceput-editia-de-toamna-litoralul-pentru-toti-2344863\/#respond\">Cancel reply<\/a><\/small><\/h3>\n<p class=\"comment-notes\"><span id=\"email-notes\">Your email address will not be published.<\/span><span class=\"required-field-message\">Required fields are marked <span class=\"required\">*<\/span><\/span><\/p>\n<p class=\"commentFormComment\"><span id=\"commentFormCount\"><br \/>\n                            inca<br \/>\n                            <span id=\"countCommentText\">1000<\/span><br \/>\n                            caractere ramase<br \/>\n                        <\/span><\/p>\n<\/div>\n<\/div>\n<div class=\"bottom\">\n<p class=\"forumDisclaimerHuRo\">\n            Citi\u021bi principiile noastre de moderare <a href=\"https:\/\/www.tion.ro\/reguli-postare-comentarii\/\" target=\"_blank\">aici<\/a>!\n        <\/p>\n<\/div>\n<\/div>\n<div id=\"forum\">\n<li class=\"comment even thread-even depth-1\" id=\"comment-1023084\">\n<div id=\"div-comment-1023084\" class=\"comment-body\">\n<div class=\"comment-author vcard\"><img decoding=\"async\" alt src=\"https:\/\/secure.gravatar.com\/avatar\/b509799d7923b1324f86864263e3931b?s=32&amp;d=mm&amp;r=g\" class=\"avatar avatar-32 photo\" height=\"32\" width=\"32\" loading=\"lazy\"><cite class=\"fn\">Auricka<\/cite><span class=\"says\">says:<\/span><\/div>\n<div class=\"comment-meta commentmetadata\"><a href=\"https:\/\/www.tion.ro\/turism\/vacante-la-mare-de-la-39-de-lei-pe-noapte-a-inceput-editia-de-toamna-litoralul-pentru-toti-2344863\/#comment-1023084\">September 1, 2026 at 4:34 pm<\/a><\/div>\n<p>39 lei intr o ghena sau sub pod?<\/p>\n<div class=\"reply\"><a rel=\"nofollow\" class=\"comment-reply-link\" href=\"https:\/\/www.tion.ro\/turism\/vacante-la-mare-de-la-39-de-lei-pe-noapte-a-inceput-editia-de-toamna-litoralul-pentru-toti-2344863\/#comment-1023084\" data-commentid=\"1023084\" data-postid=\"2344863\" data-belowelement=\"div-comment-1023084\" data-respondelement=\"respond\" data-replyto=\"Reply to Auricka\" aria-label=\"Reply to Auricka\">Reply<\/a><\/div>\n<\/div>\n<\/li>\n<\/div>\n<\/div>\n<\/div>\n<\/article>\n<div class=\"entry-content clearfix\">\n<div class=\"enewsArticleContent\">\n<p>Programul, lansat de Federa\u021bia Patronatelor din Turismul Rom\u00e2nesc (FPTR) \u00een 2001, a ajuns la cea de-a 49-a edi\u021bie. Scopul este acela\u0219i: s\u0103 ofere turi\u0219tilor posibilitatea de a petrece o vacan\u021b\u0103 pe litoral la pre\u021buri mai mici \u0219i, \u00een acela\u0219i timp, s\u0103 prelungeasc\u0103 sezonul estival.<\/p>\n<p>\u00cen edi\u021bia din aceast\u0103 toamn\u0103 sunt \u00eenscrise aproximativ 67 de unit\u0103\u021bi de cazare din zece sta\u021biuni \u0219i zone turistice. Lista participan\u021bilor s-a schimbat fa\u021b\u0103 de edi\u021bia de prim\u0103var\u0103. 24 dintre unit\u0103\u021bile \u00eenscrise \u00een aceast\u0103 toamn\u0103 nu au participat la edi\u021bia precedent\u0103, astfel c\u0103 turi\u0219tii au la dispozi\u021bie \u0219i oferte noi.<\/p>\n<p>FPTR transmite c\u0103 edi\u021bia din septembrie se desf\u0103\u0219oar\u0103 \u00een cadrul \u201eAnului Calit\u0103\u021bii \u00een Turism\u201d, ini\u021biativ\u0103 lansat\u0103 pentru 2026. Federa\u021bia subliniaz\u0103 c\u0103 pre\u021burile mai mici din extrasezon ar trebui s\u0103 fie \u00eenso\u021bite de servicii corespunz\u0103toare.<\/p>\n<p>Cel mai mic tarif anun\u021bat p\u00e2n\u0103 acum este de 39 de lei\/persoan\u0103\/noapte \u00een Eforie Nord.<\/p>\n<p><strong>Pre\u021burile de pornire difer\u0103 \u00een func\u021bie de sta\u021biune:<\/strong><\/p>\n<ul>\n<li>Eforie Nord \u2013 de la 39 lei\/persoan\u0103\/noapte;<\/li>\n<li>Neptun-Olimp \u2013 de la 58 lei;<\/li>\n<li>Costine\u0219ti \u2013 de la 60 lei;<\/li>\n<li>Mamaia Nord \u0219i Eforie Sud \u2013 de la 65 lei;<\/li>\n<li>Mamaia \u2013 de la 69 lei;<\/li>\n<li>Jupiter \u2013 de la 74 lei;<\/li>\n<li>Saturn \u2013 de la 77 lei;<\/li>\n<li>Vama Veche \u2013 de la 80 lei;<\/li>\n<li>Mangalia \u2013 de la 108 lei.<\/li>\n<\/ul>\n<p>Tarifele, serviciile incluse \u0219i perioadele \u00een care pot fi accesate ofertele sunt stabilite de fiecare unitate de cazare. Unele pachete presupun doar cazare, \u00een timp ce altele includ micul dejun sau servicii all inclusive.<\/p>\n<p>De\u0219i programul oficial se desf\u0103\u0219oar\u0103 \u00eentre 1 \u0219i 30 septembrie, unele unit\u0103\u021bi participante au preg\u0103tit oferte care se extind \u0219i \u00een luna octombrie.<\/p>\n<h3><strong>Cine poate beneficia de program<\/strong><\/h3>\n<p>\u201eLitoralul pentru To\u021bi\u201d se adreseaz\u0103 tuturor celor care vor o vacan\u021b\u0103 la mare \u00een extrasezon: familii, tineri, pensionari, dar \u0219i turi\u0219tilor care prefer\u0103 o perioad\u0103 mai lini\u0219tit\u0103, f\u0103r\u0103 aglomera\u021bia din lunile de v\u00e2rf.<\/p>\n<p>Programul poate fi o variant\u0103 \u0219i pentru cei care vor s\u0103 profite de mini-vacan\u021be sau escapade de weekend la malul m\u0103rii, la tarife mai accesibile. \u00cen func\u021bie de condi\u021biile stabilite de fiecare hotel sau agen\u021bie, pachetele pot fi achitate \u0219i cu vouchere de vacan\u021b\u0103.<\/p>\n<p>Pre\u0219edintele FPTR, Drago\u0219 R\u0103ducan, sus\u021bine c\u0103 interesul pentru program r\u0103m\u00e2ne ridicat dup\u0103 aproape 25 de ani de la lansare.<\/p>\n<blockquote>\n<p>\u201eDup\u0103 49 de edi\u021bii, \u00abLitoralul pentru To\u021bi\u00bb continu\u0103 s\u0103 atrag\u0103 unit\u0103\u021bi noi \u0219i s\u0103 readuc\u0103 \u00een program operatori care nu au mai participat \u00een ultimele edi\u021bii\u201d, a transmis acesta.<\/p>\n<\/blockquote>\n<p>Potrivit reprezentantului FPTR, obiectivul pentru 2026 este ca turismul rom\u00e2nesc s\u0103 fie competitiv prin calitatea serviciilor, profesionalism \u0219i un raport corect \u00eentre pre\u021b \u0219i servicii.<\/p>\n<blockquote>\n<p>\u201eTuristul care vine la mare \u00een septembrie este la fel de important ca turistul din plin sezon \u0219i trebuie s\u0103 plece mul\u021bumit, cu dorin\u021ba de a reveni\u201d, a mai declarat Drago\u0219 R\u0103ducan.<\/p>\n<\/blockquote>\n<div class=\"fbShareLikeTwitterAndEmailContainer\">\n<div class=\"wrapper\">\n<div class=\"email\">\n<div id=\"mailto-pop\" class=\"pop-form pop-form-mailto\">\n<div class=\"pop-form-header\">\n<h4>Trimite articolul<\/h4>\n<p><a class=\"pop-form-close\">X<\/a><\/div>\n<\/div>\n<\/div>\n<\/div>\n<\/div>\n<div class=\"tagsContainer\">\n<div class=\"tagsLabel\">Taguri:<\/div>\n<div class=\"tags\">\n<div class=\"tag\"><a href=\"https:\/\/www.tion.ro\/cimke\/litoralul-pentru-toti\" rel=\"tag\"><span class=\"link\">Litoralul pentru toti<\/span><span class=\"separator\">,<\/span><\/a><\/div>\n<div class=\"tag\"><a href=\"https:\/\/www.tion.ro\/cimke\/marea-neagra\" rel=\"tag\"><span class=\"link\">marea neagra<\/span><span class=\"separator\">,<\/span><\/a><\/div>\n<div class=\"tag\"><a href=\"https:\/\/www.tion.ro\/cimke\/preturi\" rel=\"tag\"><span class=\"link\">preturi<\/span><\/a><\/div>\n<\/div>\n<\/div>\n<div class=\"comments\">\n<div class=\"top\">\n<div class=\"commentsNumber\"><span class=\"number\">1<\/span><span class=\"text\">Comentarii<\/span><\/div>\n<\/div>\n<div class=\"center\">\n<div id=\"respond\" class=\"comment-respond\">\n<h3 id=\"reply-title\" class=\"comment-reply-title\"><small><a rel=\"nofollow\" id=\"cancel-comment-reply-link\" href=\"https:\/\/www.tion.ro\/turism\/vacante-la-mare-de-la-39-de-lei-pe-noapte-a-inceput-editia-de-toamna-litoralul-pentru-toti-2344863\/#respond\">Cancel reply<\/a><\/small><\/h3>\n<p class=\"comment-notes\"><span id=\"email-notes\">Your email address will not be published.<\/span><span class=\"required-field-message\">Required fields are marked <span class=\"required\">*<\/span><\/span><\/p>\n<p class=\"commentFormComment\"><span id=\"commentFormCount\"><br \/>\n                            inca<br \/>\n                            <span id=\"countCommentText\">1000<\/span><br \/>\n                            caractere ramase<br \/>\n                        <\/span><\/p>\n<\/div>\n<\/div>\n<div class=\"bottom\">\n<p class=\"forumDisclaimerHuRo\">\n            Citi\u021bi principiile noastre de moderare <a href=\"https:\/\/www.tion.ro\/reguli-postare-comentarii\/\" target=\"_blank\">aici<\/a>!\n        <\/p>\n<\/div>\n<\/div>\n<div id=\"forum\">\n<li class=\"comment even thread-even depth-1\" id=\"comment-1023084\">\n<div id=\"div-comment-1023084\" class=\"comment-body\">\n<div class=\"comment-author vcard\"><img decoding=\"async\" alt src=\"https:\/\/secure.gravatar.com\/avatar\/b509799d7923b1324f86864263e3931b?s=32&amp;d=mm&amp;r=g\" class=\"avatar avatar-32 photo\" height=\"32\" width=\"32\" loading=\"lazy\"><cite class=\"fn\">Auricka<\/cite><span class=\"says\">says:<\/span><\/div>\n<div class=\"comment-meta commentmetadata\"><a href=\"https:\/\/www.tion.ro\/turism\/vacante-la-mare-de-la-39-de-lei-pe-noapte-a-inceput-editia-de-toamna-litoralul-pentru-toti-2344863\/#comment-1023084\">September 1, 2026 at 4:34 pm<\/a><\/div>\n<p>39 lei intr o ghena sau sub pod?<\/p>\n<div class=\"reply\"><a rel=\"nofollow\" class=\"comment-reply-link\" href=\"https:\/\/www.tion.ro\/turism\/vacante-la-mare-de-la-39-de-lei-pe-noapte-a-inceput-editia-de-toamna-litoralul-pentru-toti-2344863\/#comment-1023084\" data-commentid=\"1023084\" data-postid=\"2344863\" data-belowelement=\"div-comment-1023084\" data-respondelement=\"respond\" data-replyto=\"Reply to Auricka\" aria-label=\"Reply to Auricka\">Reply<\/a><\/div>\n<\/div>\n<\/li>\n<\/div>\n<\/div>\n<\/div>\n<p>[analyse_source url=&#8221;https:\/\/www.tion.ro\/turism\/vacante-la-mare-de-la-39-de-lei-pe-noapte-a-inceput-editia-de-toamna-litoralul-pentru-toti-2344863\/&#8221;]<\/p>\n","protected":false},"excerpt":{"rendered":"<p>[analyse_image type=&#8221;featured&#8221; src=&#8221;https:\/\/www.tion.ro\/wp-content\/uploads\/2026\/09\/+otf\/1200&#215;630\/8264230litoralolimpmareaneagra.jpg&#8221;] Programul, lansat de Federa\u021bia Patronatelor din Turismul Rom\u00e2nesc (FPTR) \u00een 2001, a ajuns la cea de-a 49-a edi\u021bie. Scopul este acela\u0219i: s\u0103 ofere turi\u0219tilor posibilitatea de a petrece o vacan\u021b\u0103 pe litoral la pre\u021buri mai mici \u0219i, \u00een acela\u0219i timp, s\u0103 prelungeasc\u0103 sezonul estival. \u00cen edi\u021bia din aceast\u0103 toamn\u0103 sunt \u00eenscrise aproximativ [&hellip;]<\/p>\n","protected":false},"author":1,"featured_media":0,"comment_status":"open","ping_status":"","sticky":false,"template":"","format":"standard","meta":{"footnotes":""},"categories":[89],"tags":[226,191],"class_list":["post-2122449","post","type-post","status-publish","format-standard","hentry","category-romania","tag-crawlmanager","tag-tion-ro"],"_links":{"self":[{"href":"https:\/\/analyse.optim.biz\/index.php?rest_route=\/wp\/v2\/posts\/2122449","targetHints":{"allow":["GET"]}}],"collection":[{"href":"https:\/\/analyse.optim.biz\/index.php?rest_route=\/wp\/v2\/posts"}],"about":[{"href":"https:\/\/analyse.optim.biz\/index.php?rest_route=\/wp\/v2\/types\/post"}],"author":[{"embeddable":true,"href":"https:\/\/analyse.optim.biz\/index.php?rest_route=\/wp\/v2\/users\/1"}],"replies":[{"embeddable":true,"href":"https:\/\/analyse.optim.biz\/index.php?rest_route=%2Fwp%2Fv2%2Fcomments&post=2122449"}],"version-history":[{"count":0,"href":"https:\/\/analyse.optim.biz\/index.php?rest_route=\/wp\/v2\/posts\/2122449\/revisions"}],"wp:attachment":[{"href":"https:\/\/analyse.optim.biz\/index.php?rest_route=%2Fwp%2Fv2%2Fmedia&parent=2122449"}],"wp:term":[{"taxonomy":"category","embeddable":true,"href":"https:\/\/analyse.optim.biz\/index.php?rest_route=%2Fwp%2Fv2%2Fcategories&post=2122449"},{"taxonomy":"post_tag","embeddable":true,"href":"https:\/\/analyse.optim.biz\/index.php?rest_route=%2Fwp%2Fv2%2Ftags&post=2122449"}],"curies":[{"name":"wp","href":"https:\/\/api.w.org\/{rel}","templated":true}]}}