{"id":2122448,"date":"2026-09-01T05:59:52","date_gmt":"2026-09-01T02:59:52","guid":{"rendered":"https:\/\/analyse.optim.biz\/?p=2122448"},"modified":"2026-09-01T05:59:52","modified_gmt":"2026-09-01T02:59:52","slug":"temperaturi-peste-normal-in-cea-mai-mare-parte-a-lunii-septembrie","status":"publish","type":"post","link":"https:\/\/analyse.optim.biz\/?p=2122448","title":{"rendered":"Temperaturi peste normal \u00een cea mai mare parte a lunii septembrie"},"content":{"rendered":"<p>[analyse_image type=&#8221;featured&#8221; src=&#8221;https:\/\/ziardesuceava.ro\/wp-content\/uploads\/2026\/09\/vreme-septembrie-1-1024&#215;576.jpg&#8221;]<\/p>\n<div class=\"post-content clearfix\">\n<div class=\"blog-post-thumb\"><img loading=\"lazy\" decoding=\"async\" width=\"1140\" height=\"694\" src=\"https:\/\/ziardesuceava.ro\/wp-content\/uploads\/2026\/09\/vreme-septembrie-1-1140x694.jpg\" class=\"attachment-inhype-blog-thumb size-inhype-blog-thumb wp-post-image\" alt><\/div>\n<div class=\"entry-content\">\n<p class=\"first-paragraph\">Temperaturile vor fi mai ridicate dec\u00e2t cele normale \u00een cea mai mare parte a \u0163\u0103rii \u00een primele trei s\u0103pt\u0103m\u00e2ni ale lunii septembrie, cele mai importante abateri fiind a\u015fteptate \u00een vest, \u00een timp ce spre sf\u00e2r\u015fitul intervalului valorile termice se vor apropia de normal \u00een majoritatea regiunilor. Primele dou\u0103 s\u0103pt\u0103m\u00e2ni vor fi caracterizate \u015fi de un deficit de precipita\u0163ii, mai accentuat \u00een zonele montane, \u00eens\u0103 ulterior cantit\u0103\u0163ile de precipita\u0163ii vor reveni la valori apropiate de cele normale, potrivit estim\u0103rilor pentru perioada 31 august \u2013 28 septembrie, anun\u0163ate mar\u0163i de Administra\u0163ia Na\u0163ional\u0103 de Meteorologie (ANM).<\/p>\n<p class=\"PDq2pG_selectionAnchorContainer\" data-end=\"171\" data-start=\"0\"><strong data-end=\"1103\" data-start=\"1065\">S\u0103pt\u0103m\u00e2na 31 august \u2013 7 septembrie<\/strong><\/p>\n<p data-end=\"1261\" data-start=\"1105\">Valorile termice vor fi mai ridicate dec\u00e2t cele specifice perioadei \u00een majoritatea regiunilor, cu o abatere termic\u0103 pozitiv\u0103 mai accentuat\u0103 \u00een vestul \u0163\u0103rii.<\/p>\n<p data-end=\"1403\" data-start=\"1263\">Regimul pluviometric va fi deficitar \u00een cea mai mare parte a \u0163\u0103rii, deficitul de precipita\u0163ii urm\u00e2nd s\u0103 fie mai pronun\u0163at \u00een zonele montane.<\/p>\n<p data-end=\"1436\" data-start=\"1405\"><strong data-end=\"1436\" data-start=\"1405\">S\u0103pt\u0103m\u00e2na 7 \u2013 14 septembrie<\/strong><\/p>\n<p data-end=\"1613\" data-start=\"1438\">Temperaturile medii vor continua s\u0103 fie mai ridicate dec\u00e2t cele normale \u00een cea mai mare parte a \u0163\u0103rii, cele mai importante abateri fiind estimate din nou \u00een regiunile vestice.<\/p>\n<p data-end=\"1710\" data-start=\"1615\">Cantit\u0103\u0163ile de precipita\u0163ii vor fi deficitare \u00een toate regiunile, \u00een special \u00een zonele montane.<\/p>\n<p data-end=\"1744\" data-start=\"1712\"><strong data-end=\"1744\" data-start=\"1712\">S\u0103pt\u0103m\u00e2na 14 \u2013 21 septembrie<\/strong><\/p>\n<p data-end=\"1910\" data-start=\"1746\">Temperatura medie a aerului va avea valori mai ridicate dec\u00e2t cele normale pentru aceast\u0103 perioad\u0103 \u00een \u00eentreaga \u0163ar\u0103, cu abateri mai accentuate \u00een regiunile vestice.<\/p>\n<p data-end=\"2009\" data-start=\"1912\">\u00cen schimb, regimul pluviometric va reveni la valori apropiate de cele normale \u00een toate regiunile.<\/p>\n<p data-end=\"2043\" data-start=\"2011\"><strong data-end=\"2043\" data-start=\"2011\">S\u0103pt\u0103m\u00e2na 21 \u2013 28 septembrie<\/strong><\/p>\n<p data-end=\"2251\" data-start=\"2045\">\u00cen ultima s\u0103pt\u0103m\u00e2n\u0103 a intervalului, temperaturile medii se vor situa u\u015for peste cele specifice perioadei \u00een regiunile vestice \u015fi centrale, \u00een timp ce \u00een restul \u0163\u0103rii vor fi, \u00een general, apropiate de normal.<\/p>\n<p data-end=\"2365\" data-start=\"2253\">Cantit\u0103\u0163ile de precipita\u0163ii vor fi apropiate de cele normale pentru aceast\u0103 perioad\u0103 pe \u00eentreg teritoriul \u0163\u0103rii.<\/p>\n<\/div>\n<div class=\"inhype-social-share-fixed sidebar-position-right\">\n<div class=\"post-social-wrapper\">\n<div class=\"post-social-title\"><span class=\"post-social-title-text\">Share<\/span><\/div>\n<\/div>\n<\/div>\n<\/div>\n<p>[analyse_source url=&#8221;https:\/\/ziardesuceava.ro\/temperaturi-peste-normal-in-cea-mai-mare-parte-a-lunii-septembrie\/&#8221;]<\/p>\n","protected":false},"excerpt":{"rendered":"<p>[analyse_image type=&#8221;featured&#8221; src=&#8221;https:\/\/ziardesuceava.ro\/wp-content\/uploads\/2026\/09\/vreme-septembrie-1-1024&#215;576.jpg&#8221;] Temperaturile vor fi mai ridicate dec\u00e2t cele normale \u00een cea mai mare parte a \u0163\u0103rii \u00een primele trei s\u0103pt\u0103m\u00e2ni ale lunii septembrie, cele mai importante abateri fiind a\u015fteptate \u00een vest, \u00een timp ce spre sf\u00e2r\u015fitul intervalului valorile termice se vor apropia de normal \u00een majoritatea regiunilor. Primele dou\u0103 s\u0103pt\u0103m\u00e2ni vor fi caracterizate [&hellip;]<\/p>\n","protected":false},"author":1,"featured_media":0,"comment_status":"open","ping_status":"","sticky":false,"template":"","format":"standard","meta":{"footnotes":""},"categories":[89],"tags":[226,171],"class_list":["post-2122448","post","type-post","status-publish","format-standard","hentry","category-romania","tag-crawlmanager","tag-ziardesuceava-ro"],"_links":{"self":[{"href":"https:\/\/analyse.optim.biz\/index.php?rest_route=\/wp\/v2\/posts\/2122448","targetHints":{"allow":["GET"]}}],"collection":[{"href":"https:\/\/analyse.optim.biz\/index.php?rest_route=\/wp\/v2\/posts"}],"about":[{"href":"https:\/\/analyse.optim.biz\/index.php?rest_route=\/wp\/v2\/types\/post"}],"author":[{"embeddable":true,"href":"https:\/\/analyse.optim.biz\/index.php?rest_route=\/wp\/v2\/users\/1"}],"replies":[{"embeddable":true,"href":"https:\/\/analyse.optim.biz\/index.php?rest_route=%2Fwp%2Fv2%2Fcomments&post=2122448"}],"version-history":[{"count":0,"href":"https:\/\/analyse.optim.biz\/index.php?rest_route=\/wp\/v2\/posts\/2122448\/revisions"}],"wp:attachment":[{"href":"https:\/\/analyse.optim.biz\/index.php?rest_route=%2Fwp%2Fv2%2Fmedia&parent=2122448"}],"wp:term":[{"taxonomy":"category","embeddable":true,"href":"https:\/\/analyse.optim.biz\/index.php?rest_route=%2Fwp%2Fv2%2Fcategories&post=2122448"},{"taxonomy":"post_tag","embeddable":true,"href":"https:\/\/analyse.optim.biz\/index.php?rest_route=%2Fwp%2Fv2%2Ftags&post=2122448"}],"curies":[{"name":"wp","href":"https:\/\/api.w.org\/{rel}","templated":true}]}}