{"id":2122445,"date":"2026-09-01T12:26:11","date_gmt":"2026-09-01T09:26:11","guid":{"rendered":"https:\/\/analyse.optim.biz\/?p=2122445"},"modified":"2026-09-01T12:26:11","modified_gmt":"2026-09-01T09:26:11","slug":"politia-suceava-211-sanctiuni-pentru-biciclisti-motociclisti-si-utilizatori-de-trotinete-in-judet-sapte-accidente-cu-raniti-intr-o-saptamana","status":"publish","type":"post","link":"https:\/\/analyse.optim.biz\/?p=2122445","title":{"rendered":"Poli\u021bia Suceava: 211 sanc\u021biuni pentru bicicli\u0219ti, motocicli\u0219ti \u0219i utilizatori de trotinete, \u00een jude\u021b. \u0218apte accidente cu r\u0103ni\u021bi, \u00eentr-o s\u0103pt\u0103m\u00e2n\u0103"},"content":{"rendered":"<p>[analyse_image type=&#8221;featured&#8221; src=&#8221;https:\/\/www.newsbucovina.ro\/wp-content\/uploads\/2026\/09\/mosaic_20260901_145157-1.jpghttps:\/\/cdn.newsbucovina.ro\/wp-content\/uploads\/2026\/09\/mosaic_20260901_145157-1.jpg&#8221;]<\/p>\n<div class=\"td-post-content tagdiv-type\">\n<div class=\"td-a-rec td-a-rec-id-content_top  tdi_3 td_block_template_1\">\n<div class=\"nb-social-buttons\"><a class=\"nb-social-btn nb-social-youtube\" href=\"https:\/\/www.youtube.com\/@ZiarulNewsBucovina?sub_confirmation=1\" target=\"_blank\" rel=\"noopener external\" title=\"Aboneaz\u0103-te la NewsBucovina pe YouTube\"><span class=\"nb-social-text\"><strong>Aboneaz\u0103-te pe YouTube<\/strong><small>NewsBucovina<\/small><\/span><\/a><a class=\"nb-social-btn nb-social-telegram\" href=\"https:\/\/t.me\/+TH8wcfnp8fw5NWI0\" target=\"_blank\" rel=\"noopener external\" title=\"Intr\u0103 \u00een grupul Telegram News Bucovina\"><span class=\"nb-social-text\"><strong>Intr\u0103 pe Telegram<\/strong><small>Grupul News Bucovina<\/small><\/span><\/a><a class=\"nb-social-btn nb-social-google\" href=\"https:\/\/www.google.com\/preferences\/source?q=newsbucovina.ro\" target=\"_blank\" rel=\"noopener external\" title=\"Adaug\u0103 NewsBucovina ca surs\u0103 preferat\u0103 \u00een Google\"><span class=\"nb-social-text\"><strong>Adaug\u0103 NewsBucovina<\/strong><small>Surs\u0103 preferat\u0103 \u00een Google<\/small><\/span><\/a><\/div>\n<\/div>\n<p class=\"wp-block-paragraph\">Poli\u021bi\u0219tii suceveni au aplicat, s\u0103pt\u0103m\u00e2na trecut\u0103, 211 sanc\u021biuni contraven\u021bionale conduc\u0103torilor de vehicule pe dou\u0103 ro\u021bi. \u00cen aceea\u0219i perioad\u0103, \u00een jude\u021b s-au produs \u0219apte accidente rutiere \u00een care au fost implica\u021bi motocicli\u0219ti, mopedi\u0219ti, bicicli\u0219ti sau utilizatori de trotinete electrice, toate soldate cu persoane r\u0103nite.<\/p>\n<figure class=\"wp-block-gallery has-nested-images columns-default is-cropped wp-block-gallery-1 is-layout-flex wp-block-gallery-is-layout-flex\">\n<figure class=\"wp-block-image size-large\"><a href=\"https:\/\/cdn.newsbucovina.ro\/wp-content\/uploads\/2026\/09\/mosaic_20260901_145157.jpg\"><img loading=\"lazy\" decoding=\"async\" width=\"926\" height=\"1024\" data-id=\"448312\" src=\"https:\/\/cdn.newsbucovina.ro\/wp-content\/uploads\/2026\/09\/mosaic_20260901_145157-926x1024.jpg\" alt class=\"wp-image-448312\"><\/a><\/figure>\n<figure class=\"wp-block-image size-large\"><a href=\"https:\/\/cdn.newsbucovina.ro\/wp-content\/uploads\/2026\/09\/mosaic_20260901_145230.jpg\"><img loading=\"lazy\" decoding=\"async\" width=\"1024\" height=\"768\" data-id=\"448313\" src=\"https:\/\/cdn.newsbucovina.ro\/wp-content\/uploads\/2026\/09\/mosaic_20260901_145230-1024x768.jpg\" alt class=\"wp-image-448313\"><\/a><\/figure>\n<\/figure>\n<p class=\"wp-block-paragraph\">Potrivit Inspectoratului de Poli\u021bie Jude\u021bean Suceava, \u00een intervalul 24\u201330 august 2026, Serviciul Rutier, forma\u021biunile de poli\u021bie rutier\u0103 \u0219i cele de ordine public\u0103 au ac\u021bionat \u00een trafic pentru cre\u0219terea siguran\u021bei pe drumurile publice \u0219i pentru reducerea accidentelor grave \u00een care sunt implica\u021bi conduc\u0103torii de vehicule pe dou\u0103 ro\u021bi.<\/p>\n<p class=\"wp-block-paragraph\">Au fost verifica\u021bi 201 conduc\u0103tori de biciclete, 59 de utilizatori de trotinete electrice, 54 de motocicli\u0219ti \u0219i 22 de conduc\u0103tori de mopede.<\/p>\n<p class=\"wp-block-paragraph\">Cele mai multe amenzi, 164, au fost aplicate bicicli\u0219tilor. Au fost constatate \u0219i dou\u0103 infrac\u021biuni \u00een flagrant, care au vizat aceste categorii de participan\u021bi la trafic.<\/p>\n<p class=\"wp-block-paragraph\">Poli\u021bi\u0219tii le recomand\u0103 motocicli\u0219tilor \u0219i mopedi\u0219tilor s\u0103 poarte casc\u0103 omologat\u0103, haine reflectorizante, geac\u0103 \u0219i m\u0103nu\u0219i de protec\u021bie, s\u0103 evite unghiurile moarte ale vehiculelor mari \u0219i s\u0103 reduc\u0103 viteza \u00een intersec\u021bii \u0219i la schimbarea benzilor.<\/p>\n<p class=\"wp-block-paragraph\">Trotinetele electrice pot fi conduse pe drumurile publice doar de la 14 ani, casca este obligatorie, iar circula\u021bia este permis\u0103 pe pistele pentru biciclete sau pe drumuri cu limita de cel mult 50 km\/h. Sunt destinate unei singure persoane. Este interzis\u0103 circula\u021bia pe drumurile publice a trotinetelor care dep\u0103\u0219esc din construc\u021bie 25 km\/h.<\/p>\n<p class=\"wp-block-paragraph\">Bicicli\u0219tilor li se cere s\u0103 aib\u0103 echipament de protec\u021bie, s\u0103 nu se afle sub influen\u021ba alcoolului \u0219i s\u0103 respecte regulile de circula\u021bie. \u0218oferii sunt sf\u0103tui\u021bi s\u0103 reduc\u0103 viteza \u00een apropierea trecerilor de pietoni \u0219i \u00een zonele frecventate de bicicli\u0219ti \u0219i utilizatori de trotinete \u0219i s\u0103 acorde prioritate atunci c\u00e2nd legea o impune.<\/p>\n<p class=\"wp-block-paragraph\">IPJ Suceava anun\u021b\u0103 c\u0103 astfel de ac\u021biuni, cu efective sporite, vor continua \u0219i \u00een perioada urm\u0103toare.<\/p>\n<div class=\"td-a-rec td-a-rec-id-content_bottom  tdi_4 td_block_template_1\"><strong>Intr\u0103 acum \u0219i \u00een grupul de <\/p>\n<div class=\"wp-block-button\"><a class=\"wp-block-button__link wp-element-button\" href=\"https:\/\/t.me\/+TH8wcfnp8fw5NWI0\">Telegram News Bucovina<\/a><\/div>\n<p><\/strong><\/div>\n<\/div>\n<div class=\"td-post-content tagdiv-type\">\n<div class=\"td-a-rec td-a-rec-id-content_top  tdi_3 td_block_template_1\">\n<div class=\"nb-social-buttons\"><a class=\"nb-social-btn nb-social-youtube\" href=\"https:\/\/www.youtube.com\/@ZiarulNewsBucovina?sub_confirmation=1\" target=\"_blank\" rel=\"noopener external\" title=\"Aboneaz\u0103-te la NewsBucovina pe YouTube\"><span class=\"nb-social-text\"><strong>Aboneaz\u0103-te pe YouTube<\/strong><small>NewsBucovina<\/small><\/span><\/a><a class=\"nb-social-btn nb-social-telegram\" href=\"https:\/\/t.me\/+TH8wcfnp8fw5NWI0\" target=\"_blank\" rel=\"noopener external\" title=\"Intr\u0103 \u00een grupul Telegram News Bucovina\"><span class=\"nb-social-text\"><strong>Intr\u0103 pe Telegram<\/strong><small>Grupul News Bucovina<\/small><\/span><\/a><a class=\"nb-social-btn nb-social-google\" href=\"https:\/\/www.google.com\/preferences\/source?q=newsbucovina.ro\" target=\"_blank\" rel=\"noopener external\" title=\"Adaug\u0103 NewsBucovina ca surs\u0103 preferat\u0103 \u00een Google\"><span class=\"nb-social-text\"><strong>Adaug\u0103 NewsBucovina<\/strong><small>Surs\u0103 preferat\u0103 \u00een Google<\/small><\/span><\/a><\/div>\n<\/div>\n<p class=\"wp-block-paragraph\">Poli\u021bi\u0219tii suceveni au aplicat, s\u0103pt\u0103m\u00e2na trecut\u0103, 211 sanc\u021biuni contraven\u021bionale conduc\u0103torilor de vehicule pe dou\u0103 ro\u021bi. \u00cen aceea\u0219i perioad\u0103, \u00een jude\u021b s-au produs \u0219apte accidente rutiere \u00een care au fost implica\u021bi motocicli\u0219ti, mopedi\u0219ti, bicicli\u0219ti sau utilizatori de trotinete electrice, toate soldate cu persoane r\u0103nite.<\/p>\n<figure class=\"wp-block-gallery has-nested-images columns-default is-cropped wp-block-gallery-1 is-layout-flex wp-block-gallery-is-layout-flex\">\n<figure class=\"wp-block-image size-large\"><a href=\"https:\/\/cdn.newsbucovina.ro\/wp-content\/uploads\/2026\/09\/mosaic_20260901_145157.jpg\"><img loading=\"lazy\" decoding=\"async\" width=\"926\" height=\"1024\" data-id=\"448312\" src=\"https:\/\/cdn.newsbucovina.ro\/wp-content\/uploads\/2026\/09\/mosaic_20260901_145157-926x1024.jpg\" alt class=\"wp-image-448312\"><\/a><\/figure>\n<figure class=\"wp-block-image size-large\"><a href=\"https:\/\/cdn.newsbucovina.ro\/wp-content\/uploads\/2026\/09\/mosaic_20260901_145230.jpg\"><img loading=\"lazy\" decoding=\"async\" width=\"1024\" height=\"768\" data-id=\"448313\" src=\"https:\/\/cdn.newsbucovina.ro\/wp-content\/uploads\/2026\/09\/mosaic_20260901_145230-1024x768.jpg\" alt class=\"wp-image-448313\"><\/a><\/figure>\n<\/figure>\n<p class=\"wp-block-paragraph\">Potrivit Inspectoratului de Poli\u021bie Jude\u021bean Suceava, \u00een intervalul 24\u201330 august 2026, Serviciul Rutier, forma\u021biunile de poli\u021bie rutier\u0103 \u0219i cele de ordine public\u0103 au ac\u021bionat \u00een trafic pentru cre\u0219terea siguran\u021bei pe drumurile publice \u0219i pentru reducerea accidentelor grave \u00een care sunt implica\u021bi conduc\u0103torii de vehicule pe dou\u0103 ro\u021bi.<\/p>\n<p class=\"wp-block-paragraph\">Au fost verifica\u021bi 201 conduc\u0103tori de biciclete, 59 de utilizatori de trotinete electrice, 54 de motocicli\u0219ti \u0219i 22 de conduc\u0103tori de mopede.<\/p>\n<p class=\"wp-block-paragraph\">Cele mai multe amenzi, 164, au fost aplicate bicicli\u0219tilor. Au fost constatate \u0219i dou\u0103 infrac\u021biuni \u00een flagrant, care au vizat aceste categorii de participan\u021bi la trafic.<\/p>\n<p class=\"wp-block-paragraph\">Poli\u021bi\u0219tii le recomand\u0103 motocicli\u0219tilor \u0219i mopedi\u0219tilor s\u0103 poarte casc\u0103 omologat\u0103, haine reflectorizante, geac\u0103 \u0219i m\u0103nu\u0219i de protec\u021bie, s\u0103 evite unghiurile moarte ale vehiculelor mari \u0219i s\u0103 reduc\u0103 viteza \u00een intersec\u021bii \u0219i la schimbarea benzilor.<\/p>\n<p class=\"wp-block-paragraph\">Trotinetele electrice pot fi conduse pe drumurile publice doar de la 14 ani, casca este obligatorie, iar circula\u021bia este permis\u0103 pe pistele pentru biciclete sau pe drumuri cu limita de cel mult 50 km\/h. Sunt destinate unei singure persoane. Este interzis\u0103 circula\u021bia pe drumurile publice a trotinetelor care dep\u0103\u0219esc din construc\u021bie 25 km\/h.<\/p>\n<p class=\"wp-block-paragraph\">Bicicli\u0219tilor li se cere s\u0103 aib\u0103 echipament de protec\u021bie, s\u0103 nu se afle sub influen\u021ba alcoolului \u0219i s\u0103 respecte regulile de circula\u021bie. \u0218oferii sunt sf\u0103tui\u021bi s\u0103 reduc\u0103 viteza \u00een apropierea trecerilor de pietoni \u0219i \u00een zonele frecventate de bicicli\u0219ti \u0219i utilizatori de trotinete \u0219i s\u0103 acorde prioritate atunci c\u00e2nd legea o impune.<\/p>\n<p class=\"wp-block-paragraph\">IPJ Suceava anun\u021b\u0103 c\u0103 astfel de ac\u021biuni, cu efective sporite, vor continua \u0219i \u00een perioada urm\u0103toare.<\/p>\n<div class=\"td-a-rec td-a-rec-id-content_bottom  tdi_4 td_block_template_1\"><strong>Intr\u0103 acum \u0219i \u00een grupul de <\/p>\n<div class=\"wp-block-button\"><a class=\"wp-block-button__link wp-element-button\" href=\"https:\/\/t.me\/+TH8wcfnp8fw5NWI0\">Telegram News Bucovina<\/a><\/div>\n<p><\/strong><\/div>\n<\/div>\n<p>[analyse_source url=&#8221;https:\/\/www.newsbucovina.ro\/actualitate\/448311\/politia-suceava-211-sanctiuni-pentru-biciclisti-motociclisti-si-utilizatori-de-trotinete-in-judet-sapte-accidente-cu-raniti-intr-o-saptamana&#8221;]<\/p>\n","protected":false},"excerpt":{"rendered":"<p>[analyse_image type=&#8221;featured&#8221; src=&#8221;https:\/\/www.newsbucovina.ro\/wp-content\/uploads\/2026\/09\/mosaic_20260901_145157-1.jpghttps:\/\/cdn.newsbucovina.ro\/wp-content\/uploads\/2026\/09\/mosaic_20260901_145157-1.jpg&#8221;] Aboneaz\u0103-te pe YouTubeNewsBucovinaIntr\u0103 pe TelegramGrupul News BucovinaAdaug\u0103 NewsBucovinaSurs\u0103 preferat\u0103 \u00een Google Poli\u021bi\u0219tii suceveni au aplicat, s\u0103pt\u0103m\u00e2na trecut\u0103, 211 sanc\u021biuni contraven\u021bionale conduc\u0103torilor de vehicule pe dou\u0103 ro\u021bi. \u00cen aceea\u0219i perioad\u0103, \u00een jude\u021b s-au produs \u0219apte accidente rutiere \u00een care au fost implica\u021bi motocicli\u0219ti, mopedi\u0219ti, bicicli\u0219ti sau utilizatori de trotinete electrice, toate soldate cu [&hellip;]<\/p>\n","protected":false},"author":1,"featured_media":0,"comment_status":"open","ping_status":"","sticky":false,"template":"","format":"standard","meta":{"footnotes":""},"categories":[89],"tags":[226,165],"class_list":["post-2122445","post","type-post","status-publish","format-standard","hentry","category-romania","tag-crawlmanager","tag-newsbucovina-ro"],"_links":{"self":[{"href":"https:\/\/analyse.optim.biz\/index.php?rest_route=\/wp\/v2\/posts\/2122445","targetHints":{"allow":["GET"]}}],"collection":[{"href":"https:\/\/analyse.optim.biz\/index.php?rest_route=\/wp\/v2\/posts"}],"about":[{"href":"https:\/\/analyse.optim.biz\/index.php?rest_route=\/wp\/v2\/types\/post"}],"author":[{"embeddable":true,"href":"https:\/\/analyse.optim.biz\/index.php?rest_route=\/wp\/v2\/users\/1"}],"replies":[{"embeddable":true,"href":"https:\/\/analyse.optim.biz\/index.php?rest_route=%2Fwp%2Fv2%2Fcomments&post=2122445"}],"version-history":[{"count":0,"href":"https:\/\/analyse.optim.biz\/index.php?rest_route=\/wp\/v2\/posts\/2122445\/revisions"}],"wp:attachment":[{"href":"https:\/\/analyse.optim.biz\/index.php?rest_route=%2Fwp%2Fv2%2Fmedia&parent=2122445"}],"wp:term":[{"taxonomy":"category","embeddable":true,"href":"https:\/\/analyse.optim.biz\/index.php?rest_route=%2Fwp%2Fv2%2Fcategories&post=2122445"},{"taxonomy":"post_tag","embeddable":true,"href":"https:\/\/analyse.optim.biz\/index.php?rest_route=%2Fwp%2Fv2%2Ftags&post=2122445"}],"curies":[{"name":"wp","href":"https:\/\/api.w.org\/{rel}","templated":true}]}}