{"id":2122436,"date":"2026-09-01T13:00:18","date_gmt":"2026-09-01T10:00:18","guid":{"rendered":"https:\/\/analyse.optim.biz\/?p=2122436"},"modified":"2026-09-01T13:00:18","modified_gmt":"2026-09-01T10:00:18","slug":"masuri-ferme-dupa-tragedia-de-la-vadu-moldovei-in-care-a-murit-un-copil-de-5-ani-politia-l-a-retinut-si-pe-tatal-adolescentului-care-a-condus-motocicleta-fiul-arestat-la-domiciliu","status":"publish","type":"post","link":"https:\/\/analyse.optim.biz\/?p=2122436","title":{"rendered":"M\u0103suri ferme dup\u0103 tragedia de la Vadu Moldovei \u00een care a murit un copil de 5 ani: Poli\u021bia l-a re\u021binut \u0219i pe tat\u0103l adolescentului care a condus motocicleta. Fiul, arestat la domiciliu"},"content":{"rendered":"<p>[analyse_image type=&#8221;featured&#8221; src=&#8221;https:\/\/www.newsbucovina.ro\/wp-content\/uploads\/2026\/08\/ambulanta-noaptea.jpeghttps:\/\/cdn.newsbucovina.ro\/wp-content\/uploads\/2026\/08\/ambulanta-noaptea.jpeg&#8221;]<\/p>\n<div class=\"td-post-content tagdiv-type\">\n<div class=\"td-a-rec td-a-rec-id-content_top  tdi_3 td_block_template_1\">\n<div class=\"nb-social-buttons\"><a class=\"nb-social-btn nb-social-youtube\" href=\"https:\/\/www.youtube.com\/@ZiarulNewsBucovina?sub_confirmation=1\" target=\"_blank\" rel=\"noopener external\" title=\"Aboneaz\u0103-te la NewsBucovina pe YouTube\"><span class=\"nb-social-text\"><strong>Aboneaz\u0103-te pe YouTube<\/strong><small>NewsBucovina<\/small><\/span><\/a><a class=\"nb-social-btn nb-social-telegram\" href=\"https:\/\/t.me\/+TH8wcfnp8fw5NWI0\" target=\"_blank\" rel=\"noopener external\" title=\"Intr\u0103 \u00een grupul Telegram News Bucovina\"><span class=\"nb-social-text\"><strong>Intr\u0103 pe Telegram<\/strong><small>Grupul News Bucovina<\/small><\/span><\/a><a class=\"nb-social-btn nb-social-google\" href=\"https:\/\/www.google.com\/preferences\/source?q=newsbucovina.ro\" target=\"_blank\" rel=\"noopener external\" title=\"Adaug\u0103 NewsBucovina ca surs\u0103 preferat\u0103 \u00een Google\"><span class=\"nb-social-text\"><strong>Adaug\u0103 NewsBucovina<\/strong><small>Surs\u0103 preferat\u0103 \u00een Google<\/small><\/span><\/a><\/div>\n<\/div>\n<p class=\"wp-block-paragraph\">Dup\u0103 aproape dou\u0103 s\u0103pt\u0103m\u00e2ni de anchet\u0103, Poli\u021bia Municipiului F\u0103lticeni a extins m\u0103surile \u0219i asupra tat\u0103lui minorului de 15 ani care a accidentat mortal un copil de 5 ani, la Vadu Moldovei. Ambii au fost re\u021binu\u021bi \u0219i \u00eencarcera\u021bi \u00een Centrul de Re\u021binere \u0219i Arestare Preventiv\u0103 al IPJ Suceava.<\/p>\n<figure class=\"wp-block-image size-large\"><a href=\"https:\/\/cdn.newsbucovina.ro\/wp-content\/uploads\/2026\/08\/ambulanta-noaptea.jpeg\"><img loading=\"lazy\" decoding=\"async\" width=\"1024\" height=\"576\" src=\"https:\/\/cdn.newsbucovina.ro\/wp-content\/uploads\/2026\/08\/ambulanta-noaptea-1024x576.jpeg\" alt class=\"wp-image-446880\"><\/a><\/figure>\n<p class=\"wp-block-paragraph\">Luni, 31 august 2026, poli\u021bi\u0219tii au dispus re\u021binerea pentru 24 de ore a conduc\u0103torului motocicletei, un minor de 15 ani din comuna Vadu Moldovei. Mar\u021bi, adolescentul a fost prezentat instan\u021bei de judecat\u0103, care a dispus arestul la domiciliu pentru 30 de zile.<\/p>\n<p class=\"wp-block-paragraph\">\u00cen ancheta l\u0103rgit\u0103, aceea\u0219i m\u0103sur\u0103 ferm\u0103 a fost luat\u0103 \u0219i fa\u021b\u0103 de tat\u0103l s\u0103u, un b\u0103rbat de 45 de ani din aceea\u0219i comun\u0103. Poli\u021bi\u0219tii au stabilit c\u0103 acesta a facilitat faptele: a cump\u0103rat motocicleta \u0219i i-a \u00eencredin\u021bat-o fiului, de\u0219i \u0219tia c\u0103 nu are permis de conducere \u0219i a con\u0219tientizat riscurile. B\u0103rbatul a fost re\u021binut pentru 24 de ore, \u00eencarcerat \u00een acela\u0219i centru al IPJ Suceava, \u0219i urmeaz\u0103 s\u0103 fie prezentat, miercuri, unit\u0103\u021bii de parchet, pentru dispunerea m\u0103surilor preventive.<\/p>\n<p class=\"wp-block-paragraph\">Accidentul s-a produs luni, 17 august, la ora 20:08, pe strada 1 Decembrie 1918 din Vadu Moldovei. Poli\u021bia Municipiului F\u0103lticeni a fost sesizat\u0103 prin 112. Minorul de 15 ani conducea o motociclet\u0103 ne\u00eenmatriculat\u0103, f\u0103r\u0103 permis, pe contrasens, pe o strad\u0103 cu sens unic. A acro\u0219at un copil de 5 ani care p\u0103trunsese pe partea carosabil\u0103. Pietonul a decedat.<\/p>\n<p class=\"wp-block-paragraph\">Conduc\u0103torul a fost testat cu etilotestul, rezultatul fiind negativ. Dosarul penal vizeaz\u0103 uciderea din culp\u0103, conducerea unui vehicul f\u0103r\u0103 permis \u0219i conducerea unui vehicul ne\u00eenmatriculat.<\/p>\n<p class=\"wp-block-paragraph\">Poli\u021bi\u0219tii calific\u0103 m\u0103surile drept ferme \u0219i f\u0103r\u0103 un precedent recent, at\u00e2t fa\u021b\u0103 de adolescent, c\u00e2t \u0219i fa\u021b\u0103 de p\u0103rinte. IPJ Suceava subliniaz\u0103 c\u0103 siguran\u021ba rutier\u0103 este o prioritate institu\u021bional\u0103 \u0219i c\u0103 vor fi luate \u00een continuare cele mai ferme m\u0103suri. Totodat\u0103, reitereaz\u0103 rolul p\u0103rin\u021bilor \u00een supravegherea minorilor \u0219i importan\u021ba modelelor din familie, pentru a evita at\u00e2t riscul de a ajunge autor al unei infrac\u021biuni, c\u00e2t \u0219i pe cel de a deveni victim\u0103.<\/p>\n<div class=\"td-a-rec td-a-rec-id-content_bottom  tdi_4 td_block_template_1\"><strong>Intr\u0103 acum \u0219i \u00een grupul de <\/p>\n<div class=\"wp-block-button\"><a class=\"wp-block-button__link wp-element-button\" href=\"https:\/\/t.me\/+TH8wcfnp8fw5NWI0\">Telegram News Bucovina<\/a><\/div>\n<p><\/strong><\/div>\n<\/div>\n<div class=\"td-post-content tagdiv-type\">\n<div class=\"td-a-rec td-a-rec-id-content_top  tdi_3 td_block_template_1\">\n<div class=\"nb-social-buttons\"><a class=\"nb-social-btn nb-social-youtube\" href=\"https:\/\/www.youtube.com\/@ZiarulNewsBucovina?sub_confirmation=1\" target=\"_blank\" rel=\"noopener external\" title=\"Aboneaz\u0103-te la NewsBucovina pe YouTube\"><span class=\"nb-social-text\"><strong>Aboneaz\u0103-te pe YouTube<\/strong><small>NewsBucovina<\/small><\/span><\/a><a class=\"nb-social-btn nb-social-telegram\" href=\"https:\/\/t.me\/+TH8wcfnp8fw5NWI0\" target=\"_blank\" rel=\"noopener external\" title=\"Intr\u0103 \u00een grupul Telegram News Bucovina\"><span class=\"nb-social-text\"><strong>Intr\u0103 pe Telegram<\/strong><small>Grupul News Bucovina<\/small><\/span><\/a><a class=\"nb-social-btn nb-social-google\" href=\"https:\/\/www.google.com\/preferences\/source?q=newsbucovina.ro\" target=\"_blank\" rel=\"noopener external\" title=\"Adaug\u0103 NewsBucovina ca surs\u0103 preferat\u0103 \u00een Google\"><span class=\"nb-social-text\"><strong>Adaug\u0103 NewsBucovina<\/strong><small>Surs\u0103 preferat\u0103 \u00een Google<\/small><\/span><\/a><\/div>\n<\/div>\n<p class=\"wp-block-paragraph\">Dup\u0103 aproape dou\u0103 s\u0103pt\u0103m\u00e2ni de anchet\u0103, Poli\u021bia Municipiului F\u0103lticeni a extins m\u0103surile \u0219i asupra tat\u0103lui minorului de 15 ani care a accidentat mortal un copil de 5 ani, la Vadu Moldovei. Ambii au fost re\u021binu\u021bi \u0219i \u00eencarcera\u021bi \u00een Centrul de Re\u021binere \u0219i Arestare Preventiv\u0103 al IPJ Suceava.<\/p>\n<figure class=\"wp-block-image size-large\"><a href=\"https:\/\/cdn.newsbucovina.ro\/wp-content\/uploads\/2026\/08\/ambulanta-noaptea.jpeg\"><img loading=\"lazy\" decoding=\"async\" width=\"1024\" height=\"576\" src=\"https:\/\/cdn.newsbucovina.ro\/wp-content\/uploads\/2026\/08\/ambulanta-noaptea-1024x576.jpeg\" alt class=\"wp-image-446880\"><\/a><\/figure>\n<p class=\"wp-block-paragraph\">Luni, 31 august 2026, poli\u021bi\u0219tii au dispus re\u021binerea pentru 24 de ore a conduc\u0103torului motocicletei, un minor de 15 ani din comuna Vadu Moldovei. Mar\u021bi, adolescentul a fost prezentat instan\u021bei de judecat\u0103, care a dispus arestul la domiciliu pentru 30 de zile.<\/p>\n<p class=\"wp-block-paragraph\">\u00cen ancheta l\u0103rgit\u0103, aceea\u0219i m\u0103sur\u0103 ferm\u0103 a fost luat\u0103 \u0219i fa\u021b\u0103 de tat\u0103l s\u0103u, un b\u0103rbat de 45 de ani din aceea\u0219i comun\u0103. Poli\u021bi\u0219tii au stabilit c\u0103 acesta a facilitat faptele: a cump\u0103rat motocicleta \u0219i i-a \u00eencredin\u021bat-o fiului, de\u0219i \u0219tia c\u0103 nu are permis de conducere \u0219i a con\u0219tientizat riscurile. B\u0103rbatul a fost re\u021binut pentru 24 de ore, \u00eencarcerat \u00een acela\u0219i centru al IPJ Suceava, \u0219i urmeaz\u0103 s\u0103 fie prezentat, miercuri, unit\u0103\u021bii de parchet, pentru dispunerea m\u0103surilor preventive.<\/p>\n<p class=\"wp-block-paragraph\">Accidentul s-a produs luni, 17 august, la ora 20:08, pe strada 1 Decembrie 1918 din Vadu Moldovei. Poli\u021bia Municipiului F\u0103lticeni a fost sesizat\u0103 prin 112. Minorul de 15 ani conducea o motociclet\u0103 ne\u00eenmatriculat\u0103, f\u0103r\u0103 permis, pe contrasens, pe o strad\u0103 cu sens unic. A acro\u0219at un copil de 5 ani care p\u0103trunsese pe partea carosabil\u0103. Pietonul a decedat.<\/p>\n<p class=\"wp-block-paragraph\">Conduc\u0103torul a fost testat cu etilotestul, rezultatul fiind negativ. Dosarul penal vizeaz\u0103 uciderea din culp\u0103, conducerea unui vehicul f\u0103r\u0103 permis \u0219i conducerea unui vehicul ne\u00eenmatriculat.<\/p>\n<p class=\"wp-block-paragraph\">Poli\u021bi\u0219tii calific\u0103 m\u0103surile drept ferme \u0219i f\u0103r\u0103 un precedent recent, at\u00e2t fa\u021b\u0103 de adolescent, c\u00e2t \u0219i fa\u021b\u0103 de p\u0103rinte. IPJ Suceava subliniaz\u0103 c\u0103 siguran\u021ba rutier\u0103 este o prioritate institu\u021bional\u0103 \u0219i c\u0103 vor fi luate \u00een continuare cele mai ferme m\u0103suri. Totodat\u0103, reitereaz\u0103 rolul p\u0103rin\u021bilor \u00een supravegherea minorilor \u0219i importan\u021ba modelelor din familie, pentru a evita at\u00e2t riscul de a ajunge autor al unei infrac\u021biuni, c\u00e2t \u0219i pe cel de a deveni victim\u0103.<\/p>\n<div class=\"td-a-rec td-a-rec-id-content_bottom  tdi_4 td_block_template_1\"><strong>Intr\u0103 acum \u0219i \u00een grupul de <\/p>\n<div class=\"wp-block-button\"><a class=\"wp-block-button__link wp-element-button\" href=\"https:\/\/t.me\/+TH8wcfnp8fw5NWI0\">Telegram News Bucovina<\/a><\/div>\n<p><\/strong><\/div>\n<\/div>\n<p>[analyse_source url=&#8221;https:\/\/www.newsbucovina.ro\/actualitate\/448316\/masuri-ferme-dupa-tragedia-de-la-vadu-moldovei-in-care-a-murit-un-copil-de-5-ani-politia-l-a-retinut-si-pe-tatal-adolescentului-care-a-condus-motocicleta-fiul-arestat-la-domiciliu&#8221;]<\/p>\n","protected":false},"excerpt":{"rendered":"<p>[analyse_image type=&#8221;featured&#8221; src=&#8221;https:\/\/www.newsbucovina.ro\/wp-content\/uploads\/2026\/08\/ambulanta-noaptea.jpeghttps:\/\/cdn.newsbucovina.ro\/wp-content\/uploads\/2026\/08\/ambulanta-noaptea.jpeg&#8221;] Aboneaz\u0103-te pe YouTubeNewsBucovinaIntr\u0103 pe TelegramGrupul News BucovinaAdaug\u0103 NewsBucovinaSurs\u0103 preferat\u0103 \u00een Google Dup\u0103 aproape dou\u0103 s\u0103pt\u0103m\u00e2ni de anchet\u0103, Poli\u021bia Municipiului F\u0103lticeni a extins m\u0103surile \u0219i asupra tat\u0103lui minorului de 15 ani care a accidentat mortal un copil de 5 ani, la Vadu Moldovei. Ambii au fost re\u021binu\u021bi \u0219i \u00eencarcera\u021bi \u00een Centrul de Re\u021binere [&hellip;]<\/p>\n","protected":false},"author":1,"featured_media":0,"comment_status":"open","ping_status":"","sticky":false,"template":"","format":"standard","meta":{"footnotes":""},"categories":[89],"tags":[226,165],"class_list":["post-2122436","post","type-post","status-publish","format-standard","hentry","category-romania","tag-crawlmanager","tag-newsbucovina-ro"],"_links":{"self":[{"href":"https:\/\/analyse.optim.biz\/index.php?rest_route=\/wp\/v2\/posts\/2122436","targetHints":{"allow":["GET"]}}],"collection":[{"href":"https:\/\/analyse.optim.biz\/index.php?rest_route=\/wp\/v2\/posts"}],"about":[{"href":"https:\/\/analyse.optim.biz\/index.php?rest_route=\/wp\/v2\/types\/post"}],"author":[{"embeddable":true,"href":"https:\/\/analyse.optim.biz\/index.php?rest_route=\/wp\/v2\/users\/1"}],"replies":[{"embeddable":true,"href":"https:\/\/analyse.optim.biz\/index.php?rest_route=%2Fwp%2Fv2%2Fcomments&post=2122436"}],"version-history":[{"count":0,"href":"https:\/\/analyse.optim.biz\/index.php?rest_route=\/wp\/v2\/posts\/2122436\/revisions"}],"wp:attachment":[{"href":"https:\/\/analyse.optim.biz\/index.php?rest_route=%2Fwp%2Fv2%2Fmedia&parent=2122436"}],"wp:term":[{"taxonomy":"category","embeddable":true,"href":"https:\/\/analyse.optim.biz\/index.php?rest_route=%2Fwp%2Fv2%2Fcategories&post=2122436"},{"taxonomy":"post_tag","embeddable":true,"href":"https:\/\/analyse.optim.biz\/index.php?rest_route=%2Fwp%2Fv2%2Ftags&post=2122436"}],"curies":[{"name":"wp","href":"https:\/\/api.w.org\/{rel}","templated":true}]}}