{"id":2122434,"date":"2026-09-01T12:33:17","date_gmt":"2026-09-01T09:33:17","guid":{"rendered":"https:\/\/analyse.optim.biz\/?p=2122434"},"modified":"2026-09-01T12:33:17","modified_gmt":"2026-09-01T09:33:17","slug":"femeie-accidentata-chiar-pe-trecerea-de-pietoni-dupa-ce-un-autoturism-a-intrat-in-coliziune-cu-altul","status":"publish","type":"post","link":"https:\/\/analyse.optim.biz\/?p=2122434","title":{"rendered":"Femeie accidentat\u0103 chiar pe trecerea de pietoni, dup\u0103 ce un autoturism a intrat \u00een coliziune cu altul &#8211;"},"content":{"rendered":"<p>[analyse_image type=&#8221;featured&#8221; src=&#8221;https:\/\/www.informatiata.ro\/wp-content\/uploads\/2026\/09\/politie-accid-1024&#215;568.jpg&#8221;]<\/p>\n<div class=\"td-post-content tagdiv-type\">\n<div class=\"td-post-featured-image\"><a href=\"https:\/\/www.informatiata.ro\/wp-content\/uploads\/2026\/09\/politie-accid.jpg\" data-caption><img loading=\"lazy\" decoding=\"async\" width=\"696\" height=\"386\" class=\"entry-thumb td-modal-image\" src=\"https:\/\/www.informatiata.ro\/wp-content\/uploads\/2026\/09\/politie-accid-696x386.jpg\" alt title=\"poli\u021bie accid\"><img loading=\"lazy\" decoding=\"async\" width=\"696\" height=\"386\" class=\"entry-thumb td-modal-image\" src=\"https:\/\/www.informatiata.ro\/wp-content\/uploads\/2026\/09\/politie-accid-696x386.jpg\" alt title=\"poli\u021bie accid\"><\/a><\/div>\n<p>Femeie accidentat\u0103 chiar pe trecerea de pietoni, dup\u0103 ce un autoturism a intrat \u00een coliziune cu altul.<\/p>\n<p>Accidentul rutier s-a produs luni, \u00een jurul orei 12.40, pe DJ 178C, \u00een localitatea sucevean\u0103 Fr\u0103t\u0103u\u021bii Vechi, \u00een zona unei farmacii.<\/p>\n<div class=\"td-a-rec td-a-rec-id-content_inlineright  tdi_7 td_block_template_1\"><img loading=\"lazy\" decoding=\"async\" class=\"aligncenter size-full wp-image-66137\" src=\"https:\/\/www.informatiata.ro\/wp-content\/uploads\/2026\/08\/SAVCOM-6.gif\" alt width=\"299\" height=\"250\"><img loading=\"lazy\" decoding=\"async\" class=\"aligncenter size-full wp-image-66137\" src=\"https:\/\/www.informatiata.ro\/wp-content\/uploads\/2026\/08\/SAVCOM-6.gif\" alt width=\"299\" height=\"250\"><img loading=\"lazy\" decoding=\"async\" class=\"aligncenter size-full wp-image-66138\" src=\"https:\/\/www.informatiata.ro\/wp-content\/uploads\/2026\/08\/FACOS-5.gif\" alt width=\"300\" height=\"250\"><img loading=\"lazy\" decoding=\"async\" class=\"aligncenter size-full wp-image-66138\" src=\"https:\/\/www.informatiata.ro\/wp-content\/uploads\/2026\/08\/FACOS-5.gif\" alt width=\"300\" height=\"250\"><\/div>\n<p>Un autoturism care circula dinspre G\u0103l\u0103ne\u0219ti spre R\u0103d\u0103u\u021bi nu a p\u0103strat o distan\u021b\u0103 suficient\u0103 fa\u021b\u0103 de vehiculul care circula \u00een fa\u021ba sa. Acesta din urm\u0103 oprise la trecerea pentru pietoni, pentru a acorda prioritate unei femei care se angajase regulamentar \u00een traversarea drumului.<\/p>\n<p>\u00cen aceste \u00eemprejur\u0103ri, autoturismul din spate a intrat \u00een coliziune cu cel din fa\u021b\u0103. \u00cen urma impactului, cel de-al doilea autoturism a fost proiectat \u00eenainte \u0219i a acro\u0219at femeia aflat\u0103 pe trecerea de pietoni.<\/p>\n<p>Aceasta a suferit leziuni \u0219i a fost preluat\u0103 de un echipaj de ambulan\u021b\u0103, fiind transportat\u0103 la Spitalul Municipal R\u0103d\u0103u\u021bi pentru acordarea \u00eengrijirilor medicale.<\/p>\n<p>Cei doi conduc\u0103tori auto implica\u021bi \u00een accident au fost testa\u021bi cu aparatul etilotest, rezultatele fiind negative. \u0218i femeia r\u0103nit\u0103 a fost testat\u0103 \u00een modul pasiv, rezultatul indic\u00e2nd absen\u021ba alcoolului.<\/p>\n<p>Poli\u021bi\u0219tii au deschis un dosar penal pentru s\u0103v\u00e2r\u0219irea infrac\u021biunii de v\u0103t\u0103mare corporal\u0103 din culp\u0103, urm\u00e2nd ca cercet\u0103rile s\u0103 stabileasc\u0103 toate \u00eemprejur\u0103rile \u00een care s-a produs accidentul.<\/p>\n<div class=\"td-a-rec td-a-rec-id-content_bottom  td-rec-hide-on-m tdi_8 td_block_template_1\"><img loading=\"lazy\" decoding=\"async\" class=\"aligncenter size-large wp-image-66091\" src=\"https:\/\/www.informatiata.ro\/wp-content\/uploads\/2026\/08\/LEVANT-300-x-250-pixels-2025-1024x852.jpg\" alt width=\"696\" height=\"579\"><img loading=\"lazy\" decoding=\"async\" class=\"aligncenter size-large wp-image-66091\" src=\"https:\/\/www.informatiata.ro\/wp-content\/uploads\/2026\/08\/LEVANT-300-x-250-pixels-2025-1024x852.jpg\" alt width=\"696\" height=\"579\"><img loading=\"lazy\" decoding=\"async\" class=\"aligncenter size-large wp-image-66092\" src=\"https:\/\/www.informatiata.ro\/wp-content\/uploads\/2026\/08\/costume-Japonia-Romania-300-x-250-pixels-2025-1024x888.jpg\" alt width=\"696\" height=\"604\"><img loading=\"lazy\" decoding=\"async\" class=\"aligncenter size-large wp-image-66092\" src=\"https:\/\/www.informatiata.ro\/wp-content\/uploads\/2026\/08\/costume-Japonia-Romania-300-x-250-pixels-2025-1024x888.jpg\" alt width=\"696\" height=\"604\"><\/p>\n<p>\u00a0<\/p><\/div>\n<\/div>\n<p>[analyse_source url=&#8221;https:\/\/www.informatiata.ro\/accident-in-lant-la-trecere-de-pietoni\/&#8221;]<\/p>\n","protected":false},"excerpt":{"rendered":"<p>[analyse_image type=&#8221;featured&#8221; src=&#8221;https:\/\/www.informatiata.ro\/wp-content\/uploads\/2026\/09\/politie-accid-1024&#215;568.jpg&#8221;] Femeie accidentat\u0103 chiar pe trecerea de pietoni, dup\u0103 ce un autoturism a intrat \u00een coliziune cu altul. Accidentul rutier s-a produs luni, \u00een jurul orei 12.40, pe DJ 178C, \u00een localitatea sucevean\u0103 Fr\u0103t\u0103u\u021bii Vechi, \u00een zona unei farmacii. Un autoturism care circula dinspre G\u0103l\u0103ne\u0219ti spre R\u0103d\u0103u\u021bi nu a p\u0103strat o distan\u021b\u0103 suficient\u0103 [&hellip;]<\/p>\n","protected":false},"author":1,"featured_media":0,"comment_status":"open","ping_status":"","sticky":false,"template":"","format":"standard","meta":{"footnotes":""},"categories":[89],"tags":[226,167],"class_list":["post-2122434","post","type-post","status-publish","format-standard","hentry","category-romania","tag-crawlmanager","tag-informatiata-ro"],"_links":{"self":[{"href":"https:\/\/analyse.optim.biz\/index.php?rest_route=\/wp\/v2\/posts\/2122434","targetHints":{"allow":["GET"]}}],"collection":[{"href":"https:\/\/analyse.optim.biz\/index.php?rest_route=\/wp\/v2\/posts"}],"about":[{"href":"https:\/\/analyse.optim.biz\/index.php?rest_route=\/wp\/v2\/types\/post"}],"author":[{"embeddable":true,"href":"https:\/\/analyse.optim.biz\/index.php?rest_route=\/wp\/v2\/users\/1"}],"replies":[{"embeddable":true,"href":"https:\/\/analyse.optim.biz\/index.php?rest_route=%2Fwp%2Fv2%2Fcomments&post=2122434"}],"version-history":[{"count":0,"href":"https:\/\/analyse.optim.biz\/index.php?rest_route=\/wp\/v2\/posts\/2122434\/revisions"}],"wp:attachment":[{"href":"https:\/\/analyse.optim.biz\/index.php?rest_route=%2Fwp%2Fv2%2Fmedia&parent=2122434"}],"wp:term":[{"taxonomy":"category","embeddable":true,"href":"https:\/\/analyse.optim.biz\/index.php?rest_route=%2Fwp%2Fv2%2Fcategories&post=2122434"},{"taxonomy":"post_tag","embeddable":true,"href":"https:\/\/analyse.optim.biz\/index.php?rest_route=%2Fwp%2Fv2%2Ftags&post=2122434"}],"curies":[{"name":"wp","href":"https:\/\/api.w.org\/{rel}","templated":true}]}}