{"id":2122413,"date":"2026-09-01T06:23:51","date_gmt":"2026-09-01T03:23:51","guid":{"rendered":"https:\/\/analyse.optim.biz\/?p=2122413"},"modified":"2026-09-01T06:23:51","modified_gmt":"2026-09-01T03:23:51","slug":"exclusiv-deciziile-au-ajuns-in-aceasta-dimineata-la-isj-buzau-gina-manea-felicia-boscodeala-si-liliana-serbanica-preiau-conducerea-daniela-palcau-si-a-luat-ramas-bun-de-la-colegi","status":"publish","type":"post","link":"https:\/\/analyse.optim.biz\/?p=2122413","title":{"rendered":"EXCLUSIV | Deciziile au ajuns \u00een aceast\u0103 diminea\u021b\u0103 la I\u0218J Buz\u0103u. Gina Manea, Felicia Bo\u0219codeal\u0103 \u0219i Liliana \u0218erb\u0103nic\u0103 preiau conducerea. Daniela Palc\u0103u \u0219i-a luat r\u0103mas-bun de la colegi"},"content":{"rendered":"<p>[analyse_image type=&#8221;featured&#8221; src=&#8221;https:\/\/gazetabuzoiana.ro\/wp-content\/uploads\/2026\/08\/palcau.jpg&#8221;]<\/p>\n<div class=\"entry-content entry clearfix\">\n<p class=\"wp-block-paragraph\">Schimbarea conducerii Inspectoratului \u0218colar Jude\u021bean Buz\u0103u este oficializat\u0103. Deciziile de numire pentru Gina Manea, Felicia Elena Bo\u0219codeal\u0103 \u0219i Liliana \u0218erb\u0103nic\u0103 au ajuns \u00een urm\u0103 cu c\u00e2teva ore, prin po\u0219ta electronic\u0103, la Inspectoratul \u0218colar Jude\u021bean Buz\u0103u.<\/p>\n<p class=\"wp-block-paragraph\">Documentele erau preg\u0103tite \u00eenc\u0103 de acum dou\u0103 zile, \u00eens\u0103 abia \u00een aceast\u0103 diminea\u021b\u0103 au fost transmise oficial institu\u021biei.<\/p>\n<p class=\"wp-block-paragraph\">Astfel, Gina Manea preia func\u021bia de inspector \u0219colar general, Felicia Elena Bo\u0219codeal\u0103 devine inspector \u0219colar general adjunct, iar Liliana \u0218erb\u0103nic\u0103 ocup\u0103 cea de-a doua func\u021bie de inspector \u0219colar general adjunct.<\/p>\n<p class=\"wp-block-paragraph\">Gina Manea \u0219i Felicia Bo\u0219codeal\u0103 sunt sus\u021binute de PNL, \u00een timp ce Liliana \u0218erb\u0103nic\u0103 este propunerea USR pentru cea de-a doua func\u021bie de adjunct.<\/p>\n<h1 class=\"wp-block-heading\">Daniela Palc\u0103u \u0219i-a luat r\u0103mas-bun<\/h1>\n<p class=\"wp-block-paragraph\">Odat\u0103 cu transmiterea deciziilor, mandatul Danielei Palc\u0103u la conducerea Inspectoratului \u0218colar Jude\u021bean Buz\u0103u se \u00eencheie.<\/p>\n<p class=\"wp-block-paragraph\">\u00cen aceast\u0103 diminea\u021b\u0103, fostul inspector \u0219colar general a transmis un mesaj de r\u0103mas-bun pe grupul directorilor unit\u0103\u021bilor de \u00eenv\u0103\u021b\u0103m\u00e2nt din jude\u021bul Buz\u0103u, \u00een care le mul\u021bume\u0219te colegilor pentru colaborare \u0219i le ureaz\u0103 succes noii echipe de conducere.<\/p>\n<p class=\"wp-block-paragraph\"><em>\u201eDragi colegi,<\/em><\/p>\n<p class=\"wp-block-paragraph\"><em>Odat\u0103 cu \u00eencheierea mandatului meu, doresc s\u0103 v\u0103 mul\u021bumesc tuturor pentru colaborare, sprijin \u0219i momentele frumoase petrecute \u00eempreun\u0103.<\/em><\/p>\n<p class=\"wp-block-paragraph\"><em>A fost o pl\u0103cere s\u0103 fac parte din acest proiect \u0219i s\u0103 lucrez al\u0103turi de profesioni\u0219ti ca voi. \u00cei doresc succes noului management, succesorilor mei \u0219i sunt sigur\u0103 c\u0103 inspectoratul \u0219colar \u0219i \u00eenv\u0103\u021b\u0103m\u00e2ntul buzoian va continua s\u0103 evolueze.<\/em><\/p>\n<p class=\"wp-block-paragraph\"><em>Succes!\u201d<\/em><\/p>\n<p class=\"wp-block-paragraph\">Mesajul este, practic, confirmarea faptului c\u0103 Daniela Palc\u0103u nu va r\u0103m\u00e2ne \u00een conducerea I\u0218J Buz\u0103u \u00een formula celor dou\u0103 func\u021bii de adjunct care au fost ocupate acum.<\/p>\n<h1 class=\"wp-block-heading\">Ce s-a \u00eent\u00e2mplat cu al treilea post de adjunct<\/h1>\n<p class=\"wp-block-paragraph\">\u00cen urm\u0103 cu c\u00e2teva zile, <em>Gazeta Buzoian\u0103<\/em> a relatat <strong><a href=\"https:\/\/gazetabuzoiana.ro\/2026\/08\/30\/exclusiv-dupa-o-intalnire-de-taina-la-prefectura-lucrurile-pentru-isj-se-complica-despre-ce-este-vorba\/\"> AICI<\/a><\/strong> despre o \u00eent\u00e2lnire desf\u0103\u0219urat\u0103 la Prefectura Buz\u0103u, la care a participat \u0219i Daniela Palc\u0103u. \u00cen urma acelei \u00eent\u00e2lniri a fost luat\u0103 \u00een calcul varianta \u00eenfiin\u021b\u0103rii unui al treilea post de inspector \u0219colar general adjunct, func\u021bie pentru care ar fi putut intra \u00een c\u0103r\u021bi chiar Daniela Palc\u0103u.<\/p>\n<p class=\"wp-block-paragraph\">Palc\u0103u, care a ocupat func\u021bia de inspector \u0219colar general cu sus\u021binerea PSD, ar fi putut astfel s\u0103 r\u0103m\u00e2n\u0103 \u00een conducerea institu\u021biei \u0219i dup\u0103 schimbarea politic\u0103 de la v\u00e2rful I\u0218J Buz\u0103u.<\/p>\n<p class=\"wp-block-paragraph\">Din informa\u021biile pe care le-am publicat atunci, Daniela Palc\u0103u ar fi \u00eencercat s\u0103 ob\u021bin\u0103 sus\u021binerea PNL pentru aceast\u0103 func\u021bie \u0219i s\u0103 se adapteze noii configura\u021bii politice. Varianta a \u00eent\u00e2mpinat \u00eens\u0103 opozi\u021bia pre\u0219edintelui PNL Buz\u0103u, Adrian Mocanu.<\/p>\n<p class=\"wp-block-paragraph\">\u00cen cele din urm\u0103, eforturile pentru apari\u021bia celui de-al treilea post de adjunct nu s-au concretizat, cel pu\u021bin \u00een aceast\u0103 etap\u0103.<\/p>\n<p class=\"wp-block-paragraph\">Deciziile transmise \u00een aceast\u0103 diminea\u021b\u0103 confirm\u0103 formula cu un inspector \u0219colar general \u0219i doi inspectori \u0219colari generali adjunc\u021bi, f\u0103r\u0103 Daniela Palc\u0103u \u00een noua echip\u0103. <\/p>\n<p class=\"wp-block-paragraph\">Gazeta Buzoian\u0103 a anun\u021bat \u00een urm\u0103 cu aproape o s\u0103pt\u0103m\u00e2n\u0103 aceast\u0103 formul\u0103 de conducere, iar informa\u021bia este confirmat\u0103 acum prin deciziile de numire transmise oficial Inspectoratului \u0218colar Jude\u021bean Buz\u0103u.<\/p>\n<p class=\"wp-block-paragraph\">\u00cen cazul Danielei Palc\u0103u, mesajul transmis \u00een aceast\u0103 diminea\u021b\u0103 colegilor marcheaz\u0103 finalul mandatului s\u0103u \u0219i al perioadei \u00een care a condus \u00eenv\u0103\u021b\u0103m\u00e2ntul buzoian.<\/p>\n<div class=\"post-bottom-meta post-bottom-tags post-tags-modern\">\n<div class=\"post-bottom-meta-title\"> Etichete<\/div>\n<p><span class=\"tagcloud\"><a href=\"https:\/\/gazetabuzoiana.ro\/tag\/adrian-mocanu\/\" rel=\"tag\">Adrian Mocanu<\/a><a href=\"https:\/\/gazetabuzoiana.ro\/tag\/conducerea-invatamantului-buzoian\/\" rel=\"tag\">conducerea \u00eenv\u0103\u021b\u0103m\u00e2ntului buzoian<\/a><a href=\"https:\/\/gazetabuzoiana.ro\/tag\/conducerea-isj-buzau\/\" rel=\"tag\">conducerea I\u0218J Buz\u0103u<\/a><a href=\"https:\/\/gazetabuzoiana.ro\/tag\/daniela-palcau\/\" rel=\"tag\">Daniela Palc\u0103u<\/a><a href=\"https:\/\/gazetabuzoiana.ro\/tag\/decizii-de-numire\/\" rel=\"tag\">decizii de numire<\/a><a href=\"https:\/\/gazetabuzoiana.ro\/tag\/educatie-buzau\/\" rel=\"tag\">Educa\u021bie Buz\u0103u<\/a><a href=\"https:\/\/gazetabuzoiana.ro\/tag\/felicia-elena-boscodeala\/\" rel=\"tag\">Felicia Elena Bo\u0219codeal\u0103<\/a><a href=\"https:\/\/gazetabuzoiana.ro\/tag\/gina-manea\/\" rel=\"tag\">Gina Manea<\/a><a href=\"https:\/\/gazetabuzoiana.ro\/tag\/inspector-general-adjunct\/\" rel=\"tag\">inspector general adjunct<\/a><a href=\"https:\/\/gazetabuzoiana.ro\/tag\/inspector-scolar-general\/\" rel=\"tag\">inspector \u0219colar general<\/a><a href=\"https:\/\/gazetabuzoiana.ro\/tag\/inspectoratul-scolar-judetean-buzau\/\" rel=\"tag\">Inspectoratul \u0218colar Jude\u021bean Buz\u0103u<\/a><a href=\"https:\/\/gazetabuzoiana.ro\/tag\/invatamant-buzau\/\" rel=\"tag\">\u00eenv\u0103\u021b\u0103m\u00e2nt Buz\u0103u<\/a><a href=\"https:\/\/gazetabuzoiana.ro\/tag\/isj-buzau-3\/\" rel=\"tag\">I\u0218J Buz\u0103u<\/a><a href=\"https:\/\/gazetabuzoiana.ro\/tag\/liliana-serbanica\/\" rel=\"tag\">Liliana \u0218erb\u0103nic\u0103<\/a><a href=\"https:\/\/gazetabuzoiana.ro\/tag\/ministerul-educatiei\/\" rel=\"tag\">Ministerul Educa\u021biei<\/a><a href=\"https:\/\/gazetabuzoiana.ro\/tag\/numiri-isj-buzau\/\" rel=\"tag\">numiri I\u0218J Buz\u0103u<\/a><a href=\"https:\/\/gazetabuzoiana.ro\/tag\/pnl-buzau\/\" rel=\"tag\">PNL Buz\u0103u<\/a><a href=\"https:\/\/gazetabuzoiana.ro\/tag\/schimbari-isj-buzau\/\" rel=\"tag\">schimb\u0103ri I\u0218J Buz\u0103u<\/a><a href=\"https:\/\/gazetabuzoiana.ro\/tag\/usr-buzau\/\" rel=\"tag\">USR Buz\u0103u<\/a><\/span><\/div>\n<\/div>\n<p>[analyse_source url=&#8221;https:\/\/gazetabuzoiana.ro\/2026\/09\/01\/exclusiv-deciziile-au-ajuns-in-aceasta-dimineata-la-isj-buzau-gina-manea-felicia-boscodeala-si-liliana-serbanica-preiau-conducerea-daniela-palcau-si-a-luat-ramas-bun\/&#8221;]<\/p>\n","protected":false},"excerpt":{"rendered":"<p>[analyse_image type=&#8221;featured&#8221; src=&#8221;https:\/\/gazetabuzoiana.ro\/wp-content\/uploads\/2026\/08\/palcau.jpg&#8221;] Schimbarea conducerii Inspectoratului \u0218colar Jude\u021bean Buz\u0103u este oficializat\u0103. Deciziile de numire pentru Gina Manea, Felicia Elena Bo\u0219codeal\u0103 \u0219i Liliana \u0218erb\u0103nic\u0103 au ajuns \u00een urm\u0103 cu c\u00e2teva ore, prin po\u0219ta electronic\u0103, la Inspectoratul \u0218colar Jude\u021bean Buz\u0103u. Documentele erau preg\u0103tite \u00eenc\u0103 de acum dou\u0103 zile, \u00eens\u0103 abia \u00een aceast\u0103 diminea\u021b\u0103 au fost transmise oficial [&hellip;]<\/p>\n","protected":false},"author":1,"featured_media":0,"comment_status":"open","ping_status":"","sticky":false,"template":"","format":"standard","meta":{"footnotes":""},"categories":[2],"tags":[226,38],"class_list":["post-2122413","post","type-post","status-publish","format-standard","hentry","category-politics","tag-crawlmanager","tag-gazetabuzoiana-ro"],"_links":{"self":[{"href":"https:\/\/analyse.optim.biz\/index.php?rest_route=\/wp\/v2\/posts\/2122413","targetHints":{"allow":["GET"]}}],"collection":[{"href":"https:\/\/analyse.optim.biz\/index.php?rest_route=\/wp\/v2\/posts"}],"about":[{"href":"https:\/\/analyse.optim.biz\/index.php?rest_route=\/wp\/v2\/types\/post"}],"author":[{"embeddable":true,"href":"https:\/\/analyse.optim.biz\/index.php?rest_route=\/wp\/v2\/users\/1"}],"replies":[{"embeddable":true,"href":"https:\/\/analyse.optim.biz\/index.php?rest_route=%2Fwp%2Fv2%2Fcomments&post=2122413"}],"version-history":[{"count":0,"href":"https:\/\/analyse.optim.biz\/index.php?rest_route=\/wp\/v2\/posts\/2122413\/revisions"}],"wp:attachment":[{"href":"https:\/\/analyse.optim.biz\/index.php?rest_route=%2Fwp%2Fv2%2Fmedia&parent=2122413"}],"wp:term":[{"taxonomy":"category","embeddable":true,"href":"https:\/\/analyse.optim.biz\/index.php?rest_route=%2Fwp%2Fv2%2Fcategories&post=2122413"},{"taxonomy":"post_tag","embeddable":true,"href":"https:\/\/analyse.optim.biz\/index.php?rest_route=%2Fwp%2Fv2%2Ftags&post=2122413"}],"curies":[{"name":"wp","href":"https:\/\/api.w.org\/{rel}","templated":true}]}}