{"id":2122407,"date":"2026-09-01T11:00:02","date_gmt":"2026-09-01T08:00:02","guid":{"rendered":"https:\/\/analyse.optim.biz\/?p=2122407"},"modified":"2026-09-01T11:00:02","modified_gmt":"2026-09-01T08:00:02","slug":"primaria-buzau-si-a-blocat-propria-licitatie-pentru-cainii-fara-stapan-din-cauza-unor-erori","status":"publish","type":"post","link":"https:\/\/analyse.optim.biz\/?p=2122407","title":{"rendered":"Prim\u0103ria Buz\u0103u \u0219i-a blocat propria licita\u021bie pentru c\u00e2inii f\u0103r\u0103 st\u0103p\u00e2n, din cauza unor erori"},"content":{"rendered":"<p>[analyse_image type=&#8221;featured&#8221; src=&#8221;https:\/\/gazetabuzoiana.ro\/wp-content\/uploads\/2026\/09\/54b7d4d785b63.webp&#8221;]<\/p>\n<div class=\"entry-content entry clearfix\">\n<p class=\"wp-block-paragraph\">Noua \u00eencercare a Prim\u0103riei municipiului Buz\u0103u de a rezolva problema c\u00e2inilor f\u0103r\u0103 st\u0103p\u00e2n a fost blocat\u0103 chiar de gre\u0219elile sale, ale administra\u021biei locale. Dup\u0103 ce proiectul a trecut prin dezbatere public\u0103 \u0219i a fost aprobat de Consiliul Local Municipal, procedura de atribuire a contractului de concesiune pentru gestionarea c\u00e2inilor f\u0103r\u0103 st\u0103p\u00e2n a fost anulat\u0103 \u00een urma identific\u0103rii unor erori \u0219i omisiuni \u00een documenta\u021bia preg\u0103tit\u0103 de municipalitate.<\/p>\n<p class=\"wp-block-paragraph\">Potrivit documentului publicat \u00een sistemul de achizi\u021bii publice, erorile vizau forma juridic\u0103 a ofertantului \u0219i con\u021binutul pre\u021bului unitar. Autoritatea a stabilit c\u0103 acestea afectau principiile transparen\u021bei, tratamentului egal, nediscrimin\u0103rii \u0219i propor\u021bionalit\u0103\u021bii, iar procedura nu mai putea fi corectat\u0103 f\u0103r\u0103 riscul \u00eenc\u0103lc\u0103rii acelora\u0219i principii.<\/p>\n<p class=\"wp-block-paragraph\">Cu alte cuvinte, Prim\u0103ria trebuie s\u0103 refac\u0103 documenta\u021bia \u0219i s\u0103 reia procedura, dup\u0103 ce propria documenta\u021bie a f\u0103cut imposibil\u0103 continuarea licita\u021biei.<\/p>\n<p class=\"wp-block-paragraph\">Anularea vine dup\u0103 aproximativ cinci luni \u00een care capturarea c\u00e2inilor f\u0103r\u0103 st\u0103p\u00e2n este sistat\u0103 la Buz\u0103u, dup\u0103 litigiul pierdut de municipalitate \u00een fa\u021ba Asocia\u021biei \u201eH\u0103plu\u021b \u0219i prietenii\u201d.<\/p>\n<p class=\"wp-block-paragraph\">Acum, documenta\u021bia trebuie ref\u0103cut\u0103, supus\u0103 din nou transparen\u021bei decizionale \u0219i aprobat\u0103 de Consiliul Local \u00eenainte ca licita\u021bia s\u0103 poat\u0103 fi relansat\u0103.<\/p>\n<p class=\"wp-block-paragraph\">Problema este c\u0103 aceast\u0103 nou\u0103 \u00eent\u00e2rziere nu apare \u00eentr-un vid. Buz\u0103ul are \u00een spate ani de gestionare a serviciului de ecarisaj, iar rezultatul este c\u0103 municipiul se afl\u0103 din nou \u00een situa\u021bia de a nu avea un serviciu func\u021bional pentru c\u00e2inii f\u0103r\u0103 st\u0103p\u00e2n.<\/p>\n<p class=\"wp-block-paragraph\">Iubitorii de animale atrag  aten\u021bia c\u0103 discu\u021bia nu trebuie s\u0103 se limiteze la c\u00e2inii de pe str\u0103zi \u0219i la o nou\u0103 licita\u021bie.<\/p>\n<p class=\"wp-block-paragraph\">Ace\u0219tia cer explica\u021bii privind modul \u00een care a fost gestionat serviciul \u00eencep\u00e2nd din 2019, c\u00e2nd acesta a fost atribuit direct societ\u0103\u021bii Urbis-Serv. Sunt solicitate clarific\u0103ri privind banii cheltui\u021bi, rezultatele ob\u021binute \u0219i modul \u00een care au fost administrate animalele ajunse \u00een ad\u0103post.<\/p>\n<p class=\"wp-block-paragraph\">Printre problemele semnalate se afl\u0103 \u0219i situa\u021bia unor c\u00e2ini cu st\u0103p\u00e2n care ar fi r\u0103mas \u00een ad\u0103post, costurile de cazare \u0219i \u00eengrijire, precum \u0219i cazul unor animale despre care iubitorii de animale sus\u021bin c\u0103 au murit f\u0103r\u0103 s\u0103 primeasc\u0103 tratamentul necesar.<\/p>\n<p class=\"wp-block-paragraph\">Sunt afirma\u021bii care trebuie verificate pe documente, \u00eens\u0103 \u00eentreb\u0103rile sunt legitime. c\u00e2t a costat efectiv gestionarea c\u00e2inilor f\u0103r\u0103 st\u0103p\u00e2n, ce servicii au fost pl\u0103tite, c\u00e2te animale au fost adoptate \u0219i ce s-a \u00eent\u00e2mplat cu cele care au murit \u00een ad\u0103post sunt \u00eentreb\u0103ri la care to\u021bi a\u0219tept\u0103m r\u0103spunsuri.<\/p>\n<p class=\"wp-block-paragraph\">Dincolo de licita\u021bia anulat\u0103 acum, r\u0103m\u00e2ne problema de fond. Dup\u0103 ani de administrare \u0219i bani publici cheltui\u021bi, municipalitatea nu a reu\u0219it s\u0103 construiasc\u0103 un sistem care s\u0103 rezolve problema c\u00e2inilor f\u0103r\u0103 st\u0103p\u00e2n, iar de aceast\u0103 dat\u0103, blocarea procedurii nu a venit din exterior. A venit din propriile erori ale administra\u021biei, constatate de autoritatea competent\u0103 \u00een domeniul achizi\u021biilor publice.<\/p>\n<div class=\"post-bottom-meta post-bottom-tags post-tags-modern\">\n<div class=\"post-bottom-meta-title\"> Etichete<\/div>\n<p><span class=\"tagcloud\"><a href=\"https:\/\/gazetabuzoiana.ro\/tag\/achizitii-publice\/\" rel=\"tag\">Achizi\u021bii Publice<\/a><a href=\"https:\/\/gazetabuzoiana.ro\/tag\/administratia-locala\/\" rel=\"tag\">administra\u021bia local\u0103<\/a><a href=\"https:\/\/gazetabuzoiana.ro\/tag\/buzau-2\/\" rel=\"tag\">Buz\u0103u<\/a><a href=\"https:\/\/gazetabuzoiana.ro\/tag\/caini-fara-stapan\/\" rel=\"tag\">c\u00e2ini f\u0103r\u0103 st\u0103p\u00e2n<\/a><a href=\"https:\/\/gazetabuzoiana.ro\/tag\/consiliul-local-municipal-buzau\/\" rel=\"tag\">Consiliul Local Municipal Buz\u0103u<\/a><a href=\"https:\/\/gazetabuzoiana.ro\/tag\/constantin-toma\/\" rel=\"tag\">constantin toma<\/a><a href=\"https:\/\/gazetabuzoiana.ro\/tag\/ecarisaj\/\" rel=\"tag\">ecarisaj<\/a><a href=\"https:\/\/gazetabuzoiana.ro\/tag\/haplut-si-prietenii\/\" rel=\"tag\">H\u0103plu\u021b \u0219i Prietenii<\/a><a href=\"https:\/\/gazetabuzoiana.ro\/tag\/licitatie\/\" rel=\"tag\">licita\u021bie<\/a><a href=\"https:\/\/gazetabuzoiana.ro\/tag\/maidanezi\/\" rel=\"tag\">maidanezi<\/a><a href=\"https:\/\/gazetabuzoiana.ro\/tag\/primaria-buzau\/\" rel=\"tag\">Prim\u0103ria Buz\u0103u<\/a><a href=\"https:\/\/gazetabuzoiana.ro\/tag\/protectia-animalelor\/\" rel=\"tag\">protec\u021bia animalelor<\/a><a href=\"https:\/\/gazetabuzoiana.ro\/tag\/urbis-serv-2\/\" rel=\"tag\">URBIS-SERV<\/a><\/span><\/div>\n<\/div>\n<p>[analyse_source url=&#8221;https:\/\/gazetabuzoiana.ro\/2026\/09\/01\/primaria-buzau-isi-blocheaza-propria-licitatie-pentru-cainii-fara-stapan-procedura-anulata-din-cauza-unor-erori\/&#8221;]<\/p>\n","protected":false},"excerpt":{"rendered":"<p>[analyse_image type=&#8221;featured&#8221; src=&#8221;https:\/\/gazetabuzoiana.ro\/wp-content\/uploads\/2026\/09\/54b7d4d785b63.webp&#8221;] Noua \u00eencercare a Prim\u0103riei municipiului Buz\u0103u de a rezolva problema c\u00e2inilor f\u0103r\u0103 st\u0103p\u00e2n a fost blocat\u0103 chiar de gre\u0219elile sale, ale administra\u021biei locale. Dup\u0103 ce proiectul a trecut prin dezbatere public\u0103 \u0219i a fost aprobat de Consiliul Local Municipal, procedura de atribuire a contractului de concesiune pentru gestionarea c\u00e2inilor f\u0103r\u0103 st\u0103p\u00e2n a [&hellip;]<\/p>\n","protected":false},"author":1,"featured_media":0,"comment_status":"open","ping_status":"","sticky":false,"template":"","format":"standard","meta":{"footnotes":""},"categories":[2],"tags":[226,38],"class_list":["post-2122407","post","type-post","status-publish","format-standard","hentry","category-politics","tag-crawlmanager","tag-gazetabuzoiana-ro"],"_links":{"self":[{"href":"https:\/\/analyse.optim.biz\/index.php?rest_route=\/wp\/v2\/posts\/2122407","targetHints":{"allow":["GET"]}}],"collection":[{"href":"https:\/\/analyse.optim.biz\/index.php?rest_route=\/wp\/v2\/posts"}],"about":[{"href":"https:\/\/analyse.optim.biz\/index.php?rest_route=\/wp\/v2\/types\/post"}],"author":[{"embeddable":true,"href":"https:\/\/analyse.optim.biz\/index.php?rest_route=\/wp\/v2\/users\/1"}],"replies":[{"embeddable":true,"href":"https:\/\/analyse.optim.biz\/index.php?rest_route=%2Fwp%2Fv2%2Fcomments&post=2122407"}],"version-history":[{"count":0,"href":"https:\/\/analyse.optim.biz\/index.php?rest_route=\/wp\/v2\/posts\/2122407\/revisions"}],"wp:attachment":[{"href":"https:\/\/analyse.optim.biz\/index.php?rest_route=%2Fwp%2Fv2%2Fmedia&parent=2122407"}],"wp:term":[{"taxonomy":"category","embeddable":true,"href":"https:\/\/analyse.optim.biz\/index.php?rest_route=%2Fwp%2Fv2%2Fcategories&post=2122407"},{"taxonomy":"post_tag","embeddable":true,"href":"https:\/\/analyse.optim.biz\/index.php?rest_route=%2Fwp%2Fv2%2Ftags&post=2122407"}],"curies":[{"name":"wp","href":"https:\/\/api.w.org\/{rel}","templated":true}]}}