{"id":212240,"date":"2014-02-16T19:41:23","date_gmt":"2014-02-16T16:41:23","guid":{"rendered":"https:\/\/analyse.optim.biz\/?p=212240"},"modified":"2014-02-16T19:41:23","modified_gmt":"2014-02-16T16:41:23","slug":"cristina-pocora-pnl-nu-a-fost-o-discutie-in-termeni-de-iesire-de-la-guvernare","status":"publish","type":"post","link":"https:\/\/analyse.optim.biz\/?p=212240","title":{"rendered":"Cristina Pocora, PNL: \u201eNu a fost o discu\u021bie \u00een termeni de ie\u0219ire de la guvernare\u201d"},"content":{"rendered":"<div class=\"entry data-app-meta data-app-meta-article\" data-embed-base-url-canonical=\"https:\/\/www.digi24.ro\/embed\/stiri\/actualitate\/politica\/cristina-pocora-pnl-nu-a-fost-o-discutie-in-termeni-de-iesire-de-la-guvernare-201072\">\n<p data-index=\"1\"><strong>Actualizare 22:50:<\/strong> Cristina Pocora, purt\u0103tor de cuv\u00e2nt al PNL, a spus \u00een aceast\u0103 sear\u0103, la ie\u0219irea de \u00eent\u00e2lnirea liberalilor, c\u0103 discua\u021bia nu a fost \u00een maniera ie\u0219irii de la guvernare.<\/p>\n<p data-index=\"2\">\u201e<span>Nu a fost o discu\u021bie \u00een termeni de ie\u0219ire de la guvernare\u201d, a spus <strong>Cristina Pocora.<\/strong><\/span><\/p>\n<p data-index=\"3\">M\u00e2ine, <a href=\"https:\/\/www.digi24.ro\/Stiri\/Digi24\/Actualitate\/Politica\/Victor+Ponta+Ma+intalnesc+maine+cu+Crin+Antonescu\" target=\"_blank\" data-skip-linkfix=\"1\" rel=\"noopener\">la \u00eent\u00e2lnirea cu Victor Ponta<\/a>, Crin Antonescu \u0219i Klaus Iohannis au primit \u201eun mandat de fermitate\u201d.<\/p>\n<p data-index=\"4\">\u201eUn mandat care \u00eenseamn\u0103 respectarea cu stricte\u021be a protocolului USL. S\u0103 nu ne abatem de la protocolul semnat, s\u0103 nu ne abatem de la programul de guvernare, de la votul dat de cet\u0103\u021beni \u00een 2012, s\u0103 ducem mai departe mai departea aceast\u0103 alian\u021b\u0103 \u00een forma \u00een care a fost mandat\u0103 de cet\u0103\u021beni\u201d, a precizat purt\u0103torul de cuv\u00e2nt al PNL.<\/p>\n<hr>\n<p data-index=\"5\"><img decoding=\"async\" src=\"https:\/\/analyse.optim.biz\/wp-content\/uploads\/2024\/09\/anbnjnc9odawjmhhc2g9yty5zwizm2rmoty2zdk3yze3ode1nzi1ywy3ogiwnzm-thumb_.jpg\" data-skip-htmlfix=\"1\" title=\"anbnjnc9odawjmhhc2g9yty5zwizm2rmoty2zdk3yze3ode1nzi1ywy3ogiwnzm-thumb_\"><\/p>\n<p data-index=\"6\"><strong><span>Foto: Facebook\/Crin Antonescu<\/span><\/strong><\/p>\n<p data-index=\"7\">PNL nu este de acord cu numirea unui al patrulea vicepre\u0219edinte \u00een Guvern, func\u021bie care ar urma s\u0103 fie de\u021binut\u0103 de Partidul Conservator.<\/p>\n<p data-index=\"8\">Crin Antonescu \u0219i Victor Ponta urmeaz\u0103 s\u0103 se \u00eent\u00e2lneasc\u0103 m\u00e2ine pentru a c\u0103uta o solu\u021bie la criza din USL. <\/p>\n<p data-index=\"9\">Pe de alt\u0103 parte, mai mul\u021bi lideri ai PNL care particip\u0103 la aceast\u0103 \u00eent\u00e2lnire vor ca partidul s\u0103 r\u0103m\u00e2n\u0103 la guvernare.<\/p>\n<\/div>\n<p> Source URL: https:\/\/www.digi24.ro\/stiri\/actualitate\/politica\/cristina-pocora-pnl-nu-a-fost-o-discutie-in-termeni-de-iesire-de-la-guvernare-201072<\/p>\n","protected":false},"excerpt":{"rendered":"<p>Actualizare 22:50: Cristina Pocora, purt\u0103tor de cuv\u00e2nt al PNL, a spus \u00een aceast\u0103 sear\u0103, la ie\u0219irea de \u00eent\u00e2lnirea liberalilor, c\u0103 discua\u021bia nu a fost \u00een maniera ie\u0219irii de la guvernare. \u201eNu a fost o discu\u021bie \u00een termeni de ie\u0219ire de la guvernare\u201d, a spus Cristina Pocora. M\u00e2ine, la \u00eent\u00e2lnirea cu Victor Ponta, Crin Antonescu \u0219i [&hellip;]<\/p>\n","protected":false},"author":1,"featured_media":212241,"comment_status":"open","ping_status":"","sticky":false,"template":"","format":"standard","meta":{"footnotes":""},"categories":[2],"tags":[11],"class_list":["post-212240","post","type-post","status-publish","format-standard","has-post-thumbnail","hentry","category-politics","tag-digi24"],"_links":{"self":[{"href":"https:\/\/analyse.optim.biz\/index.php?rest_route=\/wp\/v2\/posts\/212240","targetHints":{"allow":["GET"]}}],"collection":[{"href":"https:\/\/analyse.optim.biz\/index.php?rest_route=\/wp\/v2\/posts"}],"about":[{"href":"https:\/\/analyse.optim.biz\/index.php?rest_route=\/wp\/v2\/types\/post"}],"author":[{"embeddable":true,"href":"https:\/\/analyse.optim.biz\/index.php?rest_route=\/wp\/v2\/users\/1"}],"replies":[{"embeddable":true,"href":"https:\/\/analyse.optim.biz\/index.php?rest_route=%2Fwp%2Fv2%2Fcomments&post=212240"}],"version-history":[{"count":0,"href":"https:\/\/analyse.optim.biz\/index.php?rest_route=\/wp\/v2\/posts\/212240\/revisions"}],"wp:featuredmedia":[{"embeddable":true,"href":"https:\/\/analyse.optim.biz\/index.php?rest_route=\/wp\/v2\/media\/212241"}],"wp:attachment":[{"href":"https:\/\/analyse.optim.biz\/index.php?rest_route=%2Fwp%2Fv2%2Fmedia&parent=212240"}],"wp:term":[{"taxonomy":"category","embeddable":true,"href":"https:\/\/analyse.optim.biz\/index.php?rest_route=%2Fwp%2Fv2%2Fcategories&post=212240"},{"taxonomy":"post_tag","embeddable":true,"href":"https:\/\/analyse.optim.biz\/index.php?rest_route=%2Fwp%2Fv2%2Ftags&post=212240"}],"curies":[{"name":"wp","href":"https:\/\/api.w.org\/{rel}","templated":true}]}}