{"id":2122380,"date":"2026-09-01T13:06:07","date_gmt":"2026-09-01T10:06:07","guid":{"rendered":"https:\/\/analyse.optim.biz\/?p=2122380"},"modified":"2026-09-01T13:06:07","modified_gmt":"2026-09-01T10:06:07","slug":"mirosul-greu-care-s-a-lasat-ieri-seara-peste-municipiul-buzau-nu-a-miscat-autoritatile-de-mediu-desi-nu-este-prima-oara-cetatenii-nu-au-sesizat-deci-nu-a-existat-amin","status":"publish","type":"post","link":"https:\/\/analyse.optim.biz\/?p=2122380","title":{"rendered":"Mirosul greu care s-a l\u0103sat ieri sear\u0103 peste municipiul Buz\u0103u nu a mi\u0219cat autorit\u0103\u021bile de mediu, de\u0219i nu este prima oar\u0103! Cet\u0103\u021benii nu au sesizat, deci nu a existat! Amin!"},"content":{"rendered":"<p>[analyse_image type=&#8221;featured&#8221; src=&#8221;https:\/\/sansanews.ro\/wp-content\/uploads\/2026\/08\/calitate-aer-1.jpeghttps:\/\/sansanews.ro\/wp-content\/uploads\/2026\/08\/calitate-aer-1.jpeg&#8221;]<\/p>\n<div class=\"entry-content herald-entry-content\">\n<div class=\"herald-ad herald-ad-above-single\"><a href=\"https:\/\/buzau.21k.ro\/\"><img loading=\"lazy\" decoding=\"async\" src=\"https:\/\/sansanews.ro\/wp-content\/uploads\/2026\/08\/300x300-k21.gif\" alt width=\"300\" height=\"300\" class=\"aligncenter size-full wp-image-124436\"><\/a><\/div>\n<p>\u201cMiroase oribil!\u201d \u0219i \u201cA fost groaznic\u2026\u201d sunt doar dou\u0103 dintre comentariile l\u0103sate de buzoieni, seara trecut\u0103, pe re\u021belele de socializare, dup\u0103 ce \u0218ansaNews a scris <a href=\"https:\/\/sansanews.ro\/ultima-ora-un-miros-de-grajd-a-acoperit-in-aceasta-seara-orasul-in-cartierul-tau-s-a-simtit\/\">AICI<\/a> despre mirosul greu care a fost resim\u021bit la orele serii \u00een mare parte din ora\u0219. At\u00e2t \u00een zona de nord a municipiului Buz\u0103u, c\u00e2t \u0219i \u00een zona central\u0103 \u0219i alte cartiere, zeci de minute, aerul a devenit irespirabil. Buzoienii au fost nevoi\u021bi s\u0103 \u00eenchid\u0103 ferestrele pentru a nu le intra \u00een locuin\u021be mirosul puternic de gunoi de grajd. <\/p>\n<p>Disconfortul a fost resim\u021bit de buzoieni \u00een aproape \u00eentreg municipiul. Cei care erau la plimbare au fost nevoi\u021bi s\u0103 intre mai devreme \u00een case, cei care se aflau \u00een locuin\u021be au postat mesaj dup\u0103 mesaj pe re\u021belele de socializare. Chiar \u0219i a\u0219a, reac\u021bia institu\u021biilor responsabile se las\u0103 a\u0219teptat\u0103. P\u00e2n\u0103 ast\u0103zi, la orele pr\u00e2nzului, reprezentan\u021bii G\u0103rzii de Mediu Buz\u0103u nu au primit nicio sesizare cu privire la disconfortul olfactiv de luni sear\u0103. \u00cens\u0103, nici nu s-au autosesizat, astfel c\u0103 nu a fost demarat\u0103 nicio ac\u021biune de verificare a sursei mirosului.<\/p>\n<p>Sesiz\u0103ri nu au ajuns nici pe adresa Direc\u021biei Jude\u021bene de Mediu Buz\u0103u \u0219i nici la sta\u021bia de m\u0103surare a calit\u0103\u021bii aerului nu au fost \u00eenregistrate dep\u0103\u0219iri ale indicatorilor. Pe de alt\u0103 parte, \u00eens\u0103, seara trecut\u0103 s-a eviden\u021biat o u\u0219oar\u0103 cre\u0219tere, \u00een intervalul orar 20.00-21.00, a indicatorului dioxid de azot (NO2), pentru ca ulterior valorile s\u0103 scad\u0103. \u00cen acest interval, valoarea maxim\u0103 a fost de 75,64 <strong>\u00b5g\/m\u00b3. Cu o zi \u00eenainte, duminic\u0103 sear\u0103, acela\u0219i indicator a avut o valoare de 62,98 \u00b5g\/m\u00b3, iar s\u00e2mb\u0103t\u0103 sear\u0103-44,47 \u00b5g\/m\u00b3. Se constat\u0103, a\u0219adar, o cre\u0219tere u\u0219oar\u0103 a acestor valori, \u00eens\u0103, spun speciali\u0219tii Direc\u021biei Jude\u021bene de Mediu, nu impune verific\u0103ri de urgen\u021b\u0103, \u00een condi\u021biile \u00een care valoarea limit\u0103 este de 200 \u00b5g\/m\u00b3, mult peste ceea ce s-a \u00eenregistrat \u00een ultimele zile.<\/strong><\/p>\n<p><strong>Speciali\u0219tii Direc\u021biei de Mediu<br \/>\nspun, \u00eens\u0103, c\u0103 vor monitoriza, zilele acestea, acest indicator, pentru a<br \/>\nac\u021biona \u00een cazul \u00een care trendul cresc\u0103tor va fi \u00eengrijor\u0103tor.<\/strong>Buzoienii, \u00eens\u0103, a\u0219teapt\u0103 m\u0103suri urgente, \u00eentruc\u00e2t nu este pentru prima dat\u0103 c\u00e2nd mirosul \u00een\u021bep\u0103tor se simte \u00een ora\u0219. \u0218i \u00een anii trecu\u021bi s-a \u00eent\u00e2mplat la fel, iar r\u0103spunsurile s-au l\u0103sat a\u0219teptate.<\/p>\n<p>Situa\u021bia impune verific\u0103ri \u0219i eliminarea din timp a sursei mirosului, pentru ca Buz\u0103ul s\u0103 nu ajung\u0103 \u00eentr-o situa\u021bie de criz\u0103, a\u0219a cum se \u00eent\u00eempl\u0103, de pild\u0103, la Slobozia, ora\u0219 \u00een care, de\u0219i locuitorii s-au pl\u00e2ns de ani \u00eentregi de mirosul insuportabil, autorit\u0103\u021bile au asistat pasive. A\u0219a s-a ajuns ca sta\u021bia de epurare situat\u0103 \u00een municipiu s\u0103 devin\u0103 aproape nefunc\u021bional\u0103, degaj\u00e2nd mirosuri grele. \u00cen prezent, ora\u0219ul \u0219i patru comune limitrofe sunt \u00een stare de alert\u0103, dup\u0103 ce autoriza\u021bia de mediu a societ\u0103\u021bii de ap\u0103-canal a fost suspendat\u0103.<\/p>\n<div class=\"meta-tags\"><span>Etichete<\/span><a href=\"https:\/\/sansanews.ro\/tag\/institutiile-de-mediu\/\" rel=\"tag\">institu\u021biile de mediu<\/a><a href=\"https:\/\/sansanews.ro\/tag\/miros-de-grajd\/\" rel=\"tag\">miros de grajd<\/a><a href=\"https:\/\/sansanews.ro\/tag\/mirosuri-greu-de-suportat\/\" rel=\"tag\">mirosuri greu de suportat<\/a><\/div>\n<div class=\"herald-share-content\">\n<div class=\"meks_ess rectangle no-labels outline\"><a class=\"meks_ess-item socicon-facebook\" data-url=\"http:\/\/www.facebook.com\/sharer\/sharer.php?u=https%3A%2F%2Fsansanews.ro%2Fmirosul-greu-care-s-a-lasat-ieri-seara-peste-municipiul-buzau-nu-a-miscat-autoritatile-de-mediu-desi-nu-este-prima-oara-cetatenii-nu-au-sesizat-deci-nu-a-existat-amin%2F&amp;t=Mirosul%20greu%20care%20s-a%20l%C4%83sat%20ieri%20sear%C4%83%20peste%20municipiul%20Buz%C4%83u%20nu%20a%20mi%C8%99cat%20autorit%C4%83%C8%9Bile%20de%20mediu%2C%20de%C8%99i%20nu%20este%20prima%20oar%C4%83%21%20Cet%C4%83%C8%9Benii%20nu%20au%20sesizat%2C%20deci%20nu%20a%20existat%21%20Amin%21\"><span>Facebook<\/span><\/a><a href=\"https:\/\/api.whatsapp.com\/send?text=Mirosul%20greu%20care%20s-a%20l%C4%83sat%20ieri%20sear%C4%83%20peste%20municipiul%20Buz%C4%83u%20nu%20a%20mi%C8%99cat%20autorit%C4%83%C8%9Bile%20de%20mediu%2C%20de%C8%99i%20nu%20este%20prima%20oar%C4%83%21%20Cet%C4%83%C8%9Benii%20nu%20au%20sesizat%2C%20deci%20nu%20a%20existat%21%20Amin%21%20https%3A%2F%2Fsansanews.ro%2Fmirosul-greu-care-s-a-lasat-ieri-seara-peste-municipiul-buzau-nu-a-miscat-autoritatile-de-mediu-desi-nu-este-prima-oara-cetatenii-nu-au-sesizat-deci-nu-a-existat-amin%2F\" class=\"meks_ess-item socicon-whatsapp prevent-share-popup\"><span>WhatsApp<\/span><\/a><a class=\"meks_ess-item socicon-twitter\" data-url=\"http:\/\/twitter.com\/intent\/tweet?url=https%3A%2F%2Fsansanews.ro%2Fmirosul-greu-care-s-a-lasat-ieri-seara-peste-municipiul-buzau-nu-a-miscat-autoritatile-de-mediu-desi-nu-este-prima-oara-cetatenii-nu-au-sesizat-deci-nu-a-existat-amin%2F&amp;text=Mirosul%20greu%20care%20s-a%20l%C4%83sat%20ieri%20sear%C4%83%20peste%20municipiul%20Buz%C4%83u%20nu%20a%20mi%C8%99cat%20autorit%C4%83%C8%9Bile%20de%20mediu%2C%20de%C8%99i%20nu%20este%20prima%20oar%C4%83%21%20Cet%C4%83%C8%9Benii%20nu%20au%20sesizat%2C%20deci%20nu%20a%20existat%21%20Amin%21\"><span>Twitter<\/span><\/a><a class=\"meks_ess-item socicon-pinterest\" data-url=\"http:\/\/pinterest.com\/pin\/create\/button\/?url=https%3A%2F%2Fsansanews.ro%2Fmirosul-greu-care-s-a-lasat-ieri-seara-peste-municipiul-buzau-nu-a-miscat-autoritatile-de-mediu-desi-nu-este-prima-oara-cetatenii-nu-au-sesizat-deci-nu-a-existat-amin%2F&amp;media=https%3A%2F%2Fsansanews.ro%2Fwp-content%2Fuploads%2F2026%2F08%2Fcalitate-aer-1.jpeg&amp;description=Mirosul%20greu%20care%20s-a%20l%C4%83sat%20ieri%20sear%C4%83%20peste%20municipiul%20Buz%C4%83u%20nu%20a%20mi%C8%99cat%20autorit%C4%83%C8%9Bile%20de%20mediu%2C%20de%C8%99i%20nu%20este%20prima%20oar%C4%83%21%20Cet%C4%83%C8%9Benii%20nu%20au%20sesizat%2C%20deci%20nu%20a%20existat%21%20Amin%21\"><span>Pinterest<\/span><\/a><\/div>\n<\/div>\n<\/div>\n<div class=\"entry-content herald-entry-content\">\n<div class=\"herald-ad herald-ad-above-single\"><a href=\"https:\/\/buzau.21k.ro\/\"><img loading=\"lazy\" decoding=\"async\" src=\"https:\/\/sansanews.ro\/wp-content\/uploads\/2026\/08\/300x300-k21.gif\" alt width=\"300\" height=\"300\" class=\"aligncenter size-full wp-image-124436\"><\/a><\/div>\n<p>\u201cMiroase oribil!\u201d \u0219i \u201cA fost groaznic\u2026\u201d sunt doar dou\u0103 dintre comentariile l\u0103sate de buzoieni, seara trecut\u0103, pe re\u021belele de socializare, dup\u0103 ce \u0218ansaNews a scris <a href=\"https:\/\/sansanews.ro\/ultima-ora-un-miros-de-grajd-a-acoperit-in-aceasta-seara-orasul-in-cartierul-tau-s-a-simtit\/\">AICI<\/a> despre mirosul greu care a fost resim\u021bit la orele serii \u00een mare parte din ora\u0219. At\u00e2t \u00een zona de nord a municipiului Buz\u0103u, c\u00e2t \u0219i \u00een zona central\u0103 \u0219i alte cartiere, zeci de minute, aerul a devenit irespirabil. Buzoienii au fost nevoi\u021bi s\u0103 \u00eenchid\u0103 ferestrele pentru a nu le intra \u00een locuin\u021be mirosul puternic de gunoi de grajd. <\/p>\n<p>Disconfortul a fost resim\u021bit de buzoieni \u00een aproape \u00eentreg municipiul. Cei care erau la plimbare au fost nevoi\u021bi s\u0103 intre mai devreme \u00een case, cei care se aflau \u00een locuin\u021be au postat mesaj dup\u0103 mesaj pe re\u021belele de socializare. Chiar \u0219i a\u0219a, reac\u021bia institu\u021biilor responsabile se las\u0103 a\u0219teptat\u0103. P\u00e2n\u0103 ast\u0103zi, la orele pr\u00e2nzului, reprezentan\u021bii G\u0103rzii de Mediu Buz\u0103u nu au primit nicio sesizare cu privire la disconfortul olfactiv de luni sear\u0103. \u00cens\u0103, nici nu s-au autosesizat, astfel c\u0103 nu a fost demarat\u0103 nicio ac\u021biune de verificare a sursei mirosului.<\/p>\n<p>Sesiz\u0103ri nu au ajuns nici pe adresa Direc\u021biei Jude\u021bene de Mediu Buz\u0103u \u0219i nici la sta\u021bia de m\u0103surare a calit\u0103\u021bii aerului nu au fost \u00eenregistrate dep\u0103\u0219iri ale indicatorilor. Pe de alt\u0103 parte, \u00eens\u0103, seara trecut\u0103 s-a eviden\u021biat o u\u0219oar\u0103 cre\u0219tere, \u00een intervalul orar 20.00-21.00, a indicatorului dioxid de azot (NO2), pentru ca ulterior valorile s\u0103 scad\u0103. \u00cen acest interval, valoarea maxim\u0103 a fost de 75,64 <strong>\u00b5g\/m\u00b3. Cu o zi \u00eenainte, duminic\u0103 sear\u0103, acela\u0219i indicator a avut o valoare de 62,98 \u00b5g\/m\u00b3, iar s\u00e2mb\u0103t\u0103 sear\u0103-44,47 \u00b5g\/m\u00b3. Se constat\u0103, a\u0219adar, o cre\u0219tere u\u0219oar\u0103 a acestor valori, \u00eens\u0103, spun speciali\u0219tii Direc\u021biei Jude\u021bene de Mediu, nu impune verific\u0103ri de urgen\u021b\u0103, \u00een condi\u021biile \u00een care valoarea limit\u0103 este de 200 \u00b5g\/m\u00b3, mult peste ceea ce s-a \u00eenregistrat \u00een ultimele zile.<\/strong><\/p>\n<p><strong>Speciali\u0219tii Direc\u021biei de Mediu<br \/>\nspun, \u00eens\u0103, c\u0103 vor monitoriza, zilele acestea, acest indicator, pentru a<br \/>\nac\u021biona \u00een cazul \u00een care trendul cresc\u0103tor va fi \u00eengrijor\u0103tor.<\/strong>Buzoienii, \u00eens\u0103, a\u0219teapt\u0103 m\u0103suri urgente, \u00eentruc\u00e2t nu este pentru prima dat\u0103 c\u00e2nd mirosul \u00een\u021bep\u0103tor se simte \u00een ora\u0219. \u0218i \u00een anii trecu\u021bi s-a \u00eent\u00e2mplat la fel, iar r\u0103spunsurile s-au l\u0103sat a\u0219teptate.<\/p>\n<p>Situa\u021bia impune verific\u0103ri \u0219i eliminarea din timp a sursei mirosului, pentru ca Buz\u0103ul s\u0103 nu ajung\u0103 \u00eentr-o situa\u021bie de criz\u0103, a\u0219a cum se \u00eent\u00eempl\u0103, de pild\u0103, la Slobozia, ora\u0219 \u00een care, de\u0219i locuitorii s-au pl\u00e2ns de ani \u00eentregi de mirosul insuportabil, autorit\u0103\u021bile au asistat pasive. A\u0219a s-a ajuns ca sta\u021bia de epurare situat\u0103 \u00een municipiu s\u0103 devin\u0103 aproape nefunc\u021bional\u0103, degaj\u00e2nd mirosuri grele. \u00cen prezent, ora\u0219ul \u0219i patru comune limitrofe sunt \u00een stare de alert\u0103, dup\u0103 ce autoriza\u021bia de mediu a societ\u0103\u021bii de ap\u0103-canal a fost suspendat\u0103.<\/p>\n<div class=\"meta-tags\"><span>Etichete<\/span><a href=\"https:\/\/sansanews.ro\/tag\/institutiile-de-mediu\/\" rel=\"tag\">institu\u021biile de mediu<\/a><a href=\"https:\/\/sansanews.ro\/tag\/miros-de-grajd\/\" rel=\"tag\">miros de grajd<\/a><a href=\"https:\/\/sansanews.ro\/tag\/mirosuri-greu-de-suportat\/\" rel=\"tag\">mirosuri greu de suportat<\/a><\/div>\n<div class=\"herald-share-content\">\n<div class=\"meks_ess rectangle no-labels outline\"><a class=\"meks_ess-item socicon-facebook\" data-url=\"http:\/\/www.facebook.com\/sharer\/sharer.php?u=https%3A%2F%2Fsansanews.ro%2Fmirosul-greu-care-s-a-lasat-ieri-seara-peste-municipiul-buzau-nu-a-miscat-autoritatile-de-mediu-desi-nu-este-prima-oara-cetatenii-nu-au-sesizat-deci-nu-a-existat-amin%2F&amp;t=Mirosul%20greu%20care%20s-a%20l%C4%83sat%20ieri%20sear%C4%83%20peste%20municipiul%20Buz%C4%83u%20nu%20a%20mi%C8%99cat%20autorit%C4%83%C8%9Bile%20de%20mediu%2C%20de%C8%99i%20nu%20este%20prima%20oar%C4%83%21%20Cet%C4%83%C8%9Benii%20nu%20au%20sesizat%2C%20deci%20nu%20a%20existat%21%20Amin%21\"><span>Facebook<\/span><\/a><a href=\"https:\/\/api.whatsapp.com\/send?text=Mirosul%20greu%20care%20s-a%20l%C4%83sat%20ieri%20sear%C4%83%20peste%20municipiul%20Buz%C4%83u%20nu%20a%20mi%C8%99cat%20autorit%C4%83%C8%9Bile%20de%20mediu%2C%20de%C8%99i%20nu%20este%20prima%20oar%C4%83%21%20Cet%C4%83%C8%9Benii%20nu%20au%20sesizat%2C%20deci%20nu%20a%20existat%21%20Amin%21%20https%3A%2F%2Fsansanews.ro%2Fmirosul-greu-care-s-a-lasat-ieri-seara-peste-municipiul-buzau-nu-a-miscat-autoritatile-de-mediu-desi-nu-este-prima-oara-cetatenii-nu-au-sesizat-deci-nu-a-existat-amin%2F\" class=\"meks_ess-item socicon-whatsapp prevent-share-popup\"><span>WhatsApp<\/span><\/a><a class=\"meks_ess-item socicon-twitter\" data-url=\"http:\/\/twitter.com\/intent\/tweet?url=https%3A%2F%2Fsansanews.ro%2Fmirosul-greu-care-s-a-lasat-ieri-seara-peste-municipiul-buzau-nu-a-miscat-autoritatile-de-mediu-desi-nu-este-prima-oara-cetatenii-nu-au-sesizat-deci-nu-a-existat-amin%2F&amp;text=Mirosul%20greu%20care%20s-a%20l%C4%83sat%20ieri%20sear%C4%83%20peste%20municipiul%20Buz%C4%83u%20nu%20a%20mi%C8%99cat%20autorit%C4%83%C8%9Bile%20de%20mediu%2C%20de%C8%99i%20nu%20este%20prima%20oar%C4%83%21%20Cet%C4%83%C8%9Benii%20nu%20au%20sesizat%2C%20deci%20nu%20a%20existat%21%20Amin%21\"><span>Twitter<\/span><\/a><a class=\"meks_ess-item socicon-pinterest\" data-url=\"http:\/\/pinterest.com\/pin\/create\/button\/?url=https%3A%2F%2Fsansanews.ro%2Fmirosul-greu-care-s-a-lasat-ieri-seara-peste-municipiul-buzau-nu-a-miscat-autoritatile-de-mediu-desi-nu-este-prima-oara-cetatenii-nu-au-sesizat-deci-nu-a-existat-amin%2F&amp;media=https%3A%2F%2Fsansanews.ro%2Fwp-content%2Fuploads%2F2026%2F08%2Fcalitate-aer-1.jpeg&amp;description=Mirosul%20greu%20care%20s-a%20l%C4%83sat%20ieri%20sear%C4%83%20peste%20municipiul%20Buz%C4%83u%20nu%20a%20mi%C8%99cat%20autorit%C4%83%C8%9Bile%20de%20mediu%2C%20de%C8%99i%20nu%20este%20prima%20oar%C4%83%21%20Cet%C4%83%C8%9Benii%20nu%20au%20sesizat%2C%20deci%20nu%20a%20existat%21%20Amin%21\"><span>Pinterest<\/span><\/a><\/div>\n<\/div>\n<\/div>\n<p>[analyse_source url=&#8221;https:\/\/sansanews.ro\/mirosul-greu-care-s-a-lasat-ieri-seara-peste-municipiul-buzau-nu-a-miscat-autoritatile-de-mediu-desi-nu-este-prima-oara-cetatenii-nu-au-sesizat-deci-nu-a-existat-amin\/&#8221;]<\/p>\n","protected":false},"excerpt":{"rendered":"<p>[analyse_image type=&#8221;featured&#8221; src=&#8221;https:\/\/sansanews.ro\/wp-content\/uploads\/2026\/08\/calitate-aer-1.jpeghttps:\/\/sansanews.ro\/wp-content\/uploads\/2026\/08\/calitate-aer-1.jpeg&#8221;] \u201cMiroase oribil!\u201d \u0219i \u201cA fost groaznic\u2026\u201d sunt doar dou\u0103 dintre comentariile l\u0103sate de buzoieni, seara trecut\u0103, pe re\u021belele de socializare, dup\u0103 ce \u0218ansaNews a scris AICI despre mirosul greu care a fost resim\u021bit la orele serii \u00een mare parte din ora\u0219. At\u00e2t \u00een zona de nord a municipiului Buz\u0103u, c\u00e2t \u0219i \u00een [&hellip;]<\/p>\n","protected":false},"author":1,"featured_media":0,"comment_status":"open","ping_status":"","sticky":false,"template":"","format":"standard","meta":{"footnotes":""},"categories":[2],"tags":[226,51],"class_list":["post-2122380","post","type-post","status-publish","format-standard","hentry","category-politics","tag-crawlmanager","tag-sansanews-ro"],"_links":{"self":[{"href":"https:\/\/analyse.optim.biz\/index.php?rest_route=\/wp\/v2\/posts\/2122380","targetHints":{"allow":["GET"]}}],"collection":[{"href":"https:\/\/analyse.optim.biz\/index.php?rest_route=\/wp\/v2\/posts"}],"about":[{"href":"https:\/\/analyse.optim.biz\/index.php?rest_route=\/wp\/v2\/types\/post"}],"author":[{"embeddable":true,"href":"https:\/\/analyse.optim.biz\/index.php?rest_route=\/wp\/v2\/users\/1"}],"replies":[{"embeddable":true,"href":"https:\/\/analyse.optim.biz\/index.php?rest_route=%2Fwp%2Fv2%2Fcomments&post=2122380"}],"version-history":[{"count":0,"href":"https:\/\/analyse.optim.biz\/index.php?rest_route=\/wp\/v2\/posts\/2122380\/revisions"}],"wp:attachment":[{"href":"https:\/\/analyse.optim.biz\/index.php?rest_route=%2Fwp%2Fv2%2Fmedia&parent=2122380"}],"wp:term":[{"taxonomy":"category","embeddable":true,"href":"https:\/\/analyse.optim.biz\/index.php?rest_route=%2Fwp%2Fv2%2Fcategories&post=2122380"},{"taxonomy":"post_tag","embeddable":true,"href":"https:\/\/analyse.optim.biz\/index.php?rest_route=%2Fwp%2Fv2%2Ftags&post=2122380"}],"curies":[{"name":"wp","href":"https:\/\/api.w.org\/{rel}","templated":true}]}}