{"id":2122379,"date":"2026-09-01T11:00:17","date_gmt":"2026-09-01T08:00:17","guid":{"rendered":"https:\/\/analyse.optim.biz\/?p=2122379"},"modified":"2026-09-01T11:00:17","modified_gmt":"2026-09-01T08:00:17","slug":"buzoianu-apele-romane-un-sistem-vulnerabil-condus-la-comanda-politica-ce-a-descoperit-la-sga-olt","status":"publish","type":"post","link":"https:\/\/analyse.optim.biz\/?p=2122379","title":{"rendered":"Buzoianu: Apele Rom\u00e2ne &#8211; \u201eun sistem vulnerabil, condus la comand\u0103 politic\u0103\u201d. Ce a descoperit la SGA Olt"},"content":{"rendered":"<p>[analyse_image type=&#8221;featured&#8221; src=&#8221;https:\/\/s.iw.ro\/gateway\/g\/ZmlsZVNvdXJjZT1odHRwJTNBJTJGJTJG\/c3RvcmFnZTA4dHJhbnNjb2Rlci5yY3Mt\/cmRzLnJvJTJGc3RvcmFnZSUyRjIwMjYl\/MkYwNSUyRjIxJTJGMjc0MjEwMV8yNzQy\/MTAxX2RpYW5hLWJ1em9pYW51LTMzLmpw\/ZyZ3PTEyMDAmaD02MzAmemM9MSZoYXNo\/PTU4MWI3YzlkYjMwYzVmYzYyM2U0NDllMTk4MjA5ZGQy.thumb.jpg&#8221;]<\/p>\n<div class=\"entry data-app-meta data-app-meta-article\" data-embed-base-url-canonical=\"https:\/\/www.digi24.ro\/embed\/stiri\/sci-tech\/natura-si-mediu\/buzoianu-apele-romane-un-sistem-vulnerabil-condus-la-comanda-politica-ce-a-descoperit-la-sga-olt-3930243\">\n<p data-index=\"1\"><strong>Administra\u0163ia Na\u0163ional\u0103 Apele Rom\u00e2ne (ANAR) a devenit un sistem vulnerabil, condus de prea mult timp mai degrab\u0103 la comand\u0103 politic\u0103, f\u0103r\u0103 mari semne de r\u0103spundere din partea celor care \u00eentorc ochii la ilegalit\u0103\u0163i cu prejudicii de zeci de milioane de lei pentru Rom\u00e2nia, a declarat mar\u0163i, \u00eentr-o conferin\u0163\u0103 de pres\u0103, ministra Mediului, Apelor \u015fi P\u0103durilor, Diana Buzoianu.<\/strong><\/p>\n<p class=\"gdpr-placeholder gdpr-social-media gdpr-iframe-fix\" data-index=\"3\"> Setarile tale privind cookie-urile nu permit afisarea continutul din aceasta sectiune. Poti actualiza setarile modulelor coookie direct din browser sau de <a class=\"ot-sdk-show-settings\" data-skip-linkfix=\"1\">aici<\/a> \u2013 e nevoie sa accepti cookie-urile social media<\/p>\n<p data-index=\"4\">\u201eANAR a devenit un sistem vulnerabil, condus de prea mult timp mai degrab\u0103 la comand\u0103 politic\u0103, f\u0103r\u0103 mari semne de r\u0103spundere din partea celor care \u00eentorc ochii la ilegalit\u0103\u0163i cu prejudicii de zeci de milioane de lei pentru Rom\u00e2nia. Raportul Corpului de Control pe situa\u0163ia de la Olt tocmai a fost, acum o s\u0103pt\u0103m\u00e2n\u0103, venit la Ministerul Mediului (&#8230;) Aici poate s\u0103 par\u0103 c\u0103 este o form\u0103 de relief, poate s\u0103 par\u0103 c\u0103 este un lac. De fapt aici, s-a creat un lac de unde toat\u0103 zona era p\u0103m\u00e2nt prin extragere de agregate complet ilegal, f\u0103r\u0103 niciun fel de autoriza\u0163ie. Acest lac creat pe 75 de hectare este un lac creat cu \u00eenc\u0103lcarea tuturor legisla\u0163iilor, f\u0103r\u0103 niciun fel de autoriza\u0163ie. Pentru acest lac, \u00een ultimii 15 ani, nu s-a realizat niciun fel de control. Sistemul pentru Gospod\u0103rirea Apelor de la nivel local, directorul de la nivelul Administra\u0163iei Bazinale, directorul de la nivelul Sistemului de Gospod\u0103rire a Apelor, inspectorii care trebuiau s\u0103 se ocupe de control, nu au f\u0103cut niciun control la Mineralport, compania care practic a s\u0103pat toat\u0103 aceast\u0103 zon\u0103. A luat peste cinci milioane de metri cubi de agregate ilegal, a adus un prejudiciu pentru Rom\u00e2nia numai pe agregate de peste 10 milioane de lei. Nu mai vorbim de ap\u0103&#8230;\u201d, a declarat mar\u021bi Diana Buzoianu, potrivit Agerpres.<\/p>\n<h2 id=\"highlight-3930243-1\">Buzoianu acuz\u0103 exploat\u0103ri ilegale<\/h2>\n<p data-index=\"5\">Potrivit \u015fefei de la Mediu, o serie de controale au fost efectuate la nivelul Administra\u0163iei Bazinale Olt, \u00een perioada 2019 &#8211; 2026, \u00eens\u0103 num\u0103rul sanc\u0163iunilor aplicate a fost redus.<\/p>\n<p data-index=\"6\">Astfel, \u00een 2019 au fost realizate 12 controale cu privire la exploatarea de agregate, \u00een anul 2020, acela\u015fi num\u0103r de controale, \u00een 2021 un num\u0103r de dou\u0103 controale, \u00een 2022 &#8211; un total de cinci verific\u0103ri, \u00een 2023 &#8211; zece controale, \u00een 2024 &#8211; un num\u0103r de 12 controale, \u00een 2025 &#8211; zece controale, cu o sanc\u0163iune \u00een valoare de 40.000 de lei, iar \u00een 2026 s-au \u00eentocmit cinci procese verbale, dintre care pentru dou\u0103 s-a aplicat deja o amend\u0103 de 115.000 de lei.<\/p>\n<p data-index=\"7\">\u201eAu fost realizate mai multe controale. A\u015f vrea doar s\u0103 men\u0163ionez c\u0103 pentru cele dou\u0103 companii care au fost verificate, Mineralport \u015fi Pond Star, \u00eensumeaz\u0103 \u00een total 100 de hectare pe care s-a f\u0103cut exploatare de agregate ilegal cu \u00eenc\u0103lcarea tuturor normelor, cu prejudicii de zeci de milioane pentru Rom\u00e2nia (&#8230;) Pe scurt, Administra\u0163ia Bazinal\u0103 Olt \u015fi Sistemul de Gospod\u0103rire a Apelor Olt, \u00eentre 2010 \u015fi 2021, deci timp de 11 ani de zile, nu au f\u0103cut niciun control la Pond Star, una dintre companiile care erau responsabile pentru agregatele ilegale pe 25 de hectare (&#8230;) La Mineralport situa\u0163ia este tot la fel. S-a ajuns \u00een punctul \u00een care nu au f\u0103cut din 2011 p\u00e2n\u0103 \u00een 2026 nici m\u0103car un control\u201d, a punctat ministra Mediului.<\/p>\n<h2 id=\"highlight-3930243-2\">\u201eInstitu\u0163ie acaparat\u0103 politic\u201d<\/h2>\n<p data-index=\"8\">Pe fondul acestor constat\u0103ri, Diana Buzoianu a precizat c\u0103 Raportul Corpului de Control al Ministerului Mediului a fost transmis c\u0103tre ANAR.<\/p>\n<p data-index=\"9\">\u201eM\u00e2ine (miercuri, 2 septembrie 2026 &#8211; n.r.) \u00eei expir\u0103 mandatul doamnei M\u0103d\u0103lina Ion-Duca, \u00een calitate de director general pentru Administra\u0163ia Bazinal\u0103 Olt. \u00cen mod normal, fiind o numire temporar\u0103, trebuie s\u0103 fie numit altcineva sau, evident, exista \u015fi posibilitatea s\u0103 fie prelungit (mandatul, n.r.). Av\u00e2nd \u00een vedere toate aceste ilegalit\u0103\u0163i care au fost g\u0103site, Corpul de Control care spune foarte clar c\u0103 trebuie s\u0103 fie luate m\u0103suri disciplinare \u00eempotriva acestor oameni, evident, directorii generali de la nivel ANAR au propus \u00eenlocuirea de m\u00e2ine a acestei doamne cu o alt\u0103 persoan\u0103 care s\u0103 poat\u0103 s\u0103 preia inclusiv m\u0103surile de verificare \u015fi de sanc\u0163ionare la nivel local a oamenilor responsabili de aceste ilegalit\u0103\u0163i. R\u0103spunsul juridic din interiorul ANAR, al domnului C\u0103t\u0103lin Caloian, este c\u0103 nu exist\u0103 nicio alt\u0103 versiune legal\u0103 dec\u00e2t s\u0103-i fie prelungit mandatul doamnei M\u0103d\u0103lina Ion-Duca. Deci, domnul C\u0103t\u0103lin Caloian, \u015fef serviciu juridic la ANAR, argumenteaz\u0103 c\u0103 un om care a fost prins ignor\u00e2nd complet aceste ilegalit\u0103\u0163i este singurul om c\u0103ruia i se mai poate prelungi mandatul, s\u0103 fie director \u00een continuare la Administra\u0163ia Bazinal\u0103 Olt\u201d, a subliniat Buzoianu.<\/p>\n<p data-index=\"10\">Ea a ad\u0103ugat c\u0103 favorizarea \u201e\u00een felul acesta prin folosirea func\u0163iei este \u00eenc\u0103 o dovad\u0103 c\u0103 aceast\u0103 institu\u0163ie a fost acaparat\u0103 cu totul politic \u015fi sigur \u00een cazul de fa\u0163\u0103 avem reprezentan\u0163i PSD care sunt acolo la nivel local \u015fi care \u00een\u0163elegem cu to\u0163ii de ce ei se zbat at\u00e2t de mult ca ei s\u0103 r\u0103m\u00e2n\u0103 \u00een func\u0163ie\u201d.<\/p>\n<p> Editor : <a href=\"https:\/\/www.digi24.ro\/autor\/bogdan-pacurar\"> B.P. <\/a><\/p>\n<\/div>\n<p>[analyse_source url=&#8221;https:\/\/www.digi24.ro\/stiri\/sci-tech\/natura-si-mediu\/buzoianu-apele-romane-un-sistem-vulnerabil-condus-la-comanda-politica-ce-a-descoperit-la-sga-olt-3930243&#8243;]<\/p>\n","protected":false},"excerpt":{"rendered":"<p>[analyse_image type=&#8221;featured&#8221; src=&#8221;https:\/\/s.iw.ro\/gateway\/g\/ZmlsZVNvdXJjZT1odHRwJTNBJTJGJTJG\/c3RvcmFnZTA4dHJhbnNjb2Rlci5yY3Mt\/cmRzLnJvJTJGc3RvcmFnZSUyRjIwMjYl\/MkYwNSUyRjIxJTJGMjc0MjEwMV8yNzQy\/MTAxX2RpYW5hLWJ1em9pYW51LTMzLmpw\/ZyZ3PTEyMDAmaD02MzAmemM9MSZoYXNo\/PTU4MWI3YzlkYjMwYzVmYzYyM2U0NDllMTk4MjA5ZGQy.thumb.jpg&#8221;] Administra\u0163ia Na\u0163ional\u0103 Apele Rom\u00e2ne (ANAR) a devenit un sistem vulnerabil, condus de prea mult timp mai degrab\u0103 la comand\u0103 politic\u0103, f\u0103r\u0103 mari semne de r\u0103spundere din partea celor care \u00eentorc ochii la ilegalit\u0103\u0163i cu prejudicii de zeci de milioane de lei pentru Rom\u00e2nia, a declarat mar\u0163i, \u00eentr-o conferin\u0163\u0103 de pres\u0103, ministra Mediului, [&hellip;]<\/p>\n","protected":false},"author":1,"featured_media":0,"comment_status":"open","ping_status":"","sticky":false,"template":"","format":"standard","meta":{"footnotes":""},"categories":[89],"tags":[226,11],"class_list":["post-2122379","post","type-post","status-publish","format-standard","hentry","category-romania","tag-crawlmanager","tag-digi24"],"_links":{"self":[{"href":"https:\/\/analyse.optim.biz\/index.php?rest_route=\/wp\/v2\/posts\/2122379","targetHints":{"allow":["GET"]}}],"collection":[{"href":"https:\/\/analyse.optim.biz\/index.php?rest_route=\/wp\/v2\/posts"}],"about":[{"href":"https:\/\/analyse.optim.biz\/index.php?rest_route=\/wp\/v2\/types\/post"}],"author":[{"embeddable":true,"href":"https:\/\/analyse.optim.biz\/index.php?rest_route=\/wp\/v2\/users\/1"}],"replies":[{"embeddable":true,"href":"https:\/\/analyse.optim.biz\/index.php?rest_route=%2Fwp%2Fv2%2Fcomments&post=2122379"}],"version-history":[{"count":0,"href":"https:\/\/analyse.optim.biz\/index.php?rest_route=\/wp\/v2\/posts\/2122379\/revisions"}],"wp:attachment":[{"href":"https:\/\/analyse.optim.biz\/index.php?rest_route=%2Fwp%2Fv2%2Fmedia&parent=2122379"}],"wp:term":[{"taxonomy":"category","embeddable":true,"href":"https:\/\/analyse.optim.biz\/index.php?rest_route=%2Fwp%2Fv2%2Fcategories&post=2122379"},{"taxonomy":"post_tag","embeddable":true,"href":"https:\/\/analyse.optim.biz\/index.php?rest_route=%2Fwp%2Fv2%2Ftags&post=2122379"}],"curies":[{"name":"wp","href":"https:\/\/api.w.org\/{rel}","templated":true}]}}