{"id":2122365,"date":"2026-09-01T10:33:48","date_gmt":"2026-09-01T07:33:48","guid":{"rendered":"https:\/\/analyse.optim.biz\/?p=2122365"},"modified":"2026-09-01T10:33:48","modified_gmt":"2026-09-01T07:33:48","slug":"s-a-deschis-primul-muzeu-public-construit-de-la-zero-in-romania-mutra","status":"publish","type":"post","link":"https:\/\/analyse.optim.biz\/?p=2122365","title":{"rendered":"S-a deschis primul muzeu public construit de la zero \u00een Rom\u00e2nia: MuTRA"},"content":{"rendered":"<p>[analyse_image type=&#8221;featured&#8221; src=&#8221;https:\/\/s.iw.ro\/gateway\/g\/ZmlsZVNvdXJjZT1odHRwJTNBJTJGJTJG\/c3RvcmFnZTA4dHJhbnNjb2Rlci5yY3Mt\/cmRzLnJvJTJGc3RvcmFnZSUyRjIwMjYl\/MkYwOSUyRjAxJTJGMjkzMzUzMV8yOTMz\/NTMxX011VFJBLW11emV1bC1kaW4tRmxv\/cmVzdGlfLUZvdG8tTWluaXN0ZXJ1bC1D\/dWx0dXJpaS5wbmcmdz0xMjAwJmg9NjMw\/JnpjPTEmaGFzaD01MjhjMjA0YTQ5ZTM0NGUyNjk3NjI3ODJmNTg3MzVlYQ==.thumb.jpg&#8221;]<\/p>\n<div class=\"entry data-app-meta data-app-meta-article\" data-embed-base-url-canonical=\"https:\/\/www.digi24.ro\/embed\/stiri\/actualitate\/s-a-deschis-primul-muzeu-public-construit-de-la-zero-in-romania-mutra-3930233\">\n<p data-index=\"1\"><strong>Primul muzeu public, \u00een care au fost proiectate \u0219i implementate toate func\u021biunile esen\u021biale privind depozitarea, conservarea \u0219i expunerea patrimoniului cultural, construit de la zero \u00een Rom\u00e2nia, s-a deschis duminic\u0103 la Flore\u0219ti, l\u00e2ng\u0103 Cluj Napoca, anun\u021b\u0103 <a href=\"https:\/\/www.cultura.ro\/un-muzeu-nou-construit-de-la-zero-in-romania\/\" target=\"_blank\" rel=\"noopener\" data-skip-linkfix=\"1\">Ministerul Culturii<\/a>.<\/strong><\/p>\n<p data-index=\"2\">MuTRA \u2013 Galeria istoric\u0103 a Transilvaniei parte a Muzeului Na\u021bional de Istorie a Transilvaniei este o construc\u021bie de 11.344 m2\u00a0\u0219i se desf\u0103\u0219oar\u0103 pe un teren de peste 15.000 m2.<\/p>\n<p data-index=\"3\">Lucrarea a necesitat o investi\u021bie de 145 de milioane de lei, dintre care 60% reprezint\u0103 fonduri PNRR printr-un acord semnat cu Ministerul Investi\u021biilor \u0219i Proiectelor Europene (MIPE), iar 40% au fost acoperi\u021bi prin finan\u021bare de la bugetul de stat, prin Ministerul Culturii (MC).<\/p>\n<p class=\"gdpr-placeholder gdpr-social-media gdpr-iframe-fix\" data-index=\"5\"> Setarile tale privind cookie-urile nu permit afisarea continutul din aceasta sectiune. Poti actualiza setarile modulelor coookie direct din browser sau de <a class=\"ot-sdk-show-settings\" data-skip-linkfix=\"1\">aici<\/a> \u2013 e nevoie sa accepti cookie-urile social media<\/p>\n<p data-index=\"6\">Felix Marcu, managerul MNIT, a precizat c\u0103 aceasta este prima construc\u021bie din \u021bar\u0103 conceput\u0103, proiectat\u0103 \u0219i executat\u0103 pentru a deservi \u00eentr-un mod coherent nevoilor de prezervare, cercetare \u0219i restaurare a colec\u021biilor muzeale, cu scopul final de a le accesibiliza publicului larg.<\/p>\n<p data-index=\"7\">Organizate \u00eentr-un centru\u00a0 muzeal modern, de anvergur\u0103, se pot enumera facilit\u0103\u021bi precum: spa\u021bii expozi\u021bionale, depozite muzeale, laboratoare de conservare-restaurare \u0219i investiga\u021bii \u0219tiin\u021bifice asupra patrimoniului, o sal\u0103 multimedia, s\u0103li de pedagogie muzeal\u0103, spa\u021bii comerciale \u0219i de relaxare, c\u00e2t \u0219i birouri pentru activitatea curent\u0103 a personalului institu\u021biei. O infrastructur\u0103 special g\u00e2ndit\u0103 pentru aer liber, cu zona verde \u0219i terase circulabile, va permite g\u0103zduirea de evenimente culturale \u0219i de agrement, proiec\u021bii \u0219i festivaluri de reenactment istoric.<\/p>\n<p data-index=\"8\">Nevoia \u0219i conceptul ini\u021biate acum aproape zece ani, au prins contur prin semnarea contractului \u00een \u00a07 martie 2025, c\u00e2nd a fost demarat Proiectul Tehnic. Lucr\u0103rile de construc\u021bie au fost \u00eencepute \u00een iunie, iar p\u00e2n\u0103 la 30 august 2026, au fost finalizate \u00een propor\u021bie de 97% a proiectului \u2013 lucr\u0103ri esen\u021biale \u0219i necesare pentru darea \u00een folosin\u021b\u0103 public\u0103, urm\u00e2nd ca \u00eencheierea lucr\u0103rilor auxiliare (neesen\u021biale) s\u0103 se realizeze anul acesta, p\u00e2n\u0103 la finalul lunii septembrie.<\/p>\n<p data-index=\"9\">Deschiderea acestui muzeu a \u00eensemnat mult mai mult dec\u00e2t un obi\u0219nuit eveniment de inaugurare. Faptul c\u0103 lucr\u0103rile de construc\u021bie \u0219i finalizarea Proiectului Tehnic s-au derulat \u00eentr-un timp-record, c\u0103 obiectivul este o premier\u0103 na\u021bional\u0103, iar edificiul propriu-zis \u0219i facilit\u0103\u021bile de care dispune au fost realizate la standardele interna\u021bionale pe care \u0219i le dore\u0219te orice lucr\u0103tor \u00een institu\u021bii de tip muzeal \u0219i orice consumator de cultur\u0103 \u0219i art\u0103, l-au f\u0103cut pe Ministrul Culturii, Andr\u00e1s Istv\u00e1n Demeter, s\u0103 afirme urm\u0103toarele, \u00een cadrul discursului inaugural:<\/p>\n<p data-index=\"10\">\u201eCei care vor fi enumera\u021bi, prezen\u021bi sau nu, aici, ast\u0103zi, sunt cei care cred c\u0103 vor intra \u00een istorie datorit\u0103 a dou\u0103 lucruri. Unul este acela c\u0103 au f\u0103cut diferen\u021ba \u00eentre a spera \u0219i a crede. (\u2026) Vreau s\u0103 fac o reveren\u021b\u0103 \u00een fa\u021ba echipelor de arhitec\u021bi, de ingineri, de constructori; \u00een fa\u021ba autorit\u0103\u021bilor locale, \u00een fa\u021ba comunit\u0103\u021bii din Flore\u0219ti. To\u021bi, fiecare cu aportul s\u0103u \u0219i to\u021bi, prin aportul comun, \u00eencep\u00e2nd de ast\u0103zi, sunte\u021bi parte a istoriei. A\u021bi \u0219i am reu\u0219it \u00eempreun\u0103 o minune. Dar vestea cea mai bun\u0103 este aceea c\u0103 minunea adev\u0103rat\u0103; minunea mai mare \u00eencepe de-abia acum\u201d.<\/p>\n<p data-index=\"11\">Importan\u021ba pe care acest proiect o poart\u0103 pentru Rom\u00e2nia \u0219i pentru comunitate, a fost relevat\u0103 \u0219i de c\u0103tre oficialit\u0103\u021bile locale, prezente la eveniment: dl. Bogdan Pivariu, primarul Flore\u0219tiului, dl. Emil Boc, primarul Clujului, dna Maria Forna, prefectul jude\u021bului Cluj, dl. V\u00e1k\u00e1r Istv\u00e1n, vicepre\u0219edintele Consiliului Jude\u021bean Cluj.<\/p>\n<p> Editor : <a href=\"https:\/\/www.digi24.ro\/autor\/marina-constantinoiu\"> M.C <\/a><\/p>\n<\/div>\n<p>[analyse_source url=&#8221;https:\/\/www.digi24.ro\/stiri\/actualitate\/s-a-deschis-primul-muzeu-public-construit-de-la-zero-in-romania-mutra-3930233&#8243;]<\/p>\n","protected":false},"excerpt":{"rendered":"<p>[analyse_image type=&#8221;featured&#8221; src=&#8221;https:\/\/s.iw.ro\/gateway\/g\/ZmlsZVNvdXJjZT1odHRwJTNBJTJGJTJG\/c3RvcmFnZTA4dHJhbnNjb2Rlci5yY3Mt\/cmRzLnJvJTJGc3RvcmFnZSUyRjIwMjYl\/MkYwOSUyRjAxJTJGMjkzMzUzMV8yOTMz\/NTMxX011VFJBLW11emV1bC1kaW4tRmxv\/cmVzdGlfLUZvdG8tTWluaXN0ZXJ1bC1D\/dWx0dXJpaS5wbmcmdz0xMjAwJmg9NjMw\/JnpjPTEmaGFzaD01MjhjMjA0YTQ5ZTM0NGUyNjk3NjI3ODJmNTg3MzVlYQ==.thumb.jpg&#8221;] Primul muzeu public, \u00een care au fost proiectate \u0219i implementate toate func\u021biunile esen\u021biale privind depozitarea, conservarea \u0219i expunerea patrimoniului cultural, construit de la zero \u00een Rom\u00e2nia, s-a deschis duminic\u0103 la Flore\u0219ti, l\u00e2ng\u0103 Cluj Napoca, anun\u021b\u0103 Ministerul Culturii. MuTRA \u2013 Galeria istoric\u0103 a Transilvaniei parte a Muzeului Na\u021bional de Istorie a Transilvaniei este [&hellip;]<\/p>\n","protected":false},"author":1,"featured_media":0,"comment_status":"open","ping_status":"","sticky":false,"template":"","format":"standard","meta":{"footnotes":""},"categories":[89],"tags":[226,11],"class_list":["post-2122365","post","type-post","status-publish","format-standard","hentry","category-romania","tag-crawlmanager","tag-digi24"],"_links":{"self":[{"href":"https:\/\/analyse.optim.biz\/index.php?rest_route=\/wp\/v2\/posts\/2122365","targetHints":{"allow":["GET"]}}],"collection":[{"href":"https:\/\/analyse.optim.biz\/index.php?rest_route=\/wp\/v2\/posts"}],"about":[{"href":"https:\/\/analyse.optim.biz\/index.php?rest_route=\/wp\/v2\/types\/post"}],"author":[{"embeddable":true,"href":"https:\/\/analyse.optim.biz\/index.php?rest_route=\/wp\/v2\/users\/1"}],"replies":[{"embeddable":true,"href":"https:\/\/analyse.optim.biz\/index.php?rest_route=%2Fwp%2Fv2%2Fcomments&post=2122365"}],"version-history":[{"count":0,"href":"https:\/\/analyse.optim.biz\/index.php?rest_route=\/wp\/v2\/posts\/2122365\/revisions"}],"wp:attachment":[{"href":"https:\/\/analyse.optim.biz\/index.php?rest_route=%2Fwp%2Fv2%2Fmedia&parent=2122365"}],"wp:term":[{"taxonomy":"category","embeddable":true,"href":"https:\/\/analyse.optim.biz\/index.php?rest_route=%2Fwp%2Fv2%2Fcategories&post=2122365"},{"taxonomy":"post_tag","embeddable":true,"href":"https:\/\/analyse.optim.biz\/index.php?rest_route=%2Fwp%2Fv2%2Ftags&post=2122365"}],"curies":[{"name":"wp","href":"https:\/\/api.w.org\/{rel}","templated":true}]}}