{"id":2122355,"date":"2026-09-01T10:11:40","date_gmt":"2026-09-01T07:11:40","guid":{"rendered":"https:\/\/analyse.optim.biz\/?p=2122355"},"modified":"2026-09-01T10:11:40","modified_gmt":"2026-09-01T07:11:40","slug":"mircea-abrudean-despre-intalnirea-bolojan-tanasescu-din-biroul-sau-de-la-senat-nu-e-treaba-mea-sa","status":"publish","type":"post","link":"https:\/\/analyse.optim.biz\/?p=2122355","title":{"rendered":"Mircea Abrudean, despre \u00eent\u00e2lnirea Bolojan-T\u0103n\u0103sescu din biroul s\u0103u de la Senat: \u201eNu e treaba mea s\u0103&#8230;"},"content":{"rendered":"<p>[analyse_image type=&#8221;featured&#8221; src=&#8221;https:\/\/s.iw.ro\/gateway\/g\/ZmlsZVNvdXJjZT1odHRwJTNBJTJGJTJG\/c3RvcmFnZTA4dHJhbnNjb2Rlci5yY3Mt\/cmRzLnJvJTJGc3RvcmFnZSUyRjIwMjYl\/MkYwOSUyRjAxJTJGMjkzMzQ5Ml8yOTMz\/NDkyX2JvbG9qYW4tYWJydWRlYW4uanBn\/Jnc9MTIwMCZoPTYzMCZ6Yz0xJmhhc2g9\/NTBiYThmMDMzZGFkZDVjYjc0ZjM4MDU5YTA1ZWI5ZjA=.thumb.jpg&#8221;]<\/p>\n<div class=\"entry data-app-meta data-app-meta-article\" data-embed-base-url-canonical=\"https:\/\/www.digi24.ro\/embed\/stiri\/actualitate\/politica\/mircea-abrudean-despre-intalnirea-bolojan-tanasescu-din-biroul-sau-de-la-senat-nu-e-treaba-mea-sa-verific-agenda-premierului-3930173\">\n<p data-index=\"1\"><strong>Pre\u0219edintele Senatului, Mircea Abrudean, a declarat mar\u021bi, \u00een Parlament, c\u0103 \u0219tia c\u0103 premierul Ilie Bolojan urma s\u0103 foloseasc\u0103 biroul s\u0103u pentru o \u00eent\u00e2lnire, dar c\u0103 nu l-a \u00eentrebat cu cine urma s\u0103 se vad\u0103. Abrudean a explicat c\u0103 avea o \u00een\u021belegere cu Bolojan potrivit c\u0103reia acesta putea utiliza biroul atunci c\u00e2nd avea nevoie.<\/strong><\/p>\n<p data-index=\"2\"><a href=\"https:\/\/www.digi24.ro\/stiri\/actualitate\/politica\/bolojan-despre-intalnirea-cu-sefa-ccr-nu-vad-niciun-fel-de-problema-ce-spune-despre-o-eventuala-audiere-in-parlament-3921677\" target=\"_blank\" rel=\"noopener\" data-skip-linkfix=\"1\">\u00centrevederea dintre premierul Ilie Bolojan \u0219i pre\u0219edinta Cur\u021bii Constitu\u021bionale<\/a> a Rom\u00e2niei, Simina T\u0103n\u0103sescu, a avut loc cu doar c\u00e2teva zile \u00eenainte ca judec\u0103torii CCR s\u0103 se pronun\u021be asupra unor dosare importante, inclusiv asupra legii privind Agen\u021bia Na\u021bional\u0103 de Integritate. Momentul \u00eent\u00e2lnirii \u0219i faptul c\u0103 aceasta nu fusese anun\u021bat\u0103 oficial au generat reac\u021bii puternice \u00een sistemul judiciar. \u00centrebat despre folosirea biroului s\u0103u de c\u0103tre premier, Abrudean a precizat c\u0103 exista o \u00een\u021belegere \u00eentre cei doi.<\/p>\n<p data-index=\"3\">\u201eAm avut o \u00een\u021belegere cu domnia sa s\u0103 foloseasc\u0103 biroul oric\u00e2nd are nevoie, sigur, c\u00e2nd nu sunt eu angrenat \u00een alte activit\u0103\u021bi. Nu era cazul s\u0103-mi dea explica\u021bii \u0219i nici s\u0103-mi cear\u0103 voie dac\u0103 se poate \u00eent\u00e2lni cu cine consider\u0103 dumnealui, \u00een biroul pre\u0219edintelui Senatului, pe care l-a ocupat \u0219i dumnealui\u201d, a declarat Mircea Abrudean, mar\u021bi, la Parlament.<\/p>\n<p data-index=\"4\">Pre\u0219edintele Senatului a precizat c\u0103 a fost anun\u021bat c\u0103 Ilie Bolojan va avea o \u00eent\u00e2lnire \u00een biroul s\u0103u: \u201eV-am spus, v-am spus, da. M-a anun\u021bat c\u0103 va avea o \u00eent\u00e2lnire la Senat. Dac\u0103 poate utiliza biroul, evident c\u0103 poate utiliza biroul.\u201d<\/p>\n<p data-index=\"5\">La \u00eentrebarea dac\u0103 a vrut s\u0103 \u0219tie cu cine urma s\u0103 se \u00eent\u00e2lneasc\u0103 premierul, Abrudean a r\u0103spuns c\u0103 nu este responsabilitatea sa s\u0103 verifice agenda acestuia.<\/p>\n<p data-index=\"6\">\u201eNu. Nu e treaba mea s\u0103 verific agenda premierului, \u00eenc\u0103 o dat\u0103, consider\u00e2nd c\u0103 e premierul Rom\u00e2niei, este senator, fost pre\u0219edinte al Senatului \u0219i c\u0103 se \u00eent\u00e2lne\u0219te cu oameni cu care trebuie s\u0103 se \u00eent\u00e2lneasc\u0103\u201d, a spus \u0219eful Senatului.<\/p>\n<h2 id=\"highlight-3930173-1\">Abrudean: PNL este preg\u0103tit s\u0103 treac\u0103 \u00een opozi\u021bie<\/h2>\n<p data-index=\"7\">Pre\u0219edintele Senatului a vorbit \u0219i despre negocierile pentru formarea unui nou guvern care s\u0103 aib\u0103 o majoritate stabil\u0103 \u0219i a afirmat c\u0103 PNL este preg\u0103tit s\u0103 intre \u00een opozi\u021bie.<\/p>\n<p data-index=\"8\">\u201eDa, PNL este preg\u0103tit s\u0103 treac\u0103 \u00een opozi\u021bie. A\u0219a cum am afirmat \u00een ultima perioad\u0103, consider\u0103m c\u0103 este nevoie de formarea unui guvern c\u00e2t mai rapid, un guvern care s\u0103 aib\u0103 o majoritate stabil\u0103, pentru c\u0103 cred c\u0103 de asta are nevoie Rom\u00e2nia \u00een aceast\u0103 perioad\u0103. Pentru asta, sigur c\u0103 exist\u0103 propunerile pe masa pre\u0219edintelui: propunerea Partidului Na\u021bional Liberal, sus\u021binut\u0103 de USR \u0219i UDMR, cu premier Sigfried Mure\u0219an, propunerea PSD cu domnul Grindeanu \u0219i formula pe care au agreat-o, cu un posibil premier independent \u0219i un guvern \u00een jurul PSD.\u201d<\/p>\n<p data-index=\"9\">\u00centrebat dac\u0103 exist\u0103 semnale c\u0103 UDMR ar putea renun\u021ba la \u00een\u021belegerea cu celelalte partide, Abrudean a spus c\u0103 nu are \u00een acest moment astfel de informa\u021bii.<\/p>\n<p data-index=\"10\">\u201eNu am semnale \u00een acest moment. Vom vedea cum decurg lucrurile \u00een perioada imediat urm\u0103toare. Sigur c\u0103 e nevoie de consult\u0103ri formale, informale, pre\u0219edintele va decide. Cred c\u0103 e nevoie ca asta s\u0103 se \u00eent\u00e2mple c\u00e2t mai rapid, pentru a vedea dac\u0103 exist\u0103 \u00eentr-adev\u0103r o majoritate parlamentar\u0103 pentru a forma un nou guvern cu puteri depline, de care Rom\u00e2nia are mare nevoie\u201d, a spus el.<\/p>\n<p data-index=\"11\">Referitor la posibilitatea ca parlamentari PNL s\u0103 voteze un alt guvern, pre\u0219edintele Senatului a afirmat c\u0103, deocamdat\u0103, nu exist\u0103 certitudini: \u201eVom vedea la acel moment. Deocamdat\u0103 nu avem certitudini, sunt doar posibile inten\u021bii. Repet, c\u00e2nd vom ajunge la acel moment. Am v\u0103zut colegi care au votat la acel moment, probabil c\u0103 vor fi \u00een aceea\u0219i situa\u021bie \u0219i la un posibil vot pentru un nou guvern.\u201d<\/p>\n<p data-index=\"12\"><strong>Cite\u0219te \u0219i\u00a0<a href=\"https:\/\/www.digi24.ro\/stiri\/actualitate\/politica\/abrudean-despre-sefii-serviciilor-este-nevoie-ca-mandatele-sa-fie-limitate-in-timp-ce-spune-despre-pahontu-3930117\" target=\"_blank\" rel=\"noopener\" data-skip-linkfix=\"1\">Abrudean, despre \u0219efii serviciilor: \u201eEste nevoie ca mandatele s\u0103 fie limitate \u00een timp\u201d. Ce spune despre Pahon\u021bu<\/a><\/strong><\/p>\n<p data-index=\"13\"><strong>Cite\u0219te \u0219i\u00a0<a href=\"https:\/\/www.digi24.ro\/stiri\/actualitate\/politica\/siegfried-muresan-spune-ca-pnl-nu-va-vota-un-guvern-psd-care-vrea-sa-risipeasca-economiile-romanilor-le-sticlesc-ochii-3929873\" target=\"_blank\" rel=\"noopener\" data-skip-linkfix=\"1\">Siegfried Mure\u0219an spune c\u0103 PNL nu va vota un guvern PSD, care vrea s\u0103 risipeasc\u0103 economiile rom\u00e2nilor: \u201eLe sticlesc ochii\u201d<\/a><\/strong><\/p>\n<p> Editor : <a href=\"https:\/\/www.digi24.ro\/autor\/maria-isopescu\"> M.I. <\/a><\/p>\n<\/div>\n<p>[analyse_source url=&#8221;https:\/\/www.digi24.ro\/stiri\/actualitate\/politica\/mircea-abrudean-despre-intalnirea-bolojan-tanasescu-din-biroul-sau-de-la-senat-nu-e-treaba-mea-sa-verific-agenda-premierului-3930173&#8243;]<\/p>\n","protected":false},"excerpt":{"rendered":"<p>[analyse_image type=&#8221;featured&#8221; src=&#8221;https:\/\/s.iw.ro\/gateway\/g\/ZmlsZVNvdXJjZT1odHRwJTNBJTJGJTJG\/c3RvcmFnZTA4dHJhbnNjb2Rlci5yY3Mt\/cmRzLnJvJTJGc3RvcmFnZSUyRjIwMjYl\/MkYwOSUyRjAxJTJGMjkzMzQ5Ml8yOTMz\/NDkyX2JvbG9qYW4tYWJydWRlYW4uanBn\/Jnc9MTIwMCZoPTYzMCZ6Yz0xJmhhc2g9\/NTBiYThmMDMzZGFkZDVjYjc0ZjM4MDU5YTA1ZWI5ZjA=.thumb.jpg&#8221;] Pre\u0219edintele Senatului, Mircea Abrudean, a declarat mar\u021bi, \u00een Parlament, c\u0103 \u0219tia c\u0103 premierul Ilie Bolojan urma s\u0103 foloseasc\u0103 biroul s\u0103u pentru o \u00eent\u00e2lnire, dar c\u0103 nu l-a \u00eentrebat cu cine urma s\u0103 se vad\u0103. Abrudean a explicat c\u0103 avea o \u00een\u021belegere cu Bolojan potrivit c\u0103reia acesta putea utiliza biroul atunci c\u00e2nd avea [&hellip;]<\/p>\n","protected":false},"author":1,"featured_media":0,"comment_status":"open","ping_status":"","sticky":false,"template":"","format":"standard","meta":{"footnotes":""},"categories":[89],"tags":[226,11],"class_list":["post-2122355","post","type-post","status-publish","format-standard","hentry","category-romania","tag-crawlmanager","tag-digi24"],"_links":{"self":[{"href":"https:\/\/analyse.optim.biz\/index.php?rest_route=\/wp\/v2\/posts\/2122355","targetHints":{"allow":["GET"]}}],"collection":[{"href":"https:\/\/analyse.optim.biz\/index.php?rest_route=\/wp\/v2\/posts"}],"about":[{"href":"https:\/\/analyse.optim.biz\/index.php?rest_route=\/wp\/v2\/types\/post"}],"author":[{"embeddable":true,"href":"https:\/\/analyse.optim.biz\/index.php?rest_route=\/wp\/v2\/users\/1"}],"replies":[{"embeddable":true,"href":"https:\/\/analyse.optim.biz\/index.php?rest_route=%2Fwp%2Fv2%2Fcomments&post=2122355"}],"version-history":[{"count":0,"href":"https:\/\/analyse.optim.biz\/index.php?rest_route=\/wp\/v2\/posts\/2122355\/revisions"}],"wp:attachment":[{"href":"https:\/\/analyse.optim.biz\/index.php?rest_route=%2Fwp%2Fv2%2Fmedia&parent=2122355"}],"wp:term":[{"taxonomy":"category","embeddable":true,"href":"https:\/\/analyse.optim.biz\/index.php?rest_route=%2Fwp%2Fv2%2Fcategories&post=2122355"},{"taxonomy":"post_tag","embeddable":true,"href":"https:\/\/analyse.optim.biz\/index.php?rest_route=%2Fwp%2Fv2%2Ftags&post=2122355"}],"curies":[{"name":"wp","href":"https:\/\/api.w.org\/{rel}","templated":true}]}}