{"id":2122349,"date":"2026-09-01T10:10:30","date_gmt":"2026-09-01T07:10:30","guid":{"rendered":"https:\/\/analyse.optim.biz\/?p=2122349"},"modified":"2026-09-01T10:10:30","modified_gmt":"2026-09-01T07:10:30","slug":"atac-mortal-la-un-poligon-din-muntenegru-un-rus-a-ucis-trei-oameni-apoi-s-a-sinucis","status":"publish","type":"post","link":"https:\/\/analyse.optim.biz\/?p=2122349","title":{"rendered":"Atac mortal la un poligon din Muntenegru: un rus a ucis trei oameni, apoi s-a sinucis"},"content":{"rendered":"<p>[analyse_image type=&#8221;featured&#8221; src=&#8221;https:\/\/s.iw.ro\/gateway\/g\/ZmlsZVNvdXJjZT1odHRwJTNBJTJGJTJG\/c3RvcmFnZTA4dHJhbnNjb2Rlci5yY3Mt\/cmRzLnJvJTJGc3RvcmFnZSUyRjIwMjYl\/MkYwOSUyRjAxJTJGMjkzMzQ2NF8yOTMz\/NDY0X1BvbGl0aWEtZGluLU11bnRlbmVn\/cnVfLUltYWdpbmUtY3UtY2FyYWN0ZXIt\/aWx1c3RyYXRpdl8tRm90by1Qcm9maW1l\/ZGlhLmpwZyZ3PTEyMDAmaD02MzAmemM9\/MSZoYXNoPTFkM2JjZDM4MTM3ODM4OThjZDI4MTc3OWQ4ODdlMmFh.thumb.jpg&#8221;]<\/p>\n<div class=\"entry data-app-meta data-app-meta-article\" data-embed-base-url-canonical=\"https:\/\/www.digi24.ro\/embed\/stiri\/externe\/atac-mortal-la-un-poligon-din-muntenegru-un-rus-a-ucis-trei-oameni-apoi-s-a-sinucis-dupa-ce-a-deschis-focul-asupra-politiei-3930127\">\n<p data-index=\"1\"><strong>Un cet\u0103\u021bean rus suspectat c\u0103 ar fi ucis trei persoane la un poligon de tir din Danilovgrad, \u00een centrul Muntenegrului, s-a sinucis mar\u021bi, dup\u0103 ce a deschis focul asupra poli\u021biei \u00een momentul \u00een care a fost g\u0103sit \u00een apropierea ora\u0219ului de coast\u0103 Herceg Novi, au declarat autorit\u0103\u021bile locale, citate de <a href=\"https:\/\/balkaninsight.com\/2026\/09\/01\/russian-suspected-of-triple-homicide-in-montenegro-dies-by-suicide\/bi\/\" target=\"_blank\" rel=\"noopener\" data-skip-linkfix=\"1\">Balkan Insight<\/a>.<\/strong><\/p>\n<p data-index=\"2\">Victimele erau toate trei din Muntenegru.<\/p>\n<p data-index=\"3\">Poli\u021bia l-a identificat pe suspect ca fiind cet\u0103\u021beanul rus Mihail Nikolaevici \u0218abunin, \u00een v\u00e2rst\u0103 de 30 de ani.<\/p>\n<p data-index=\"4\">Directorul poli\u021biei, Lazar Scepanovic, a declarat mar\u021bi c\u0103 ofi\u021berii l-au localizat pe \u0218abunin \u00eentr-o zon\u0103 \u00eemp\u0103durit\u0103 de deasupra cartierului Topla din ora\u0219ul de coast\u0103 Herceg Novi. \u201eDup\u0103 ce suspectul a fost \u00eenconjurat \u0219i s-a aflat \u00eentr-o situa\u021bie f\u0103r\u0103 ie\u0219ire, a deschis focul \u00een direc\u021bia ofi\u021berilor de poli\u021bie \u0219i apoi s-a sinucis folosind o arm\u0103 de foc\u201d, a spus Scepanovic.<\/p>\n<p data-index=\"5\">Poli\u021bia a precizat c\u0103 \u0218abunin vizitase poligonul de tir \u201eCeska Zbrojevka\u201d din Danilovgrad \u00een zilele premerg\u0103toare crimelor.<\/p>\n<p data-index=\"6\">\u201eA efectuat o serie de trageri de prob\u0103 la poligon, a intrat \u00een cl\u0103dire \u0219i a comis crimele\u201d, a spus Scepanovic. \u201eDup\u0103 aceea, a plecat cu una dintre ma\u0219inile victimelor.\u201d<\/p>\n<p data-index=\"7\">Poli\u021bia a g\u0103sit ulterior vehiculul pe care \u0218abunin l-ar fi folosit pentru a p\u0103r\u0103si locul crimei \u00een Rogami, l\u00e2ng\u0103 Podgorica. Poli\u021bi\u0219tii consider\u0103 c\u0103 \u0218abunin a c\u0103l\u0103torit ulterior cu un taxi de la Podgorica spre Herceg Novi.<\/p>\n<p data-index=\"8\">Scepanovic l-a descris pe suspect ca fiind periculos \u0219i a precizat c\u0103 acesta a luat cu el o arm\u0103 de foc \u0219i muni\u021bie dup\u0103 comiterea crimelor.<\/p>\n<p data-index=\"9\">Clubul de tir \u201eCeska Zbrojevka\u201d a declarat postului public de televiziune RTCG c\u0103 cele trei victime erau angaja\u021bii s\u0103i \u0219i se aflau la locul de munc\u0103 f\u0103r\u0103 arme \u0219i f\u0103r\u0103 posibilitatea de a se ap\u0103ra.<\/p>\n<p data-index=\"10\">Poli\u021bia a \u00eendemnat ini\u021bial locuitorii s\u0103 r\u0103m\u00e2n\u0103 \u00een case c\u00e2t timp suspectul era \u00een libertate \u0219i a avertizat popula\u021bia s\u0103 evite contactul cu persoane necunoscute \u0219i s\u0103 semnaleze orice comportament suspect.<\/p>\n<p data-index=\"11\">Autorit\u0103\u021bile nu au dezv\u0103luit un posibil motiv \u0219i nici nu au furnizat detalii suplimentare despre circumstan\u021bele care au dus la comiterea crimelor.<\/p>\n<p data-index=\"12\">\u201eOfi\u021berii de poli\u021bie \u00ee\u0219i continu\u0103 activit\u0103\u021bile \u00een cooperare cu Parchetul Superior de Stat din Podgorica pentru a stabili toate circumstan\u021bele incidentului, inclusiv cauza \u0219i motivul acestuia, \u0219i pentru a clarifica pe deplin \u00eentreaga situa\u021bie\u201d, se arat\u0103 \u00een comunicat.<\/p>\n<p data-index=\"13\">Prim-ministrul Milojko Spajic a transmis condolean\u021be familiilor victimelor. El a declarat c\u0103 zilele de 1 \u0219i 2 septembrie vor fi declarate zile de doliu \u00een Muntenegru.<\/p>\n<p> Editor : <a href=\"https:\/\/www.digi24.ro\/autor\/marina-constantinoiu\"> M.C <\/a><\/p>\n<\/div>\n<p>[analyse_source url=&#8221;https:\/\/www.digi24.ro\/stiri\/externe\/atac-mortal-la-un-poligon-din-muntenegru-un-rus-a-ucis-trei-oameni-apoi-s-a-sinucis-dupa-ce-a-deschis-focul-asupra-politiei-3930127&#8243;]<\/p>\n","protected":false},"excerpt":{"rendered":"<p>[analyse_image type=&#8221;featured&#8221; src=&#8221;https:\/\/s.iw.ro\/gateway\/g\/ZmlsZVNvdXJjZT1odHRwJTNBJTJGJTJG\/c3RvcmFnZTA4dHJhbnNjb2Rlci5yY3Mt\/cmRzLnJvJTJGc3RvcmFnZSUyRjIwMjYl\/MkYwOSUyRjAxJTJGMjkzMzQ2NF8yOTMz\/NDY0X1BvbGl0aWEtZGluLU11bnRlbmVn\/cnVfLUltYWdpbmUtY3UtY2FyYWN0ZXIt\/aWx1c3RyYXRpdl8tRm90by1Qcm9maW1l\/ZGlhLmpwZyZ3PTEyMDAmaD02MzAmemM9\/MSZoYXNoPTFkM2JjZDM4MTM3ODM4OThjZDI4MTc3OWQ4ODdlMmFh.thumb.jpg&#8221;] Un cet\u0103\u021bean rus suspectat c\u0103 ar fi ucis trei persoane la un poligon de tir din Danilovgrad, \u00een centrul Muntenegrului, s-a sinucis mar\u021bi, dup\u0103 ce a deschis focul asupra poli\u021biei \u00een momentul \u00een care a fost g\u0103sit \u00een apropierea ora\u0219ului de coast\u0103 Herceg Novi, au declarat autorit\u0103\u021bile locale, citate de Balkan Insight. [&hellip;]<\/p>\n","protected":false},"author":1,"featured_media":0,"comment_status":"open","ping_status":"","sticky":false,"template":"","format":"standard","meta":{"footnotes":""},"categories":[89],"tags":[226,11],"class_list":["post-2122349","post","type-post","status-publish","format-standard","hentry","category-romania","tag-crawlmanager","tag-digi24"],"_links":{"self":[{"href":"https:\/\/analyse.optim.biz\/index.php?rest_route=\/wp\/v2\/posts\/2122349","targetHints":{"allow":["GET"]}}],"collection":[{"href":"https:\/\/analyse.optim.biz\/index.php?rest_route=\/wp\/v2\/posts"}],"about":[{"href":"https:\/\/analyse.optim.biz\/index.php?rest_route=\/wp\/v2\/types\/post"}],"author":[{"embeddable":true,"href":"https:\/\/analyse.optim.biz\/index.php?rest_route=\/wp\/v2\/users\/1"}],"replies":[{"embeddable":true,"href":"https:\/\/analyse.optim.biz\/index.php?rest_route=%2Fwp%2Fv2%2Fcomments&post=2122349"}],"version-history":[{"count":0,"href":"https:\/\/analyse.optim.biz\/index.php?rest_route=\/wp\/v2\/posts\/2122349\/revisions"}],"wp:attachment":[{"href":"https:\/\/analyse.optim.biz\/index.php?rest_route=%2Fwp%2Fv2%2Fmedia&parent=2122349"}],"wp:term":[{"taxonomy":"category","embeddable":true,"href":"https:\/\/analyse.optim.biz\/index.php?rest_route=%2Fwp%2Fv2%2Fcategories&post=2122349"},{"taxonomy":"post_tag","embeddable":true,"href":"https:\/\/analyse.optim.biz\/index.php?rest_route=%2Fwp%2Fv2%2Ftags&post=2122349"}],"curies":[{"name":"wp","href":"https:\/\/api.w.org\/{rel}","templated":true}]}}