{"id":2122345,"date":"2026-09-01T10:05:15","date_gmt":"2026-09-01T07:05:15","guid":{"rendered":"https:\/\/analyse.optim.biz\/?p=2122345"},"modified":"2026-09-01T10:05:15","modified_gmt":"2026-09-01T07:05:15","slug":"mette-marit-aflata-in-convalescenta-nu-participa-la-depunerea-juramantului-de-catre-sotul-ei-regele","status":"publish","type":"post","link":"https:\/\/analyse.optim.biz\/?p=2122345","title":{"rendered":"Mette-Marit, aflat\u0103 \u00een convalescen\u0163\u0103, nu particip\u0103 la depunerea jur\u0103m\u00e2ntului de c\u0103tre so\u0163ul ei, regele&#8230;"},"content":{"rendered":"<p>[analyse_image type=&#8221;featured&#8221; src=&#8221;https:\/\/s.iw.ro\/gateway\/g\/ZmlsZVNvdXJjZT1odHRwJTNBJTJGJTJG\/c3RvcmFnZTA4dHJhbnNjb2Rlci5yY3Mt\/cmRzLnJvJTJGc3RvcmFnZSUyRjIwMjYl\/MkYwMyUyRjIwJTJGMjY0NjgyN18yNjQ2\/ODI3X01ldHRlLU1hcml0LmpwZyZ3PTEy\/MDAmaD02MzAmemM9MSZoYXNoPTZiMDMy\/MmZmM2ExNWY4Y2ZjNTg0MzNjN2UwYzRhMTJl.thumb.jpg&#8221;]<\/p>\n<div class=\"entry data-app-meta data-app-meta-article\" data-embed-base-url-canonical=\"https:\/\/www.digi24.ro\/embed\/stiri\/externe\/mette-marit-aflata-in-convalescenta-nu-participa-la-depunerea-juramantului-de-catre-sotul-ei-regele-haakon-al-norvegiei-3930129\">\n<p lang=\"ro-RO\" data-index=\"1\"><strong>Regina Mette-Marit a Norvegiei, aflat\u0103 \u00eenc\u0103 \u00een convalescen\u0163\u0103 dup\u0103 un transplant pulmonar, nu va participa la ceremonia de mar\u0163i \u00een cadrul c\u0103reia so\u0163ul s\u0103u, regele Haakon al VIII-lea, va depune jur\u0103m\u00e2ntul, a anun\u0163at Palatul Regal.<\/strong><\/p>\n<p lang=\"ro-RO\" data-index=\"2\">Mette-Marit, \u00een v\u00e2rst\u0103 de 53 de ani, a suferit la jum\u0103tatea lunii iunie o opera\u0163ie de transplant pulmonar. Ea fusese diagnosticat\u0103 cu o boal\u0103 pulmonar\u0103 incurabil\u0103.<\/p>\n<p lang=\"ro-RO\" data-index=\"3\">\u201eNu este neobi\u015fnuit ca dup\u0103 un transplant pulmonar s\u0103 apar\u0103 complica\u0163ii. Regina a avut complica\u0163ii de mai multe ori de la opera\u0163ie, inclusiv ast\u0103zi\u201d, a declarat medicul Are Holm, citat \u00eentr-un comunicat emis mar\u0163i de Palat, cu doar c\u00e2teva ore \u00eenainte de ceremonie, relateaz\u0103 Agerpres.<\/p>\n<p lang=\"ro-RO\" data-index=\"4\">\u201ePrin urmare, ea trebuie s\u0103 r\u0103m\u00e2n\u0103 sub observa\u0163ie pe tot parcursul zilei. Din p\u0103cate, regina nu va putea participa ast\u0103zi la depunerea jur\u0103m\u00e2ntului \u00een fa\u0163a Parlamentului\u201d, a ad\u0103ugat acesta.<\/p>\n<p lang=\"ro-RO\" data-index=\"5\">Prezen\u0163a sa la ceremonie fusese anun\u0163at\u0103 cu o zi \u00eenainte de Palat.<\/p>\n<p lang=\"ro-RO\" data-index=\"6\">Haakon, \u00een v\u00e2rst\u0103 de 53 de ani, devenit rege \u00een mod automat, vineri, dup\u0103 decesul tat\u0103lui s\u0103u, urmeaz\u0103 s\u0103 depun\u0103 jur\u0103m\u00e2ntul \u00een fa\u0163a Parlamentului la ora local\u0103 13:00 (11:00 GMT), o etap\u0103 institu\u0163ional\u0103 menit\u0103 s\u0103 marcheze faptul c\u0103 puterile \u015fi prerogativele sale sunt limitate \u015fi reglementate de Constitu\u0163ie.<\/p>\n<p lang=\"ro-RO\" data-index=\"7\">Func\u0163iile regale sunt \u00een esen\u0163\u0103 simbolice \u015fi reprezentative \u00een Norvegia.<\/p>\n<p lang=\"ro-RO\" data-index=\"8\">Familia regal\u0103 norvegian\u0103 a \u00eenso\u0163it luni sicriul cu r\u0103m\u0103\u015fi\u0163ele regelui Harald al V-lea prin Palatul Regal \u00eentr-o procesiune solemn\u0103, noua regin\u0103 Mette-Marit merg\u00e2nd m\u00e2n\u0103 \u00een m\u00e2n\u0103 \u00een spatele sicriului al\u0103turi de v\u0103duva lui Harald, regina Sonja. Regele Haakon al VIII-lea, prin\u0163esa mo\u015ftenitoare Ingrid Alexandra \u015fi sora lui Haakon, Martha Louise, au mers al\u0103turi de sicriu \u00eempreun\u0103 cu ceilal\u0163i nepo\u0163i, \u00een procesiunea spre capela palatului.<\/p>\n<p lang=\"ro-RO\" data-index=\"9\">\u00cen zilele urm\u0103toare, norvegienii vor putea s\u0103-\u015fi aduc\u0103 omagiile suveranului la capel\u0103.<\/p>\n<p lang=\"ro-RO\" data-index=\"10\">Harald a murit vineri, la v\u00e2rsta de 89 de ani. \u00cenmorm\u00e2ntarea sa va avea loc pe 9 septembrie.<\/p>\n<p> Editor : <a href=\"https:\/\/www.digi24.ro\/autor\/monica-bonea\"> M.B. <\/a><\/p>\n<\/div>\n<p>[analyse_source url=&#8221;https:\/\/www.digi24.ro\/stiri\/externe\/mette-marit-aflata-in-convalescenta-nu-participa-la-depunerea-juramantului-de-catre-sotul-ei-regele-haakon-al-norvegiei-3930129&#8243;]<\/p>\n","protected":false},"excerpt":{"rendered":"<p>[analyse_image type=&#8221;featured&#8221; src=&#8221;https:\/\/s.iw.ro\/gateway\/g\/ZmlsZVNvdXJjZT1odHRwJTNBJTJGJTJG\/c3RvcmFnZTA4dHJhbnNjb2Rlci5yY3Mt\/cmRzLnJvJTJGc3RvcmFnZSUyRjIwMjYl\/MkYwMyUyRjIwJTJGMjY0NjgyN18yNjQ2\/ODI3X01ldHRlLU1hcml0LmpwZyZ3PTEy\/MDAmaD02MzAmemM9MSZoYXNoPTZiMDMy\/MmZmM2ExNWY4Y2ZjNTg0MzNjN2UwYzRhMTJl.thumb.jpg&#8221;] Regina Mette-Marit a Norvegiei, aflat\u0103 \u00eenc\u0103 \u00een convalescen\u0163\u0103 dup\u0103 un transplant pulmonar, nu va participa la ceremonia de mar\u0163i \u00een cadrul c\u0103reia so\u0163ul s\u0103u, regele Haakon al VIII-lea, va depune jur\u0103m\u00e2ntul, a anun\u0163at Palatul Regal. Mette-Marit, \u00een v\u00e2rst\u0103 de 53 de ani, a suferit la jum\u0103tatea lunii iunie o opera\u0163ie de transplant [&hellip;]<\/p>\n","protected":false},"author":1,"featured_media":0,"comment_status":"open","ping_status":"","sticky":false,"template":"","format":"standard","meta":{"footnotes":""},"categories":[89],"tags":[226,11],"class_list":["post-2122345","post","type-post","status-publish","format-standard","hentry","category-romania","tag-crawlmanager","tag-digi24"],"_links":{"self":[{"href":"https:\/\/analyse.optim.biz\/index.php?rest_route=\/wp\/v2\/posts\/2122345","targetHints":{"allow":["GET"]}}],"collection":[{"href":"https:\/\/analyse.optim.biz\/index.php?rest_route=\/wp\/v2\/posts"}],"about":[{"href":"https:\/\/analyse.optim.biz\/index.php?rest_route=\/wp\/v2\/types\/post"}],"author":[{"embeddable":true,"href":"https:\/\/analyse.optim.biz\/index.php?rest_route=\/wp\/v2\/users\/1"}],"replies":[{"embeddable":true,"href":"https:\/\/analyse.optim.biz\/index.php?rest_route=%2Fwp%2Fv2%2Fcomments&post=2122345"}],"version-history":[{"count":0,"href":"https:\/\/analyse.optim.biz\/index.php?rest_route=\/wp\/v2\/posts\/2122345\/revisions"}],"wp:attachment":[{"href":"https:\/\/analyse.optim.biz\/index.php?rest_route=%2Fwp%2Fv2%2Fmedia&parent=2122345"}],"wp:term":[{"taxonomy":"category","embeddable":true,"href":"https:\/\/analyse.optim.biz\/index.php?rest_route=%2Fwp%2Fv2%2Fcategories&post=2122345"},{"taxonomy":"post_tag","embeddable":true,"href":"https:\/\/analyse.optim.biz\/index.php?rest_route=%2Fwp%2Fv2%2Ftags&post=2122345"}],"curies":[{"name":"wp","href":"https:\/\/api.w.org\/{rel}","templated":true}]}}