{"id":2122284,"date":"2026-09-01T06:34:25","date_gmt":"2026-09-01T03:34:25","guid":{"rendered":"https:\/\/analyse.optim.biz\/?p=2122284"},"modified":"2026-09-01T06:34:25","modified_gmt":"2026-09-01T03:34:25","slug":"portugal-kiala-aims-to-bring-black-authors-from-the-margins-to-the-heart-of-publishing","status":"publish","type":"post","link":"https:\/\/analyse.optim.biz\/?p=2122284","title":{"rendered":"Portugal: Kiala aims to bring Black authors from the margins to the heart of publishing"},"content":{"rendered":"<p>[analyse_image type=&#8221;featured&#8221; src=&#8221;https:\/\/images.euronews.com\/articles\/stories\/09\/88\/96\/81\/1200x675_cmsv2_ffd2fe55-9fef-544e-8cf0-39287b95a48c-9889681.jpg&#8221;]<\/p>\n<article id=\"abe-2922159-pos1-c-latest-stories\" class=\"the-media-object m-modeMobile-1 m-modeDesktop-1 m-modeXL-1\" data-nid=\"2922159\" data-cid=\"9896769\" data-part-label=\"Partner content\">\n<figure id=\"abe-2922159-label-pos1-c-latest-stories\" class=\"the-media-object__figure\">\n<p>      <img decoding=\"async\" class=\"the-media-object__image\" src=\"https:\/\/images.euronews.com\/articles\/stories\/09\/89\/67\/69\/189x106_cmsv2_b6d3c48f-d558-5170-8a9f-057a4d572852-9896769.jpg\" loading=\"lazy\" alt=\"South facing view of the Malmbjerg molybdenum deposit. The molybdenum deposit outcrops as indicated by the lighter staining.\" height=\"9\" width=\"16\"><\/p>\n<\/figure>\n<div class=\"the-media-object__content\">\n                    Europe News<\/p>\n<div class=\"the-media-object__title  \">\n<p>    EU eyes Arctic resources to cut dependence on China\n  <\/p><\/div>\n<\/p><\/div>\n<\/article>\n<article id=\"abe-2921927-pos2-c-latest-stories\" class=\"the-media-object m-modeMobile-1 m-modeDesktop-1 m-modeXL-1\" data-nid=\"2921927\" data-cid=\"9895685\" data-part-label=\"Partner content\">\n<figure id=\"abe-2921927-label-pos2-c-latest-stories\" class=\"the-media-object__figure\">\n<p>      <img decoding=\"async\" class=\"the-media-object__image\" src=\"https:\/\/images.euronews.com\/articles\/stories\/09\/89\/56\/85\/189x106_cmsv2_4ed3a124-6977-5912-88e4-3dc32d95ddf0-9895685.jpg\" loading=\"lazy\" alt=\"MCC Brussels director Frank Furedi, delivers a speech at the  at the CPAC conference in Budapest, Hungary, Thursday, May 19, 2022.\" height=\"9\" width=\"16\"><\/p>\n<\/figure>\n<div class=\"the-media-object__content\">\n                    Europe News<\/p>\n<div class=\"the-media-object__title  \">\n<p>    Orb\u00e1n-founded Brussels think tank MCC Brussels to close\n  <\/p><\/div>\n<\/p><\/div>\n<\/article>\n<article id=\"abe-2922233-pos3-c-latest-stories\" class=\"the-media-object m-modeMobile-1 m-modeDesktop-1 m-modeXL-1\" data-nid=\"2922233\" data-cid=\"9897197\" data-part-label=\"Partner content\">\n<figure id=\"abe-2922233-label-pos3-c-latest-stories\" class=\"the-media-object__figure\">\n<p>      <img decoding=\"async\" class=\"the-media-object__image\" src=\"https:\/\/images.euronews.com\/articles\/stories\/09\/89\/71\/97\/189x106_cmsv2_d90a628b-ea1d-54fc-a0d3-b7236298416e-9897197.jpg\" loading=\"lazy\" alt=\"Steam rises from the cooling towers of the J\u00e4nschwalde power plant, 26 November, 2024\" height=\"9\" width=\"16\"><\/p>\n<\/figure>\n<div class=\"the-media-object__content\">\n                    Europe News<\/p>\n<div class=\"the-media-object__title  \">\n<p>    Improvised explosive devices found near German power plant, police say\n  <\/p><\/div>\n<\/p><\/div>\n<\/article>\n<article id=\"abe-2921940-pos4-c-latest-stories\" class=\"the-media-object m-modeMobile-1 m-modeDesktop-1 m-modeXL-1 the-media-object--has-video\" data-nid=\"2921940\" data-cid=\"9895712\" data-part-label=\"Partner content\">\n<figure id=\"abe-2921940-label-pos4-c-latest-stories\" class=\"the-media-object__figure\">\n<p>      <img decoding=\"async\" class=\"the-media-object__image\" src=\"https:\/\/images.euronews.com\/articles\/stories\/09\/89\/57\/12\/189x106_cmsv2_a24f0d75-b635-59c2-b8e8-9371a7c2dd29-9895712.jpg\" loading=\"lazy\" alt=\"Sixteen members of a south London Hindu temple remain missing after a flood near Nepal and Tibet, leaving families waiting for news of loved ones.\" height=\"9\" width=\"16\"><\/p>\n<p>                      <span class=\"c-icon-video the-media-object__icon\"><\/span><br \/>\n            <\/figure>\n<div class=\"the-media-object__content\">\n                    No Comment<\/p>\n<div class=\"the-media-object__title  \">\n<p>    South London Hindu temple prays for missing members after deadly floods in Nepal\n  <\/p><\/div>\n<\/p><\/div>\n<\/article>\n<article id=\"abe-2922159-pos1-c-latest-stories-sidebar\" class=\"the-media-object m-modeMobile-2 m-modeDesktop-2 m-modeXL-2\" data-nid=\"2922159\" data-cid=\"9896769\" data-part-label=\"Partner content\">\n<figure id=\"abe-2922159-label-pos1-c-latest-stories-sidebar\" class=\"the-media-object__figure\">\n<p>      <img decoding=\"async\" class=\"the-media-object__image\" src=\"https:\/\/images.euronews.com\/articles\/stories\/09\/89\/67\/69\/189x106_cmsv2_b6d3c48f-d558-5170-8a9f-057a4d572852-9896769.jpg\" loading=\"lazy\" alt=\"South facing view of the Malmbjerg molybdenum deposit. The molybdenum deposit outcrops as indicated by the lighter staining.\" height=\"9\" width=\"16\"><\/p>\n<\/figure>\n<div class=\"the-media-object__content\">\n                    Europe News<\/p>\n<div class=\"the-media-object__title  \">\n<p>    EU eyes Arctic resources to cut dependence on China\n  <\/p><\/div>\n<\/p><\/div>\n<\/article>\n<article id=\"abe-2921927-pos2-c-latest-stories-sidebar\" class=\"the-media-object m-modeMobile-2 m-modeDesktop-2 m-modeXL-2\" data-nid=\"2921927\" data-cid=\"9895685\" data-part-label=\"Partner content\">\n<figure id=\"abe-2921927-label-pos2-c-latest-stories-sidebar\" class=\"the-media-object__figure\">\n<p>      <img decoding=\"async\" class=\"the-media-object__image\" src=\"https:\/\/images.euronews.com\/articles\/stories\/09\/89\/56\/85\/189x106_cmsv2_4ed3a124-6977-5912-88e4-3dc32d95ddf0-9895685.jpg\" loading=\"lazy\" alt=\"MCC Brussels director Frank Furedi, delivers a speech at the  at the CPAC conference in Budapest, Hungary, Thursday, May 19, 2022.\" height=\"9\" width=\"16\"><\/p>\n<\/figure>\n<div class=\"the-media-object__content\">\n                    Europe News<\/p>\n<div class=\"the-media-object__title  \">\n<p>    Orb\u00e1n-founded Brussels think tank MCC Brussels to close\n  <\/p><\/div>\n<\/p><\/div>\n<\/article>\n<article id=\"abe-2922233-pos3-c-latest-stories-sidebar\" class=\"the-media-object m-modeMobile-2 m-modeDesktop-2 m-modeXL-2\" data-nid=\"2922233\" data-cid=\"9897197\" data-part-label=\"Partner content\">\n<figure id=\"abe-2922233-label-pos3-c-latest-stories-sidebar\" class=\"the-media-object__figure\">\n<p>      <img decoding=\"async\" class=\"the-media-object__image\" src=\"https:\/\/images.euronews.com\/articles\/stories\/09\/89\/71\/97\/189x106_cmsv2_d90a628b-ea1d-54fc-a0d3-b7236298416e-9897197.jpg\" loading=\"lazy\" alt=\"Steam rises from the cooling towers of the J\u00e4nschwalde power plant, 26 November, 2024\" height=\"9\" width=\"16\"><\/p>\n<\/figure>\n<div class=\"the-media-object__content\">\n                    Europe News<\/p>\n<div class=\"the-media-object__title  \">\n<p>    Improvised explosive devices found near German power plant, police say\n  <\/p><\/div>\n<\/p><\/div>\n<\/article>\n<article id=\"abe-2921940-pos4-c-latest-stories-sidebar\" class=\"the-media-object m-modeMobile-2 m-modeDesktop-2 m-modeXL-2 the-media-object--has-video\" data-nid=\"2921940\" data-cid=\"9895712\" data-part-label=\"Partner content\">\n<figure id=\"abe-2921940-label-pos4-c-latest-stories-sidebar\" class=\"the-media-object__figure\">\n<p>      <img decoding=\"async\" class=\"the-media-object__image\" src=\"https:\/\/images.euronews.com\/articles\/stories\/09\/89\/57\/12\/189x106_cmsv2_a24f0d75-b635-59c2-b8e8-9371a7c2dd29-9895712.jpg\" loading=\"lazy\" alt=\"Sixteen members of a south London Hindu temple remain missing after a flood near Nepal and Tibet, leaving families waiting for news of loved ones.\" height=\"9\" width=\"16\"><\/p>\n<p>                      <span class=\"c-icon-video the-media-object__icon\"><\/span><br \/>\n            <\/figure>\n<div class=\"the-media-object__content\">\n                    No Comment<\/p>\n<div class=\"the-media-object__title  \">\n<p>    South London Hindu temple prays for missing members after deadly floods in Nepal\n  <\/p><\/div>\n<\/p><\/div>\n<\/article>\n<article class=\"helper-site-row o-article-newsy\">\n<div class=\"helper-site-container o-article-newsy__container\">\n<div class=\"o-article-newsy__main\">\n<header class=\"h-grid o-article-newsy__main__header\">\n<nav aria-label=\"Breadcrumbs\" class=\"c-article-breadcrumbs\">\n<div id=\"adb-article-breadcrumb\" class=\"c-article-breadcrumbs__list\">\n<p>                      <span class=\"c-article-breadcrumbs__separator u-chevron-ie-a\"><\/span><\/p>\n<p>                          Culture<\/p>\n<p>                      <span class=\"c-article-breadcrumbs__separator u-chevron-ie-a\"><\/span><\/p>\n<p>                          Culture news<\/p><\/div>\n<\/nav>\n<h1 class=\"c-article-redesign-title\">\n                            Portugal: Kiala aims to bring Black authors from the margins to the heart of publishing<\/h1>\n<div class=\"c-article-image-video u-position-relative \">\n<div class=\"js-superdiv u-aspect-ratio-16x9 u-position-relative \" data-controller=\"video-player\" data-sponsored=\"Partner content\">\n<p>        <img fetchpriority=\"high\" decoding=\"async\" class=\"js-poster-img c-article-media__img\" src=\"https:\/\/images.euronews.com\/articles\/stories\/09\/88\/96\/81\/1536x864_cmsv2_ffd2fe55-9fef-544e-8cf0-39287b95a48c-9889681.jpg\" width=\"1536\" height=\"864\" loading=\"eager\" alt=\"Elga Fontes, editor and founder of Kiala\">\n    <\/div>\n<div class=\"c-article-caption u-position-absolute\">\n  <span id=\"article-tooltip-svg\" class=\"c-article-caption__svg u-position-absolute\"><br \/>\n<\/span><br \/>\n  <i id=\"article-caption-content\" class=\"c-article-caption__content\"><br \/>\n    <span class=\"c-article-caption__text\"><br \/>\n              Elga Fontes, editor and founder of Kiala<br \/>\n                    <span class=\"u-color-white\">&#8211;\u00a0<\/span><br \/>\n                              <span class=\"c-article-caption__copyright\">Copyright\u00a0<\/span><br \/>\n          <span class=\"c-article-caption__credit\">@quemmelera\/Instagram<\/span><br \/>\n                          <\/span><\/p>\n<p>  <\/i>\n<\/div>\n<div class=\"c-article-image-copyright c-article-image-copyright--novideo\">\n      Copyright\u00a0@quemmelera\/Instagram\n  <\/div>\n<\/div>\n<\/header>\n<div class=\"h-grid o-article-newsy__main__body u-article-content\">\n<div class=\"o-article-newsy__contributors-publication-date\">\n<div class=\"c-article-contributors\">\n  By&amp;nbspJoana Mour\u00e3o Carvalho\n<\/div>\n<div class=\"c-article-publication-date\" data-timestamp=\"1788244465\">\n         Published on<br \/>\n            <time datetime=\"2026-09-01 08:34:25 +02:00\">01\/09\/2026 &#8211; 8:34 GMT+2<\/time>\n            <\/div>\n<\/p><\/div>\n<div class=\"c-article-share-comment u-align-items-center u-display-flex\">\n    <span class=\"c-article-share-comment__links u-align-items-center u-display-flex u-justify-content-center js-c-article-share-comment-share\"><\/p>\n<p>      <span class=\"c-article-share-comment__label\">Share<\/span><br \/>\n    <\/span><\/p>\n<p>        <span class=\"c-article-share-comment__label\">Comments<\/span><\/p>\n<p>        <span class=\"c-article-share-comment__label c-article-share-comment__label--always\">Add Euronews on Google<\/span><\/p><\/div>\n<div class=\"c-article-share-comment-popup-overlay js-c-article-share-comment-popup-overlay u-display-none\">\n<div id=\"js-c-article-share-comment-popup\" class=\"c-article-share-comment-popup js-c-article-share-comment-popup\">\n<div class=\"c-article-share-comment-popup__header u-display-flex\">\n                <span>Share<\/span><br \/>\n                      <img decoding=\"async\" src=\"https:\/\/static.euronews.com\/website\/images\/vector\/icon-close.svg\" width=\"24\" height=\"24\" alt=\"Close Button\" class=\"u-cursor-pointer js-c-article-share-comment-close\" loading=\"lazy\"><\/p><\/div>\n<div class=\"c-article-share-comment-popup__content u-display-flex\">\n<div id=\"share-comment-popup-content-container\" class=\"c-article-share-comment-popup__content__container u-display-flex\">\n<p>                            <span class=\"u-display-flex u-gap-1 u-show-for-mobile-only\"><br \/>\n                                      <img decoding=\"async\" src=\"https:\/\/static.euronews.com\/website\/images\/vector\/social-icons\/article-redesign-facebook.svg\" width=\"24\" height=\"24\" alt=\"facebook\" loading=\"lazy\"><\/p>\n<p>                                                                                                    <span>Facebook<\/span><br \/>\n                                                            <\/span><br \/>\n                                  <img decoding=\"async\" src=\"https:\/\/static.euronews.com\/website\/images\/vector\/social-icons\/article-redesign-facebook.svg\" width=\"48\" height=\"48\" alt=\"facebook\" class=\"u-show-for-desktop\" loading=\"lazy\"><\/p>\n<p>                            <span class=\"u-display-flex u-gap-1 u-show-for-mobile-only\"><br \/>\n                                      <img decoding=\"async\" src=\"https:\/\/static.euronews.com\/website\/images\/vector\/social-icons\/article-redesign-twitter.svg\" width=\"24\" height=\"24\" alt=\"twitter\" loading=\"lazy\"><\/p>\n<p>                                                                                                    <span>Twitter<\/span><br \/>\n                                                            <\/span><br \/>\n                                  <img decoding=\"async\" src=\"https:\/\/static.euronews.com\/website\/images\/vector\/social-icons\/article-redesign-twitter.svg\" width=\"48\" height=\"48\" alt=\"twitter\" class=\"u-show-for-desktop\" loading=\"lazy\"><\/p>\n<p>                            <span class=\"u-display-flex u-gap-1 u-show-for-mobile-only\"><br \/>\n                                      <img decoding=\"async\" src=\"https:\/\/static.euronews.com\/website\/images\/vector\/social-icons\/article-redesign-flipboard.svg\" width=\"24\" height=\"24\" alt=\"flipboard\" loading=\"lazy\"><\/p>\n<p>                                                                                                    <span>Flipboard<\/span><br \/>\n                                                            <\/span><br \/>\n                                  <img decoding=\"async\" src=\"https:\/\/static.euronews.com\/website\/images\/vector\/social-icons\/article-redesign-flipboard.svg\" width=\"48\" height=\"48\" alt=\"flipboard\" class=\"u-show-for-desktop\" loading=\"lazy\"><\/p>\n<p>                            <span class=\"u-display-flex u-gap-1 u-show-for-mobile-only\"><br \/>\n                                      <img decoding=\"async\" src=\"https:\/\/static.euronews.com\/website\/images\/vector\/social-icons\/article-redesign-send.svg\" width=\"24\" height=\"24\" alt=\"send\" loading=\"lazy\"><\/p>\n<p>                                                                                                    <span>Send<\/span><br \/>\n                                                            <\/span><br \/>\n                                  <img decoding=\"async\" src=\"https:\/\/static.euronews.com\/website\/images\/vector\/social-icons\/article-redesign-send.svg\" width=\"48\" height=\"48\" alt=\"send\" class=\"u-show-for-desktop\" loading=\"lazy\"><\/p>\n<p>                            <span class=\"u-display-flex u-gap-1 u-show-for-mobile-only\"><br \/>\n                                      <img decoding=\"async\" src=\"https:\/\/static.euronews.com\/website\/images\/vector\/social-icons\/article-redesign-reddit.svg\" width=\"24\" height=\"24\" alt=\"reddit\" loading=\"lazy\"><\/p>\n<p>                                                                                                    <span>Reddit<\/span><br \/>\n                                                            <\/span><br \/>\n                                  <img decoding=\"async\" src=\"https:\/\/static.euronews.com\/website\/images\/vector\/social-icons\/article-redesign-reddit.svg\" width=\"48\" height=\"48\" alt=\"reddit\" class=\"u-show-for-desktop\" loading=\"lazy\"><\/p>\n<p>                            <span class=\"u-display-flex u-gap-1 u-show-for-mobile-only\"><br \/>\n                                      <img decoding=\"async\" src=\"https:\/\/static.euronews.com\/website\/images\/vector\/social-icons\/article-redesign-linkedin.svg\" width=\"24\" height=\"24\" alt=\"linkedin\" loading=\"lazy\"><\/p>\n<p>                                                                                                    <span>Linkedin<\/span><br \/>\n                                                            <\/span><br \/>\n                                  <img decoding=\"async\" src=\"https:\/\/static.euronews.com\/website\/images\/vector\/social-icons\/article-redesign-linkedin.svg\" width=\"48\" height=\"48\" alt=\"linkedin\" class=\"u-show-for-desktop\" loading=\"lazy\"><\/p>\n<p>                            <span class=\"u-display-flex u-gap-1 u-show-for-mobile-only\"><br \/>\n                                      <img decoding=\"async\" src=\"https:\/\/static.euronews.com\/website\/images\/vector\/social-icons\/article-redesign-messenger.svg\" width=\"24\" height=\"24\" alt=\"messenger\" loading=\"lazy\"><\/p>\n<p>                                                                                                    <span>Messenger<\/span><br \/>\n                                                            <\/span><br \/>\n                                  <img decoding=\"async\" src=\"https:\/\/static.euronews.com\/website\/images\/vector\/social-icons\/article-redesign-messenger.svg\" width=\"48\" height=\"48\" alt=\"messenger\" class=\"u-show-for-desktop\" loading=\"lazy\"><\/p>\n<p>                            <span class=\"u-display-flex u-gap-1 u-show-for-mobile-only\"><br \/>\n                                      <img decoding=\"async\" src=\"https:\/\/static.euronews.com\/website\/images\/vector\/social-icons\/article-redesign-telegram.svg\" width=\"24\" height=\"24\" alt=\"telegram\" loading=\"lazy\"><\/p>\n<p>                                                                                                    <span>Telegram<\/span><br \/>\n                                                            <\/span><br \/>\n                                  <img decoding=\"async\" src=\"https:\/\/static.euronews.com\/website\/images\/vector\/social-icons\/article-redesign-telegram.svg\" width=\"48\" height=\"48\" alt=\"telegram\" class=\"u-show-for-desktop\" loading=\"lazy\"><\/p>\n<p>                            <span class=\"u-display-flex u-gap-1 u-show-for-mobile-only\"><br \/>\n                                      <img decoding=\"async\" src=\"https:\/\/static.euronews.com\/website\/images\/vector\/social-icons\/article-redesign-vk.svg\" width=\"24\" height=\"24\" alt=\"vk\" loading=\"lazy\"><\/p>\n<p>                                                                                                    <span>VK<\/span><br \/>\n                                                            <\/span><br \/>\n                                  <img decoding=\"async\" src=\"https:\/\/static.euronews.com\/website\/images\/vector\/social-icons\/article-redesign-vk.svg\" width=\"48\" height=\"48\" alt=\"vk\" class=\"u-show-for-desktop\" loading=\"lazy\"><\/p>\n<p>                            <span class=\"u-display-flex u-gap-1 u-show-for-mobile-only\"><br \/>\n                                      <img decoding=\"async\" src=\"https:\/\/static.euronews.com\/website\/images\/vector\/social-icons\/article-redesign-bluesky.svg\" width=\"24\" height=\"24\" alt=\"bluesky\" loading=\"lazy\"><\/p>\n<p>                                                                                                    <span>Bluesky<\/span><br \/>\n                                                            <\/span><br \/>\n                                  <img decoding=\"async\" src=\"https:\/\/static.euronews.com\/website\/images\/vector\/social-icons\/article-redesign-bluesky.svg\" width=\"48\" height=\"48\" alt=\"bluesky\" class=\"u-show-for-desktop\" loading=\"lazy\"><\/p>\n<p>                            <span class=\"u-display-flex u-gap-1 u-show-for-mobile-only\"><br \/>\n                                      <img decoding=\"async\" src=\"https:\/\/static.euronews.com\/website\/images\/vector\/social-icons\/article-redesign-threads.svg\" width=\"24\" height=\"24\" alt=\"threads\" loading=\"lazy\"><\/p>\n<p>                                                                                                    <span>Threads<\/span><br \/>\n                                                            <\/span><br \/>\n                                  <img decoding=\"async\" src=\"https:\/\/static.euronews.com\/website\/images\/vector\/social-icons\/article-redesign-threads.svg\" width=\"48\" height=\"48\" alt=\"threads\" class=\"u-show-for-desktop\" loading=\"lazy\"><\/p>\n<p>                            <span class=\"u-display-flex u-gap-1 u-show-for-mobile-only\"><br \/>\n                                      <img decoding=\"async\" src=\"https:\/\/static.euronews.com\/website\/images\/vector\/social-icons\/article-redesign-whatsapp.svg\" width=\"24\" height=\"24\" alt=\"whatsapp\" loading=\"lazy\"><\/p>\n<p>                                                                                                    <span>Whatsapp<\/span><br \/>\n                                                            <\/span><br \/>\n                                  <img decoding=\"async\" src=\"https:\/\/static.euronews.com\/website\/images\/vector\/social-icons\/article-redesign-whatsapp.svg\" width=\"48\" height=\"48\" alt=\"whatsapp\" class=\"u-show-for-desktop\" loading=\"lazy\"><\/p><\/div>\n<\/p><\/div>\n<\/p><\/div>\n<\/p><\/div>\n<h2 class=\"c-article-summary\">\n        The imprint founded by Elga Fontes entered the market in May to tackle the lack of Black authors and show their work goes beyond racism, discrimination or suffering. In 2026 it will publish two books and already has its 2027 list agreed.<br \/>\n    <\/h2>\n<div class=\"c-article-content c-article-content--culture js-article-content\">\n<p>Kiala <em>(source in Portuguese)<\/em> was born from an idea that had been on Elga Fontes&#8217; mind for years: creating room in the Portuguese publishing market for Black authors. The imprint of the publishing house V\u00edrgula d\u2019Interroga\u00e7\u00e3o officially entered the market in May this year and intends to <strong>publish books exclusively by Black authors<\/strong>, but its founder rejects the notion that this amounts to setting up a closed-off space or a literary category of its own. <\/p>\n<div>\n<div class=\"c-ad u-show-for-mobile-only\">\n<div data-ad-id=\"adzone-position\" data-ad-type=\"classic\" class=\"c-ad__adzone advertising mobile-content-1\"><\/div>\n<div class=\"c-ad__placeholder\">\n          <img decoding=\"async\" class=\"c-ad__placeholder__logo\" src=\"https:\/\/static.euronews.com\/website\/images\/logos\/logo-euronews-stacked-outlined-72x72-grey-9.svg\" width=\"72\" height=\"72\" alt loading=\"lazy\"><br \/>\n          <span>ADVERTISEMENT<\/span>\n        <\/div>\n<\/p><\/div>\n<div class=\"c-ad u-show-for-desktop\">\n<div data-ad-id=\"adzone-position\" data-ad-type=\"classic\" class=\"c-ad__adzone advertising adzone-block content-1\"><\/div>\n<div class=\"c-ad__placeholder\">\n          <img decoding=\"async\" class=\"c-ad__placeholder__logo\" src=\"https:\/\/static.euronews.com\/website\/images\/logos\/logo-euronews-stacked-outlined-72x72-grey-9.svg\" width=\"72\" height=\"72\" alt loading=\"lazy\"><br \/>\n          <span>ADVERTISEMENT<\/span>\n        <\/div>\n<\/p><\/div>\n<\/div>\n<p>&#8220;Kiala is a word in Kimbundu [one of Angola&#8217;s Bantu languages] that means to illuminate or bring light,&#8221; explains Elga Fontes, who saw in the name a concise expression of what she wanted to build. The idea began to take shape about two years ago, when, then working as an editor at V\u00edrgula d\u2019Interroga\u00e7\u00e3o, she presented the project to Diana Almeida, the publishing director. After getting the green light, roughly two years of brand-building followed. <\/p>\n<p>The need for the imprint arose in part from Elga Fontes&#8217; own experience as a reader and publishing professional. During her master&#8217;s degree, she analysed the catalogue of a Portuguese publisher and found that, <strong>among the hundreds of books brought out in the three years she examined, only about 10% were by non\u2011white authors.<\/strong> Later she extended her analysis to other publishing groups and also followed the new releases announced by publishers with which she partners as a content creator. <\/p>\n<p>The conclusion, she tells Euronews, was similar: <strong>&#8220;There was, and still is, a lack of space for books by Black authors.&#8221;<\/strong> In Portugal, she adds, she is not aware of any formal study or platform that systematically tracks racial representation in the publishing market. <\/p>\n<div class=\"connatix-container\" data-connatix-state=\"reserved\" data-connatix-player-id=\"b4e54fcd-7d0c-4f47-81b1-1ac4eb4ebce7\" data-connatix-tag-targeting=\"vertical\">\n<div id=\"connatix-player\" data-ad-name=\"connatix\"><\/div>\n<\/div>\n<p>For Elga Fontes, the problem cannot be pinned on a single player in the process of getting a manuscript published, from editors, literary agents and critics to readers themselves and what they look for. The Portuguese market is small and fragile, publishers chase titles with commercial potential and social media tends to amplify books that already attract attention. At the same time, she believes, <strong>some readers are less open to works that stray from what is seen as the norm<\/strong>. <\/p>\n<p>&#8220;There is no culprit. And Kiala is not intended as a criticism, it is meant as encouragement,&#8221; she says. <\/p>\n<h3>An imprint to break out of the stereotype<\/h3>\n<p>One of the principles guiding Kiala is precisely to push back against the idea that literature by Black authors must necessarily be about racial experience. For the publisher and founder, talking about a single &#8220;Black experience&#8221; is reductive: Black people&#8217;s lives are diverse, even if some are marked by common problems such as racism. <\/p>\n<p>The imprint also wants to challenge the automatic link between Black authors and stories of pain. <strong>&#8220;With Kiala we also wanted to unsettle the notion that a Black person can only write about racism and suffering&#8221;<\/strong>, she explains. <\/p>\n<p>The problem, she adds, also lies in the way works are assessed. &#8220;We tend to see the creations of Black people as an exception, not as universal,&#8221; she says. A white author can write about virtually any topic and have the quality of their work acknowledged regardless of the subject; for Black authors, she believes, that principle does not always hold.<\/p>\n<p>That is why <strong>Kiala is not only looking for books centred on racial issues.<\/strong> Its first title, <em>Feminismo na Periferia<\/em> <em>(source in Portuguese)<\/em> by US writer, activist and cultural critic Mikki Kendall, &#8220;is a non\u2011fiction book that challenges a feminism presented as universal and addresses themes such as ethnicity, class, poverty and violence&#8221;. <\/p>\n<div class=\"widget widget--type-image widget--size-fullwidth widget--animation-fade-in widget--align-center\" data-ratio=\"0.7455858747993579\">\n<div class=\"widget__wrapper\">\n<div class=\"widget__ratio widget__ratio--auto\">\n<div class=\"widget__contents\">\n<figure class=\"widget__figure\">\n                    <img decoding=\"async\" class=\"widgetImage__image\" loading=\"lazy\" src=\"https:\/\/images.euronews.com\/articles\/stories\/09\/88\/96\/81\/808x603_cmsv2_10ae9a10-d3a8-5fd9-ad23-61cfbff893cd-9889681.jpg\" alt=\"In Feminismo na Periferia, Mikki Kendall confronts the shortcomings of contemporary feminism, starting from her own experience\"><figcaption class=\"widget__caption\">\n                        <span class=\"widget__captionWrap\"><br \/>\n                            <span class=\"widget__captionText\">In Feminismo na Periferia, Mikki Kendall confronts the shortcomings of contemporary feminism, starting from her own experience<\/span><br \/>\n                                    <span class=\"widget__captionCredit\">Kiala<\/span><br \/>\n                        <\/span><br \/>\n                    <\/figcaption><\/figure>\n<\/p><\/div>\n<\/p><\/div>\n<\/p><\/div>\n<\/div>\n<p>The second title, scheduled for November, will be <strong><em>The Death of Vivek Oji<\/em><\/strong>, by Akwaeke Emezi, who is from Nigeria. A celebrated novel, originally published in English in 2020, it explores identity, discovery and family and is also rooted in aspects of Nigerian society. <\/p>\n<p>Several criteria shape the choice of titles. The team tries to understand &#8220;what conversation this book might spark or continue in Portugal&#8221; and what readers may find in it. &#8220;<strong>A good book is a book that never stops saying what it has to say.<\/strong> That is our guiding star when choosing our books. A book that has a lot to say,&#8221; sums up Elga Fontes, pointing to this idea as one of the main selection criteria. <\/p>\n<h3>&#8220;Not every Black person gets published&#8221;<\/h3>\n<p>The imprint explicitly uses race as a criterion to tackle an inequality that Elga Fontes sees as very real, but not as a sufficient condition for publication. <\/p>\n<p>&#8220;Our racial criterion is purely instrumental,&#8221; she explains. &#8220;It is not a statement that Black authors form a homogeneous literary category that has to be confined to a single space.&#8221; <\/p>\n<p>Asked about the <strong>possibility that Kiala might end up pushing Black authors to the margins of the wider market<\/strong>, instead of fully integrating them into it, she rejects that interpretation.<\/p>\n<p>&#8220;Kiala is present across the publishing market, as far as we can manage. We do not have just a Kiala bookshop, we do not have just a little corner where Black authors can be. Our aim and our work is precisely to <strong>bring in the voices of Black authors where they are not yet present<\/strong>, where they are scarcely represented, because Kiala is an imprint of &#8216;affirmative action&#8217; created to <strong>correct a very real<\/strong> <strong>under\u2011representation<\/strong> in the publishing market,&#8221; she argues.<\/p>\n<p>For that reason, Kiala wants to be part of the traditional book market, rather than setting up a parallel circuit just for Black authors. The aim is &#8220;to normalise the idea of walking into a Portuguese bookshop and finding Black authors from different countries, in different genres and with different perspectives, without that being seen as something exceptional&#8221;. <\/p>\n<div class=\"widget widget--type-freeform\nwidget--size-large\nwidget--align-center\"><\/p>\n<div class=\"widget__wrapper\">\n<div class=\"widget__ratio widget__ratio--auto\">\n<div class=\"widget__contents\">\n<blockquote class=\"instagram-media\" data-instgrm-captioned data-instgrm-permalink=\"https:\/\/www.instagram.com\/p\/DcMPcBiCPek\/?utm_source=ig_embed&amp;utm_campaign=loading\" data-instgrm-version=\"14\">\n<div>\n<div>\n<div><\/div>\n<div>\n<div><\/div>\n<div><\/div>\n<\/div>\n<\/div>\n<div><\/div>\n<div><\/div>\n<div>\n<div>View this post on Instagram<\/div>\n<\/div>\n<div><\/div>\n<div>\n<div>\n<div><\/div>\n<div><\/div>\n<div><\/div>\n<\/div>\n<div>\n<div><\/div>\n<div><\/div>\n<\/div>\n<div>\n<div><\/div>\n<div><\/div>\n<div><\/div>\n<\/div>\n<\/div>\n<div>\n<div><\/div>\n<div><\/div>\n<\/div>\n<p>A post shared by Kiala Editora (@kialapt)<\/p>\n<\/div>\n<\/blockquote><\/div>\n<\/p><\/div>\n<\/p><\/div>\n<\/div>\n<p>The imprint itself acknowledges that it may be seen as a niche publisher \u2014 <strong>or even as a racist publisher.<\/strong> &#8220;There are many possible perceptions, but it is not my job to police what people think of Kiala. My job is simply to publish books by Black authors,&#8221; she stresses. <\/p>\n<p>The same concern for representation extends to the team that produces the books. Proofreaders, translators, designers and other professionals must meet quality standards, but <strong>Kiala also seeks to bring in Black professionals<\/strong>. The founder believes such professionals do exist in Portugal, even if they &#8220;face more obstacles to entry, because there are in fact very few working actively with publishers&#8221;. <\/p>\n<p>Kiala is not the pioneer of this kind of project. Internationally, Elga Fontes mentions, for instance, <strong>New Beacon,<\/strong> a publisher and bookshop in the United Kingdom that only publishes Black authors. In Brazil there is <strong>Mal\u00ea<\/strong>, which publishes Afro\u2011Brazilian literature. In the United States there is <strong>Black Classic Press<\/strong>, which focuses solely on classics of literature by Black authors. In the heart of Paris, <strong>Pr\u00e9sence Africaine Editions<\/strong>, created in 1949 to provide thinkers, writers and researchers from Africa and the diaspora &#8220;with a sounding board&#8221; so that their literary and scientific work can benefit from better conditions of dissemination and accessibility across the world. <\/p>\n<p>&#8220;Many people did this work long before Kiala existed. I believe Kiala exists because of that work and because of those people,&#8221; says Elga Fontes. <\/p>\n<h3>Growing without losing sight of the mission<\/h3>\n<p>Kiala is still small for now. In 2026 two books will be published and, in 2027, the plan is to increase to three. The 2027 list is already closed and will consist entirely of fiction. <strong>For 2028, the publisher intends to bring out Portuguese authors.<\/strong> <\/p>\n<p>The ambition, she explains, is not to become a big publisher at any cost, but to build a benchmark catalogue and show that it is possible to combine editorial quality, economic sustainability and <strong>&#8220;survive by betting on Black authors&#8221;<\/strong>. <\/p>\n<p>&#8220;Of course we would like to recoup the investment we make in our books,&#8221; says Elga Fontes. &#8220;That alone would be ideal for us, as it would allow us to go on publishing more and more.&#8221; <\/p>\n<p>Among the main obstacles are distribution, production costs, the price of paper and the small size of the Portuguese market. The publisher also points to the cost of living and the country&#8217;s reading habits as factors that make it particularly difficult for independent publishers to remain sustainable. <\/p>\n<p>&#8220;As for reading habits, although they have grown considerably in recent years, Portugal remains one of the countries that read the least in Europe. That is why books have to be more expensive, because publishers need to be able to make a profit, to stay afloat, to pay workers, to pay for the production of books,&#8221; she explains. <\/p>\n<p>Despite the challenges, she sees one goal as more important than Kiala&#8217;s own growth: <strong>reaching the point where the imprint is no longer needed<\/strong>. <\/p>\n<p>&#8220;I would very much like Kiala&#8217;s very premise to become obsolete, unnecessary, even absurd,&#8221; she says. All it would take, she suggests, is for the imprint&#8217;s work to encourage other publishers and publishing projects to invest more in Black authors. <\/p>\n<p>Until then, Kiala will go on seeking out voices that, in its founder&#8217;s view, still do not have enough space on Portuguese bookshop shelves. One absence that surprises her most is <strong>Octavia E. Butler<\/strong>, the African American author considered a major reference in science\u2011fiction literature, whose books have only begun to be published in Portugal in the past few years. <\/p>\n<p>Ultimately, the aim is for Black authors to stop being an exception in bookshop catalogues. And for them to be read simply for what they write, whether it is about identity, fantasy, humour, science fiction, family or any other subject. &#8220;There are many books by Black authors that are not about racism, and thank goodness for that,&#8221; concludes Elga Fontes.<\/p>\n<h3>Elga Fontes&#8217; reading suggestions<\/h3>\n<ul>\n<li><strong><em>Lend\u00e1rios<\/em><\/strong>, by Tracy Deonn, published by Desrotina in October 2022<\/li>\n<li><strong><em>The Vanishing Half<\/em><\/strong>, by Brit Bennett, published by Alfaguara Portugal in June 2021<\/li>\n<li><strong><em>A Cama Onde Elas Se Deitam<\/em><\/strong>, deFaridah \u00c0bike-\u00cdym\u00edd\u00e9, published by Desrotina in May 2024<\/li>\n<li><strong><em>Finding Me<\/em><\/strong>, by Viola Davis, published by Cultura Editora in August 2024<\/li>\n<li><strong><em>Irm\u00e3s Brown<\/em><\/strong>, by Talia Hibbert, series published by Desrotina<\/li>\n<\/ul>\n<div class=\"widget widget--type-image widget--size-fullwidth widget--animation-fade-in widget--align-center\" data-ratio=\"0.7326732673267327\">\n<div class=\"widget__wrapper\">\n<div class=\"widget__ratio widget__ratio--auto\">\n<div class=\"widget__contents\">\n<figure class=\"widget__figure\">\n                    <img decoding=\"async\" class=\"widgetImage__image\" loading=\"lazy\" src=\"https:\/\/images.euronews.com\/articles\/stories\/09\/88\/96\/81\/808x594_cmsv2_2218d739-27b2-5428-b9d8-d95b9866fac3-9889681.jpg\" alt=\"Elga Fontes&apos; reading suggestions\"><figcaption class=\"widget__caption\">\n                        <span class=\"widget__captionWrap\"><br \/>\n                            <span class=\"widget__captionText\">Elga Fontes&#8217; reading suggestions<\/span><br \/>\n                                    <span class=\"widget__captionCredit\">DR<\/span><br \/>\n                        <\/span><br \/>\n                    <\/figcaption><\/figure>\n<\/p><\/div>\n<\/p><\/div>\n<\/p><\/div>\n<\/div><\/div>\n<div id=\"adb-c-mention-original-translation\" class=\"c-mention-original-translation c-mention-original-translation--culture\">\n<aside>This text was translated with the help of artificial intelligence and originally published in\u00a0Portuguese    <\/aside>\n<\/div>\n<p>                          Go to accessibility shortcuts<\/p>\n<div class=\"c-article-share-comment u-align-items-center u-display-flex\">\n    <span class=\"c-article-share-comment__links u-align-items-center u-display-flex u-justify-content-center js-c-article-share-comment-share\"><\/p>\n<p>      <span class=\"c-article-share-comment__label\">Share<\/span><br \/>\n    <\/span><\/p>\n<p>        <span class=\"c-article-share-comment__label\">Comments<\/span><\/p>\n<p>        <span class=\"c-article-share-comment__label c-article-share-comment__label--always\">Add Euronews on Google<\/span><\/p><\/div>\n<div id=\"adb-article-you-might-also-like\" class=\"perf-cv-auto c-article-you-might-also-like\">\n<h2 class=\"c-article-you-might-also-like__title\">\n        Read more<br \/>\n      <\/h2>\n<div class=\"c-article-you-might-also-like__container\">\n<article id=\"abe-2905719-pos0-c-article-you-might-also-like__item\" class=\"the-media-object m-modeMobile-1 m-modeDesktop-1 m-modeXL-1 the-media-object--has-video\" data-nid=\"2905719\" data-cid=\"9816978\" data-part-label=\"Partner content\">\n<figure id=\"abe-2905719-label-pos0-c-article-you-might-also-like__item\" class=\"the-media-object__figure\">\n<p>      <img decoding=\"async\" class=\"the-media-object__image\" src=\"https:\/\/images.euronews.com\/articles\/stories\/09\/81\/69\/78\/480x270_cmsv2_9fa73d72-e028-565f-a3e0-5c2a4145bb5a-9816978.jpg\" loading=\"lazy\" alt=\"Dua Lipa opens library for banned and censored books in Portugal \" height=\"9\" width=\"16\"><\/p>\n<p>                      <span class=\"c-icon-video the-media-object__icon\"><\/span><br \/>\n            <\/figure>\n<div class=\"the-media-object__content\">\n                    Culture news<\/p>\n<h3 class=\"the-media-object__title  \">\n<p>    Dua Lipa opens library for banned and censored books in Portugal<br \/>\n  <\/h3>\n<\/p><\/div>\n<\/article>\n<article id=\"abe-2899339-pos1-c-article-you-might-also-like__item\" class=\"the-media-object m-modeMobile-1 m-modeDesktop-1 m-modeXL-1\" data-nid=\"2899339\" data-cid=\"9789773\" data-part-label=\"Partner content\">\n<figure id=\"abe-2899339-label-pos1-c-article-you-might-also-like__item\" class=\"the-media-object__figure\">\n<p>      <img decoding=\"async\" class=\"the-media-object__image\" src=\"https:\/\/images.euronews.com\/articles\/stories\/09\/78\/56\/85\/480x270_cmsv2_ede176cd-f2d9-5818-9710-90114f40030c-9785685.jpg\" loading=\"lazy\" alt=\"T\u00e2nia Ganho and Siri Hustvedt at the launch of &apos;Fantasmas&apos;\" height=\"9\" width=\"16\"><\/p>\n<\/figure>\n<div class=\"the-media-object__content\">\n                    World<\/p>\n<h3 class=\"the-media-object__title  \">\n<p>    Books, authors and readers: a day at the Lisbon Book Fair<br \/>\n  <\/h3>\n<\/p><\/div>\n<\/article>\n<article id=\"abe-2877628-pos2-c-article-you-might-also-like__item\" class=\"the-media-object m-modeMobile-1 m-modeDesktop-1 m-modeXL-1 the-media-object--has-video\" data-nid=\"2877628\" data-cid=\"9682201\" data-part-label=\"Partner content\">\n<figure id=\"abe-2877628-label-pos2-c-article-you-might-also-like__item\" class=\"the-media-object__figure\">\n<p>      <img decoding=\"async\" class=\"the-media-object__image\" src=\"https:\/\/images.euronews.com\/articles\/stories\/09\/68\/19\/58\/480x270_cmsv2_2e84d6ae-9a54-5c74-834e-44f786edd380-9681958.jpg\" loading=\"lazy\" alt=\"Francisco Borges in his favourite place, the library\" height=\"9\" width=\"16\"><\/p>\n<p>                      <span class=\"c-icon-video the-media-object__icon\"><\/span><br \/>\n            <\/figure>\n<div class=\"the-media-object__content\">\n                    Culture news<\/p>\n<h3 class=\"the-media-object__title  \">\n<p>    Read all about it: Portuguese teenage book addict goes viral<br \/>\n  <\/h3>\n<\/p><\/div>\n<\/article><\/div>\n<\/p><\/div>\n<div class=\"perf-cv-auto\">\n<ul id=\"adb-article-tags\" class=\"c-tags-list\">\n<li class=\"c-tags-list__item\">\n<section class=\"tc-cta\" data-twig-component=\"Cta-default\">\n  Literature<br \/>\n<\/section>\n<\/li>\n<li class=\"c-tags-list__item\">\n<section class=\"tc-cta\" data-twig-component=\"Cta-default\">\n  Culture<br \/>\n<\/section>\n<\/li>\n<li class=\"c-tags-list__item\">\n<section class=\"tc-cta\" data-twig-component=\"Cta-default\">\n  Books<br \/>\n<\/section>\n<\/li>\n<li class=\"c-tags-list__item\">\n<section class=\"tc-cta\" data-twig-component=\"Cta-default\">\n  Racism<br \/>\n<\/section>\n<\/li>\n<li class=\"c-tags-list__item\">\n<section class=\"tc-cta\" data-twig-component=\"Cta-default\">\n  Portugal<br \/>\n<\/section>\n<\/li>\n<\/ul>\n<\/div><\/div>\n<div class=\"perf-cv-auto tp-outbrain\">\n<div class=\"tp-article-outbrain OUTBRAIN\" data-is-secured=\"true\" data-src=\"https:\/\/www.euronews.com\/culture\/2026\/09\/01\/portugal-kiala-aims-to-bring-black-authors-from-the-margins-to-the-heart-of-publishing\" data-widget-id=\"AR_29\"><\/div>\n<\/p><\/div>\n<div class=\"tp-vuukle\">\n<div class=\"js-vuukle-container\" id=\"vuukle-comments-2920716\"><\/div>\n<div id=\"vuukle-newsfeed-2920716\"><\/div>\n<\/p><\/div>\n<\/p><\/div>\n<aside class=\"o-article-newsy__aside\">\n<div class=\"c-ad-wrapper o-article-newsy__aside__content-1\" data-ad-name=\"adzone-halfpage\">\n<div class=\"c-ad c-ad-halfpage u-show-for-desktop\">\n<div data-ad-id=\"adzone-halfpage_1\" data-ad-type=\"halfpage\" data-ad-position=\"1\" class=\"c-ad__adzone optidigital-halfpage-1 advertising js-adzone\"><\/div>\n<div class=\"c-ad__placeholder\">\n        <img loading=\"lazy\" decoding=\"async\" class=\"c-ad__placeholder__logo\" src=\"https:\/\/static.euronews.com\/website\/images\/logos\/logo-euronews-stacked-outlined-72x72-grey-9.svg\" width=\"72\" height=\"72\" alt><br \/>\n        <span>ADVERTISEMENT<\/span>\n      <\/div>\n<\/p><\/div>\n<div class=\"c-ad u-show-for-mobile-only\">\n<div data-ad-id=\"adzone-position\" data-ad-type=\"classic\" class=\"c-ad__adzone advertising optidigital-bottom-1\"><\/div>\n<div class=\"c-ad__placeholder\">\n          <img loading=\"lazy\" decoding=\"async\" class=\"c-ad__placeholder__logo\" src=\"https:\/\/static.euronews.com\/website\/images\/logos\/logo-euronews-stacked-outlined-72x72-grey-9.svg\" width=\"72\" height=\"72\" alt><br \/>\n          <span>ADVERTISEMENT<\/span>\n        <\/div>\n<\/p><\/div>\n<\/p><\/div>\n<div id=\"adb-article-top-stories\" class=\"perf-cv-auto c-top-stories\">\n<h2 class=\"c-top-stories__title\">Top stories<\/h2>\n<div class=\"c-top-stories__item\">\n<article id=\"abe-2921966-pos2-top-stories\" class=\"the-media-object m-modeMobile-2 m-modeDesktop-2 m-modeXL-2 the-media-object--has-video the-media-object--no-label\" data-nid=\"2921966\" data-cid=\"9895859\" data-part-label=\"Partner content\">\n<figure id=\"abe-2921966-label-pos2-top-stories\" class=\"the-media-object__figure\">\n<p>      <img decoding=\"async\" class=\"the-media-object__image\" src=\"https:\/\/images.euronews.com\/articles\/stories\/09\/89\/58\/59\/320x180_cmsv2_754c6f63-c07c-5b82-94fa-28a9b1304815-9895859.jpg\" loading=\"lazy\" alt=\"FILE: British fashion designer John Galliano after presenting Dior Haute Couture spring\/summer 2010 fashion collection in Paris, 25 Jan 2010 \" height=\"9\" width=\"16\"><\/p>\n<p>                      <span class=\"c-icon-video the-media-object__icon\"><\/span><br \/>\n            <\/figure>\n<div class=\"the-media-object__content\">\n<h3 class=\"the-media-object__title  \">\n<p>    John Galliano backs out of Met Gala show as racism backlash grows<br \/>\n  <\/h3>\n<\/p><\/div>\n<\/article><\/div>\n<div class=\"c-top-stories__item\">\n<article id=\"abe-2921908-pos3-top-stories\" class=\"the-media-object m-modeMobile-2 m-modeDesktop-2 m-modeXL-2 the-media-object--no-label\" data-nid=\"2921908\" data-cid=\"9895521\" data-part-label=\"Partner content\">\n<figure id=\"abe-2921908-label-pos3-top-stories\" class=\"the-media-object__figure\">\n<p>      <img decoding=\"async\" class=\"the-media-object__image\" src=\"https:\/\/images.euronews.com\/articles\/stories\/09\/89\/55\/21\/320x180_cmsv2_4d2f649a-108a-591b-8194-f4d1fe4bca2a-9895521.jpg\" loading=\"lazy\" alt=\"\u2018Polyester\u2019: Understanding Gen Z\u2019s new favourite insult (and why it\u2019s a good thing)\" height=\"9\" width=\"16\"><\/p>\n<\/figure>\n<div class=\"the-media-object__content\">\n<h3 class=\"the-media-object__title  \">\n<p>    \u2018Polyester\u2019: Understanding Gen Z\u2019s new favourite insult (and why it\u2019s a good thing)<br \/>\n  <\/h3>\n<\/p><\/div>\n<\/article><\/div>\n<div class=\"c-top-stories__item\">\n<article id=\"abe-2921838-pos4-top-stories\" class=\"the-media-object m-modeMobile-2 m-modeDesktop-2 m-modeXL-2 the-media-object--no-label\" data-nid=\"2921838\" data-cid=\"9895098\" data-part-label=\"Partner content\">\n<figure id=\"abe-2921838-label-pos4-top-stories\" class=\"the-media-object__figure\">\n<p>      <img decoding=\"async\" class=\"the-media-object__image\" src=\"https:\/\/images.euronews.com\/articles\/stories\/09\/89\/50\/98\/320x180_cmsv2_2fb60a77-8fe4-5601-997a-b3827e3ec11f-9895098.jpg\" loading=\"lazy\" alt=\"\u2018Spider-Man: Brand New Day\u2019 dethrones \u2018Titanic\u2019 and nears all-time box office Top Three\" height=\"9\" width=\"16\"><\/p>\n<\/figure>\n<div class=\"the-media-object__content\">\n<h3 class=\"the-media-object__title  \">\n<p>    \u2018Spider-Man: Brand New Day\u2019 dethrones \u2018Titanic\u2019 and nears all-time box office Top Three<br \/>\n  <\/h3>\n<\/p><\/div>\n<\/article><\/div>\n<div class=\"c-top-stories__item\">\n<article id=\"abe-2920990-pos5-top-stories\" class=\"the-media-object m-modeMobile-2 m-modeDesktop-2 m-modeXL-2 the-media-object--no-label\" data-nid=\"2920990\" data-cid=\"9891223\" data-part-label=\"Partner content\">\n<figure id=\"abe-2920990-label-pos5-top-stories\" class=\"the-media-object__figure\">\n<p>      <img decoding=\"async\" class=\"the-media-object__image\" src=\"https:\/\/images.euronews.com\/articles\/stories\/09\/89\/12\/23\/320x180_cmsv2_5e03acfd-d8d4-5d35-bee5-c5c55e055f01-9891223.jpg\" loading=\"lazy\" alt=\"Ellie Goulding, 2023 \u2014 &apos;The Gentlemen&apos; \u2014 &apos;The Death of Robin Hood&apos;\" height=\"9\" width=\"16\"><\/p>\n<\/figure>\n<div class=\"the-media-object__content\">\n<h3 class=\"the-media-object__title  \">\n<p>    The best things to do, hear, see or watch in Europe this week<br \/>\n  <\/h3>\n<\/p><\/div>\n<\/article><\/div>\n<div class=\"c-top-stories__item\">\n<article id=\"abe-2921967-pos6-top-stories\" class=\"the-media-object m-modeMobile-2 m-modeDesktop-2 m-modeXL-2 the-media-object--no-label\" data-nid=\"2921967\" data-cid=\"9895872\" data-part-label=\"Partner content\">\n<figure id=\"abe-2921967-label-pos6-top-stories\" class=\"the-media-object__figure\">\n<p>      <img decoding=\"async\" class=\"the-media-object__image\" src=\"https:\/\/images.euronews.com\/articles\/stories\/09\/89\/58\/72\/320x180_cmsv2_0258a57c-e025-51ed-bb9f-11aab6790d7b-9895872.jpg\" loading=\"lazy\" alt=\"Dolly Parton has left fans a secret song \u2013 but it\u2019s locked away until 2045\" height=\"9\" width=\"16\"><\/p>\n<\/figure>\n<div class=\"the-media-object__content\">\n<h3 class=\"the-media-object__title  \">\n<p>    Dolly Parton has left fans a secret song \u2013 but it\u2019s locked away and buried until 2045<br \/>\n  <\/h3>\n<\/p><\/div>\n<\/article><\/div>\n<\/p><\/div>\n<div class=\"perf-cv-auto c-ad-wrapper o-article-newsy__aside__content-2\" data-ad-name=\"adzone-halfpage\">\n<div class=\"c-ad c-ad-halfpage u-show-for-desktop\">\n<div data-ad-id=\"adzone-halfpage_2\" data-ad-type=\"halfpage\" data-ad-position=\"2\" class=\"c-ad__adzone optidigital-halfpage-2 advertising js-adzone\"><\/div>\n<div class=\"c-ad__placeholder\">\n        <img loading=\"lazy\" decoding=\"async\" class=\"c-ad__placeholder__logo\" src=\"https:\/\/static.euronews.com\/website\/images\/logos\/logo-euronews-stacked-outlined-72x72-grey-9.svg\" width=\"72\" height=\"72\" alt><br \/>\n        <span>ADVERTISEMENT<\/span>\n      <\/div>\n<\/p><\/div>\n<div class=\"c-ad u-show-for-mobile-only\">\n<div data-ad-id=\"adzone-position\" data-ad-type=\"classic\" class=\"c-ad__adzone advertising optidigital-bottom-2\"><\/div>\n<div class=\"c-ad__placeholder\">\n          <img loading=\"lazy\" decoding=\"async\" class=\"c-ad__placeholder__logo\" src=\"https:\/\/static.euronews.com\/website\/images\/logos\/logo-euronews-stacked-outlined-72x72-grey-9.svg\" width=\"72\" height=\"72\" alt><br \/>\n          <span>ADVERTISEMENT<\/span>\n        <\/div>\n<\/p><\/div>\n<\/p><\/div>\n<div class=\"perf-cv-auto c-most-viewed\">\n<h2 class=\"c-most-viewed__title qa-section-title\">Most read<\/h2>\n<div class=\"c-most-viewed__list\">\n<div class=\"c-most-viewed__item\">\n          <span class=\"c-most-viewed__item__number\">1<\/span><\/p>\n<article id=\"abe-2921322-pos1-mostViewed\" class=\"the-media-object m-modeMobile-3 m-modeDesktop-3 m-modeXL-3 the-media-object--has-related the-media-object--no-label\" data-nid=\"2921322\" data-cid=\"9892933\" data-part-label=\"Partner content\">\n<div class=\"the-media-object__content\">\n<h3 class=\"the-media-object__title  \">\n<p>    \u2018Disgusting\u2019: Donald Trump faces backlash for posting AI image of him and Dolly Parton<br \/>\n  <\/h3>\n<\/p><\/div>\n<\/article><\/div>\n<div class=\"c-most-viewed__item\">\n          <span class=\"c-most-viewed__item__number\">2<\/span><\/p>\n<article id=\"abe-2921234-pos2-mostViewed\" class=\"the-media-object m-modeMobile-3 m-modeDesktop-3 m-modeXL-3 the-media-object--has-related the-media-object--no-label\" data-nid=\"2921234\" data-cid=\"9892471\" data-part-label=\"Partner content\">\n<div class=\"the-media-object__content\">\n<h3 class=\"the-media-object__title  \">\n<p>    Barton\u2026 Jack Barton: Could this unknown British actor be the next James Bond?<br \/>\n  <\/h3>\n<\/p><\/div>\n<\/article><\/div>\n<div class=\"c-most-viewed__item\">\n          <span class=\"c-most-viewed__item__number\">3<\/span><\/p>\n<article id=\"abe-2921908-pos3-mostViewed\" class=\"the-media-object m-modeMobile-3 m-modeDesktop-3 m-modeXL-3 the-media-object--has-related the-media-object--no-label\" data-nid=\"2921908\" data-cid=\"9895521\" data-part-label=\"Partner content\">\n<div class=\"the-media-object__content\">\n<h3 class=\"the-media-object__title  \">\n<p>    \u2018Polyester\u2019: Understanding Gen Z\u2019s new favourite insult (and why it\u2019s a good thing)<br \/>\n  <\/h3>\n<\/p><\/div>\n<\/article><\/div>\n<div class=\"c-most-viewed__item\">\n          <span class=\"c-most-viewed__item__number\">4<\/span><\/p>\n<article id=\"abe-2921838-pos4-mostViewed\" class=\"the-media-object m-modeMobile-3 m-modeDesktop-3 m-modeXL-3 the-media-object--has-related the-media-object--no-label\" data-nid=\"2921838\" data-cid=\"9895098\" data-part-label=\"Partner content\">\n<div class=\"the-media-object__content\">\n<h3 class=\"the-media-object__title  \">\n<p>    \u2018Spider-Man: Brand New Day\u2019 dethrones \u2018Titanic\u2019 and nears all-time box office Top Three<br \/>\n  <\/h3>\n<\/p><\/div>\n<\/article><\/div>\n<div class=\"c-most-viewed__item\">\n          <span class=\"c-most-viewed__item__number\">5<\/span><\/p>\n<article id=\"abe-2921966-pos5-mostViewed\" class=\"the-media-object m-modeMobile-3 m-modeDesktop-3 m-modeXL-3 the-media-object--has-video the-media-object--has-related the-media-object--no-label\" data-nid=\"2921966\" data-cid=\"9895859\" data-part-label=\"Partner content\">\n<div class=\"the-media-object__content\">\n<h3 class=\"the-media-object__title  \">\n<p>    John Galliano backs out of Met Gala show as racism backlash grows<br \/>\n  <\/h3>\n<\/p><\/div>\n<\/article><\/div>\n<\/p><\/div>\n<\/p><\/div>\n<div class=\"perf-cv-auto c-ad-wrapper o-article-newsy__aside__content-3\" data-ad-name=\"adzone-halfpage\">\n<div class=\"c-ad c-ad-halfpage u-show-for-desktop\">\n<div data-ad-id=\"adzone-halfpage_3\" data-ad-type=\"halfpage\" data-ad-position=\"3\" class=\"c-ad__adzone optidigital-halfpage-3 advertising js-adzone\"><\/div>\n<div class=\"c-ad__placeholder\">\n        <img loading=\"lazy\" decoding=\"async\" class=\"c-ad__placeholder__logo\" src=\"https:\/\/static.euronews.com\/website\/images\/logos\/logo-euronews-stacked-outlined-72x72-grey-9.svg\" width=\"72\" height=\"72\" alt><br \/>\n        <span>ADVERTISEMENT<\/span>\n      <\/div>\n<\/p><\/div>\n<div class=\"c-ad u-show-for-mobile-only\">\n<div data-ad-id=\"adzone-position\" data-ad-type=\"classic\" class=\"c-ad__adzone advertising optidigital-bottom-3\"><\/div>\n<div class=\"c-ad__placeholder\">\n          <img loading=\"lazy\" decoding=\"async\" class=\"c-ad__placeholder__logo\" src=\"https:\/\/static.euronews.com\/website\/images\/logos\/logo-euronews-stacked-outlined-72x72-grey-9.svg\" width=\"72\" height=\"72\" alt><br \/>\n          <span>ADVERTISEMENT<\/span>\n        <\/div>\n<\/p><\/div>\n<\/p><\/div>\n<\/aside><\/div>\n<\/article>\n<article id=\"abe-2905719-pos0-c-article-you-might-also-like__item\" class=\"the-media-object m-modeMobile-1 m-modeDesktop-1 m-modeXL-1 the-media-object--has-video\" data-nid=\"2905719\" data-cid=\"9816978\" data-part-label=\"Partner content\">\n<figure id=\"abe-2905719-label-pos0-c-article-you-might-also-like__item\" class=\"the-media-object__figure\">\n<p>      <img decoding=\"async\" class=\"the-media-object__image\" src=\"https:\/\/images.euronews.com\/articles\/stories\/09\/81\/69\/78\/480x270_cmsv2_9fa73d72-e028-565f-a3e0-5c2a4145bb5a-9816978.jpg\" loading=\"lazy\" alt=\"Dua Lipa opens library for banned and censored books in Portugal \" height=\"9\" width=\"16\"><\/p>\n<p>                      <span class=\"c-icon-video the-media-object__icon\"><\/span><br \/>\n            <\/figure>\n<div class=\"the-media-object__content\">\n                    Culture news<\/p>\n<h3 class=\"the-media-object__title  \">\n<p>    Dua Lipa opens library for banned and censored books in Portugal<br \/>\n  <\/h3>\n<\/p><\/div>\n<\/article>\n<article id=\"abe-2899339-pos1-c-article-you-might-also-like__item\" class=\"the-media-object m-modeMobile-1 m-modeDesktop-1 m-modeXL-1\" data-nid=\"2899339\" data-cid=\"9789773\" data-part-label=\"Partner content\">\n<figure id=\"abe-2899339-label-pos1-c-article-you-might-also-like__item\" class=\"the-media-object__figure\">\n<p>      <img decoding=\"async\" class=\"the-media-object__image\" src=\"https:\/\/images.euronews.com\/articles\/stories\/09\/78\/56\/85\/480x270_cmsv2_ede176cd-f2d9-5818-9710-90114f40030c-9785685.jpg\" loading=\"lazy\" alt=\"T\u00e2nia Ganho and Siri Hustvedt at the launch of &apos;Fantasmas&apos;\" height=\"9\" width=\"16\"><\/p>\n<\/figure>\n<div class=\"the-media-object__content\">\n                    World<\/p>\n<h3 class=\"the-media-object__title  \">\n<p>    Books, authors and readers: a day at the Lisbon Book Fair<br \/>\n  <\/h3>\n<\/p><\/div>\n<\/article>\n<article id=\"abe-2877628-pos2-c-article-you-might-also-like__item\" class=\"the-media-object m-modeMobile-1 m-modeDesktop-1 m-modeXL-1 the-media-object--has-video\" data-nid=\"2877628\" data-cid=\"9682201\" data-part-label=\"Partner content\">\n<figure id=\"abe-2877628-label-pos2-c-article-you-might-also-like__item\" class=\"the-media-object__figure\">\n<p>      <img decoding=\"async\" class=\"the-media-object__image\" src=\"https:\/\/images.euronews.com\/articles\/stories\/09\/68\/19\/58\/480x270_cmsv2_2e84d6ae-9a54-5c74-834e-44f786edd380-9681958.jpg\" loading=\"lazy\" alt=\"Francisco Borges in his favourite place, the library\" height=\"9\" width=\"16\"><\/p>\n<p>                      <span class=\"c-icon-video the-media-object__icon\"><\/span><br \/>\n            <\/figure>\n<div class=\"the-media-object__content\">\n                    Culture news<\/p>\n<h3 class=\"the-media-object__title  \">\n<p>    Read all about it: Portuguese teenage book addict goes viral<br \/>\n  <\/h3>\n<\/p><\/div>\n<\/article>\n<article id=\"abe-2921966-pos2-top-stories\" class=\"the-media-object m-modeMobile-2 m-modeDesktop-2 m-modeXL-2 the-media-object--has-video the-media-object--no-label\" data-nid=\"2921966\" data-cid=\"9895859\" data-part-label=\"Partner content\">\n<figure id=\"abe-2921966-label-pos2-top-stories\" class=\"the-media-object__figure\">\n<p>      <img decoding=\"async\" class=\"the-media-object__image\" src=\"https:\/\/images.euronews.com\/articles\/stories\/09\/89\/58\/59\/320x180_cmsv2_754c6f63-c07c-5b82-94fa-28a9b1304815-9895859.jpg\" loading=\"lazy\" alt=\"FILE: British fashion designer John Galliano after presenting Dior Haute Couture spring\/summer 2010 fashion collection in Paris, 25 Jan 2010 \" height=\"9\" width=\"16\"><\/p>\n<p>                      <span class=\"c-icon-video the-media-object__icon\"><\/span><br \/>\n            <\/figure>\n<div class=\"the-media-object__content\">\n<h3 class=\"the-media-object__title  \">\n<p>    John Galliano backs out of Met Gala show as racism backlash grows<br \/>\n  <\/h3>\n<\/p><\/div>\n<\/article>\n<article id=\"abe-2921908-pos3-top-stories\" class=\"the-media-object m-modeMobile-2 m-modeDesktop-2 m-modeXL-2 the-media-object--no-label\" data-nid=\"2921908\" data-cid=\"9895521\" data-part-label=\"Partner content\">\n<figure id=\"abe-2921908-label-pos3-top-stories\" class=\"the-media-object__figure\">\n<p>      <img decoding=\"async\" class=\"the-media-object__image\" src=\"https:\/\/images.euronews.com\/articles\/stories\/09\/89\/55\/21\/320x180_cmsv2_4d2f649a-108a-591b-8194-f4d1fe4bca2a-9895521.jpg\" loading=\"lazy\" alt=\"\u2018Polyester\u2019: Understanding Gen Z\u2019s new favourite insult (and why it\u2019s a good thing)\" height=\"9\" width=\"16\"><\/p>\n<\/figure>\n<div class=\"the-media-object__content\">\n<h3 class=\"the-media-object__title  \">\n<p>    \u2018Polyester\u2019: Understanding Gen Z\u2019s new favourite insult (and why it\u2019s a good thing)<br \/>\n  <\/h3>\n<\/p><\/div>\n<\/article>\n<article id=\"abe-2921838-pos4-top-stories\" class=\"the-media-object m-modeMobile-2 m-modeDesktop-2 m-modeXL-2 the-media-object--no-label\" data-nid=\"2921838\" data-cid=\"9895098\" data-part-label=\"Partner content\">\n<figure id=\"abe-2921838-label-pos4-top-stories\" class=\"the-media-object__figure\">\n<p>      <img decoding=\"async\" class=\"the-media-object__image\" src=\"https:\/\/images.euronews.com\/articles\/stories\/09\/89\/50\/98\/320x180_cmsv2_2fb60a77-8fe4-5601-997a-b3827e3ec11f-9895098.jpg\" loading=\"lazy\" alt=\"\u2018Spider-Man: Brand New Day\u2019 dethrones \u2018Titanic\u2019 and nears all-time box office Top Three\" height=\"9\" width=\"16\"><\/p>\n<\/figure>\n<div class=\"the-media-object__content\">\n<h3 class=\"the-media-object__title  \">\n<p>    \u2018Spider-Man: Brand New Day\u2019 dethrones \u2018Titanic\u2019 and nears all-time box office Top Three<br \/>\n  <\/h3>\n<\/p><\/div>\n<\/article>\n<article id=\"abe-2920990-pos5-top-stories\" class=\"the-media-object m-modeMobile-2 m-modeDesktop-2 m-modeXL-2 the-media-object--no-label\" data-nid=\"2920990\" data-cid=\"9891223\" data-part-label=\"Partner content\">\n<figure id=\"abe-2920990-label-pos5-top-stories\" class=\"the-media-object__figure\">\n<p>      <img decoding=\"async\" class=\"the-media-object__image\" src=\"https:\/\/images.euronews.com\/articles\/stories\/09\/89\/12\/23\/320x180_cmsv2_5e03acfd-d8d4-5d35-bee5-c5c55e055f01-9891223.jpg\" loading=\"lazy\" alt=\"Ellie Goulding, 2023 \u2014 &apos;The Gentlemen&apos; \u2014 &apos;The Death of Robin Hood&apos;\" height=\"9\" width=\"16\"><\/p>\n<\/figure>\n<div class=\"the-media-object__content\">\n<h3 class=\"the-media-object__title  \">\n<p>    The best things to do, hear, see or watch in Europe this week<br \/>\n  <\/h3>\n<\/p><\/div>\n<\/article>\n<article id=\"abe-2921967-pos6-top-stories\" class=\"the-media-object m-modeMobile-2 m-modeDesktop-2 m-modeXL-2 the-media-object--no-label\" data-nid=\"2921967\" data-cid=\"9895872\" data-part-label=\"Partner content\">\n<figure id=\"abe-2921967-label-pos6-top-stories\" class=\"the-media-object__figure\">\n<p>      <img decoding=\"async\" class=\"the-media-object__image\" src=\"https:\/\/images.euronews.com\/articles\/stories\/09\/89\/58\/72\/320x180_cmsv2_0258a57c-e025-51ed-bb9f-11aab6790d7b-9895872.jpg\" loading=\"lazy\" alt=\"Dolly Parton has left fans a secret song \u2013 but it\u2019s locked away until 2045\" height=\"9\" width=\"16\"><\/p>\n<\/figure>\n<div class=\"the-media-object__content\">\n<h3 class=\"the-media-object__title  \">\n<p>    Dolly Parton has left fans a secret song \u2013 but it\u2019s locked away and buried until 2045<br \/>\n  <\/h3>\n<\/p><\/div>\n<\/article>\n<article id=\"abe-2921322-pos1-mostViewed\" class=\"the-media-object m-modeMobile-3 m-modeDesktop-3 m-modeXL-3 the-media-object--has-related the-media-object--no-label\" data-nid=\"2921322\" data-cid=\"9892933\" data-part-label=\"Partner content\">\n<div class=\"the-media-object__content\">\n<h3 class=\"the-media-object__title  \">\n<p>    \u2018Disgusting\u2019: Donald Trump faces backlash for posting AI image of him and Dolly Parton<br \/>\n  <\/h3>\n<\/p><\/div>\n<\/article>\n<article id=\"abe-2921234-pos2-mostViewed\" class=\"the-media-object m-modeMobile-3 m-modeDesktop-3 m-modeXL-3 the-media-object--has-related the-media-object--no-label\" data-nid=\"2921234\" data-cid=\"9892471\" data-part-label=\"Partner content\">\n<div class=\"the-media-object__content\">\n<h3 class=\"the-media-object__title  \">\n<p>    Barton\u2026 Jack Barton: Could this unknown British actor be the next James Bond?<br \/>\n  <\/h3>\n<\/p><\/div>\n<\/article>\n<article id=\"abe-2921908-pos3-mostViewed\" class=\"the-media-object m-modeMobile-3 m-modeDesktop-3 m-modeXL-3 the-media-object--has-related the-media-object--no-label\" data-nid=\"2921908\" data-cid=\"9895521\" data-part-label=\"Partner content\">\n<div class=\"the-media-object__content\">\n<h3 class=\"the-media-object__title  \">\n<p>    \u2018Polyester\u2019: Understanding Gen Z\u2019s new favourite insult (and why it\u2019s a good thing)<br \/>\n  <\/h3>\n<\/p><\/div>\n<\/article>\n<article id=\"abe-2921838-pos4-mostViewed\" class=\"the-media-object m-modeMobile-3 m-modeDesktop-3 m-modeXL-3 the-media-object--has-related the-media-object--no-label\" data-nid=\"2921838\" data-cid=\"9895098\" data-part-label=\"Partner content\">\n<div class=\"the-media-object__content\">\n<h3 class=\"the-media-object__title  \">\n<p>    \u2018Spider-Man: Brand New Day\u2019 dethrones \u2018Titanic\u2019 and nears all-time box office Top Three<br \/>\n  <\/h3>\n<\/p><\/div>\n<\/article>\n<article id=\"abe-2921966-pos5-mostViewed\" class=\"the-media-object m-modeMobile-3 m-modeDesktop-3 m-modeXL-3 the-media-object--has-video the-media-object--has-related the-media-object--no-label\" data-nid=\"2921966\" data-cid=\"9895859\" data-part-label=\"Partner content\">\n<div class=\"the-media-object__content\">\n<h3 class=\"the-media-object__title  \">\n<p>    John Galliano backs out of Met Gala show as racism backlash grows<br \/>\n  <\/h3>\n<\/p><\/div>\n<\/article>\n<div class=\"articleBody\" data-key=\"articleBody\">Kiala (source in Portuguese) was born from an idea that had been on Elga Fontes&#8217; mind for years: creating room in the Portuguese publishing market for Black authors. The imprint of the publishing house V\u00edrgula d\u2019Interroga\u00e7\u00e3o officially entered the market\u00a0in May this year\u00a0and intends to publish books exclusively by Black authors, but its founder rejects the notion that this amounts to setting up a closed-off space or a literary category of its own.\u00a0&#8220;Kiala is a word in Kimbundu [one of Angola&#8217;s Bantu languages] that means to illuminate or bring light,&#8221; explains Elga Fontes, who saw in the name a concise expression of what she wanted to build. The idea began to take shape about two years ago, when, then working as an editor at V\u00edrgula d\u2019Interroga\u00e7\u00e3o, she presented the project to Diana Almeida, the publishing director. After getting the green light, roughly two years of brand-building followed.\u00a0The need for the imprint arose in part from Elga Fontes&#8217; own experience as a reader and publishing professional. During her master&#8217;s degree, she analysed the catalogue of a Portuguese publisher and found that, among the hundreds of books brought out in the three years she examined, only about 10% were by non\u2011white authors. Later she extended her analysis to other publishing groups and also followed the new releases announced by publishers with which she partners as a content creator.\u00a0The conclusion, she tells Euronews, was similar: &#8220;There was, and still is, a lack of space for books by Black authors.&#8221; In Portugal, she adds, she is not aware of any formal study or platform that systematically tracks racial representation in the publishing market.\u00a0For Elga Fontes, the problem cannot be pinned on a single player in the process of getting a manuscript published, from editors, literary agents and critics to readers themselves and what they look for. The Portuguese market is small and fragile, publishers chase titles with commercial potential and social media tends to amplify books that already attract attention. At the same time, she believes, some readers are less open to works that stray from what is seen as the norm.\u00a0&#8220;There is no culprit. And Kiala is not intended as a criticism, it is meant as encouragement,&#8221; she says.\u00a0An imprint to break out of the stereotype\u00a0One of the principles guiding Kiala is precisely to push back against the idea that literature by Black authors must necessarily be about racial experience. For the publisher and founder, talking about a single &#8220;Black experience&#8221; is reductive: Black people&#8217;s lives are diverse, even if some are marked by common problems such as racism.\u00a0The imprint also wants to challenge the automatic link between Black authors and stories of pain. &#8220;With Kiala we also wanted to unsettle the notion that a Black person can only write about racism and suffering&#8221;, she explains.\u00a0The problem, she adds, also lies in the way works are assessed. &#8220;We tend to see the creations of Black people as an exception, not as universal,&#8221; she says. A white author can write about virtually any topic and have the quality of their work acknowledged regardless of the subject; for Black authors, she believes, that principle does not always hold.That is why Kiala is not only looking for books centred on racial issues. Its first title, Feminismo na Periferia (source in Portuguese) by US writer, activist and cultural critic Mikki Kendall, &#8220;is a non\u2011fiction book that challenges a feminism presented as universal and addresses themes such as ethnicity, class, poverty and violence&#8221;.\u00a0The second title, scheduled for November, will be The Death of Vivek Oji, by Akwaeke Emezi, who is from Nigeria.\u00a0A celebrated\u00a0novel, originally published in English in 2020,\u00a0it explores identity, discovery and family and is also rooted in aspects of Nigerian society.\u00a0Several criteria shape the choice of titles. The team tries to understand &#8220;what conversation this book might spark or continue in Portugal&#8221; and what readers may find in it. &#8220;A good book is a book that never stops saying what it has to say. That is\u00a0our guiding star when choosing our books.\u00a0A\u00a0book that has a lot to say,&#8221; sums up Elga Fontes, pointing to this idea as one of the main selection criteria.\u00a0&#8220;Not every Black person gets published&#8221;\u00a0The imprint explicitly uses race as a criterion to tackle an inequality that Elga Fontes sees as very real, but not as a sufficient condition for publication.\u00a0&#8220;Our racial criterion is purely instrumental,&#8221; she explains. &#8220;It is not a statement that Black authors form a homogeneous literary category that has to be confined to a single space.&#8221;\u00a0Asked about the possibility that Kiala might end up pushing Black authors to the margins of the wider market, instead of fully integrating them into it, she rejects that interpretation.&#8221;Kiala is present across the publishing market, as far as we can manage. We do not have just a Kiala bookshop, we do not have just a little corner where Black authors can be. Our aim and our work is precisely to bring in the voices of Black authors where they are not yet present, where they are scarcely represented, because Kiala is an imprint of &#8216;affirmative action&#8217; created to correct a very real under\u2011representation in the publishing market,&#8221; she argues.For that reason, Kiala wants to be part of the traditional book market, rather than setting up a parallel circuit just for Black authors. The aim is &#8220;to normalise the idea of walking into a Portuguese bookshop and finding Black authors from different countries, in different genres and with different perspectives, without that being seen as something exceptional&#8221;.\u00a0The imprint itself acknowledges that it may be seen as a niche publisher \u2014 or even as a racist publisher. &#8220;There are many possible perceptions, but it is not my job to police what people think of Kiala. My job is simply to publish books by Black authors,&#8221; she stresses.\u00a0The same concern for representation extends to the team that produces the books. Proofreaders, translators, designers and other professionals must meet quality standards, but Kiala also seeks to bring in Black professionals.\u00a0The founder\u00a0believes such professionals do exist in Portugal, even if they &#8220;face more obstacles to entry, because there are in fact very few working actively with publishers&#8221;.\u00a0Kiala is not the pioneer of this kind of project. Internationally, Elga Fontes mentions, for instance, New Beacon, a publisher and bookshop in the United Kingdom that only publishes Black authors.\u00a0In Brazil there is Mal\u00ea, which publishes Afro\u2011Brazilian literature. In the United States there is Black Classic Press, which focuses solely on classics of literature by Black authors. In the heart of Paris, Pr\u00e9sence Africaine Editions, created in 1949 to provide thinkers, writers and researchers from Africa and the diaspora &#8220;with a sounding board&#8221; so that their literary and scientific work can benefit from better conditions of dissemination and accessibility across the world.&#8221;Many people did this work long before Kiala existed. I believe Kiala exists because of that work and because of those people,&#8221; says Elga Fontes.\u00a0\u00a0Growing without losing sight of the mission\u00a0Kiala is still small for now. In 2026 two books will be published and, in 2027, the plan is to increase to three. The 2027 list is already closed and will consist entirely of fiction. For 2028, the publisher intends to bring out Portuguese authors.\u00a0The ambition, she explains, is not to become a big publisher at any cost, but to build a benchmark catalogue and show that it is possible to combine editorial quality, economic sustainability and &#8220;survive by betting on Black authors&#8221;.\u00a0&#8220;Of course we would like to recoup the investment we make in our books,&#8221; says Elga Fontes. &#8220;That alone would be ideal for us, as it would allow us to go on publishing more and more.&#8221;\u00a0Among the main obstacles are distribution, production costs, the price of paper and the small size of the Portuguese market. The publisher also points to the cost of living and the country&#8217;s reading habits as factors that make it particularly difficult for\u00a0independent publishers to remain sustainable. \u00a0&#8220;As for reading habits, although they have grown considerably in recent years, Portugal remains one of the countries that read the least in Europe. That is why books have\u00a0to be more expensive, because publishers need to be able to make a profit, to stay afloat, to pay workers, to pay for the production of books,&#8221; she explains.\u00a0Despite the challenges, she sees one goal as more important than Kiala&#8217;s own growth: reaching the point where the imprint is no longer needed.\u00a0&#8220;I would very much like Kiala&#8217;s very premise to become obsolete, unnecessary, even absurd,&#8221; she says. All it would take, she suggests, is for the imprint&#8217;s work to encourage other publishers and publishing projects to invest more in Black authors.\u00a0Until then, Kiala will go on seeking out voices that, in its founder&#8217;s view, still do not have enough space on Portuguese bookshop shelves. One absence that surprises her most is Octavia E. Butler, the African American author considered a major reference in science\u2011fiction literature, whose books have only begun\u00a0to be published in Portugal in the past few years.\u00a0Ultimately, the aim is for Black authors to stop being an exception in bookshop catalogues. And for them to be read simply for what they write, whether it is about identity, fantasy, humour, science fiction, family or any other subject. &#8220;There are many books by Black authors that are not about racism, and thank goodness for that,&#8221; concludes Elga Fontes.Elga Fontes&#8217; reading suggestionsLend\u00e1rios, by Tracy Deonn, published by Desrotina in October 2022The Vanishing Half, by Brit Bennett, published by Alfaguara Portugal in June 2021A Cama Onde Elas Se Deitam, de Faridah \u00c0bike-\u00cdym\u00edd\u00e9, published by Desrotina in May 2024Finding Me, by Viola Davis, published by Cultura Editora in August 2024Irm\u00e3s Brown, by Talia Hibbert, series published by Desrotina<\/div>\n<p>[analyse_source url=&#8221;https:\/\/www.euronews.com\/culture\/2026\/09\/01\/portugal-kiala-aims-to-bring-black-authors-from-the-margins-to-the-heart-of-publishing&#8221;]<\/p>\n","protected":false},"excerpt":{"rendered":"<p>[analyse_image type=&#8221;featured&#8221; src=&#8221;https:\/\/images.euronews.com\/articles\/stories\/09\/88\/96\/81\/1200x675_cmsv2_ffd2fe55-9fef-544e-8cf0-39287b95a48c-9889681.jpg&#8221;] Europe News EU eyes Arctic resources to cut dependence on China Europe News Orb\u00e1n-founded Brussels think tank MCC Brussels to close Europe News Improvised explosive devices found near German power plant, police say No Comment South London Hindu temple prays for missing members after deadly floods in Nepal Europe News EU eyes [&hellip;]<\/p>\n","protected":false},"author":1,"featured_media":0,"comment_status":"open","ping_status":"","sticky":false,"template":"","format":"standard","meta":{"footnotes":""},"categories":[90],"tags":[226,36],"class_list":["post-2122284","post","type-post","status-publish","format-standard","hentry","category-international","tag-crawlmanager","tag-euronews-com"],"_links":{"self":[{"href":"https:\/\/analyse.optim.biz\/index.php?rest_route=\/wp\/v2\/posts\/2122284","targetHints":{"allow":["GET"]}}],"collection":[{"href":"https:\/\/analyse.optim.biz\/index.php?rest_route=\/wp\/v2\/posts"}],"about":[{"href":"https:\/\/analyse.optim.biz\/index.php?rest_route=\/wp\/v2\/types\/post"}],"author":[{"embeddable":true,"href":"https:\/\/analyse.optim.biz\/index.php?rest_route=\/wp\/v2\/users\/1"}],"replies":[{"embeddable":true,"href":"https:\/\/analyse.optim.biz\/index.php?rest_route=%2Fwp%2Fv2%2Fcomments&post=2122284"}],"version-history":[{"count":0,"href":"https:\/\/analyse.optim.biz\/index.php?rest_route=\/wp\/v2\/posts\/2122284\/revisions"}],"wp:attachment":[{"href":"https:\/\/analyse.optim.biz\/index.php?rest_route=%2Fwp%2Fv2%2Fmedia&parent=2122284"}],"wp:term":[{"taxonomy":"category","embeddable":true,"href":"https:\/\/analyse.optim.biz\/index.php?rest_route=%2Fwp%2Fv2%2Fcategories&post=2122284"},{"taxonomy":"post_tag","embeddable":true,"href":"https:\/\/analyse.optim.biz\/index.php?rest_route=%2Fwp%2Fv2%2Ftags&post=2122284"}],"curies":[{"name":"wp","href":"https:\/\/api.w.org\/{rel}","templated":true}]}}