{"id":2122260,"date":"2026-09-01T12:39:05","date_gmt":"2026-09-01T09:39:05","guid":{"rendered":"https:\/\/analyse.optim.biz\/?p=2122260"},"modified":"2026-09-01T12:39:05","modified_gmt":"2026-09-01T09:39:05","slug":"ghiozdane-si-rechizite-gratuite-pentru-elevii-din-municipiul-buzau","status":"publish","type":"post","link":"https:\/\/analyse.optim.biz\/?p=2122260","title":{"rendered":"Ghiozdane \u0219i rechizite gratuite pentru elevii din municipiul Buz\u0103u"},"content":{"rendered":"<p>[analyse_image type=&#8221;featured&#8221; src=&#8221;https:\/\/www.buzau.net\/stiri-din-buzau\/wp-content\/uploads\/2024\/08\/rechizite-primarie.jpg&#8221;]<\/p>\n<div id=\"mvp-content-main\" class=\"left relative\">\n<p>Elevii din municipiul Buz\u0103u vor beneficia \u0219i \u00een acest an de ghiozdane \u0219i rechizite gratuite, prin programul \u201eBack to School\u201d, derulat de Prim\u0103ria Buz\u0103u.<\/p>\n<p>\u00cen prima zi a noului an \u0219colar, mii de copii vor g\u0103si pe b\u0103nci ghiozdane complet echipate cu cele necesare pentru cursuri. Pachetele includ, printre altele, penare, caiete, c\u0103r\u021bi \u0219i materiale pentru orele de desen \u0219i pictur\u0103.<\/p>\n<p>Proiectul \u201eBack to School\u201d a fost lansat \u00een anul 2021 \u0219i s-a adresat ini\u021bial elevilor din clasele preg\u0103titoare \u2013 a IV-a. Ulterior, programul a fost extins \u0219i pentru elevii din clasele V-VIII.<\/p>\n<p>Anul \u0219colar 2026\u20132027 \u00eencepe luni, 7 septembrie. Aproximativ 60.000 de elevi \u0219i pre\u0219colari din jude\u021bul Buz\u0103u sunt a\u0219tepta\u021bi s\u0103 revin\u0103 \u00een s\u0103lile de clas\u0103 \u0219i \u00een gr\u0103dini\u021be, dup\u0103 vacan\u021ba de var\u0103.<\/p>\n<div class=\"heateor_sss_sharing_container heateor_sss_horizontal_sharing\" data-heateor-sss-href=\"https:\/\/www.buzau.net\/stiri-din-buzau\/ghiozdane-si-rechizite-gratuite-pentru-elevii-din-municipiul-buzau\/\">\n<div class=\"heateor_sss_sharing_title\">DISTRIBUIE ACEST ARTICOL<\/div>\n<\/div>\n<\/div>\n<p>[analyse_source url=&#8221;https:\/\/www.buzau.net\/stiri-din-buzau\/ghiozdane-si-rechizite-gratuite-pentru-elevii-din-municipiul-buzau\/&#8221;]<\/p>\n","protected":false},"excerpt":{"rendered":"<p>[analyse_image type=&#8221;featured&#8221; src=&#8221;https:\/\/www.buzau.net\/stiri-din-buzau\/wp-content\/uploads\/2024\/08\/rechizite-primarie.jpg&#8221;] Elevii din municipiul Buz\u0103u vor beneficia \u0219i \u00een acest an de ghiozdane \u0219i rechizite gratuite, prin programul \u201eBack to School\u201d, derulat de Prim\u0103ria Buz\u0103u. \u00cen prima zi a noului an \u0219colar, mii de copii vor g\u0103si pe b\u0103nci ghiozdane complet echipate cu cele necesare pentru cursuri. Pachetele includ, printre altele, penare, caiete, [&hellip;]<\/p>\n","protected":false},"author":1,"featured_media":0,"comment_status":"open","ping_status":"","sticky":false,"template":"","format":"standard","meta":{"footnotes":""},"categories":[2],"tags":[113,226],"class_list":["post-2122260","post","type-post","status-publish","format-standard","hentry","category-politics","tag-buzau-net","tag-crawlmanager"],"_links":{"self":[{"href":"https:\/\/analyse.optim.biz\/index.php?rest_route=\/wp\/v2\/posts\/2122260","targetHints":{"allow":["GET"]}}],"collection":[{"href":"https:\/\/analyse.optim.biz\/index.php?rest_route=\/wp\/v2\/posts"}],"about":[{"href":"https:\/\/analyse.optim.biz\/index.php?rest_route=\/wp\/v2\/types\/post"}],"author":[{"embeddable":true,"href":"https:\/\/analyse.optim.biz\/index.php?rest_route=\/wp\/v2\/users\/1"}],"replies":[{"embeddable":true,"href":"https:\/\/analyse.optim.biz\/index.php?rest_route=%2Fwp%2Fv2%2Fcomments&post=2122260"}],"version-history":[{"count":0,"href":"https:\/\/analyse.optim.biz\/index.php?rest_route=\/wp\/v2\/posts\/2122260\/revisions"}],"wp:attachment":[{"href":"https:\/\/analyse.optim.biz\/index.php?rest_route=%2Fwp%2Fv2%2Fmedia&parent=2122260"}],"wp:term":[{"taxonomy":"category","embeddable":true,"href":"https:\/\/analyse.optim.biz\/index.php?rest_route=%2Fwp%2Fv2%2Fcategories&post=2122260"},{"taxonomy":"post_tag","embeddable":true,"href":"https:\/\/analyse.optim.biz\/index.php?rest_route=%2Fwp%2Fv2%2Ftags&post=2122260"}],"curies":[{"name":"wp","href":"https:\/\/api.w.org\/{rel}","templated":true}]}}