{"id":2122231,"date":"2026-09-01T00:00:00","date_gmt":"2026-08-31T21:00:00","guid":{"rendered":"https:\/\/analyse.optim.biz\/?p=2122231"},"modified":"2026-09-01T00:00:00","modified_gmt":"2026-08-31T21:00:00","slug":"paris-hilton-star-de-la-nouvelle-campagne-karl-lagerfeld","status":"publish","type":"post","link":"https:\/\/analyse.optim.biz\/?p=2122231","title":{"rendered":"Paris Hilton, star de la nouvelle campagne Karl Lagerfeld"},"content":{"rendered":"<div class=\"entry-content\">\n<section class=\"single-header padding-top-s\">\n<div class=\"container\">\n<div class=\"row justify-content-between\">\n<div class=\"col-lg-9 col-xl-8\">\n<div class=\"video-container\">\n\t\t\t\t\t\t\t\t\t\t\t\t\t<\/div>\n<div class=\"container-img desktop\">\n                                <img loading=\"lazy\" decoding=\"async\" width=\"1080\" height=\"669\" src=\"\/\/www.w3.org\/2000\/svg&apos;%20viewBox=&apos;0%200%201080%20669&apos;%3E%3C\/svg%3E\" class=\"img-fluid\" alt=\"Paris Hilton avec un ensemble noir de tailleur dans la nouvelle campagne Karl Lagerfeld automne-hiver 2026-2027.\" data-lazy-src=\"https:\/\/numero.com\/wp-content\/uploads\/2026\/07\/push-paris-hilton-karl-lagerfeld.png\"><img decoding=\"async\" width=\"1080\" height=\"669\" src=\"https:\/\/numero.com\/wp-content\/uploads\/2026\/07\/push-paris-hilton-karl-lagerfeld.png\" class=\"img-fluid\" alt=\"Paris Hilton avec un ensemble noir de tailleur dans la nouvelle campagne Karl Lagerfeld automne-hiver 2026-2027.\" loading=\"lazy\">\t\t\t\t\t\t\t\t<\/p>\n<p class=\"number big\">1<\/p>\n<\/p><\/div>\n<div class=\"container-img mobile\">\n                                <img loading=\"lazy\" decoding=\"async\" width=\"666\" height=\"1000\" src=\"\/\/www.w3.org\/2000\/svg&apos;%20viewBox=&apos;0%200%20666%201000&apos;%3E%3C\/svg%3E\" class=\"img-fluid\" alt=\"Paris Hilton avec un ensemble noir de tailleur dans la nouvelle campagne Karl Lagerfeld automne-hiver 2026-2027.\" data-lazy-src=\"https:\/\/numero.com\/wp-content\/uploads\/2026\/07\/paris-hilton-karl-lagerfeld-automne-hiver-2026.jpg\"><img decoding=\"async\" width=\"666\" height=\"1000\" src=\"https:\/\/numero.com\/wp-content\/uploads\/2026\/07\/paris-hilton-karl-lagerfeld-automne-hiver-2026.jpg\" class=\"img-fluid\" alt=\"Paris Hilton avec un ensemble noir de tailleur dans la nouvelle campagne Karl Lagerfeld automne-hiver 2026-2027.\" loading=\"lazy\">\t\t\t\t\t\t\t\t<\/p>\n<p class=\"number big\">1<\/p>\n<\/p><\/div>\n<\/p><\/div>\n<div class=\"col col-lg-3 col-xl-4 desktop\">\n<div class=\"ad grand-angle desktop\">\n    <!-- \/21730003857\/numero-ad-unit\/numero-grand-angle --><\/p>\n<div class=\"ad-responsive\">\n<div id=\"div-gpt-ad-1773673590069-0\" class=\"ads-pub px-0\">\n<p>                googletag.cmd.push(function () {<br \/>\n                    googletag.display(&#8216;div-gpt-ad-1773673590069-0&#8217;);<br \/>\n                });<\/p><\/div>\n<\/p><\/div>\n<\/div><\/div>\n<\/p><\/div>\n<\/p><\/div>\n<\/section>\n<section class=\"post-content\">\n<div class=\"container\">\n<div class=\"row g-0 justify-content-between\">\n<div class=\"col-lg-9 col-xl-8 padding-top-s\">\n<p class=\"share-widget\" id=\"share-widget\"><img decoding=\"async\" src=\"\/\/www.w3.org\/2000\/svg&apos;%20viewBox=&apos;0%200%200%200&apos;%3E%3C\/svg%3E\" alt=\"share-widget\" data-lazy-src=\"https:\/\/numero.com\/wp-content\/themes\/understrap-child-main\/src\/public\/images\/share.svg\"><\/p>\n<p><img decoding=\"async\" src=\"https:\/\/numero.com\/wp-content\/themes\/understrap-child-main\/src\/public\/images\/share.svg\" alt=\"share-widget\"><\/p>\n<div class=\"share-icons\" id=\"share-icons\">\n<p class=\"copy-link\"><img decoding=\"async\" src=\"\/\/www.w3.org\/2000\/svg&apos;%20viewBox=&apos;0%200%200%200&apos;%3E%3C\/svg%3E\" alt=\"copy-link\" data-lazy-src=\"https:\/\/numero.com\/wp-content\/themes\/understrap-child-main\/src\/public\/images\/copy-link.svg\"><\/p>\n<p><img decoding=\"async\" src=\"https:\/\/numero.com\/wp-content\/themes\/understrap-child-main\/src\/public\/images\/copy-link.svg\" alt=\"copy-link\"><br \/>\n\t\t\t\t\t\t\t<a href=\"https:\/\/www.facebook.com\/sharer\/sharer.php?u=https:\/\/numero.com\/mode\/paris-hilton-campagne-karl-lagerfeld\/\" class=\"facebook\" target=\"_blank\" rel=\"noopener\"><img decoding=\"async\" src=\"\/\/www.w3.org\/2000\/svg&apos;%20viewBox=&apos;0%200%200%200&apos;%3E%3C\/svg%3E\" alt=\"facebook\" data-lazy-src=\"https:\/\/numero.com\/wp-content\/themes\/understrap-child-main\/src\/public\/images\/facebook.svg\"><img decoding=\"async\" src=\"https:\/\/numero.com\/wp-content\/themes\/understrap-child-main\/src\/public\/images\/facebook.svg\" alt=\"facebook\"><\/a><br \/>\n\t\t\t\t\t\t\t<a href=\"https:\/\/twitter.com\/share?url=https:\/\/numero.com\/mode\/paris-hilton-campagne-karl-lagerfeld\/\" class=\"twitter\" target=\"_blank\" rel=\"noopener\"><img decoding=\"async\" src=\"\/\/www.w3.org\/2000\/svg&apos;%20viewBox=&apos;0%200%200%200&apos;%3E%3C\/svg%3E\" alt=\"twitter\" data-lazy-src=\"https:\/\/numero.com\/wp-content\/themes\/understrap-child-main\/src\/public\/images\/twitter.svg\"><img decoding=\"async\" src=\"https:\/\/numero.com\/wp-content\/themes\/understrap-child-main\/src\/public\/images\/twitter.svg\" alt=\"twitter\"><\/a>\n\t\t\t\t\t\t<\/div>\n<p>\t\t\t\t\t\t<span class id=\"custom-tooltip\" style=\"display:none\">Lien copi\u00e9<\/span><\/p>\n<div class=\"col-lg-10\">\n<div class=\"meta d-flex justify-content-between align-items-center\">\n<div class=\"cat\">\n\t\t\t\t\t\t\t\t\t<a class=\"cat-title\" href=\"https:\/\/numero.com\/category\/mode\/\">Mode<\/a>\t\t\t\t\t\t\t\t<\/div>\n<p class=\"date\">\n\t\t\t\t\t\t\t\t\t1 sept 2026\t\t\t\t\t\t\t\t<\/p>\n<\/p><\/div>\n<h1>Paris Hilton, star de la nouvelle campagne Karl Lagerfeld<\/h1>\n<div class=\"introduction\">\n<div>\n<div id=\"copilot-message-rif8\" class=\"fai-CopilotMessage__content r1izxv8h ___7qar2c0 fcthzvy\">\n<div class=\"___1vve6yh f22iagw f1vx9l62 f122n59 f3bhgqh f1mnxvew fly5x3f\">\n<div class=\"___j4vmuw0 f22iagw f1vx9l62 f1869bpl fly5x3f fbc6vix\">\n<div data-testid=\"loading-message\">\n<div id=\"response-idrif6\" class=\"___1yop6mf f336tjw f9ijwd5 fz7g6wx fod5ikn f1s184ao\" data-testid=\"lastChatMessage\">\n<div class=\"___1peis63 f22iagw f1063pyq f6jr5hl f1c88k3p\">\n<div class=\"___4htdyp0 fz7g6wx fy77jfu\">\n<div class=\"___1j4t0a1 f1lmfglv f1abmfm4\" aria-hidden=\"false\" data-testid=\"markdown-reply\" data-message-type=\"Chat\">\n<div class=\"___nfp7g60 f22iagw f1vx9l62 fkmyikg fk15e71 f1k953kz f137keqj f1rncccw f1stllg3 f1w4kmmc f1tric3v f10dk5ic fx8cdsv f16nlwsl f1eookvz fhjrts3 fqugt2f f18d18k8 f1v1vhmp f1hdmul3 f198vjnp f2dshw1 fjpjndq fnmj2pj ffrrb40 f1mon110 fhajzam fimndk6 fxv4dng fb1rn9k f59wlhv f1xmfh30 f18yf5o5 fmr6chf fw8qy2q ff161sd f1qr7t77 f1yyogn1 foogchg fp5872b f1tpb8gf f1hdgrc8 f1vatr43 frkxccd f9pdzkb f158oiaz ft5kggy f5l4ui7 f13j03li f18xdoka f8off4e f1go6zfc f128n2ra f1jpxw2j f1lwd9n0 fy0b8hm f1g2633v fx4kvgi fkvolse f1gxrt3a f1os76ua f1js9cnw f1g87ej0 freluf8 f1yggaq6 f2i3chp f1151osp florpoh f35kzfz ftp9m57 f1e288vi fz62hnz fixvuys f1nmofwh fc1c6mv f18a2er7 fhvkrdl fhxnn68 f1oce4bo fvhlfan f7tc0t0 f1ngf1n2 ffrzq6x f1yjiq2m f1aqdgql f1huvaf f10ij78l f1k94sa4 fkmfumq f1jvzkyl f1eu24ob f1xbfc1f fmf0lwf f107dsy8 f3w566c f4648sl f13zpkng f7unjfp f8p1rz fzu6h1w f1i1bi6h f1smo7hi f1sk1xod f1kgogdq f1gjktkp ft608jz f1o9wiiv fg3xr24 fhd155k f1b8gl2e fg4b9ou flb4lo fdicbfk fgwcyh1 f1jbds0d f1fb9uea f1stuka4 fcrtu6g fwqh0xn f11w66yg f6e0e65 f1vvgu0 f1607507 fgct6un f1ec1nbe fg3fpv7 f1m9bycv f1ntoah8 f1b694rt faql4r2 fpjuhzh fmavl6h f1d9bsk fmzhlt0 f145l92p fwkyaqm f129obh1 f19la9g f127w39w fr0ux9m fxhidck f1cu4h9j f1wnbo7v f1eueg4z fy9c24f f1h2o91j f1iw08fq f19n0e5\">\n<p>La marque Karl Lagerfeld ouvre un nouveau chapitre de son histoire avec Paris Hilton, qui poursuit son r\u00f4le d\u2019\u00e9g\u00e9rie pour les saisons automne-hiver 2026-2027 et printemps-\u00e9t\u00e9 2027. Au c\u0153ur de la campagne <em>From Paris With Love<\/em>, l\u2019ic\u00f4ne internationale partage l\u2019affiche avec NOT-KARL, le nouveau personnage num\u00e9rique de l\u2019univers de la marque. Retour sur une rencontre qui m\u00eale glamour, mode et humour.<\/p>\n<\/div>\n<\/div>\n<\/div>\n<\/div>\n<\/div>\n<\/div>\n<\/div>\n<\/div>\n<\/div>\n<div class=\"fai-CopilotMessage__actions rmlvq19 ___7qar2c0 fcthzvy\" data-tabster=\"{&quot;mover&quot;:{&quot;cyclic&quot;:false,&quot;direction&quot;:2,&quot;memorizeCurrent&quot;:true}}\"><\/div>\n<\/div>\n<p>\u00a0<\/p>\n<\/div>\n<li class=\"credits d-flex\">\n<p>\n\t\t\t\t\t\t\t\t\t\t\tpar\t\t\t\t\t\t\t\t\t\t\t\t\t\t\t\t\t\t\t\t\t\t\t<a href=\"https:\/\/numero.com\/contributor\/jasmine-baha\/\">Jasmine Baha<\/a>.\t\t\t\t\t\t\t\t\t\t\t\t\t\t\t\t\t\t\t\t\t<\/p>\n<\/li>\n<div id=\"ads03\" class=\"mobile padding-bottom-s\">\n<div class=\"ad-wrapper\">\n\t\t\t\t\t\t\t\t\t<!-- \/21730003857\/numero-ad-unit\/numero-interscroller --><\/p>\n<div class=\"ad ad-responsive interscroller-slot\">\n<div id=\"div-gpt-ad-1773673675628-0\" class=\"ads-pub\">\n<p>            googletag.cmd.push(function () {<br \/>\n                googletag.display(&#8216;div-gpt-ad-1773673675628-0&#8217;);<br \/>\n            });<\/p><\/div>\n<\/div><\/div>\n<\/p><\/div>\n<p>\t\t\t\t\t\t\t&lt;!&#8211; <\/p>\n<div class=\"padding-bottom-s\">\n\t\t\t\t\t\t\t\t\t\t\t\t\t\t\t<\/div>\n<p> &#8211;&gt;<\/p>\n<figure class=\"wp-block-embed is-type-video is-provider-youtube wp-block-embed-youtube wp-embed-aspect-16-9 wp-has-aspect-ratio\">\n<div class=\"wp-block-embed__wrapper\">\n<div class=\"cookieconsent-optout-statistics cookieconsent-optout-marketing\"><\/div>\n<\/div><figcaption class=\"wp-element-caption\">Paris Hilton dans la campagne automne-hiver 2026-2027 de Karl Lagerfeld. \u00a9 Matt Easton, Jack Webb.<\/figcaption><\/figure>\n<h2 class=\"wp-block-heading\">Paris Hilton signe son grand retour dans l\u2019univers Karl Lagerfeld<\/h2>\n<p class=\"wp-block-paragraph\">En cette rentr\u00e9e 2026, difficile de passer \u00e0 c\u00f4t\u00e9 de la nouvelle campagne Karl Lagerfeld mettant en sc\u00e8ne la seule et l\u2019unique\u00a0<strong>Paris Hilton<\/strong>. Un nouveau chapitre qui s\u2019impose comme une suite naturelle \u00e0 cette collaboration plac\u00e9e sous le signe de l\u2019audace et du glamour contemporain.<\/p>\n<p class=\"wp-block-paragraph\">Pour l\u2019<a href=\"https:\/\/numero.com\/?s=automne-hiver+2026-2027&amp;post_type%5B%5D=post&amp;post_type%5B%5D=contributor&amp;post_type%5B%5D=portrait\" target=\"_blank\" rel=\"noreferrer noopener\">automne-hiver 2026-2027<\/a>, la griffe fond\u00e9e par le <a href=\"https:\/\/numero.com\/portrait\/karl-lagerfeld\/\">cr\u00e9<\/a><a href=\"https:\/\/numero.com\/portrait\/karl-lagerfeld\/\" target=\"_blank\" rel=\"noreferrer noopener\">a<\/a><a href=\"https:\/\/numero.com\/portrait\/karl-lagerfeld\/\">teur<\/a> l\u00e9gendaire,\u00a0qui a marqu\u00e9 l\u2019histoire de la mode \u00e0 travers ses passages chez <a href=\"https:\/\/numero.com\/portrait\/fendi\/\" target=\"_blank\" rel=\"noreferrer noopener\">Fendi<\/a>, <a href=\"https:\/\/numero.com\/portrait\/chanel\/\" target=\"_blank\" rel=\"noreferrer noopener\">Chanel<\/a> ou encore <a href=\"https:\/\/numero.com\/portrait\/chloe\/\" target=\"_blank\" rel=\"noreferrer noopener\">Chlo\u00e9<\/a>, d\u00e9voile une campagne \u00e0 l\u2019esth\u00e9tique \u00e9pur\u00e9e et r\u00e9solument moderne.\u00a0Immortalis\u00e9e par <strong>Matt Easton<\/strong>, la star am\u00e9ricaine \u00e9volue dans un d\u00e9cor minimaliste, v\u00eatue des nouvelles pi\u00e8ces de la collection hivernale Karl Lagerfeld.<\/p>\n<p class=\"wp-block-paragraph\">Des tailleurs affirm\u00e9s aux silhouettes d\u2019<em>outerwear<\/em>\u00a0sophistiqu\u00e9es en passant par des chemises parfaitement coup\u00e9es, le vestiaire imagin\u00e9 par la marque promet d\u2019affronter les premi\u00e8res fra\u00eecheurs avec \u00e9l\u00e9gance. L\u2019ensemble se d\u00e9cline dans une palette sobre et raffin\u00e9e de blanc, de bleu marine et de noir.<\/p>\n<p class=\"wp-block-paragraph\">Paris Hilton insuffle ainsi \u00e0 la campagne le charisme et l\u2019assurance qui la caract\u00e9risent, partageant l\u2019objectif avec Kit Butler, visage de la ligne masculine cette saison. Mais elle n\u2019est pas la seule pr\u00e9sence \u00e0 retenir l\u2019attention. Sur les t\u00e9l\u00e9viseurs vintage qui ponctuent le d\u00e9cor, appara\u00eet \u00e9galement\u00a0<strong>NOT-KARL<\/strong>, qui fait ici une entr\u00e9e remarqu\u00e9e. Ce personnage num\u00e9rique, reprenant l\u2019allure embl\u00e9matique du cr\u00e9ateur disparu, apporte une touche de nostalgie 2.0 \u00e0 cette collaboration qui se r\u00e9invente au fil des saisons. <\/p>\n<p class=\"wp-block-paragraph\">C\u2019est \u00e9galement au c\u0153ur de la campagne vid\u00e9o que l\u2019on retrouve\u00a0<strong>NOT-KARL<\/strong>, qui \u00e9change avec Paris Hilton lors d\u2019une s\u00e9quence d\u2019une vingtaine de secondes teint\u00e9e d\u2019humour, reprenant plusieurs expressions embl\u00e9matiques de la star am\u00e9ricaine, \u00e0 l\u2019instar de sa r\u00e9plique iconique : \u201c<em>That\u2019s hot<\/em> <em>!<\/em>\u201d.<\/p>\n<figure data-wp-context=\"{&quot;galleryId&quot;:&quot;6a96bd5b82290&quot;}\" data-wp-interactive=\"core\/gallery\" class=\"wp-block-gallery has-nested-images columns-default is-cropped wp-block-gallery-3 is-layout-flex wp-block-gallery-is-layout-flex\">\n<figure data-wp-context=\"{&quot;imageId&quot;:&quot;6a96bd5b82a1e&quot;}\" data-wp-interactive=\"core\/image\" data-wp-key=\"6a96bd5b82a1e\" class=\"wp-block-image size-large wp-lightbox-container\"><img loading=\"lazy\" decoding=\"async\" width=\"666\" height=\"1000\" data-wp-class--hide=\"state.isContentHidden\" data-wp-class--show=\"state.isContentVisible\" data-wp-init=\"callbacks.setButtonStyles\" data-wp-on--click=\"actions.showLightbox\" data-wp-on--load=\"callbacks.setButtonStyles\" data-wp-on--pointerdown=\"actions.preloadImage\" data-wp-on--pointerenter=\"actions.preloadImageWithDelay\" data-wp-on--pointerleave=\"actions.cancelPreload\" data-wp-on-window--resize=\"callbacks.setButtonStyles\" data-id=\"877382\" src=\"\/\/www.w3.org\/2000\/svg&apos;%20viewBox=&apos;0%200%20666%201000&apos;%3E%3C\/svg%3E\" alt=\"Paris Hilton en costume de tailleur noir et Kit Butler en costume de tailleur noir accompagn\u00e9s de NOT KARL dans la campagne Karl Lagerfeld automne-hiver 2026-2027\" class=\"wp-image-877382\" data-lazy-src=\"https:\/\/numero.com\/wp-content\/uploads\/2026\/07\/campagne-karl-lagerfeld-paris-hilton-automne-hiver-2026-2027.jpg\"><img loading=\"lazy\" decoding=\"async\" width=\"666\" height=\"1000\" data-wp-class--hide=\"state.isContentHidden\" data-wp-class--show=\"state.isContentVisible\" data-wp-init=\"callbacks.setButtonStyles\" data-wp-on--click=\"actions.showLightbox\" data-wp-on--load=\"callbacks.setButtonStyles\" data-wp-on--pointerdown=\"actions.preloadImage\" data-wp-on--pointerenter=\"actions.preloadImageWithDelay\" data-wp-on--pointerleave=\"actions.cancelPreload\" data-wp-on-window--resize=\"callbacks.setButtonStyles\" data-id=\"877382\" src=\"https:\/\/numero.com\/wp-content\/uploads\/2026\/07\/campagne-karl-lagerfeld-paris-hilton-automne-hiver-2026-2027.jpg\" alt=\"Paris Hilton en costume de tailleur noir et Kit Butler en costume de tailleur noir accompagn\u00e9s de NOT KARL dans la campagne Karl Lagerfeld automne-hiver 2026-2027\" class=\"wp-image-877382\"><button class=\"lightbox-trigger\" type=\"button\" aria-haspopup=\"dialog\" data-wp-bind--aria-label=\"state.thisImage.triggerButtonAriaLabel\" data-wp-init=\"callbacks.initTriggerButton\" data-wp-on--click=\"actions.showLightbox\" data-wp-style--right=\"state.thisImage.buttonRight\" data-wp-style--top=\"state.thisImage.buttonTop\"><\/p>\n<p>\t\t<\/button><figcaption class=\"wp-element-caption\">Paris Hilton et Kit Butler dans la campagne Karl Lagerfeld automne-hiver 2026-2027. \u00a9 Matt Easton.<\/figcaption><\/figure>\n<figure data-wp-context=\"{&quot;imageId&quot;:&quot;6a96bd5b82c27&quot;}\" data-wp-interactive=\"core\/image\" data-wp-key=\"6a96bd5b82c27\" class=\"wp-block-image size-large wp-lightbox-container\"><img loading=\"lazy\" decoding=\"async\" width=\"666\" height=\"1000\" data-wp-class--hide=\"state.isContentHidden\" data-wp-class--show=\"state.isContentVisible\" data-wp-init=\"callbacks.setButtonStyles\" data-wp-on--click=\"actions.showLightbox\" data-wp-on--load=\"callbacks.setButtonStyles\" data-wp-on--pointerdown=\"actions.preloadImage\" data-wp-on--pointerenter=\"actions.preloadImageWithDelay\" data-wp-on--pointerleave=\"actions.cancelPreload\" data-wp-on-window--resize=\"callbacks.setButtonStyles\" data-id=\"877436\" src=\"\/\/www.w3.org\/2000\/svg&apos;%20viewBox=&apos;0%200%20666%201000&apos;%3E%3C\/svg%3E\" alt=\"Paris Hilton avec un ensemble noir de tailleur dans la nouvelle campagne Karl Lagerfeld automne-hiver 2026-2027.\" class=\"wp-image-877436\" data-lazy-src=\"https:\/\/numero.com\/wp-content\/uploads\/2026\/07\/paris-hilton-karl-lagerfeld-automne-hiver-2026.jpg\"><img loading=\"lazy\" decoding=\"async\" width=\"666\" height=\"1000\" data-wp-class--hide=\"state.isContentHidden\" data-wp-class--show=\"state.isContentVisible\" data-wp-init=\"callbacks.setButtonStyles\" data-wp-on--click=\"actions.showLightbox\" data-wp-on--load=\"callbacks.setButtonStyles\" data-wp-on--pointerdown=\"actions.preloadImage\" data-wp-on--pointerenter=\"actions.preloadImageWithDelay\" data-wp-on--pointerleave=\"actions.cancelPreload\" data-wp-on-window--resize=\"callbacks.setButtonStyles\" data-id=\"877436\" src=\"https:\/\/numero.com\/wp-content\/uploads\/2026\/07\/paris-hilton-karl-lagerfeld-automne-hiver-2026.jpg\" alt=\"Paris Hilton avec un ensemble noir de tailleur dans la nouvelle campagne Karl Lagerfeld automne-hiver 2026-2027.\" class=\"wp-image-877436\"><button class=\"lightbox-trigger\" type=\"button\" aria-haspopup=\"dialog\" data-wp-bind--aria-label=\"state.thisImage.triggerButtonAriaLabel\" data-wp-init=\"callbacks.initTriggerButton\" data-wp-on--click=\"actions.showLightbox\" data-wp-style--right=\"state.thisImage.buttonRight\" data-wp-style--top=\"state.thisImage.buttonTop\"><\/p>\n<p>\t\t<\/button><figcaption class=\"wp-element-caption\">Paris Hilton dans la campagne Karl Lagerfeld automne-hiver 2026-2027. \u00a9 Matt Easton.<\/figcaption><\/figure>\n<\/figure>\n<h2 class=\"wp-block-heading\">La rencontre de deux visions du glamour<\/h2>\n<p class=\"wp-block-paragraph\">Car le lien entre <a href=\"https:\/\/numero.com\/portrait\/paris-hilton\/\" target=\"_blank\" rel=\"noreferrer noopener\">Paris Hilton<\/a> et Karl Lagerfeld ne date pas d\u2019hier. D\u00e9j\u00e0 \u00e0 l\u2019affiche de la campagne\u00a0<strong>automne-hiver 2025-2026<\/strong>, photographi\u00e9e par\u00a0<strong>Chris Colls<\/strong>, la star incarnait le projet\u00a0<em>From Paris With Love<\/em> au travers d\u2019une s\u00e9rie de clich\u00e9s monochromes rendant hommage \u00e0 l\u2019esprit de Karl Lagerfeld. Le concept faisait notamment \u00e9cho \u00e0\u00a0<strong><em>Karl Interviews Karl<\/em><\/strong>, le c\u00e9l\u00e8bre format dans lequel le cr\u00e9ateur se mettait lui-m\u00eame en sc\u00e8ne \u00e0 travers des interviews. <\/p>\n<p class=\"wp-block-paragraph\">Depuis, cette collaboration n\u2019a cess\u00e9 de se renforcer, comme pour le printemps-\u00e9t\u00e9 2026. Saison apr\u00e8s saison, Paris Hilton s\u2019impose donc comme l\u2019une des meilleures ambassadrices de l\u2019univers Karl Lagerfeld, incarnant parfaitement l\u2019esprit espi\u00e8gle mais r\u00e9solument raffin\u00e9 qui d\u00e9finit la marque.<\/p>\n<p class=\"wp-block-paragraph\">Mais quel est le secret de la long\u00e9vit\u00e9 de cette histoire d\u2019amour ? Sans doute la rencontre naturelle entre deux univers partageant un m\u00eame go\u00fbt pour l\u2019expression de soi, le glamour assum\u00e9 et l\u2019audace. Cette alliance symbolique entre deux ic\u00f4nes de la culture <a href=\"https:\/\/numero.com\/category\/mode\/\" target=\"_blank\" rel=\"noreferrer noopener\">mode<\/a> (et pop), dont la pertinence et l\u2019influence ne s\u2019est jamais d\u00e9mentie au fil des d\u00e9cennies, semble loin de s\u2019essouffler. Leur histoire se poursuivra d\u2019ailleurs jusqu\u2019\u00e0 la saison <strong>printemps-\u00e9t\u00e9 2027<\/strong>. Un partenariat \u00e0 suivre de tr\u00e8s pr\u00e8s.<\/p>\n<\/p><\/div>\n<\/p><\/div>\n<div class=\"col-lg-3\">\n<div class=\"suggested-posts padding-top-s\">\n<div class=\"title\">Recommand\u00e9<\/div>\n<div class=\"post-card\">\n\t\t\t\t\t\t\t\t\t\t<a class=\"post-link d-flex\" href=\"https:\/\/numero.com\/mode\/les-meilleures-series-sur-la-mode-becoming-karl-lagerfeld\/\"><\/p>\n<div class=\"container-img \">\n\t\t\t\t\t\t\t\t\t\t\t\t<img loading=\"lazy\" decoding=\"async\" width=\"640\" height=\"804\" src=\"\/\/www.w3.org\/2000\/svg&apos;%20viewBox=&apos;0%200%20640%20804&apos;%3E%3C\/svg%3E\" class=\"img-fluid\" alt=\"meilleures s\u00e9ries mode fashion week\" data-lazy-src=\"https:\/\/numero.com\/wp-content\/uploads\/2025\/01\/cristobal-balenciaga-meilleures-series-sur-la-mode-thumb-768x965.jpg\"><img decoding=\"async\" width=\"640\" height=\"804\" src=\"https:\/\/numero.com\/wp-content\/uploads\/2025\/01\/cristobal-balenciaga-meilleures-series-sur-la-mode-thumb-768x965.jpg\" class=\"img-fluid\" alt=\"meilleures s\u00e9ries mode fashion week\" loading=\"lazy\">\t\t\t\t\t\t\t\t\t\t\t\t<\/p>\n<p class=\"number\">10<\/p>\n<\/p><\/div>\n<div class=\"card-info d-flex\">\n<div>\n<p class=\"cat-title\">Mode<\/p>\n<h3 class=\"post-title\">Les meilleures s\u00e9ries sur la mode \u00e0 (re)voir en attendant la Fashion Week<\/h3>\n<\/p><\/div>\n<p class=\"date\">\n\t\t\t\t\t\t\t\t\t\t\t\t\t10 jan 2025\t\t\t\t\t\t\t\t\t\t\t\t<\/p>\n<\/p><\/div>\n<p>\t\t\t\t\t\t\t\t\t\t<\/a>\n\t\t\t\t\t\t\t\t\t<\/div>\n<div class=\"post-card\">\n\t\t\t\t\t\t\t\t\t\t<a class=\"post-link d-flex\" href=\"https:\/\/numero.com\/mode\/interview-de-paris-hilton-icone-des-annees-2000\/\"><\/p>\n<div class=\"container-img \">\n\t\t\t\t\t\t\t\t\t\t\t\t<img loading=\"lazy\" decoding=\"async\" width=\"640\" height=\"804\" src=\"\/\/www.w3.org\/2000\/svg&apos;%20viewBox=&apos;0%200%20640%20804&apos;%3E%3C\/svg%3E\" class=\"img-fluid\" alt data-lazy-src=\"https:\/\/numero.com\/wp-content\/uploads\/2025\/11\/thumb-mode-interview-de-paris-hilton-karl-lagerfeld-768x965.jpg\"><img decoding=\"async\" width=\"640\" height=\"804\" src=\"https:\/\/numero.com\/wp-content\/uploads\/2025\/11\/thumb-mode-interview-de-paris-hilton-karl-lagerfeld-768x965.jpg\" class=\"img-fluid\" alt loading=\"lazy\">\t\t\t\t\t\t\t\t\t\t\t\t<\/p>\n<p class=\"number\">13<\/p>\n<\/p><\/div>\n<div class=\"card-info d-flex\">\n<div>\n<p class=\"cat-title\">Mode<\/p>\n<h3 class=\"post-title\">Paris Hilton aime-t-elle vraiment \u00eatre une ic\u00f4ne ?<\/h3>\n<\/p><\/div>\n<p class=\"date\">\n\t\t\t\t\t\t\t\t\t\t\t\t\t13 f\u00e9v 2026\t\t\t\t\t\t\t\t\t\t\t\t<\/p>\n<\/p><\/div>\n<p>\t\t\t\t\t\t\t\t\t\t<\/a>\n\t\t\t\t\t\t\t\t\t<\/div>\n<div class=\"post-card\">\n\t\t\t\t\t\t\t\t\t\t<a class=\"post-link d-flex\" href=\"https:\/\/numero.com\/mode\/numero-250-cara-delevingne-photographiee-par-jean-baptiste-mondino\/\"><\/p>\n<div class=\"container-img \">\n\t\t\t\t\t\t\t\t\t\t\t\t<img loading=\"lazy\" decoding=\"async\" width=\"640\" height=\"408\" src=\"\/\/www.w3.org\/2000\/svg&apos;%20viewBox=&apos;0%200%20640%20408&apos;%3E%3C\/svg%3E\" class=\"img-fluid\" alt=\"cara delevingne jean baptiste modino numero 250\" data-lazy-src=\"https:\/\/numero.com\/wp-content\/uploads\/2024\/12\/cara-delevingne-jean-baptiste-modino-numero-250-1-768x490.jpg\"><img decoding=\"async\" width=\"640\" height=\"408\" src=\"https:\/\/numero.com\/wp-content\/uploads\/2024\/12\/cara-delevingne-jean-baptiste-modino-numero-250-1-768x490.jpg\" class=\"img-fluid\" alt=\"cara delevingne jean baptiste modino numero 250\" loading=\"lazy\">\t\t\t\t\t\t\t\t\t\t\t\t<\/p>\n<p class=\"number\">5<\/p>\n<\/p><\/div>\n<div class=\"card-info d-flex\">\n<div>\n<p class=\"cat-title\">Mode<\/p>\n<h3 class=\"post-title\">Cara Delevingne photographi\u00e9e par Jean-Baptiste Mondino en couverture du Num\u00e9ro 250<\/h3>\n<\/p><\/div>\n<p class=\"date\">\n\t\t\t\t\t\t\t\t\t\t\t\t\t5 d\u00e9c 2024\t\t\t\t\t\t\t\t\t\t\t\t<\/p>\n<\/p><\/div>\n<p>\t\t\t\t\t\t\t\t\t\t<\/a>\n\t\t\t\t\t\t\t\t\t<\/div>\n<div class=\"post-card\">\n\t\t\t\t\t\t\t\t\t\t<a class=\"post-link d-flex\" href=\"https:\/\/numero.com\/art\/design\/exposition-francesco-vezzoli-karl-lagerfeld-galerie-almine-rech-monaco\/\"><\/p>\n<div class=\"container-img \">\n\t\t\t\t\t\t\t\t\t\t\t\t<img loading=\"lazy\" decoding=\"async\" width=\"640\" height=\"804\" src=\"\/\/www.w3.org\/2000\/svg&apos;%20viewBox=&apos;0%200%20640%20804&apos;%3E%3C\/svg%3E\" class=\"img-fluid\" alt data-lazy-src=\"https:\/\/numero.com\/wp-content\/uploads\/2025\/03\/thumb-exposition-francesco-vezzoli-karl-lagerfeld-galerie-almine-rech-monaco-768x965.jpg\"><img decoding=\"async\" width=\"640\" height=\"804\" src=\"https:\/\/numero.com\/wp-content\/uploads\/2025\/03\/thumb-exposition-francesco-vezzoli-karl-lagerfeld-galerie-almine-rech-monaco-768x965.jpg\" class=\"img-fluid\" alt loading=\"lazy\">\t\t\t\t\t\t\t\t\t\t\t\t<\/p>\n<p class=\"number\">19<\/p>\n<\/p><\/div>\n<div class=\"card-info d-flex\">\n<div>\n<p class=\"cat-title\">Design<\/p>\n<h3 class=\"post-title\">Galerie Almine Rech : Francesco Vezzoli recr\u00e9e l\u2019appartement de Karl Lagerfeld<\/h3>\n<\/p><\/div>\n<p class=\"date\">\n\t\t\t\t\t\t\t\t\t\t\t\t\t19 mars 2025\t\t\t\t\t\t\t\t\t\t\t\t<\/p>\n<\/p><\/div>\n<p>\t\t\t\t\t\t\t\t\t\t<\/a>\n\t\t\t\t\t\t\t\t\t<\/div>\n<\/p><\/div>\n<\/p><\/div>\n<\/p><\/div>\n<div class=\"padding-top-s\">\n<div class=\"ad banner desktop\">\n<div class=\"container\">\n<div class=\"row\">\n            <!-- \/21730003857\/numero-ad-unit\/numero-banner-1 --><\/p>\n<div class=\"ad-responsive\">\n<div id=\"div-gpt-ad-1773673267712-0\" class=\"ads-pub\">\n<p>                        googletag.cmd.push(function () {<br \/>\n                            googletag.display(&#8216;div-gpt-ad-1773673267712-0&#8217;);<br \/>\n                        });<\/p><\/div>\n<\/p><\/div>\n<\/p><\/div>\n<\/p><\/div>\n<\/div><\/div>\n<\/p><\/div>\n<\/section>\n<p>        <button class=\"btn-newsletter btn-outline-white my-5\" id=\"open-modal-newsletter\">Inscrivez-vous \u00e0 la newsletter<\/button>\t\t<\/p>\n<section class=\"related-posts post-list padding-top-m padding-bottom-s\">\n<div class=\"container\">\n<h2 class=\"title mx-auto\">\u00c0 lire aussi<\/h2>\n<div class=\"row\">\n<div class=\"col-lg-3\">\n<div class=\"post-card desktop\">\n\t\t\t\t\t\t\t\t\t\t<a class=\"post-link\" href=\"https:\/\/numero.com\/culture\/cinema\/mostra-de-venise-2026-maggie-gyllenhaal\/\"><\/p>\n<div class=\"container-img\">\n<p>                                                <img decoding=\"async\" src=\"\/\/www.w3.org\/2000\/svg&apos;%20viewBox=&apos;0%200%200%200&apos;%3E%3C\/svg%3E\" alt=\"Penelope Cruz lors du 79e festival du film de Venise, le 4 septembre 2022.\" data-lazy-src=\"https:\/\/numero.com\/wp-content\/uploads\/2026\/07\/thumb-mostra-de-venise-penelope-cruz-.jpg\"><img decoding=\"async\" src=\"https:\/\/numero.com\/wp-content\/uploads\/2026\/07\/thumb-mostra-de-venise-penelope-cruz-.jpg\" alt=\"Penelope Cruz lors du 79e festival du film de Venise, le 4 septembre 2022.\"><\/p>\n<div class=\"number\">31<\/div>\n<\/p><\/div>\n<div class=\"card-info\">\n<div class=\"meta d-flex justify-content-between\">\n<p class=\"cat-title\">Cin\u00e9ma<\/p>\n<p class=\"date\">\n\t\t\t\t\t\t\t\t\t\t\t\t\t\t31 ao\u00fbt 2026\t\t\t\t\t\t\t\t\t\t\t\t\t<\/p>\n<\/p><\/div>\n<div class=\"post-title\">Mostra de Venise 2026 : tout ce que l\u2019on sait sur la nouvelle \u00e9dition du festival<\/div>\n<\/p><\/div>\n<p>\t\t\t\t\t\t\t\t\t\t<\/a>\n\t\t\t\t\t\t\t\t\t<\/div>\n<div class=\"post-card mobile\">\n\t\t\t\t\t\t\t\t\t\t<a class=\"post-link d-flex\" href=\"https:\/\/numero.com\/culture\/cinema\/mostra-de-venise-2026-maggie-gyllenhaal\/\"><\/p>\n<div class=\"container-img\">\n\t\t\t\t\t\t\t\t\t\t\t\t<img loading=\"lazy\" decoding=\"async\" width=\"640\" height=\"804\" src=\"\/\/www.w3.org\/2000\/svg&apos;%20viewBox=&apos;0%200%20640%20804&apos;%3E%3C\/svg%3E\" class=\"img-fluid\" alt=\"Penelope Cruz lors du 79e festival du film de Venise, le 4 septembre 2022.\" data-lazy-src=\"https:\/\/numero.com\/wp-content\/uploads\/2026\/07\/thumb-mostra-de-venise-penelope-cruz--768x965.jpg\"><img decoding=\"async\" width=\"640\" height=\"804\" src=\"https:\/\/numero.com\/wp-content\/uploads\/2026\/07\/thumb-mostra-de-venise-penelope-cruz--768x965.jpg\" class=\"img-fluid\" alt=\"Penelope Cruz lors du 79e festival du film de Venise, le 4 septembre 2022.\" loading=\"lazy\">\t\t\t\t\t\t\t\t\t\t\t\t<\/p>\n<div class=\"number\">31<\/div>\n<\/p><\/div>\n<div class=\"card-info d-flex\">\n<div>\n<p class=\"cat-title\">Cin\u00e9ma<\/p>\n<h3 class=\"post-title\">Mostra de Venise 2026 : tout ce que l\u2019on sait sur la nouvelle \u00e9dition du festival<\/h3>\n<\/p><\/div>\n<p class=\"date\">\n\t\t\t\t\t\t\t\t\t\t\t\t\t31 ao\u00fbt 2026\t\t\t\t\t\t\t\t\t\t\t\t<\/p>\n<\/p><\/div>\n<p>\t\t\t\t\t\t\t\t\t\t<\/a>\n\t\t\t\t\t\t\t\t\t<\/div>\n<\/p><\/div>\n<div class=\"col-lg-3\">\n<div class=\"post-card desktop\">\n\t\t\t\t\t\t\t\t\t\t<a class=\"post-link\" href=\"https:\/\/numero.com\/culture\/musique\/angele-justice-album\/\"><\/p>\n<div class=\"container-img\">\n<p>                                                <img decoding=\"async\" src=\"\/\/www.w3.org\/2000\/svg&apos;%20viewBox=&apos;0%200%200%200&apos;%3E%3C\/svg%3E\" alt data-lazy-src=\"https:\/\/numero.com\/wp-content\/uploads\/2026\/06\/thumb-angele-justice-album-instinct-chanteuse-musique.jpg\"><img decoding=\"async\" src=\"https:\/\/numero.com\/wp-content\/uploads\/2026\/06\/thumb-angele-justice-album-instinct-chanteuse-musique.jpg\" alt><\/p>\n<div class=\"number\">28<\/div>\n<\/p><\/div>\n<div class=\"card-info\">\n<div class=\"meta d-flex justify-content-between\">\n<p class=\"cat-title\">Musique<\/p>\n<p class=\"date\">\n\t\t\t\t\t\t\t\t\t\t\t\t\t\t28 ao\u00fbt 2026\t\t\t\t\t\t\t\t\t\t\t\t\t<\/p>\n<\/p><\/div>\n<div class=\"post-title\">Tout ce que l\u2019on sait du troisi\u00e8me album d\u2019Ang\u00e8le<\/div>\n<\/p><\/div>\n<p>\t\t\t\t\t\t\t\t\t\t<\/a>\n\t\t\t\t\t\t\t\t\t<\/div>\n<div class=\"post-card mobile\">\n\t\t\t\t\t\t\t\t\t\t<a class=\"post-link d-flex\" href=\"https:\/\/numero.com\/culture\/musique\/angele-justice-album\/\"><\/p>\n<div class=\"container-img\">\n\t\t\t\t\t\t\t\t\t\t\t\t<img loading=\"lazy\" decoding=\"async\" width=\"640\" height=\"804\" src=\"\/\/www.w3.org\/2000\/svg&apos;%20viewBox=&apos;0%200%20640%20804&apos;%3E%3C\/svg%3E\" class=\"img-fluid\" alt data-lazy-src=\"https:\/\/numero.com\/wp-content\/uploads\/2026\/06\/thumb-angele-justice-album-instinct-chanteuse-musique-768x965.jpg\"><img decoding=\"async\" width=\"640\" height=\"804\" src=\"https:\/\/numero.com\/wp-content\/uploads\/2026\/06\/thumb-angele-justice-album-instinct-chanteuse-musique-768x965.jpg\" class=\"img-fluid\" alt loading=\"lazy\">\t\t\t\t\t\t\t\t\t\t\t\t<\/p>\n<div class=\"number\">28<\/div>\n<\/p><\/div>\n<div class=\"card-info d-flex\">\n<div>\n<p class=\"cat-title\">Musique<\/p>\n<h3 class=\"post-title\">Tout ce que l\u2019on sait du troisi\u00e8me album d\u2019Ang\u00e8le<\/h3>\n<\/p><\/div>\n<p class=\"date\">\n\t\t\t\t\t\t\t\t\t\t\t\t\t28 ao\u00fbt 2026\t\t\t\t\t\t\t\t\t\t\t\t<\/p>\n<\/p><\/div>\n<p>\t\t\t\t\t\t\t\t\t\t<\/a>\n\t\t\t\t\t\t\t\t\t<\/div>\n<\/p><\/div>\n<div class=\"col-lg-3\">\n<div class=\"post-card desktop\">\n\t\t\t\t\t\t\t\t\t\t<a class=\"post-link\" href=\"https:\/\/numero.com\/culture\/cinema\/the-brigands-of-rattlecreek-pedro-pascal\/\"><\/p>\n<div class=\"container-img\">\n<p>                                                <img decoding=\"async\" src=\"\/\/www.w3.org\/2000\/svg&apos;%20viewBox=&apos;0%200%200%200&apos;%3E%3C\/svg%3E\" alt=\"Pedro Pascal au Festival de Cannes 2025. \u00a9 Victor Boyko\/Getty Images.\" data-lazy-src=\"https:\/\/numero.com\/wp-content\/uploads\/2026\/05\/Pedro-Pascal-au-Festival-de-Cannes-2025-2.png\"><img decoding=\"async\" src=\"https:\/\/numero.com\/wp-content\/uploads\/2026\/05\/Pedro-Pascal-au-Festival-de-Cannes-2025-2.png\" alt=\"Pedro Pascal au Festival de Cannes 2025. \u00a9 Victor Boyko\/Getty Images.\"><\/p>\n<div class=\"number\">26<\/div>\n<\/p><\/div>\n<div class=\"card-info\">\n<div class=\"meta d-flex justify-content-between\">\n<p class=\"cat-title\">Cin\u00e9ma<\/p>\n<p class=\"date\">\n\t\t\t\t\t\t\t\t\t\t\t\t\t\t26 ao\u00fbt 2026\t\t\t\t\t\t\t\t\t\t\t\t\t<\/p>\n<\/p><\/div>\n<div class=\"post-title\">Quel projet fou r\u00e9unira Pedro Pascal, Austin Butler et Ad\u00e8le Exarchopoulos ?<\/div>\n<\/p><\/div>\n<p>\t\t\t\t\t\t\t\t\t\t<\/a>\n\t\t\t\t\t\t\t\t\t<\/div>\n<div class=\"post-card mobile\">\n\t\t\t\t\t\t\t\t\t\t<a class=\"post-link d-flex\" href=\"https:\/\/numero.com\/culture\/cinema\/the-brigands-of-rattlecreek-pedro-pascal\/\"><\/p>\n<div class=\"container-img\">\n\t\t\t\t\t\t\t\t\t\t\t\t<img loading=\"lazy\" decoding=\"async\" width=\"640\" height=\"804\" src=\"\/\/www.w3.org\/2000\/svg&apos;%20viewBox=&apos;0%200%20640%20804&apos;%3E%3C\/svg%3E\" class=\"img-fluid\" alt=\"Pedro Pascal au Festival de Cannes 2025. \u00a9 Victor Boyko\/Getty Images.\" data-lazy-src=\"https:\/\/numero.com\/wp-content\/uploads\/2026\/05\/Pedro-Pascal-au-Festival-de-Cannes-2025-2-768x965.png\"><img decoding=\"async\" width=\"640\" height=\"804\" src=\"https:\/\/numero.com\/wp-content\/uploads\/2026\/05\/Pedro-Pascal-au-Festival-de-Cannes-2025-2-768x965.png\" class=\"img-fluid\" alt=\"Pedro Pascal au Festival de Cannes 2025. \u00a9 Victor Boyko\/Getty Images.\" loading=\"lazy\">\t\t\t\t\t\t\t\t\t\t\t\t<\/p>\n<div class=\"number\">26<\/div>\n<\/p><\/div>\n<div class=\"card-info d-flex\">\n<div>\n<p class=\"cat-title\">Cin\u00e9ma<\/p>\n<h3 class=\"post-title\">Quel projet fou r\u00e9unira Pedro Pascal, Austin Butler et Ad\u00e8le Exarchopoulos ?<\/h3>\n<\/p><\/div>\n<p class=\"date\">\n\t\t\t\t\t\t\t\t\t\t\t\t\t26 ao\u00fbt 2026\t\t\t\t\t\t\t\t\t\t\t\t<\/p>\n<\/p><\/div>\n<p>\t\t\t\t\t\t\t\t\t\t<\/a>\n\t\t\t\t\t\t\t\t\t<\/div>\n<\/p><\/div>\n<div class=\"col-lg-3\">\n<div class=\"post-card desktop\">\n\t\t\t\t\t\t\t\t\t\t<a class=\"post-link\" href=\"https:\/\/numero.com\/culture\/series\/les-meilleures-series-de-2026\/\"><\/p>\n<div class=\"container-img\">\n<p>                                                <img decoding=\"async\" src=\"\/\/www.w3.org\/2000\/svg&apos;%20viewBox=&apos;0%200%200%200&apos;%3E%3C\/svg%3E\" alt=\"Igby Rigney, Homer Gere, Kaia Gerber, Hayes Warner et Graham Campbell dans The Shards (2026). \u00a9\u00a0FX.\" data-lazy-src=\"https:\/\/numero.com\/wp-content\/uploads\/2026\/07\/thumb-the-shards-.jpg\"><img decoding=\"async\" src=\"https:\/\/numero.com\/wp-content\/uploads\/2026\/07\/thumb-the-shards-.jpg\" alt=\"Igby Rigney, Homer Gere, Kaia Gerber, Hayes Warner et Graham Campbell dans The Shards (2026). \u00a9\u00a0FX.\"><\/p>\n<div class=\"number\">25<\/div>\n<\/p><\/div>\n<div class=\"card-info\">\n<div class=\"meta d-flex justify-content-between\">\n<p class=\"cat-title\">S\u00e9ries<\/p>\n<p class=\"date\">\n\t\t\t\t\t\t\t\t\t\t\t\t\t\t25 ao\u00fbt 2026\t\t\t\t\t\t\t\t\t\t\t\t\t<\/p>\n<\/p><\/div>\n<div class=\"post-title\">Quelles sont les meilleures s\u00e9ries de 2026 (jusqu\u2019ici) ?<\/div>\n<\/p><\/div>\n<p>\t\t\t\t\t\t\t\t\t\t<\/a>\n\t\t\t\t\t\t\t\t\t<\/div>\n<div class=\"post-card mobile\">\n\t\t\t\t\t\t\t\t\t\t<a class=\"post-link d-flex\" href=\"https:\/\/numero.com\/culture\/series\/les-meilleures-series-de-2026\/\"><\/p>\n<div class=\"container-img\">\n\t\t\t\t\t\t\t\t\t\t\t\t<img loading=\"lazy\" decoding=\"async\" width=\"640\" height=\"804\" src=\"\/\/www.w3.org\/2000\/svg&apos;%20viewBox=&apos;0%200%20640%20804&apos;%3E%3C\/svg%3E\" class=\"img-fluid\" alt=\"Igby Rigney, Homer Gere, Kaia Gerber, Hayes Warner et Graham Campbell dans The Shards (2026). \u00a9\u00a0FX.\" data-lazy-src=\"https:\/\/numero.com\/wp-content\/uploads\/2026\/07\/thumb-the-shards--768x965.jpg\"><img decoding=\"async\" width=\"640\" height=\"804\" src=\"https:\/\/numero.com\/wp-content\/uploads\/2026\/07\/thumb-the-shards--768x965.jpg\" class=\"img-fluid\" alt=\"Igby Rigney, Homer Gere, Kaia Gerber, Hayes Warner et Graham Campbell dans The Shards (2026). \u00a9\u00a0FX.\" loading=\"lazy\">\t\t\t\t\t\t\t\t\t\t\t\t<\/p>\n<div class=\"number\">25<\/div>\n<\/p><\/div>\n<div class=\"card-info d-flex\">\n<div>\n<p class=\"cat-title\">S\u00e9ries<\/p>\n<h3 class=\"post-title\">Quelles sont les meilleures s\u00e9ries de 2026 (jusqu\u2019ici) ?<\/h3>\n<\/p><\/div>\n<p class=\"date\">\n\t\t\t\t\t\t\t\t\t\t\t\t\t25 ao\u00fbt 2026\t\t\t\t\t\t\t\t\t\t\t\t<\/p>\n<\/p><\/div>\n<p>\t\t\t\t\t\t\t\t\t\t<\/a>\n\t\t\t\t\t\t\t\t\t<\/div>\n<\/p><\/div>\n<\/p><\/div>\n<\/p><\/div>\n<\/section>\n<div class=\"padding-bottom-s\">\n<div class=\"ad banner desktop\">\n<div class=\"container\">\n<div class=\"row\">\n            <!-- \/21730003857\/numero-ad-unit\/numero-banner-1 --><\/p>\n<div class=\"ad-responsive\">\n<div id=\"div-gpt-ad-1773673267712-0\" class=\"ads-pub\">\n<p>                        googletag.cmd.push(function () {<br \/>\n                            googletag.display(&#8216;div-gpt-ad-1773673267712-0&#8217;);<br \/>\n                        });<\/p><\/div>\n<\/p><\/div>\n<\/p><\/div>\n<\/p><\/div>\n<\/div><\/div>\n<\/p><\/div>\n","protected":false},"excerpt":{"rendered":"<p>1 1 googletag.cmd.push(function () { googletag.display(&#8216;div-gpt-ad-1773673590069-0&#8217;); }); Lien copi\u00e9 Mode 1 sept 2026 Paris Hilton, star de la nouvelle campagne Karl Lagerfeld La marque Karl Lagerfeld ouvre un nouveau chapitre de son histoire avec Paris Hilton, qui poursuit son r\u00f4le d\u2019\u00e9g\u00e9rie pour les saisons automne-hiver 2026-2027 et printemps-\u00e9t\u00e9 2027. Au c\u0153ur de la campagne From [&hellip;]<\/p>\n","protected":false},"author":1,"featured_media":0,"comment_status":"open","ping_status":"","sticky":false,"template":"","format":"standard","meta":{"footnotes":""},"categories":[1],"tags":[226,258],"class_list":["post-2122231","post","type-post","status-publish","format-standard","hentry","category-uncategorized","tag-crawlmanager","tag-numero-com"],"_links":{"self":[{"href":"https:\/\/analyse.optim.biz\/index.php?rest_route=\/wp\/v2\/posts\/2122231","targetHints":{"allow":["GET"]}}],"collection":[{"href":"https:\/\/analyse.optim.biz\/index.php?rest_route=\/wp\/v2\/posts"}],"about":[{"href":"https:\/\/analyse.optim.biz\/index.php?rest_route=\/wp\/v2\/types\/post"}],"author":[{"embeddable":true,"href":"https:\/\/analyse.optim.biz\/index.php?rest_route=\/wp\/v2\/users\/1"}],"replies":[{"embeddable":true,"href":"https:\/\/analyse.optim.biz\/index.php?rest_route=%2Fwp%2Fv2%2Fcomments&post=2122231"}],"version-history":[{"count":0,"href":"https:\/\/analyse.optim.biz\/index.php?rest_route=\/wp\/v2\/posts\/2122231\/revisions"}],"wp:attachment":[{"href":"https:\/\/analyse.optim.biz\/index.php?rest_route=%2Fwp%2Fv2%2Fmedia&parent=2122231"}],"wp:term":[{"taxonomy":"category","embeddable":true,"href":"https:\/\/analyse.optim.biz\/index.php?rest_route=%2Fwp%2Fv2%2Fcategories&post=2122231"},{"taxonomy":"post_tag","embeddable":true,"href":"https:\/\/analyse.optim.biz\/index.php?rest_route=%2Fwp%2Fv2%2Ftags&post=2122231"}],"curies":[{"name":"wp","href":"https:\/\/api.w.org\/{rel}","templated":true}]}}