{"id":2122179,"date":"2026-09-01T03:44:18","date_gmt":"2026-09-01T00:44:18","guid":{"rendered":"https:\/\/analyse.optim.biz\/?p=2122179"},"modified":"2026-09-01T03:44:18","modified_gmt":"2026-09-01T00:44:18","slug":"vasluianca-adriana-adam-dupa-cele-trei-medalii-de-aur-pentru-mine-acest-campionat-mondial-a-fost-fantastic-iar-anul-a-fost-unul-exceptional","status":"publish","type":"post","link":"https:\/\/analyse.optim.biz\/?p=2122179","title":{"rendered":"Vasluianca Adriana Adam, dup\u0103 cele trei medalii de aur: \u201ePentru mine, acest Campionat Mondial\u00a0a fost fantastic, iar anul a fost unul excep\u021bional\u201d"},"content":{"rendered":"<p>[analyse_image type=&#8221;featured&#8221; src=&#8221;https:\/\/www.monitoruldevaslui.ro\/wp-content\/uploads\/2026\/09\/Adriana-Adam-Simana-Radis-campionate-mondiale-canotaj-2026.png&#8221;]<\/p>\n<div class=\"tdb-block-inner td-fix-index\"><a class=\"tdb-logo-a\" href=\"https:\/\/www.monitoruldevaslui.ro\/\"><span class=\"tdb-logo-img-wrap\"><img decoding=\"async\" class=\"tdb-logo-img td-retina-data\" data-retina=\"https:\/\/www.monitoruldevaslui.ro\/wp-content\/uploads\/2025\/07\/Monitorul-logo-motto-2.png\" src=\"https:\/\/www.monitoruldevaslui.ro\/wp-content\/uploads\/2025\/07\/Monitorul-logo-motto-2.png\" alt=\"Logo\" title><\/span><span class=\"tdb-logo-text-wrap\"><span class=\"tdb-logo-text-title\">News<\/span><span class=\"tdb-logo-text-tagline\">Hub<\/span><\/span><\/a><\/div>\n<div class=\"tdb-block-inner td-fix-index\"><a class=\"tdb-logo-a\" href=\"https:\/\/www.monitoruldevaslui.ro\/\"><span class=\"tdb-logo-img-wrap\"><img decoding=\"async\" class=\"tdb-logo-img td-retina-data\" data-retina=\"https:\/\/www.monitoruldevaslui.ro\/wp-content\/uploads\/2025\/07\/Monitorul-logo-motto-2.png\" src=\"https:\/\/www.monitoruldevaslui.ro\/wp-content\/uploads\/2025\/07\/Monitorul-logo-motto-2.png\" alt=\"Logo\" title><\/span><\/a><\/div>\n<div class=\"tdb-block-inner td-fix-index\">\n<div class=\"tdb-weather-deg-wrap\" data-block-uid=\"tdb_header_weather_uid\"><span class=\"tdb-weather-deg\">27<\/span><span class=\"tdb-weather-unit\">C<\/span><\/div>\n<div class=\"tdb-weather-city\">Vaslui<\/div>\n<\/div>\n<div class=\"td-post-content tagdiv-type\">\n<p class=\"wp-block-paragraph\"><strong>Canotoarea vasluianc\u0103 Adriana Adam (foto st\u00e2nga) a declarat, luni, la Snagov, dup\u0103 cele trei medalii de aur cucerite la Campionatele Mondiale de la Amsterdam, c\u0103 aceast\u0103 edi\u021bie a competi\u021biei a fost una \u201efantastic\u0103\u201d li a avut un \u201ean excep\u021bional\u201d, subliniind c\u0103 performan\u021bele au fost ob\u021binute dup\u0103 curse extrem de solicitante.<\/strong><\/p>\n<div class=\"wp-block-image\">\n<figure class=\"aligncenter size-full is-resized\"><img loading=\"lazy\" decoding=\"async\" width=\"900\" height=\"600\" src=\"https:\/\/www.monitoruldevaslui.ro\/wp-content\/uploads\/2026\/09\/Adriana-Adam-Simana-Radis-campionate-mondiale-canotaj-2026.png\" alt class=\"wp-image-100117\"><\/figure>\n<\/div>\n<p class=\"wp-block-paragraph\"><strong><br \/><\/strong><br \/>\u201eEste foarte greu, ce s\u0103 spun\u2026 Am tras \u0219ase curse, toate la prag de maximal, dar, cu ajutorul echipei din spate, am putut face fa\u021b\u0103 \u0219i ne bucur\u0103m tare mult pentru aceste reu\u0219ite. Pentru mine, acest campionat a fost unul fantastic, pot s\u0103 spun a\u0219a, extrem de fantastic. Pentru c\u0103 am f\u0103cut \u0219i barc\u0103 cu Simona Radi\u0219, care este un exemplu \u0219i m\u0103 bucur tare mult c\u0103 am reu\u0219it s\u0103 fiu l\u00e2ng\u0103 ea \u0219i s\u0103 mai \u00eenv\u0103\u021b anumite lucruri de la ea, pentru c\u0103 ai ce s\u0103 \u00eenve\u021bi. Avem \u0219i un Campionat European, unde am b\u0103tut recordul \u0219i acolo, avem un record european, dou\u0103 medalii de aur. \u0218i acum, trei medalii de aur la Campionatul Mondial \u0219i cu un record mondial la barca de 8+1. A fost un an excep\u021bional pentru noi \u0219i ne bucur\u0103m tare mult pentru aceste reu\u0219ite. \u0218i ne dorim de acum s\u0103 fim foarte, foarte s\u0103n\u0103toase, pentru c\u0103 treaba asta ne ajut\u0103 s\u0103 ne putem antrena \u00een continuare, care este obiectivul principal\u201d, a declarat presei na\u021bionala Adriana Adam.<br \/>\u201ePartea de clim\u0103 ne-a pus un pic piedic\u0103, dar am \u00eencercat s\u0103 fim prezente acolo, s\u0103 spunem c\u0103 condi\u021biile sunt acelea\u0219i pentru toat\u0103 lumea \u0219i s\u0103 tragem de noi, pentru c\u0103 suntem \u00eenv\u0103\u021bate s\u0103 trecem peste orice obstacol. Noi am avut culoare din serii destul de OK, ne-am f\u0103cut cursele foarte bine, ca acas\u0103, iar treaba asta ne-a dus din serii \u00een semifinal\u0103, iar semifinala ne-am c\u00e2\u0219tigat-o \u0219i obligatoriu aveam \u0219i un culoar favorabil \u00een final\u0103\u201d, a spus sportiva\u00a0de performan\u021b\u0103 n\u0103scut\u0103 \u00een V\u0103leni.<br \/>Adriana Adam a m\u0103rturisit c\u00e2t de mult a contat pentru ea\u00a0atmosfera creat\u0103 de spectatorii de la Amsterdam, un moment care i-au r\u0103mas \u00een memorie dup\u0103 Campionatele Mondiale:<br \/>\u201eMomentul care m-a uimit, s\u0103 spun a\u0219a, a fost tribuna care a fost at\u00e2t de mare, aproape asem\u0103n\u0103toare ca la Jocurile Olimpice. Efectiv, de la ultimul 500, chiar ultimul 750, \u00eencepea tribuna, care era un sentiment de m\u00e2ndrie \u0219i mai ales c\u0103 am v\u0103zut at\u00e2tea steaguri, steagul Rom\u00e2niei prezent acolo \u0219i rom\u00e2nii care strigau \u0219i ne \u00eencurajau at\u00e2t de mult. Pentru noi a contat tare, tare mult \u0219i treaba asta ne-a dat \u00eenc\u0103 un boost de energie de care aveam nevoie\u201d.<br \/>Pentru sportiva din jude\u021bul Vaslui\u00a0urmeaz\u0103 participarea la Campionatele Na\u021bionale, dup\u0103 care canotorii rom\u00e2ni vor intra \u00een vacan\u021b\u0103: \u201eUrmeaz\u0103 Campionatele Na\u021bionale. Particip\u0103m \u0219i la na\u021bionale. Mai avem trei curse \u0219i aici de tras. Pe Snagov, concur\u0103m la Campionatul Na\u021bional pentru CSA Steaua. O s\u0103 trag dublu rame cu Simona, dublu v\u00e2sle cu Simona \u0219i opt mixt la Steaua. De m\u00e2ine chiar \u00eencepem, de m\u00e2ine \u0219i poim\u00e2ine. \u0218i apoi intr\u0103m \u00een vacan\u021ba mult dorit\u0103 \u0219i a\u0219teptat\u0103 de noi cu toat\u0103 inima\u201d.<br \/>Rom\u00e2nia a ocupat locul al patrulea \u00een clasamentul pe medalii la Campionatul Mondial de canotaj\u00a02026, cu trei de aur, devansat\u0103 de Olanda (4-3-3), Germania (3-2-0) \u0219i de Statele Unite (3-0-6).<br \/>Cele trei medalii de aur au fost cucerite de b\u0103rcile de dublu rame feminin (<strong>Adriana Adam<\/strong>\u00a0\u0219i Simona Radi\u0219), 8+1 feminin (Cristina Drug\u0103, Geanina Juncanariu, Ancu\u021ba Bodnar, Maria Lehaci, Magdalena Rusu, Amalia Chelaru, <strong>Adriana Adam<\/strong>, Simona Radi\u0219 \u0219i Victoria Petreanu) \u0219i 8+1 mixt (Cristina Drug\u0103, Amalia Chelaru, <strong>Adriana Adam<\/strong>, Florin Lehaci, Cosmin Iulian Ple\u0219escu, Ciprian Tudos\u0103, \u0218tefan Berariu, Simona Radi\u0219 \u0219i Victoria Petreanu).<br \/>Adriana Adam \u0219i Simona Radi\u0219 au \u00eencheiat cu trei medalii de aur Mondialele de la Amsterdam, o premier\u0103 la Campionatelor Mondiale.<\/p>\n<\/div>\n<p>[analyse_source url=&#8221;https:\/\/www.monitoruldevaslui.ro\/2026\/09\/adriana-adam-trei-medalii-aur-exceptional\/#new_tab&#8221;]<\/p>\n","protected":false},"excerpt":{"rendered":"<p>[analyse_image type=&#8221;featured&#8221; src=&#8221;https:\/\/www.monitoruldevaslui.ro\/wp-content\/uploads\/2026\/09\/Adriana-Adam-Simana-Radis-campionate-mondiale-canotaj-2026.png&#8221;] NewsHub 27C Vaslui Canotoarea vasluianc\u0103 Adriana Adam (foto st\u00e2nga) a declarat, luni, la Snagov, dup\u0103 cele trei medalii de aur cucerite la Campionatele Mondiale de la Amsterdam, c\u0103 aceast\u0103 edi\u021bie a competi\u021biei a fost una \u201efantastic\u0103\u201d li a avut un \u201ean excep\u021bional\u201d, subliniind c\u0103 performan\u021bele au fost ob\u021binute dup\u0103 curse extrem de [&hellip;]<\/p>\n","protected":false},"author":1,"featured_media":0,"comment_status":"open","ping_status":"","sticky":false,"template":"","format":"standard","meta":{"footnotes":""},"categories":[89],"tags":[226,217],"class_list":["post-2122179","post","type-post","status-publish","format-standard","hentry","category-romania","tag-crawlmanager","tag-vaslui-robo-stiri-ro"],"_links":{"self":[{"href":"https:\/\/analyse.optim.biz\/index.php?rest_route=\/wp\/v2\/posts\/2122179","targetHints":{"allow":["GET"]}}],"collection":[{"href":"https:\/\/analyse.optim.biz\/index.php?rest_route=\/wp\/v2\/posts"}],"about":[{"href":"https:\/\/analyse.optim.biz\/index.php?rest_route=\/wp\/v2\/types\/post"}],"author":[{"embeddable":true,"href":"https:\/\/analyse.optim.biz\/index.php?rest_route=\/wp\/v2\/users\/1"}],"replies":[{"embeddable":true,"href":"https:\/\/analyse.optim.biz\/index.php?rest_route=%2Fwp%2Fv2%2Fcomments&post=2122179"}],"version-history":[{"count":0,"href":"https:\/\/analyse.optim.biz\/index.php?rest_route=\/wp\/v2\/posts\/2122179\/revisions"}],"wp:attachment":[{"href":"https:\/\/analyse.optim.biz\/index.php?rest_route=%2Fwp%2Fv2%2Fmedia&parent=2122179"}],"wp:term":[{"taxonomy":"category","embeddable":true,"href":"https:\/\/analyse.optim.biz\/index.php?rest_route=%2Fwp%2Fv2%2Fcategories&post=2122179"},{"taxonomy":"post_tag","embeddable":true,"href":"https:\/\/analyse.optim.biz\/index.php?rest_route=%2Fwp%2Fv2%2Ftags&post=2122179"}],"curies":[{"name":"wp","href":"https:\/\/api.w.org\/{rel}","templated":true}]}}