{"id":2122116,"date":"2026-09-01T06:27:54","date_gmt":"2026-09-01T03:27:54","guid":{"rendered":"https:\/\/analyse.optim.biz\/?p=2122116"},"modified":"2026-09-01T06:27:54","modified_gmt":"2026-09-01T03:27:54","slug":"alessandro-di-battista-potrebbe-tornare-in-italia-giovedi-dopo-il-malore-di-sabato-a-cuba","status":"publish","type":"post","link":"https:\/\/analyse.optim.biz\/?p=2122116","title":{"rendered":"Alessandro di battista potrebbe tornare in italia gioved\u00cc \u2013 dopo il malore di sabato a cuba, &#8230;"},"content":{"rendered":"<p>[analyse_image type=&#8221;featured&#8221; src=&#8221;https:\/\/static.dagospia.com\/img\/patch\/06-2020\/alessandro-di-battista-autostop-1330391_600_q50.webp&#8221;]<\/p>\n<article>\n<div class=\"img-wrapper\"><img decoding=\"async\" src=\"https:\/\/static.dagospia.com\/img\/patch\/06-2020\/alessandro-di-battista-autostop-1330391_600_q50.webp\" alt=\"alessandro di battista autostop\"><time class=\"data-ora\">1 set 2026 08:27<\/time><\/div>\n<p><span>ALESSANDRO DI BATTISTA POTREBBE TORNARE IN ITALIA GIOVED\u00cc \u2013<\/span> DOPO IL MALORE DI SABATO A CUBA, &#8220;DIBBA&#8221; \u00c8 ANCORA RICOVERATO ALL&#8217;OSPEDALE HERMANOS AMEIJEIRAS, DOVE GLI SPECIALISTI DEL POLICLINICO GEMELLI INVIATI DA GIUSEPPE CONTE STANNO VALUTANDO LE SUE CONDIZIONI. PER RIPORTARLO A CASA SERVIR\u00c0 UN VOLO SPECIALE CHE VOLI A BASSA QUOTA, PER EVITARE PROBLEMI LEGATI ALLA PRESSURIZZAZIONE, <span>MA SARANNO I MEDICI A DECIDERE <\/span>&#8211; L\u2019EX PARLAMENTARE DEL M5S, CHE DA ANNI LOTTA CONTRO LA \u201cCASTA\u201d CON LA PAROLA D\u2019ORDINE \u201cUNO VALE UNO\u201d, HA RIFIUTATO IL VOLO DI STATO: SARANNO L\u2019ASSICURAZIONE, \u201cIL FATTO QUOTIDIANO\u201d E IL M5S A COPRIRE LE SPESE DEL RIENTRO \u2013 IL CAPOGRUPPO DEL M5S ALLA CAMERA, RICCARDO RICCIARDI, PERDE LE STAFFE DOPO LE POLEMICHE SUI PRIVILEGI RISERVATI AL \u201cCHE GUEVARA DI ROMA NORD\u201d: \u201cDIBATTITO INFAME, SCHIFOSA PROPAGANDA\u201d<\/p>\n<div class=\"share-section\">\n                Condividi  questo articolo<\/p>\n<div class=\"socials\"><a href=\"http:\/\/www.facebook.com\/sharer.php?u=http:\/\/www.dagospia.com\/politica\/alessandro-battista-potrebbe-tornare-in-italia-giovedi-dopo-malore-sabato-485400\" target=\"_blank\"><img decoding=\"async\" src=\"https:\/\/static.dagospia.com\/img\/icons\/facebook.svg\" alt=\"Condividi su Facebook\"><\/a><a href=\"http:\/\/www.twitter.com\/share?url=http:\/\/www.dagospia.com\/politica\/alessandro-battista-potrebbe-tornare-in-italia-giovedi-dopo-malore-sabato-485400&amp;text=ALESSANDRO%20DI%20BATTISTA%20POTREBBE%20TORNARE%20IN%20ITALIA%20GIOVED%C3%8C%20%E2%80%93%20DOPO%20IL%20MALORE%20DI%20SABATO%20A%20CUBA,%20...\" target=\"_blank\"><img decoding=\"async\" src=\"https:\/\/static.dagospia.com\/img\/icons\/x-icon.png\" alt=\"Condividi su X\"><\/a><a href=\"\/\/www.dagospia.com\/politica\/alessandro-battista-potrebbe-tornare-in-italia-giovedi-dopo-malore-sabato-485400\" target=\"_blank\"><img decoding=\"async\" src=\"https:\/\/static.dagospia.com\/img\/icons\/whatsapp.svg\" alt=\"Condividi su Whatsapp\"><\/a><a href=\"mailto:?body=http:\/\/www.dagospia.com\/politica\/alessandro-battista-potrebbe-tornare-in-italia-giovedi-dopo-malore-sabato-485400\" target=\"_blank\"><img decoding=\"async\" src=\"https:\/\/static.dagospia.com\/img\/icons\/mail.svg\" alt=\"Invia in email\"><\/a><\/div>\n<\/div>\n<div class=\"content\">\n<p class=\"disable\"><strong>DI BATTISTA TRA POST ED ESAMI: GIOVED\u00cc RIPARTE PER ROMA<\/strong><\/p>\n<p class=\"disable\"><strong>Estratto dell\u2019articolo di Luca De Carolis per <a href=\"http:\/\/www.ilfattoquotidiano.it\" target=\"_blank\">\u201cil Fatto quotidiano\u201d<\/a><\/strong><\/p>\n<p class=\"disable\">\u00a0<\/p>\n<p><a href=\"https:\/\/www.dagospia.com\/media-gallery\/dago-fotogallery-521827\/2300527\" class=\"float-left img-wrapper\"><img decoding=\"async\" id=\"2300527\" loading=\"lazy\" src=\"https:\/\/static.dagospia.com\/img\/foto\/08-2026\/alessandro-di-battista-3-2300527_800_q50.webp\"><span class=\"img-title\">alessandro di battista 3<\/span><\/a><\/p>\n<p class=\"disable\">Lo riporteranno in Italia, con un volo sanitario: con partenza prima possibile, forse gi\u00e0 gioved\u00ec. Alessandro Di Battista combatte la sua battaglia a Cuba, dove \u00e8 ricoverato da venerd\u00ec sera dopo aver accusato forti mal di testa, con l\u2019animo un po\u2019 meno oppresso.<\/p>\n<p class=\"disable\">\u00a0<\/p>\n<p class=\"disable\">Nell\u2019isola \u00e8 arrivata la madre dei suoi due figli, Sahra, assieme ad alcuni strettissimi amici. \u201cPer Alessandro \u00e8 gi\u00e0 un altro clima grazie alla loro presenza\u201d raccontano. Un enorme sollievo per l\u2019ex deputato, che anche ieri ha risposto a molti dei tantissimi messaggi e ha dato segno di s\u00e9 sui social con una storia su Instagram sull\u2019ennesimo massacro a Gaza [\u2026].<\/p>\n<p class=\"disable\">\u00a0<\/p>\n<p><a href=\"https:\/\/www.dagospia.com\/media-gallery\/dago-fotogallery-521827\/2301021\" class=\"float-right img-wrapper\"><img decoding=\"async\" id=\"2301021\" loading=\"lazy\" src=\"https:\/\/static.dagospia.com\/img\/foto\/08-2026\/marco-travaglio-alessandro-di-battista-luca-sommi-e-andrea-scanzi-2301021_800_q50.webp\"><span class=\"img-title\">MARCO TRAVAGLIO ALESSANDRO DI BATTISTA LUCA SOMMI E ANDREA SCANZI<\/span><\/a><\/p>\n<p class=\"disable\">[\u2026] Ma all\u2019ospedale Hermanos Ameijeiras di Cuba per lui sono state soprattutto ore di altri e approfonditi esami, a cui hanno assistito anche due specialisti del Policlinico Gemelli di Roma mandati da Giuseppe Conte: un neurochirurgo e uno specialista di rianimazione e terapia intensiva. Ieri hanno visitato Di Battista, poi hanno fatto un punto con i medici cubani.<\/p>\n<p class=\"disable\">\u00a0<\/p>\n<p class=\"disable\">Da quanto filtra, l\u2019orientamento \u00e8 quello di riportare l\u2019ex deputato del Movimento in Italia. Di Battista dovrebbe ripartire gioved\u00ec prossimo, per arrivare in Italia il giorno dopo. Ma servir\u00e0 un volo speciale, perch\u00e9 la pressurizzazione potrebbe creargli gravi problemi. In termini tecnici, viagger\u00e0 su un\u2019aeroambulanza, probabilmente facendo alcuni scali di rifornimento.<\/p>\n<p class=\"disable\">\u00a0<\/p>\n<p class=\"disable\">Di certo alle spese del volo provveder\u00e0 lui, tramite l\u2019assicurazione privata che gli avevano pagato il Fatto e Tv Loft per cui era andato nell\u2019isola per fare alcuni reportage, dal titolo La polvere dei poveri.<\/p>\n<p class=\"disable\">\u00a0<\/p>\n<p><a href=\"https:\/\/www.dagospia.com\/media-gallery\/dago-fotogallery-521827\/2300708\" class=\"float-left img-wrapper\"><img decoding=\"async\" id=\"2300708\" loading=\"lazy\" src=\"https:\/\/static.dagospia.com\/img\/foto\/08-2026\/alessandro-di-battista-e-il-pranzo-in-ospedale-a-cuba-2300708_800_q50.webp\"><span class=\"img-title\">ALESSANDRO DI BATTISTA E IL PRANZO IN OSPEDALE A CUBA<\/span><\/a><\/p>\n<p class=\"disable\">[\u2026] Se dovessero servire altri soldi per il viaggio, il Fatto e i Cinque Stelle sono pronti a intervenire. Di certo l\u2019ex deputato non voleva prendere e non prender\u00e0 alcun volo di Stato, che pure il governo era pronto a mettergli a disposizione, come gli avrebbe ribadito anche Giorgia Meloni nella telefonata che gli ha fatto domenica.<\/p>\n<p class=\"disable\">\u00a0<\/p>\n<p class=\"disable\">Anche per questo nell\u2019associazione fondata dall\u2019ex deputato, Schierarsi, e nel Movimento hanno preso malissimo le accuse e le ironie su Di Battista, dipinto da sciacalli vari come un furbastro pronto ad avvalersi di un aereo pagato coi soldi pubblici. Comunque, subito soccorso dalle istituzioni. \u00a0[\u2026]<\/p>\n<p class=\"disable\">\u00a0<\/p>\n<p class=\"disable\"><strong>\u00abDI BATTISTA \u00c8 VIGILE\u00bb L\u2019ATTESA PER UNA DIAGNOSI ASSICURAZIONE E COLLETTA, LE SCELTE PER PAGARE IL RIENTRO<\/strong><\/p>\n<p class=\"disable\"><strong>Estratto dell\u2019articolo di Adriana Logroscino e Emanuele Buzzi per il <a href=\"http:\/\/www.corriere.it\" target=\"_blank\">\u201cCorriere della Sera\u201d<\/a><\/strong><\/p>\n<p class=\"disable\">\u00a0<\/p>\n<p class=\"disable\">[\u2026] Intanto a Cuba sono giunti anche un rianimatore e un neurochirurgo del Policlinico Gemelli. I due hanno il duplice obiettivo di fornire supporto ai medici cubani e valutare le condizioni di Di Battista per un suo trasferimento. Non a caso anche ieri sono stati effettuati ulteriori accertamenti per definire meglio il quadro clinico dell\u2019ex deputato.<\/p>\n<p><a href=\"https:\/\/www.dagospia.com\/media-gallery\/dago-fotogallery-521827\/2009574\" class=\"float-right img-wrapper\"><img decoding=\"async\" id=\"2009574\" loading=\"lazy\" src=\"https:\/\/static.dagospia.com\/img\/foto\/06-2024\/alessandro-di-battista-in-senato-con-le-firme-pro-palestina-4-2009574_800_q50.webp\"><span class=\"img-title\">alessandro di battista in senato con le firme pro palestina. 4<\/span><\/a><\/p>\n<p class=\"disable\">\u00a0<\/p>\n<p class=\"disable\">Una fase \u00abnecessaria\u00bb proprio per tutelare la sicurezza e la salute dell\u2019ex stellato. Solo in un secondo momento si potranno prendere decisioni su percorsi e tempistiche. Le polemiche, intorno alle condizioni e le spese per il suo rientro in Italia vengono spente cos\u00ec, direttamente dall\u2019interessato: \u00abSono assicurato, non \u00e8 necessario l\u2019aereo di Stato\u00bb.<\/p>\n<p class=\"disable\">\u00a0<\/p>\n<p class=\"disable\">Parole pronunciate con cortesia e gratitudine \u2014 riferiscono \u2014 da Di Battista. Nessuna volont\u00e0 di prendere le distanze dall\u2019offerta del governo che, peraltro, garantisce che l\u2019Italia sta prestando l\u2019assistenza che per prassi offrirebbe a qualsiasi cittadino nelle stesse condizioni. Anche ieri Antonio Tajani ha ribadito: \u00abStiamo lavorando per far rientrare Di Battista in Italia\u00bb.<\/p>\n<p class=\"disable\">\u00a0<\/p>\n<p><a href=\"https:\/\/www.dagospia.com\/media-gallery\/dago-fotogallery-521827\/1854146\" class=\"float-right img-wrapper\"><img decoding=\"async\" id=\"1854146\" loading=\"lazy\" src=\"https:\/\/static.dagospia.com\/img\/foto\/06-2023\/alessandro-di-battista-in-viaggio-1854146_800_q50.webp\"><span class=\"img-title\">alessandro di battista in viaggio<\/span><\/a><\/p>\n<p class=\"disable\">Quando i medici daranno il via libera al trasporto, quando diranno che le condizioni di salute dell\u2019ex deputato gli consentono di affrontare un volo sia pure a quota pi\u00f9 bassa, come previsto per gli aerei sanitari, il velivolo messo a disposizione dall\u2019Aeronautica sar\u00e0 pronto a partire. Si parla di domani o dopodomani. Ma non si esclude un\u2019accelerazione. La valutazione medica sulla sua trasportabilit\u00e0 \u00e8 in corso. E il tempismo per le cure da prestare a Di Battista \u00e8 fondamentale.<\/p>\n<p class=\"disable\">\u00a0<\/p>\n<p class=\"disable\">Il conto sar\u00e0 pagato dall\u2019assicurazione. E, se fossero superiori a quelle previste dalla polizza, se ne farebbero carico il Fatto quotidiano, per il quale Di Battista era al lavoro su un reportage da Cuba, e il M5S. Il quotidiano ha gi\u00e0 ricevuto offerte e donazioni di italiani facoltosi che vogliono restare anonimi.<\/p>\n<p class=\"disable\">\u00a0<\/p>\n<p class=\"disable\">Per ulteriori eventuali altre risorse si attiverebbe una colletta promossa, insieme, dal giornale e dal Movimento. Il cui leader, Giuseppe Conte, segue personalmente e attentamente la vicenda, con contatti costanti non solo con la famiglia dell\u2019attivista ma anche con la Farnesina. Tutto insomma, punta, verso una gestione delicata e rispettosa del momento difficile in cui Di Battista si trova.<\/p>\n<p class=\"disable\">\u00a0<\/p>\n<p><a href=\"https:\/\/www.dagospia.com\/media-gallery\/dago-fotogallery-521827\/1854144\" class=\"float-left img-wrapper\"><img decoding=\"async\" id=\"1854144\" loading=\"lazy\" src=\"https:\/\/static.dagospia.com\/img\/foto\/06-2023\/alessandro-di-battista-in-viaggio-1854144_800_q50.webp\"><span class=\"img-title\">alessandro di battista in viaggio<\/span><\/a><\/p>\n<p class=\"disable\">In Italia, la polemica innescatasi via social sul trasporto con volo di Stato che potrebbe essere considerato un privilegio riservato a un ex parlamentare, viene spenta con un post veemente dal capogruppo del M5S, Riccardo Ricciardi: \u00abUn dibattito infame, schifosa propaganda \u2014 scrive \u2014 da cui traspare evidente un godimento nel vedere un uomo in difficolt\u00e0 che, in un momento drammatico, qualcuno vorrebbe fosse costretto sulla sua pelle a ripudiare una delle sue battaglie, quella contro la casta. Non c\u2019\u00e8 nessun trattamento di favore. Alessandro ha gi\u00e0 dimostrato che si pu\u00f2 fare politica e rimanere liberi\u00bb. [\u2026]<\/p>\n<p><a href=\"https:\/\/www.dagospia.com\/media-gallery\/dago-fotogallery-521827\/1760098\" class=\"float-right img-wrapper\"><img decoding=\"async\" id=\"1760098\" loading=\"lazy\" src=\"https:\/\/static.dagospia.com\/img\/foto\/12-2022\/alessandro-di-battista-con-i-soci-fondatori-dell-associazione-schierarsi-1760098_800_q50.webp\"><span class=\"img-title\">ALESSANDRO DI BATTISTA CON I SOCI FONDATORI DELL ASSOCIAZIONE SCHIERARSI <\/span><\/a><a href=\"https:\/\/www.dagospia.com\/media-gallery\/dago-fotogallery-521827\/2276277\" class=\"float-right img-wrapper\"><img decoding=\"async\" id=\"2276277\" loading=\"lazy\" src=\"https:\/\/static.dagospia.com\/img\/foto\/06-2026\/andrea-scanzi-marco-travaglio-alessandro-di-battista-luca-sommi-peter-gomez-ales-2276277_800_q50.webp\"><span class=\"img-title\">ANDREA SCANZI &#8211; MARCO TRAVAGLIO &#8211; ALESSANDRO DI BATTISTA &#8211; LUCA SOMMI &#8211; PETER GOMEZ &#8211; ALESSANDRO ORSINI<\/span><\/a><a href=\"https:\/\/www.dagospia.com\/media-gallery\/dago-fotogallery-521827\/2300624\" class=\"float-right img-wrapper\"><img decoding=\"async\" id=\"2300624\" loading=\"lazy\" src=\"https:\/\/static.dagospia.com\/img\/foto\/08-2026\/il-commento-di-alessandro-di-battista-ricoverato-a-cuba-2300624_800_q50.webp\"><span class=\"img-title\">il commento di alessandro di battista ricoverato a cuba<\/span><\/a><a href=\"https:\/\/www.dagospia.com\/media-gallery\/dago-fotogallery-521827\/2300524\" class=\"float-right img-wrapper\"><img decoding=\"async\" id=\"2300524\" loading=\"lazy\" src=\"https:\/\/static.dagospia.com\/img\/foto\/08-2026\/alessandro-di-battista-5-2300524_800_q50.webp\"><span class=\"img-title\">alessandro di battista 5<\/span><\/a><a href=\"https:\/\/www.dagospia.com\/media-gallery\/dago-fotogallery-521827\/1697524\" class=\"float-right img-wrapper\"><img decoding=\"async\" id=\"1697524\" loading=\"lazy\" src=\"https:\/\/static.dagospia.com\/img\/foto\/08-2022\/virginia-raggi-alessandro-di-battista-1697524_800_q50.webp\"><span class=\"img-title\"> virginia raggi alessandro di battista <\/span><\/a><a href=\"https:\/\/www.dagospia.com\/media-gallery\/dago-fotogallery-521827\/1697525\" class=\"float-right img-wrapper\"><img decoding=\"async\" id=\"1697525\" loading=\"lazy\" src=\"https:\/\/static.dagospia.com\/img\/foto\/08-2022\/beppe-grillo-luigi-di-maio-alessandro-di-battista-virginia-raggi-1697525_800_q50.webp\"><span class=\"img-title\">beppe grillo luigi di maio alessandro di battista virginia raggi <\/span><\/a><a href=\"https:\/\/www.dagospia.com\/media-gallery\/dago-fotogallery-521827\/1745249\" class=\"float-right img-wrapper\"><img decoding=\"async\" id=\"1745249\" loading=\"lazy\" src=\"https:\/\/static.dagospia.com\/img\/foto\/11-2022\/alessandro-di-battista-a-belve-4-1745249_800_q50.webp\"><span class=\"img-title\">alessandro di battista a belve 4<\/span><\/a><a href=\"https:\/\/www.dagospia.com\/media-gallery\/dago-fotogallery-521827\/2300513\" class=\"float-right img-wrapper\"><img decoding=\"async\" id=\"2300513\" loading=\"lazy\" src=\"https:\/\/static.dagospia.com\/img\/foto\/08-2026\/il-messaggio-di-luigi-di-maio-per-alessandro-di-battista-2300513_800_q50.webp\"><span class=\"img-title\">IL MESSAGGIO DI LUIGI DI MAIO PER ALESSANDRO DI BATTISTA<\/span><\/a><a href=\"https:\/\/www.dagospia.com\/media-gallery\/dago-fotogallery-521827\/1713677\" class=\"float-right img-wrapper\"><img decoding=\"async\" id=\"1713677\" loading=\"lazy\" src=\"https:\/\/static.dagospia.com\/img\/foto\/09-2022\/alessandro-di-battista-a-dimartedi-7-1713677_800_q50.webp\"><span class=\"img-title\">alessandro di battista a dimartedi 7<\/span><\/a><a href=\"https:\/\/www.dagospia.com\/media-gallery\/dago-fotogallery-521827\/2300015\" class=\"float-right img-wrapper\"><img decoding=\"async\" id=\"2300015\" loading=\"lazy\" src=\"https:\/\/static.dagospia.com\/img\/foto\/08-2026\/il-fatto-putiniano-meme-2300015_800_q50.webp\"><span class=\"img-title\">IL FATTO PUTINIANO MEME <\/span><\/a><a href=\"https:\/\/www.dagospia.com\/media-gallery\/dago-fotogallery-521827\/2300523\" class=\"float-right img-wrapper\"><img decoding=\"async\" id=\"2300523\" loading=\"lazy\" src=\"https:\/\/static.dagospia.com\/img\/foto\/08-2026\/alessandro-di-battista-4-2300523_800_q50.webp\"><span class=\"img-title\">alessandro di battista 4<\/span><\/a><a href=\"https:\/\/www.dagospia.com\/media-gallery\/dago-fotogallery-521827\/2300525\" class=\"float-right img-wrapper\"><img decoding=\"async\" id=\"2300525\" loading=\"lazy\" src=\"https:\/\/static.dagospia.com\/img\/foto\/08-2026\/alessandro-di-battista-1-2300525_800_q50.webp\"><span class=\"img-title\">alessandro di battista 1<\/span><\/a><\/p>\n<\/div>\n<div class=\"share-section\">\n                Condividi  questo articolo<\/p>\n<div class=\"socials\"><a href=\"https:\/\/www.dagospia.com\/politica\/alessandro-battista-potrebbe-tornare-in-italia-giovedi-dopo-malore-sabato-485400\"><img decoding=\"async\" src=\"https:\/\/static.dagospia.com\/img\/icons\/facebook.svg\" alt=\"Condividi su Facebook\"><\/a><a href=\"https:\/\/www.dagospia.com\/politica\/alessandro-battista-potrebbe-tornare-in-italia-giovedi-dopo-malore-sabato-485400\"><img decoding=\"async\" src=\"https:\/\/static.dagospia.com\/img\/icons\/x-icon.png\" alt=\"Condividi su X\"><\/a><a href=\"https:\/\/www.dagospia.com\/politica\/alessandro-battista-potrebbe-tornare-in-italia-giovedi-dopo-malore-sabato-485400\"><img decoding=\"async\" src=\"https:\/\/static.dagospia.com\/img\/icons\/whatsapp.svg\" alt=\"Condividi su Whatsapp\"><\/a><a href=\"https:\/\/www.dagospia.com\/politica\/alessandro-battista-potrebbe-tornare-in-italia-giovedi-dopo-malore-sabato-485400\"><img decoding=\"async\" src=\"https:\/\/static.dagospia.com\/img\/icons\/mail.svg\" alt=\"Invia in email\"><\/a><\/div>\n<\/div>\n<\/article>\n<div class=\"content\">\n<p class=\"disable\"><strong>DI BATTISTA TRA POST ED ESAMI: GIOVED\u00cc RIPARTE PER ROMA<\/strong><\/p>\n<p class=\"disable\"><strong>Estratto dell\u2019articolo di Luca De Carolis per <a href=\"http:\/\/www.ilfattoquotidiano.it\" target=\"_blank\">\u201cil Fatto quotidiano\u201d<\/a><\/strong><\/p>\n<p class=\"disable\">\u00a0<\/p>\n<p><a href=\"https:\/\/www.dagospia.com\/media-gallery\/dago-fotogallery-521827\/2300527\" class=\"float-left img-wrapper\"><img decoding=\"async\" id=\"2300527\" loading=\"lazy\" src=\"https:\/\/static.dagospia.com\/img\/foto\/08-2026\/alessandro-di-battista-3-2300527_800_q50.webp\"><span class=\"img-title\">alessandro di battista 3<\/span><\/a><\/p>\n<p class=\"disable\">Lo riporteranno in Italia, con un volo sanitario: con partenza prima possibile, forse gi\u00e0 gioved\u00ec. Alessandro Di Battista combatte la sua battaglia a Cuba, dove \u00e8 ricoverato da venerd\u00ec sera dopo aver accusato forti mal di testa, con l\u2019animo un po\u2019 meno oppresso.<\/p>\n<p class=\"disable\">\u00a0<\/p>\n<p class=\"disable\">Nell\u2019isola \u00e8 arrivata la madre dei suoi due figli, Sahra, assieme ad alcuni strettissimi amici. \u201cPer Alessandro \u00e8 gi\u00e0 un altro clima grazie alla loro presenza\u201d raccontano. Un enorme sollievo per l\u2019ex deputato, che anche ieri ha risposto a molti dei tantissimi messaggi e ha dato segno di s\u00e9 sui social con una storia su Instagram sull\u2019ennesimo massacro a Gaza [\u2026].<\/p>\n<p class=\"disable\">\u00a0<\/p>\n<p><a href=\"https:\/\/www.dagospia.com\/media-gallery\/dago-fotogallery-521827\/2301021\" class=\"float-right img-wrapper\"><img decoding=\"async\" id=\"2301021\" loading=\"lazy\" src=\"https:\/\/static.dagospia.com\/img\/foto\/08-2026\/marco-travaglio-alessandro-di-battista-luca-sommi-e-andrea-scanzi-2301021_800_q50.webp\"><span class=\"img-title\">MARCO TRAVAGLIO ALESSANDRO DI BATTISTA LUCA SOMMI E ANDREA SCANZI<\/span><\/a><\/p>\n<p class=\"disable\">[\u2026] Ma all\u2019ospedale Hermanos Ameijeiras di Cuba per lui sono state soprattutto ore di altri e approfonditi esami, a cui hanno assistito anche due specialisti del Policlinico Gemelli di Roma mandati da Giuseppe Conte: un neurochirurgo e uno specialista di rianimazione e terapia intensiva. Ieri hanno visitato Di Battista, poi hanno fatto un punto con i medici cubani.<\/p>\n<p class=\"disable\">\u00a0<\/p>\n<p class=\"disable\">Da quanto filtra, l\u2019orientamento \u00e8 quello di riportare l\u2019ex deputato del Movimento in Italia. Di Battista dovrebbe ripartire gioved\u00ec prossimo, per arrivare in Italia il giorno dopo. Ma servir\u00e0 un volo speciale, perch\u00e9 la pressurizzazione potrebbe creargli gravi problemi. In termini tecnici, viagger\u00e0 su un\u2019aeroambulanza, probabilmente facendo alcuni scali di rifornimento.<\/p>\n<p class=\"disable\">\u00a0<\/p>\n<p class=\"disable\">Di certo alle spese del volo provveder\u00e0 lui, tramite l\u2019assicurazione privata che gli avevano pagato il Fatto e Tv Loft per cui era andato nell\u2019isola per fare alcuni reportage, dal titolo La polvere dei poveri.<\/p>\n<p class=\"disable\">\u00a0<\/p>\n<p><a href=\"https:\/\/www.dagospia.com\/media-gallery\/dago-fotogallery-521827\/2300708\" class=\"float-left img-wrapper\"><img decoding=\"async\" id=\"2300708\" loading=\"lazy\" src=\"https:\/\/static.dagospia.com\/img\/foto\/08-2026\/alessandro-di-battista-e-il-pranzo-in-ospedale-a-cuba-2300708_800_q50.webp\"><span class=\"img-title\">ALESSANDRO DI BATTISTA E IL PRANZO IN OSPEDALE A CUBA<\/span><\/a><\/p>\n<p class=\"disable\">[\u2026] Se dovessero servire altri soldi per il viaggio, il Fatto e i Cinque Stelle sono pronti a intervenire. Di certo l\u2019ex deputato non voleva prendere e non prender\u00e0 alcun volo di Stato, che pure il governo era pronto a mettergli a disposizione, come gli avrebbe ribadito anche Giorgia Meloni nella telefonata che gli ha fatto domenica.<\/p>\n<p class=\"disable\">\u00a0<\/p>\n<p class=\"disable\">Anche per questo nell\u2019associazione fondata dall\u2019ex deputato, Schierarsi, e nel Movimento hanno preso malissimo le accuse e le ironie su Di Battista, dipinto da sciacalli vari come un furbastro pronto ad avvalersi di un aereo pagato coi soldi pubblici. Comunque, subito soccorso dalle istituzioni. \u00a0[\u2026]<\/p>\n<p class=\"disable\">\u00a0<\/p>\n<p class=\"disable\"><strong>\u00abDI BATTISTA \u00c8 VIGILE\u00bb L\u2019ATTESA PER UNA DIAGNOSI ASSICURAZIONE E COLLETTA, LE SCELTE PER PAGARE IL RIENTRO<\/strong><\/p>\n<p class=\"disable\"><strong>Estratto dell\u2019articolo di Adriana Logroscino e Emanuele Buzzi per il <a href=\"http:\/\/www.corriere.it\" target=\"_blank\">\u201cCorriere della Sera\u201d<\/a><\/strong><\/p>\n<p class=\"disable\">\u00a0<\/p>\n<p class=\"disable\">[\u2026] Intanto a Cuba sono giunti anche un rianimatore e un neurochirurgo del Policlinico Gemelli. I due hanno il duplice obiettivo di fornire supporto ai medici cubani e valutare le condizioni di Di Battista per un suo trasferimento. Non a caso anche ieri sono stati effettuati ulteriori accertamenti per definire meglio il quadro clinico dell\u2019ex deputato.<\/p>\n<p><a href=\"https:\/\/www.dagospia.com\/media-gallery\/dago-fotogallery-521827\/2009574\" class=\"float-right img-wrapper\"><img decoding=\"async\" id=\"2009574\" loading=\"lazy\" src=\"https:\/\/static.dagospia.com\/img\/foto\/06-2024\/alessandro-di-battista-in-senato-con-le-firme-pro-palestina-4-2009574_800_q50.webp\"><span class=\"img-title\">alessandro di battista in senato con le firme pro palestina. 4<\/span><\/a><\/p>\n<p class=\"disable\">\u00a0<\/p>\n<p class=\"disable\">Una fase \u00abnecessaria\u00bb proprio per tutelare la sicurezza e la salute dell\u2019ex stellato. Solo in un secondo momento si potranno prendere decisioni su percorsi e tempistiche. Le polemiche, intorno alle condizioni e le spese per il suo rientro in Italia vengono spente cos\u00ec, direttamente dall\u2019interessato: \u00abSono assicurato, non \u00e8 necessario l\u2019aereo di Stato\u00bb.<\/p>\n<p class=\"disable\">\u00a0<\/p>\n<p class=\"disable\">Parole pronunciate con cortesia e gratitudine \u2014 riferiscono \u2014 da Di Battista. Nessuna volont\u00e0 di prendere le distanze dall\u2019offerta del governo che, peraltro, garantisce che l\u2019Italia sta prestando l\u2019assistenza che per prassi offrirebbe a qualsiasi cittadino nelle stesse condizioni. Anche ieri Antonio Tajani ha ribadito: \u00abStiamo lavorando per far rientrare Di Battista in Italia\u00bb.<\/p>\n<p class=\"disable\">\u00a0<\/p>\n<p><a href=\"https:\/\/www.dagospia.com\/media-gallery\/dago-fotogallery-521827\/1854146\" class=\"float-right img-wrapper\"><img decoding=\"async\" id=\"1854146\" loading=\"lazy\" src=\"https:\/\/static.dagospia.com\/img\/foto\/06-2023\/alessandro-di-battista-in-viaggio-1854146_800_q50.webp\"><span class=\"img-title\">alessandro di battista in viaggio<\/span><\/a><\/p>\n<p class=\"disable\">Quando i medici daranno il via libera al trasporto, quando diranno che le condizioni di salute dell\u2019ex deputato gli consentono di affrontare un volo sia pure a quota pi\u00f9 bassa, come previsto per gli aerei sanitari, il velivolo messo a disposizione dall\u2019Aeronautica sar\u00e0 pronto a partire. Si parla di domani o dopodomani. Ma non si esclude un\u2019accelerazione. La valutazione medica sulla sua trasportabilit\u00e0 \u00e8 in corso. E il tempismo per le cure da prestare a Di Battista \u00e8 fondamentale.<\/p>\n<p class=\"disable\">\u00a0<\/p>\n<p class=\"disable\">Il conto sar\u00e0 pagato dall\u2019assicurazione. E, se fossero superiori a quelle previste dalla polizza, se ne farebbero carico il Fatto quotidiano, per il quale Di Battista era al lavoro su un reportage da Cuba, e il M5S. Il quotidiano ha gi\u00e0 ricevuto offerte e donazioni di italiani facoltosi che vogliono restare anonimi.<\/p>\n<p class=\"disable\">\u00a0<\/p>\n<p class=\"disable\">Per ulteriori eventuali altre risorse si attiverebbe una colletta promossa, insieme, dal giornale e dal Movimento. Il cui leader, Giuseppe Conte, segue personalmente e attentamente la vicenda, con contatti costanti non solo con la famiglia dell\u2019attivista ma anche con la Farnesina. Tutto insomma, punta, verso una gestione delicata e rispettosa del momento difficile in cui Di Battista si trova.<\/p>\n<p class=\"disable\">\u00a0<\/p>\n<p><a href=\"https:\/\/www.dagospia.com\/media-gallery\/dago-fotogallery-521827\/1854144\" class=\"float-left img-wrapper\"><img decoding=\"async\" id=\"1854144\" loading=\"lazy\" src=\"https:\/\/static.dagospia.com\/img\/foto\/06-2023\/alessandro-di-battista-in-viaggio-1854144_800_q50.webp\"><span class=\"img-title\">alessandro di battista in viaggio<\/span><\/a><\/p>\n<p class=\"disable\">In Italia, la polemica innescatasi via social sul trasporto con volo di Stato che potrebbe essere considerato un privilegio riservato a un ex parlamentare, viene spenta con un post veemente dal capogruppo del M5S, Riccardo Ricciardi: \u00abUn dibattito infame, schifosa propaganda \u2014 scrive \u2014 da cui traspare evidente un godimento nel vedere un uomo in difficolt\u00e0 che, in un momento drammatico, qualcuno vorrebbe fosse costretto sulla sua pelle a ripudiare una delle sue battaglie, quella contro la casta. Non c\u2019\u00e8 nessun trattamento di favore. Alessandro ha gi\u00e0 dimostrato che si pu\u00f2 fare politica e rimanere liberi\u00bb. [\u2026]<\/p>\n<p><a href=\"https:\/\/www.dagospia.com\/media-gallery\/dago-fotogallery-521827\/1760098\" class=\"float-right img-wrapper\"><img decoding=\"async\" id=\"1760098\" loading=\"lazy\" src=\"https:\/\/static.dagospia.com\/img\/foto\/12-2022\/alessandro-di-battista-con-i-soci-fondatori-dell-associazione-schierarsi-1760098_800_q50.webp\"><span class=\"img-title\">ALESSANDRO DI BATTISTA CON I SOCI FONDATORI DELL ASSOCIAZIONE SCHIERARSI <\/span><\/a><a href=\"https:\/\/www.dagospia.com\/media-gallery\/dago-fotogallery-521827\/2276277\" class=\"float-right img-wrapper\"><img decoding=\"async\" id=\"2276277\" loading=\"lazy\" src=\"https:\/\/static.dagospia.com\/img\/foto\/06-2026\/andrea-scanzi-marco-travaglio-alessandro-di-battista-luca-sommi-peter-gomez-ales-2276277_800_q50.webp\"><span class=\"img-title\">ANDREA SCANZI &#8211; MARCO TRAVAGLIO &#8211; ALESSANDRO DI BATTISTA &#8211; LUCA SOMMI &#8211; PETER GOMEZ &#8211; ALESSANDRO ORSINI<\/span><\/a><a href=\"https:\/\/www.dagospia.com\/media-gallery\/dago-fotogallery-521827\/2300624\" class=\"float-right img-wrapper\"><img decoding=\"async\" id=\"2300624\" loading=\"lazy\" src=\"https:\/\/static.dagospia.com\/img\/foto\/08-2026\/il-commento-di-alessandro-di-battista-ricoverato-a-cuba-2300624_800_q50.webp\"><span class=\"img-title\">il commento di alessandro di battista ricoverato a cuba<\/span><\/a><a href=\"https:\/\/www.dagospia.com\/media-gallery\/dago-fotogallery-521827\/2300524\" class=\"float-right img-wrapper\"><img decoding=\"async\" id=\"2300524\" loading=\"lazy\" src=\"https:\/\/static.dagospia.com\/img\/foto\/08-2026\/alessandro-di-battista-5-2300524_800_q50.webp\"><span class=\"img-title\">alessandro di battista 5<\/span><\/a><a href=\"https:\/\/www.dagospia.com\/media-gallery\/dago-fotogallery-521827\/1697524\" class=\"float-right img-wrapper\"><img decoding=\"async\" id=\"1697524\" loading=\"lazy\" src=\"https:\/\/static.dagospia.com\/img\/foto\/08-2022\/virginia-raggi-alessandro-di-battista-1697524_800_q50.webp\"><span class=\"img-title\"> virginia raggi alessandro di battista <\/span><\/a><a href=\"https:\/\/www.dagospia.com\/media-gallery\/dago-fotogallery-521827\/1697525\" class=\"float-right img-wrapper\"><img decoding=\"async\" id=\"1697525\" loading=\"lazy\" src=\"https:\/\/static.dagospia.com\/img\/foto\/08-2022\/beppe-grillo-luigi-di-maio-alessandro-di-battista-virginia-raggi-1697525_800_q50.webp\"><span class=\"img-title\">beppe grillo luigi di maio alessandro di battista virginia raggi <\/span><\/a><a href=\"https:\/\/www.dagospia.com\/media-gallery\/dago-fotogallery-521827\/1745249\" class=\"float-right img-wrapper\"><img decoding=\"async\" id=\"1745249\" loading=\"lazy\" src=\"https:\/\/static.dagospia.com\/img\/foto\/11-2022\/alessandro-di-battista-a-belve-4-1745249_800_q50.webp\"><span class=\"img-title\">alessandro di battista a belve 4<\/span><\/a><a href=\"https:\/\/www.dagospia.com\/media-gallery\/dago-fotogallery-521827\/2300513\" class=\"float-right img-wrapper\"><img decoding=\"async\" id=\"2300513\" loading=\"lazy\" src=\"https:\/\/static.dagospia.com\/img\/foto\/08-2026\/il-messaggio-di-luigi-di-maio-per-alessandro-di-battista-2300513_800_q50.webp\"><span class=\"img-title\">IL MESSAGGIO DI LUIGI DI MAIO PER ALESSANDRO DI BATTISTA<\/span><\/a><a href=\"https:\/\/www.dagospia.com\/media-gallery\/dago-fotogallery-521827\/1713677\" class=\"float-right img-wrapper\"><img decoding=\"async\" id=\"1713677\" loading=\"lazy\" src=\"https:\/\/static.dagospia.com\/img\/foto\/09-2022\/alessandro-di-battista-a-dimartedi-7-1713677_800_q50.webp\"><span class=\"img-title\">alessandro di battista a dimartedi 7<\/span><\/a><a href=\"https:\/\/www.dagospia.com\/media-gallery\/dago-fotogallery-521827\/2300015\" class=\"float-right img-wrapper\"><img decoding=\"async\" id=\"2300015\" loading=\"lazy\" src=\"https:\/\/static.dagospia.com\/img\/foto\/08-2026\/il-fatto-putiniano-meme-2300015_800_q50.webp\"><span class=\"img-title\">IL FATTO PUTINIANO MEME <\/span><\/a><a href=\"https:\/\/www.dagospia.com\/media-gallery\/dago-fotogallery-521827\/2300523\" class=\"float-right img-wrapper\"><img decoding=\"async\" id=\"2300523\" loading=\"lazy\" src=\"https:\/\/static.dagospia.com\/img\/foto\/08-2026\/alessandro-di-battista-4-2300523_800_q50.webp\"><span class=\"img-title\">alessandro di battista 4<\/span><\/a><a href=\"https:\/\/www.dagospia.com\/media-gallery\/dago-fotogallery-521827\/2300525\" class=\"float-right img-wrapper\"><img decoding=\"async\" id=\"2300525\" loading=\"lazy\" src=\"https:\/\/static.dagospia.com\/img\/foto\/08-2026\/alessandro-di-battista-1-2300525_800_q50.webp\"><span class=\"img-title\">alessandro di battista 1<\/span><\/a><\/p>\n<\/div>\n<article><a href=\"https:\/\/www.dagospia.com\/politica\/elly-ascolta-gli-amici-i-big-pd-scesi-in-campo-cosi-pesantemente-per-485354\"><\/p>\n<div class=\"img-wrapper\"><img decoding=\"async\" src=\"https:\/\/static.dagospia.com\/img\/patch\/08-2026\/giuseppe-conte-elly-schlein-franceschini-bonaccini-nardella-2301098_600_q50.webp\" alt=\"giuseppe conte elly schlein franceschini bonaccini nardella\" loading=\"lazy\"><time class=\"data-ora\">31 ago 20:17<\/time><\/div>\n<div class=\"excerpt\">\n<p>DAGOREPORT &#8211; <span>ELLY, ASCOLTA GLI AMICI!<\/span> I CAPOCCIONI E LE MEZZECALZE DEL PD, CHE SONO SCESI COS\u00cc PESANTEMENTE IN CAMPO PER SCONGIURARE LA JATTURA DELLE PRIMARIE, NON CE L&#8217;HANNO CON TE, LO FANNO SOLO PER IL TUO BENE &#8211; CERTO, TEMONO (A RAGIONE) ANCHE PER LA LORO SOPRAVVIVENZA PARLAMENTARE: <span>SE ELLY, COME PROBABILE, PERDESSE AI GAZEBO IL DUELLO CON CONTE, TRASCINEREBBE IL PARTITO NEL BARATRO <\/span>&#8211; \u00c8 PER QUESTO CHE DA QUALCHE SETTIMANA SONO PARTITI GLI AVVERTIMENTI VIA STAMPA, ANCHE DI ESPONENTI PD NON OSTILI ALLA SCHLEIN COME DARIO NARDELLA, DI FARE UN PASSO INDIETRO \u2013 <span>LA TRAGEDIA \u00c8 CHE L\u2019AMBIZIOSA DUCETTA DEL NAZARENO, NONOSTANTE I SONDAGGI HORROR, SI VEDE GI\u00c0 A PALAZZO CHIGI, VALUTANDOLI COME ATTACCHI ALLA SUA LEADERSHIP<\/span>: \u201cLE INTERVISTE SULLE PRIMARIE? SONO SOLO ESERCIZI INTELLETTUALI, ALLA FESTA DELL\u2019UNITA\u2019 PARLO IO\u201d &#8211; SE ELLY CONTINUA COS\u00cc, RISCHIA CHE LA SUA PROSSIMA OCCUPAZIONE SARA&#8217; DI BALLARE SUI CARRI DEL GAY PRIDE&#8230;<\/p>\n<\/div>\n<p><\/a><\/article>\n<article><a href=\"https:\/\/www.dagospia.com\/politica\/l-ingaggio-fedorov-fa-incazzare-zelensky-mette-in-allarme-agenzie-485343\"><\/p>\n<div class=\"img-wrapper\"><img decoding=\"async\" src=\"https:\/\/static.dagospia.com\/img\/patch\/08-2026\/fedorov-musk-thiel-zelensky-crosetto-2301168_600_q50.webp\" alt=\"fedorov musk thiel zelensky crosetto\" loading=\"lazy\"><time class=\"data-ora\">31 ago 18:41<\/time><\/div>\n<div class=\"excerpt\">\n<p>DAGOREPORT &#8211; <span>A QUALCUNO NON PIACE &#8216;STO FEDOROV<\/span> &#8211;\u00a0PIU&#8217; CHE A INDIGNARE I NEURONI ALLA VODKA DI VANNACCI E DI TRAVAGLIO, L\u2019INGAGGIO DEL GOVERNO ITALIANO DELL&#8217;EX MINISTRO DELLA DIFESA UCRAINO<span> FA INCAZZARE ZELENSKY E METTE IN ALLARME LE AGENZIE DI INTELLIGENCE EUROPEE &#8211; <\/span>IL DINAMISMO DEL NOVELLO CONSULENTE DEL MINISTRO CROSETTO NON POTEVA NON FINIRE &#8220;ATTENZIONATO&#8221;, VISTO E CONFERMATO <span>IL RAPPORTO STRETTISSIMO CON L&#8217;EMINENZA GRIGIA DELLA TECNO-DESTRA PETER THIEL E CON IL CAVALIERE NERO DELLA GALASSIA MAGA, ELON MUSK<\/span> &#8211; \u00c8 STATO FEDOROV A OTTENERE LO SBLOCCO DEL SISTEMA STARLINK E A COLTIVARE RAPPORTI CON PALANTIR, CHE FORNISCE A KIEV I SOFTWARE PER LA DIFESA &#8211; <span>CHE STA COMBINANDO IN QUESTI GIORNI FEDOROV NEGLI STATI UNITI? <\/span>COSA VOGLIONO MUSK E THIEL DA LUI? LE ELEZIONI A KIEV, MAGARI PER SOSTITUIRE ZELENSKY E ARRIVARE A QUALUNQUE \u2018PACE\u2019\u201d?<\/p>\n<\/div>\n<p><\/a><\/article>\n<article><a href=\"https:\/\/www.dagospia.com\/politica\/flash-c-e-grande-perplessita-i-draghi-boys-per-presenza-andrea-485336\"><\/p>\n<div class=\"img-wrapper\"><img decoding=\"async\" src=\"https:\/\/static.dagospia.com\/img\/patch\/08-2026\/xavier-niel-draghi-pignataro-2301175_600_q50.webp\" alt=\"xavier niel draghi pignataro\" loading=\"lazy\"><time class=\"data-ora\">31 ago 18:19<\/time><\/div>\n<div class=\"excerpt\">\n<p>FLASH! \u2013 <span>I \u201cDRAGHI BOYS\u201d DEL POTERE ECONOMICO ITALIANO AVREBBERO ESPRESSO QUALCHE PERPLESSITA&#8217; ALL\u2019EX PREMIER<\/span> SULLA PRESENZA DEL MISTERIOSO MILIARDARIO <span>ANDREA PIGNATARO E DEL FONDATORE DI ILIAD, IL FRANCESE XAVIER NIEL, <\/span>CHE NEL 2004 FU CONDANNATO A DUE ANNI DI GALERA (CON LA CONDIZIONALE), NEL \u201cRHINE GROUP\u201d, IL THINK TANK FONDATO DA \u201cMARIOPIO\u201d PER DARE UNA SFERZATA ALL\u2019UNIONE EUROPEA, COMPOSTO DA 54 MANAGER, ECONOMISTI, ACCADEMICI E IMPRENDITORI TECNOLOGICI&#8230;.<\/p>\n<\/div>\n<p><\/a><\/article>\n<article><a href=\"https:\/\/www.dagospia.com\/politica\/quale-episodio-giulia-presutti-era-habitue-cefalu-bistro-dove-piu-e-485248\"><\/p>\n<div class=\"img-wrapper\"><img decoding=\"async\" src=\"https:\/\/static.dagospia.com\/img\/patch\/08-2026\/ranucci-presutti-cianfoni-floridia-2300757_600_q50.webp\" alt=\"ranucci presutti cianfoni floridia\" loading=\"lazy\"><time class=\"data-ora\">30 ago 19:14<\/time><\/div>\n<div class=\"excerpt\">\n<p>DAGOREPORT &#8211;<span>\u00a0MA QUALE &#8220;EPISODIO&#8221;! GIULIA PRESUTTI ERA UN HABITU\u00c8 DEL \u201cCEFAL\u00d9 BISTR\u00d2\u201d<\/span> DOVE PI\u00d9 VOLTE \u00c8 STATA VISTA INSIEME ALL\u2019AMICA LAURA CIANFONI, CHE A SUA VOLTA \u00c8 LEGATISSIMA A RANUCCI E CARISSIMA A LAVITOLA (COME \u00c8 TESTIMONIATO DALLE FOTO DI DAGOSPIA IN OCCASIONE DEL PREMIO COLALUCCI, SETTEMBRE 2020) &#8211; <span>NELLA DECISIONE DI SCEGLIERE GIULIA PRESUTTI, ACCREDITATA COME ESPRESSIONE DI M5S E AVS, <\/span>PER DARE UN CONTENTINO ALL\u2019OPPOSIZIONE, SAREBBE AVVENUTA UNA INTERLOCUZIONE TRA L\u2019AD RAI, GIAMPAOLO ROSSI, E L\u2019EX PRESIDENTE DELLA VIGILANZA RAI, LA GRILLINA BARBARA FLORIDIA, CHE AVREBBE DATO IL SUO PLACET &#8211; <span>ANCHE SULLA SCELTA DI PIERVINCENZI ALLA CONDUZIONE DI &#8220;REPORT&#8221;, CHE VA A BILANCIARE LA PRESUTTI DI SINISTRA, SI ADDENSANO ALCUNE DOMANDINE<\/span>: A PARTIRE DALLA PASSIONE PER IL RUGBY\u2026<\/p>\n<\/div>\n<p><\/a><\/article>\n<article><a href=\"https:\/\/www.dagospia.com\/politica\/risiko-s-ingrossa-l-apertura-assicurazioni-generali-valutare-l-offerta-484996\"><\/p>\n<div class=\"img-wrapper\"><img decoding=\"async\" src=\"https:\/\/static.dagospia.com\/img\/patch\/08-2026\/generali-philippe-donnet-luigi-lovaglio-carlo-messina-2292458_600_q50.webp\" alt=\"generali philippe donnet luigi lovaglio carlo messina \" loading=\"lazy\"><time class=\"data-ora\">27 ago 21:02<\/time><\/div>\n<div class=\"excerpt\">\n<p>DAGOREPORT &#8211; <span>IL RISIKO S&#8217;INGROSSA!<\/span> L\u2019APERTURA DI ASSICURAZIONI GENERALI A VALUTARE L&#8217;OFFERTA\u201d DI MPS PER L\u2019ACQUISIZIONE DI BANCA GENERALI, <span>\u00c8 UN GRAN PASSO AVANTI PER IL PIANO DI LOVAGLIO PER DISINNESCARE L\u2019OPAS SUL \u201cMONTE\u201d DI BANCA INTESA <\/span>&#8211; SECONDO PIAZZA AFFARI, L\u2019OPERAZIONE TRIESTE-SIENA POTREBBE AVERE DALLA SUA <span>L\u2019APPOGGIO DEI POTENTISSIMI FONDI DI INVESTIMENTO INTERNAZIONALI, TRA CUI BLACKROCK<\/span>, CHE HA PERALTRO IMPORTANTI INTERESSI NELLE BANCHE ITALIANE, TRA CUI INTESA &#8211; <span>ORA INIZIA UNA PARTITA APERTISSIMA DAL PUNTO DI VISTA FINANZIARIO, MA ANCHE DA QUELLO POLITICO:<\/span> IL 26 OTTOBRE\u00a0 L\u2019ASSEMBLEA STRAORDINARIA DI MPS SARA&#8217; CHIAMATA AD APPROVARE L&#8217;ACQUISIZIONE E TUTTO PUO&#8217; SUCCEDERE&#8230;<\/p>\n<\/div>\n<p><\/a><\/article>\n<article><a href=\"https:\/\/www.dagospia.com\/cronache\/voluto-trump-t-attacchi-scorta-i-leader-silicon-valley-484985\"><\/p>\n<div class=\"img-wrapper\"><img decoding=\"async\" src=\"https:\/\/static.dagospia.com\/img\/patch\/08-2026\/mark-zuckerberg-proteste-2299936_600_q50.webp\" alt=\"mark zuckerberg proteste \" loading=\"lazy\"><time class=\"data-ora\">27 ago 19:54<\/time><\/div>\n<div class=\"excerpt\">\n<p>HAI VOLUTO TRUMP? E ORA T\u2019ATTACCHI ALLA SCORTA! \u2013<span> I LEADER DELLA SILICON VALLEY SONO OSSESSIONATI DALLA LORO SICUREZZA, E SPENDONO VAGONATE DI DOLLARI IN PROTEZIONE, GUARDIE DEL CORPO, BUNKER. <\/span>COLPA DELLA SVOLTA TRUMPIANA E DELLA RIVOLUZIONE DELL\u2019ACCELERAZIONE INCONTROLLABILE DELL\u2019INTELLIGENZA ARTIFICIALE, CHE RISCHIA DI PRODURRE FOLLE DI DISOCCUPATI INCAZZATI PRONTI AD ASSALTARE, OLTRE AI DATA CENTER, I VILLONI DEI PAPERONI \u2013 <span>IL PI\u00d9 PARANOICO DI TUTTI? MARK ZUCKERBERG! META SPENDE OLTRE 25 MILIONI DI DOLLARI ALL\u2019ANNO ESCLUSIVAMENTE PER LA PROTEZIONE DEL SUO FONDATORE<\/span> \u2013 L\u2019OSSESSIONE DEI MILIARDARI PER BUNKER DI LUSSO, FORTEZZE SOTTERRANEE, RIFUGI IN NUOVA ZELANDA E HAWAII, CON INVESTIMENTI CHE OSCILLAVANO TRA I DIECI E I CINQUANTA MILIONI DI DOLLARI CIASCUNO&#8230;<\/p>\n<\/div>\n<p><\/a><\/article>\n<article><a href=\"https:\/\/www.dagospia.com\/cronache\/come-sta-alessandro-battista-condizioni-salute-dell-ex-deputato-485182\"><\/p>\n<div class=\"img-wrapper\"><img decoding=\"async\" src=\"https:\/\/static.dagospia.com\/img\/patch\/08-2026\/di-battista-grillo-di-maio-alessandro-2300529_600_q50.webp\" alt=\"di battista grillo di maio alessandro\" loading=\"lazy\"><\/div>\n<div class=\"excerpt\">COME STA ALESSANDRO DI BATTISTA? &#8211; LE CONDIZIONI DI SALUTE DELL&#8217;EX DEPUTATO DEL MOVIMENTO 5 STELLE,\u2026<\/div>\n<p><\/a><\/article>\n<article><a href=\"https:\/\/www.dagospia.com\/media-tv\/milanospia-brumotti-meloni-pier-silvio-485225\"><\/p>\n<div class=\"img-wrapper\"><img decoding=\"async\" src=\"https:\/\/static.dagospia.com\/img\/patch\/08-2026\/milanospia-dandolo-2300670_600_q50.webp\" alt=\"milanospia dandolo\" loading=\"lazy\"><\/div>\n<div class=\"excerpt\">MILANOSPIA! DANDOLO: LA NUOVA PASSIONE TELEVISIVA DELLE SORELLE MELONI? VITTORIO BRUMOTTI &#8211; L&#8217;EX\u2026<\/div>\n<p><\/a><\/article>\n<article><a href=\"https:\/\/www.dagospia.com\/media-tv\/pillole-gossip-elodie-franceska-nuredini-trans-alice-de-485322\"><\/p>\n<div class=\"img-wrapper\"><img decoding=\"async\" src=\"https:\/\/static.dagospia.com\/img\/patch\/08-2026\/pillole-avanti-gossip-2300996_600_q50.webp\" alt=\"pillole avanti gossip\" loading=\"lazy\"><\/div>\n<div class=\"excerpt\">PILLOLE DI GOSSIP! ELODIE E FRANCESKA NUREDINI, AVVISTATE AL LARGO DI PROCIDA A BORDO DI UNO YACHT,\u2026<\/div>\n<p><\/a><\/article>\n<article><a href=\"https:\/\/www.dagospia.com\/media-tv\/riconoscete-dal-cameltoe-dalle-ciliegione-31enne-e-figlia-485344\"><\/p>\n<div class=\"img-wrapper\"><img decoding=\"async\" src=\"https:\/\/static.dagospia.com\/img\/patch\/08-2026\/cecilia-sala-fisico-2301059_600_q50.webp\" alt=\"cecilia sala fisico \" loading=\"lazy\"><\/div>\n<div class=\"excerpt\">LA RICONOSCETE DAL \u201cCAMELTOE\u201d O DALLE \u201cCILIEGIONE\u201d? LA 31ENNE E\u2019 FIGLIA DI UN IMPORTANTE DIRIGENTE\u2026<\/div>\n<p><\/a><\/article>\n<article><a href=\"https:\/\/www.dagospia.com\/politica\/elly-ascolta-gli-amici-i-big-pd-scesi-in-campo-cosi-pesantemente-per-485354\"><\/p>\n<div class=\"img-wrapper\"><img decoding=\"async\" src=\"https:\/\/static.dagospia.com\/img\/patch\/08-2026\/giuseppe-conte-elly-schlein-franceschini-bonaccini-nardella-2301098_600_q50.webp\" alt=\"giuseppe conte elly schlein franceschini bonaccini nardella\" loading=\"lazy\"><\/div>\n<div class=\"excerpt\">DAGOREPORT &#8211; ELLY, ASCOLTA GLI AMICI! I CAPOCCIONI E LE MEZZECALZE DEL PD, CHE SONO SCESI COS\u00cc\u2026<\/div>\n<p><\/a><\/article>\n<article><a href=\"https:\/\/www.dagospia.com\/politica\/l-ingaggio-fedorov-fa-incazzare-zelensky-mette-in-allarme-agenzie-485343\"><\/p>\n<div class=\"img-wrapper\"><img decoding=\"async\" src=\"https:\/\/static.dagospia.com\/img\/patch\/08-2026\/fedorov-musk-thiel-zelensky-crosetto-2301168_600_q50.webp\" alt=\"fedorov musk thiel zelensky crosetto\" loading=\"lazy\"><\/div>\n<div class=\"excerpt\">DAGOREPORT &#8211; A QUALCUNO NON PIACE &#8216;STO FEDOROV &#8211;\u00a0PIU&#8217; CHE A INDIGNARE I NEURONI ALLA VODKA DI\u2026<\/div>\n<p><\/a><\/article>\n<article><a href=\"https:\/\/www.dagospia.com\/politica\/flash-c-e-grande-perplessita-i-draghi-boys-per-presenza-andrea-485336\"><\/p>\n<div class=\"img-wrapper\"><img decoding=\"async\" src=\"https:\/\/static.dagospia.com\/img\/patch\/08-2026\/xavier-niel-draghi-pignataro-2301175_600_q50.webp\" alt=\"xavier niel draghi pignataro\" loading=\"lazy\"><\/div>\n<div class=\"excerpt\">FLASH! \u2013 I \u201cDRAGHI BOYS\u201d DEL POTERE ECONOMICO ITALIANO AVREBBERO ESPRESSO QUALCHE PERPLESSITA&#8217;\u2026<\/div>\n<p><\/a><\/article>\n<article><a href=\"https:\/\/www.dagospia.com\/politica\/quale-episodio-giulia-presutti-era-habitue-cefalu-bistro-dove-piu-e-485248\"><\/p>\n<div class=\"img-wrapper\"><img decoding=\"async\" src=\"https:\/\/static.dagospia.com\/img\/patch\/08-2026\/ranucci-presutti-cianfoni-floridia-2300757_600_q50.webp\" alt=\"ranucci presutti cianfoni floridia\" loading=\"lazy\"><\/div>\n<div class=\"excerpt\">DAGOREPORT &#8211;\u00a0MA QUALE &#8220;EPISODIO&#8221;! GIULIA PRESUTTI ERA UN HABITU\u00c8 DEL \u201cCEFAL\u00d9 BISTR\u00d2\u201d DOVE PI\u00d9 VOLTE\u2026<\/div>\n<p><\/a><\/article>\n<article><a href=\"https:\/\/www.dagospia.com\/politica\/risiko-s-ingrossa-l-apertura-assicurazioni-generali-valutare-l-offerta-484996\"><\/p>\n<div class=\"img-wrapper\"><img decoding=\"async\" src=\"https:\/\/static.dagospia.com\/img\/patch\/08-2026\/generali-philippe-donnet-luigi-lovaglio-carlo-messina-2292458_600_q50.webp\" alt=\"generali philippe donnet luigi lovaglio carlo messina \" loading=\"lazy\"><\/div>\n<div class=\"excerpt\">DAGOREPORT &#8211; IL RISIKO S&#8217;INGROSSA! L\u2019APERTURA DI ASSICURAZIONI GENERALI A VALUTARE L&#8217;OFFERTA\u201d DI\u2026<\/div>\n<p><\/a><\/article>\n<article><a href=\"https:\/\/www.dagospia.com\/cronache\/voluto-trump-t-attacchi-scorta-i-leader-silicon-valley-484985\"><\/p>\n<div class=\"img-wrapper\"><img decoding=\"async\" src=\"https:\/\/static.dagospia.com\/img\/patch\/08-2026\/mark-zuckerberg-proteste-2299936_600_q50.webp\" alt=\"mark zuckerberg proteste \" loading=\"lazy\"><\/div>\n<div class=\"excerpt\">HAI VOLUTO TRUMP? E ORA T\u2019ATTACCHI ALLA SCORTA! \u2013 I LEADER DELLA SILICON VALLEY SONO OSSESSIONATI\u2026<\/div>\n<p><\/a><\/article>\n<article><a href=\"https:\/\/www.dagospia.com\/politica\/flash-giorgia-meloni-manda-armi-sottobanco-all-ucraina-per-non-spaccare-484982\"><\/p>\n<div class=\"img-wrapper\"><img decoding=\"async\" src=\"https:\/\/static.dagospia.com\/img\/patch\/08-2026\/giorgia-meloni-volodymyr-zelensky-mario-draghi-2299913_600_q50.webp\" alt=\"giorgia meloni volodymyr zelensky mario draghi \" loading=\"lazy\"><\/div>\n<div class=\"excerpt\">FLASH \u2013 GIORGIA MELONI MANDA LE ARMI SOTTOBANCO ALL\u2019UCRAINA PER NON SPACCARE LA SUA MAGGIORANZA. IL\u2026<\/div>\n<p><\/a><\/article>\n<article><a href=\"https:\/\/www.dagospia.com\/politica\/qual-era-scopo-blitz-capo-cia-mosca-i-beninformati-washington-484881\"><\/p>\n<div class=\"img-wrapper\"><img decoding=\"async\" src=\"https:\/\/static.dagospia.com\/img\/patch\/12-2025\/vladimir-putin-donald-trump-volodymyr-zelensky-2214409_600_q50.webp\" alt=\"vladimir putin donald trump volodymyr zelensky\" loading=\"lazy\"><\/div>\n<div class=\"excerpt\">FLASH! \u2013 QUANDO LE COSE GIRANO SUL PEGGIO, INTERVENGONO I SERVIZI SEGRETI &#8211;\u00a0IL BENINFORMATO\u00a0CAPO\u2026<\/div>\n<p><\/a><\/article>\n<article><a href=\"https:\/\/www.dagospia.com\/politica\/prossima-destinazione-enrico-mentana-padrone-supremo-tutta-l-informazione-484639\"><\/p>\n<div class=\"img-wrapper\"><img decoding=\"async\" src=\"https:\/\/static.dagospia.com\/img\/patch\/08-2026\/kyriakou-pier-silvio-berlusconi-enrico-mentana-crippa-fedele-confalonieri-medias-2298828_600_q50.webp\" alt=\"kyriakou pier silvio berlusconi enrico mentana crippa fedele confalonieri mediaset urbano cairo marina\" loading=\"lazy\"><\/div>\n<div class=\"excerpt\">DAGOREPORT &#8211; RITORNA A CASA, LESSO! SI ACCAVALLANO LE VOCI CHE LA PROSSIMA DESTINAZIONE DI ENRICO\u2026<\/div>\n<p><\/a><\/article>\n<article><a href=\"https:\/\/www.dagospia.com\/media-tv\/martedi-prossimo-calera-sipario-ranucci-ottobre-quando-ritornera-in-onda-484460\"><\/p>\n<div class=\"img-wrapper\"><img decoding=\"async\" src=\"https:\/\/static.dagospia.com\/img\/patch\/07-2026\/sigfrido-ranucci-valter-lavitola-giampaolo-rossi-2287105_600_q50.webp\" alt=\"sigfrido ranucci valter lavitola giampaolo rossi \" loading=\"lazy\"><\/div>\n<div class=\"excerpt\">DAGOREPORT &#8211;\u00a0MARTED\u00cc PROSSIMO CALER\u00c0 IL SIPARIO SU RANUCCI: A OTTOBRE, QUANDO RITORNER\u00c0 IN ONDA\u2026<\/div>\n<p><\/a><\/article>\n<article><a href=\"https:\/\/www.dagospia.com\/cafonal\/cafonalino-roma-proiezione-documentario-marco-bellocchio-marco-travaglio-485081\"><\/p>\n<div class=\"img-wrapper\"><img decoding=\"async\" src=\"https:\/\/static.dagospia.com\/img\/patch\/08-2026\/2026bellocchio-anteprima-film-di-marco-bellocchio-2300339_600_q50.webp\" alt=\"2026bellocchio anteprima film di marco bellocchio\" loading=\"lazy\"><\/div>\n<div class=\"excerpt\">CAFONALINO! AL CINEMA QUATTRO FONTANE DI ROMA LA PROIEZIONE SPECIALE DEL DOCUMENTARIO \u201cMARCO\u2026<\/div>\n<p><\/a><\/article>\n<article><a href=\"https:\/\/www.dagospia.com\/cafonal\/cafonal-show-ranucci-cerveteri-freni-ho-fatto-scoop-nazionali-484807\"><\/p>\n<div class=\"img-wrapper\"><img decoding=\"async\" src=\"https:\/\/static.dagospia.com\/img\/patch\/08-2026\/2026ranucci-sigfrido-ranucci-2299409_600_q50.webp\" alt=\"2026ranucci sigfrido ranucci\" loading=\"lazy\"><\/div>\n<div class=\"excerpt\">SIGFRIDO, IL MASANIELLO DE NOANTRI \u2013 RANUCCI HA PERSO OGNI FRENO E, ALLA PRESENTAZIONE DEL SUO\u2026<\/div>\n<p><\/a><\/article>\n<article><a href=\"https:\/\/www.dagospia.com\/cafonal\/funeralino-l-ultimo-saluto-mitico-produttore-cinematografico-fulvio-484127\"><\/p>\n<div class=\"img-wrapper\"><img decoding=\"async\" src=\"https:\/\/static.dagospia.com\/img\/patch\/08-2026\/2026lucisano-2297424_600_q50.webp\" alt=\"2026lucisano\" loading=\"lazy\"><\/div>\n<div class=\"excerpt\">FUNERALINO \u2013 NELLA CALLARA ROMANA D\u2019AGOSTO, L\u2019ULTIMO SALUTO AL MITICO PRODUTTORE CINEMATOGRAFICO\u2026<\/div>\n<p><\/a><\/article>\n<article><a href=\"https:\/\/www.dagospia.com\/cafonal\/cafonalino-pizza-riformista-matteo-renzi-raduna-i-suoi-prima-delle-480816\"><\/p>\n<div class=\"img-wrapper\"><img decoding=\"async\" src=\"https:\/\/static.dagospia.com\/img\/patch\/07-2026\/2026kraken-matteo-renzi-2286047_600_q50.webp\" alt=\"2026kraken matteo renzi \" loading=\"lazy\"><\/div>\n<div class=\"excerpt\">CAFONALINO DELLA PIZZA RIFORMISTA \u2013 RENZI RADUNA I SUOI PRIMA DELLE VACANZE ESTIVE AL SATYRUS DI\u2026<\/div>\n<p><\/a><\/article>\n<article><a href=\"https:\/\/www.dagospia.com\/cafonal\/cafonalino-moreno-party-roma-manuela-moreno-festeggia-i-60-anni-480777\"><\/p>\n<div class=\"img-wrapper\"><img decoding=\"async\" src=\"https:\/\/static.dagospia.com\/img\/patch\/07-2026\/manuela-moreno-festa-60-anni-2285871_600_q50.webp\" alt=\"manuela moreno festa 60 anni \" loading=\"lazy\"><\/div>\n<div class=\"excerpt\">CAFONALINO! NO MORENO, NO PARTY \u2013 A ROMA, AL LOVE BAR DI PONTE MILVIO, MANUELA MORENO, CONDUTTRICE\u2026<\/div>\n<p><\/a><\/article>\n<article><a href=\"https:\/\/www.dagospia.com\/cafonal\/cafonalino-firenze-tevere-direttori-redattori-forchettoni-scrocconi-480745\"><\/p>\n<div class=\"img-wrapper\"><img decoding=\"async\" src=\"https:\/\/static.dagospia.com\/img\/patch\/07-2026\/2026agno-marco-agnoletti-2285763_600_q50.webp\" alt=\"2026agno marco agnoletti \" loading=\"lazy\"><\/div>\n<div class=\"excerpt\">CAFONALINO DEGLI AGNOLETTI IN BRODO &#8211; DIRETTORI, REDATTORI, FORCHETTONI E SCROCCONI SFIDANO\u2026<\/div>\n<p><\/a><\/article>\n<p>[analyse_source url=&#8221;https:\/\/www.dagospia.com\/politica\/alessandro-battista-potrebbe-tornare-in-italia-giovedi-dopo-malore-sabato-485400&#8243;]<\/p>\n","protected":false},"excerpt":{"rendered":"<p>[analyse_image type=&#8221;featured&#8221; src=&#8221;https:\/\/static.dagospia.com\/img\/patch\/06-2020\/alessandro-di-battista-autostop-1330391_600_q50.webp&#8221;] 1 set 2026 08:27 ALESSANDRO DI BATTISTA POTREBBE TORNARE IN ITALIA GIOVED\u00cc \u2013 DOPO IL MALORE DI SABATO A CUBA, &#8220;DIBBA&#8221; \u00c8 ANCORA RICOVERATO ALL&#8217;OSPEDALE HERMANOS AMEIJEIRAS, DOVE GLI SPECIALISTI DEL POLICLINICO GEMELLI INVIATI DA GIUSEPPE CONTE STANNO VALUTANDO LE SUE CONDIZIONI. PER RIPORTARLO A CASA SERVIR\u00c0 UN VOLO SPECIALE CHE VOLI [&hellip;]<\/p>\n","protected":false},"author":1,"featured_media":0,"comment_status":"open","ping_status":"","sticky":false,"template":"","format":"standard","meta":{"footnotes":""},"categories":[87],"tags":[226,149],"class_list":["post-2122116","post","type-post","status-publish","format-standard","hentry","category-italy","tag-crawlmanager","tag-dagospia-com"],"_links":{"self":[{"href":"https:\/\/analyse.optim.biz\/index.php?rest_route=\/wp\/v2\/posts\/2122116","targetHints":{"allow":["GET"]}}],"collection":[{"href":"https:\/\/analyse.optim.biz\/index.php?rest_route=\/wp\/v2\/posts"}],"about":[{"href":"https:\/\/analyse.optim.biz\/index.php?rest_route=\/wp\/v2\/types\/post"}],"author":[{"embeddable":true,"href":"https:\/\/analyse.optim.biz\/index.php?rest_route=\/wp\/v2\/users\/1"}],"replies":[{"embeddable":true,"href":"https:\/\/analyse.optim.biz\/index.php?rest_route=%2Fwp%2Fv2%2Fcomments&post=2122116"}],"version-history":[{"count":0,"href":"https:\/\/analyse.optim.biz\/index.php?rest_route=\/wp\/v2\/posts\/2122116\/revisions"}],"wp:attachment":[{"href":"https:\/\/analyse.optim.biz\/index.php?rest_route=%2Fwp%2Fv2%2Fmedia&parent=2122116"}],"wp:term":[{"taxonomy":"category","embeddable":true,"href":"https:\/\/analyse.optim.biz\/index.php?rest_route=%2Fwp%2Fv2%2Fcategories&post=2122116"},{"taxonomy":"post_tag","embeddable":true,"href":"https:\/\/analyse.optim.biz\/index.php?rest_route=%2Fwp%2Fv2%2Ftags&post=2122116"}],"curies":[{"name":"wp","href":"https:\/\/api.w.org\/{rel}","templated":true}]}}