{"id":2121930,"date":"2026-08-31T13:35:41","date_gmt":"2026-08-31T10:35:41","guid":{"rendered":"https:\/\/analyse.optim.biz\/?p=2121930"},"modified":"2026-08-31T13:35:41","modified_gmt":"2026-08-31T10:35:41","slug":"ilie-bolojan-anunta-finalizarea-pnrr-romania-ramane-cu-investitii-importante-cati-bani-a-pierdut-tara","status":"publish","type":"post","link":"https:\/\/analyse.optim.biz\/?p=2121930","title":{"rendered":"Ilie Bolojan anun\u021b\u0103 finalizarea PNRR: Rom\u00e2nia r\u0103m\u00e2ne cu investi\u021bii importante. C\u00e2\u021bi bani a pierdut \u021bara&#8230;"},"content":{"rendered":"<p>[analyse_image type=&#8221;featured&#8221; src=&#8221;https:\/\/cdn.adh.reperio.news\/image-3\/3d51243b-6851-48fb-ae4e-fac4b96d0efd\/index.jpeg?p=f%3Djpeg%26w%3D1200%26h%3D630%26r%3Dcover&#8221;]<\/p>\n<article class=\"svelte-x63bga\">\n<nav>\n<ul class=\"breadcrump svelte-1pk9a69\">\n<li class=\"svelte-1pk9a69\"><a href=\"https:\/\/adevarul.ro\/\" title=\"Adev\u0103rul\" class=\"svelte-1pk9a69\">Home<\/a><\/li>\n<li class=\"svelte-1pk9a69\"><a href=\"https:\/\/adevarul.ro\/politica\" class=\"svelte-1pk9a69\">Politic\u0103<\/a><\/li>\n<li class=\"svelte-1pk9a69\"><a href=\"https:\/\/adevarul.ro\/politica\/ilie-bolojan-anunta-finalizarea-pnrr-romania-2553182.html\" class=\"svelte-1pk9a69\">Ilie Bolojan anun\u021b\u0103 finalizarea PNRR: Rom\u00e2nia r\u0103m\u00e2ne cu investi\u021bii importante. C\u00e2\u021bi bani a pierdut \u021bara noastr\u0103<\/a><\/li>\n<\/ul>\n<\/nav>\n<p><main class=\"svelte-x63bga\"><\/p>\n<p>Premierul interimar Ilie Bolojan a declarat luni, \u00een ultima zi de implementare a Planului Na\u021bional de Redresare \u0219i Rezilien\u021b\u0103 (PNRR), c\u0103 Rom\u00e2nia \u00eencheie programul cu investi\u021bii importante, dar \u0219i cu pierderi de sute de milioane de lei.<\/p>\n<div class=\"container-image  svelte-1xbw4f3\"><source type=\"image\/webp\" srcset=\"https:\/\/cdn.adh.reperio.news\/image-3\/3d51243b-6851-48fb-ae4e-fac4b96d0efd\/index.jpeg?p=a%3D1%26co%3D1.05%26w%3D1400%26h%3D750%26r%3Dcontain%26f%3Dwebp 1400w\" media=\"(min-width: 1400px)\" \/><\/p>\n<div class=\"caption svelte-1xbw4f3\"><span class=\"captionText svelte-1xbw4f3\">Premierul interimar, Ilie Bolojan <span class=\"source svelte-1xbw4f3\">Foto: Mediafax \/ Alexandru Dobre<\/span><\/span><\/div>\n<\/div>\n<p><i>\u201eEste ziua \u00een care PNRR se finalizeaz\u0103 pentru Rom\u00e2nia. Am avut dou\u0103 componente. Una de grant, de 13,5 miliarde de euro, \u0219i una de \u00eemprumut, diminuat\u0103 treptat, ajuns\u0103 la circa 7 miliarde de euro. Am finalizat acest program. Apreciez c\u0103 \u00een urma lui r\u0103m\u00e2n investi\u021bii importante\u201d<\/i>, a declarat Ilie Bolojan.<\/p>\n<p>El a dat ca exemplu Autostrada Moldovei (A7), unde urmeaz\u0103 s\u0103 se deschid\u0103, tot luni, un tronson de aproape 50 de kilometri p\u00e2n\u0103 spre Bac\u0103u.<\/p>\n<p><i>\u201e\u00cen c\u00e2teva minute se deschide circula\u021bia pe Autostrada Moldovei, pe un tronson de aproape 50 km p\u00e2n\u0103 spre Bac\u0103u. P\u00e2n\u0103 la sf\u00e2r\u0219itul anului se va deschide \u0219i cel\u0103lalt tronson. \u00cen prim\u0103vara anului viitor vom putea circula pe autostrad\u0103 p\u00e2n\u0103 la Pa\u0219cani. Este un proiect legat direct de PNRR\u201d<\/i>, a ad\u0103ugat premierul.<\/p>\n<p>Pe de alt\u0103 parte, premierul a confirmat c\u0103 Rom\u00e2nia pierde sume importante din PNRR. Potrivit acestuia, \u021bara noastr\u0103 r\u0103m\u00e2ne f\u0103r\u0103 770 de milioane de euro aferente unui jalon ne\u00eendeplinit, dup\u0103 ce <a href=\"https:\/\/adevarul.ro\/politica\/dragos-pislaru-acuza-psd-ca-a-sabotat-legea-2552373.html\">reforma salariz\u0103rii nu a fost adoptat\u0103.<\/a><\/p>\n<p><i>\u201ePe ultima sut\u0103 de metri am pierdut dou\u0103 sume, dintre care una foarte important\u0103, 770 de milioane de euro, contravaloarea jalonului ne\u00eendeplinit din PNRR. De\u0219i am f\u0103cut tot posibilul s\u0103 g\u0103sim consens prin care reformele mari s\u0103 fie adoptate, nu s-a reu\u0219it trecerea legii salariz\u0103rii. Guvernul pe care \u00eel reprezint nu are niciun fel de responsabilitate\u201d<\/i>, a declarat Ilie Bolojan.<\/p>\n<p>Cea de-a doua sum\u0103 pierdut\u0103 este <a href=\"https:\/\/adevarul.ro\/stiri-interne\/evenimente\/camera-deputatilor-dezbate-azi-legea-2547814.html\">legat\u0103 de jalonul de decarbonizare<\/a>. \u0218eful guvernului a explicat c\u0103, din cauza \u00eent\u00e2rzierilor \u00een realizarea unor noi capacit\u0103\u021bi de produc\u021bie, \u00eenlocuirea centralelor pe c\u0103rbune a fost imposibil\u0103.<\/p>\n<p><i>\u201eDe\u0219i am avut bani europeni pentru a \u00eenlocui centralele pe c\u0103rbune pe care Rom\u00e2nia s-a angajat s\u0103 le \u00eenchid\u0103 ca efect al polu\u0103rii \u0219i a unei func\u021bion\u0103ri energofage, pentru c\u0103 nu am finalizat centrala de la Craiova \u0219i pentru c\u0103 nu puteam l\u0103sa un ora\u0219 f\u0103r\u0103 \u00eenc\u0103lzire iarna, pentru c\u0103 \u00een Valea Jiului nu am \u00eenlocuit cu gaz, fotovoltaic \u0219i stocare, am prelungit grupurile de la Turceni \u0219i Craiova p\u00e2n\u0103 cel mai t\u00e2rziu \u00een 2028\u201d<\/i>, a precizat el.<\/p>\n<div class=\"raw-block\"><iframe loading=\"lazy\" src=\"https:\/\/www.facebook.com\/plugins\/video.php?height=314&amp;href=https%3A%2F%2Fwww.facebook.com%2Fguv.ro%2Fvideos%2F1046084701553923%2F&amp;show_text=false&amp;width=390&amp;t=0\" width=\"560\" height=\"314\" frameborder allowfullscreen=\"true\" allow=\"autoplay; clipboard-write; encrypted-media; picture-in-picture; web-share\" class=\"facebook-iframe\"><\/iframe><\/div>\n<p>Potrivit acestuia, implementarea PNRR a fost afectat\u0103 de \u00eent\u00e2rzieri \u0219i de probleme care au ap\u0103rut \u00eenc\u0103 din primele etape ale programului. El a precizat, totodat\u0103, c\u0103 \u021bara noastr\u0103 a renegociat \u00een ultimii ani o serie de jaloane \u0219i a redus amploarea unor angajamente.<\/p>\n<p><i>\u201eAm renegociat jaloane, am corectat jaloane, am redus amplitudinea. Rom\u00e2nia va beneficia de acest grant de 12\u201313 miliarde de euro \u0219i de suma cea mai mare din \u00eemprumut. A fost un salt important \u00een domeniul investi\u021biilor \u0219i foarte multe autorit\u0103\u021bi locale, ministere, au realizat proiecte importante din PNRR, cofinan\u021b\u0103ri proprii \u0219i bugetul de stat\u201d<\/i>, a mai spus premierul interimar.<\/p>\n<p><\/main><\/p>\n<footer class=\"svelte-x63bga\">\n<div class=\"related-wrap related-footer svelte-78g0vl\"><span class=\"related-label svelte-78g0vl\">Cite\u0219te \u0219i<\/span><a class=\"related svelte-78g0vl\" data-gtrack=\"{&quot;event&quot;:&quot;utm_click&quot;,&quot;data&quot;:{&quot;event_category&quot;:&quot;article_related&quot;}}\" href=\"https:\/\/adevarul.ro\/stiri-interne\/evenimente\/doua-noi-centrale-la-constanta-si-arad-au-fost-2552779.html\" title=\"Alt articol de interes pentru tine\"><img decoding=\"async\" class=\"thumb svelte-78g0vl\" src=\"https:\/\/cdn.adh.reperio.news\/image-b\/b79bc1eb-c446-4205-87a3-793fcd09f8c2\/index.jpeg?p=f%3Dwebp%26w%3D120%26h%3D80%26r%3Dcover%26a%3D0\" alt loading=\"lazy\" width=\"80\" height=\"54\"><span class=\"title svelte-78g0vl\">Dou\u0103 noi centrale, la Constan\u021ba \u0219i Arad, au fost racordate la Sistemul Energetic Na\u021bional. Vor \u00eencepe s\u0103 func\u021bioneze \u00een sezonul rece<\/span><\/a><a class=\"related svelte-78g0vl\" data-gtrack=\"{&quot;event&quot;:&quot;utm_click&quot;,&quot;data&quot;:{&quot;event_category&quot;:&quot;article_related&quot;}}\" href=\"https:\/\/adevarul.ro\/economie\/deficitul-bugetar-s-a-redus-cu-28-de-miliarde-de-2553070.html\" title=\"Alt articol de interes pentru tine\"><img decoding=\"async\" class=\"thumb svelte-78g0vl\" src=\"https:\/\/cdn.adh.reperio.news\/image-1\/11ce53c8-f25c-4176-ac87-8848d3a08cb0\/index.jpeg?p=f%3Dwebp%26w%3D120%26h%3D80%26r%3Dcover%26a%3D0\" alt loading=\"lazy\" width=\"80\" height=\"54\"><span class=\"title svelte-78g0vl\">Deficitul bugetar s-a redus cu 28 de miliarde de lei, la 2,34% din PIB, dar t\u0103ierea sporurilor a avut un aport infim<\/span><\/a><a class=\"related svelte-78g0vl\" data-gtrack=\"{&quot;event&quot;:&quot;utm_click&quot;,&quot;data&quot;:{&quot;event_category&quot;:&quot;article_related&quot;}}\" href=\"https:\/\/adevarul.ro\/stiri-interne\/evenimente\/de-la-19-spitale-am-ajuns-sa-finalizam-8-2553097.html\" title=\"Alt articol de interes pentru tine\"><img decoding=\"async\" class=\"thumb svelte-78g0vl\" src=\"https:\/\/cdn.adh.reperio.news\/image-2\/2d1123a5-727e-44e8-a90e-94d09f086f3e\/index.jpeg?p=f%3Dwebp%26w%3D120%26h%3D80%26r%3Dcover%26a%3D0\" alt loading=\"lazy\" width=\"80\" height=\"54\"><span class=\"title svelte-78g0vl\">\u201eDe la 19 spitale am ajuns s\u0103 finaliz\u0103m 8\u201d. Bolojan spune c\u0103 doar jum\u0103tate din banii pentru s\u0103n\u0103tate aloca\u021bi prin PNRR au fost cheltui\u021bi \u00een sistem<\/span><\/a><\/div>\n<div class=\"meta svelte-x63bga\">\n<div class=\"authors svelte-x63bga\"><span class=\"names svelte-x63bga\"><a href=\"https:\/\/adevarul.ro\/author\/46\" rel=\"author\" class=\"svelte-x63bga\">Teodora Marinescu<\/a><\/span><\/p>\n<div class=\"_hydratable\" data-props=\"%7B%22showLive%22%3Atrue%7D\" data-context=\"%7B%22parentBlockColumnCount%22%3A%7B%22value%22%3A0%2C%22type%22%3A%22store%2Freadable%22%7D%2C%22parentBlockBackgroundColor%22%3A%7B%22type%22%3A%22store%2Freadable%22%7D%7D\" data-component=\"ShareButton\">\n<div class=\"shareButtons svelte-itwbrr\">\n<div class=\"liveSessions metaFont svelte-1maxmbf\"><span class=\"value svelte-1maxmbf\">1<\/span> live <\/div>\n<\/div>\n<\/div>\n<\/div>\n<div class=\"tags svelte-1l3vwp1\"><span class=\"tags-label metaFont svelte-1l3vwp1\">Cite\u0219te mai multe despre<\/span><\/p>\n<div class=\"tags-list svelte-1l3vwp1\"><a href=\"https:\/\/adevarul.ro\/tag\/guvern\" title=\"Ultimele \u0219tiri despre guvern\" class=\"tag-pill svelte-1l3vwp1\">guvern<\/a><a href=\"https:\/\/adevarul.ro\/tag\/ilie%20bolojan\" title=\"Ultimele \u0219tiri despre ilie bolojan\" class=\"tag-pill svelte-1l3vwp1\">ilie bolojan<\/a><a href=\"https:\/\/adevarul.ro\/tag\/criza%20politica%202026\" title=\"Ultimele \u0219tiri despre criza politica 2026\" class=\"tag-pill svelte-1l3vwp1\">criza politica 2026<\/a><a href=\"https:\/\/adevarul.ro\/tag\/legea%20salarizarii\" title=\"Ultimele \u0219tiri despre legea salarizarii\" class=\"tag-pill svelte-1l3vwp1\">legea salarizarii<\/a><a href=\"https:\/\/adevarul.ro\/tag\/planul%20national%20de%20redresare%20si%20rezilienta\" title=\"Ultimele \u0219tiri despre planul national de redresare si rezilienta\" class=\"tag-pill svelte-1l3vwp1\">planul national de redresare si rezilienta<\/a><a href=\"https:\/\/adevarul.ro\/tag\/decarbonizare\" title=\"Ultimele \u0219tiri despre decarbonizare\" class=\"tag-pill svelte-1l3vwp1\">decarbonizare<\/a><\/div>\n<\/div>\n<\/div>\n<p><a class=\"moreFromCategory svelte-x63bga\" href=\"https:\/\/adevarul.ro\/politica\" title=\"Politic\u0103\">Mai multe din <strong class=\"svelte-x63bga\">Politic\u0103<\/strong> \u203a<\/a><\/footer>\n<\/article>\n<p>[analyse_source url=&#8221;https:\/\/adevarul.ro\/politica\/ilie-bolojan-anunta-finalizarea-pnrr-romania-2553182.html&#8221;]<\/p>\n","protected":false},"excerpt":{"rendered":"<p>[analyse_image type=&#8221;featured&#8221; src=&#8221;https:\/\/cdn.adh.reperio.news\/image-3\/3d51243b-6851-48fb-ae4e-fac4b96d0efd\/index.jpeg?p=f%3Djpeg%26w%3D1200%26h%3D630%26r%3Dcover&#8221;] Home Politic\u0103 Ilie Bolojan anun\u021b\u0103 finalizarea PNRR: Rom\u00e2nia r\u0103m\u00e2ne cu investi\u021bii importante. C\u00e2\u021bi bani a pierdut \u021bara noastr\u0103 Premierul interimar Ilie Bolojan a declarat luni, \u00een ultima zi de implementare a Planului Na\u021bional de Redresare \u0219i Rezilien\u021b\u0103 (PNRR), c\u0103 Rom\u00e2nia \u00eencheie programul cu investi\u021bii importante, dar \u0219i cu pierderi de sute de [&hellip;]<\/p>\n","protected":false},"author":1,"featured_media":0,"comment_status":"open","ping_status":"","sticky":false,"template":"","format":"standard","meta":{"footnotes":""},"categories":[89],"tags":[19,226],"class_list":["post-2121930","post","type-post","status-publish","format-standard","hentry","category-romania","tag-adevarul","tag-crawlmanager"],"_links":{"self":[{"href":"https:\/\/analyse.optim.biz\/index.php?rest_route=\/wp\/v2\/posts\/2121930","targetHints":{"allow":["GET"]}}],"collection":[{"href":"https:\/\/analyse.optim.biz\/index.php?rest_route=\/wp\/v2\/posts"}],"about":[{"href":"https:\/\/analyse.optim.biz\/index.php?rest_route=\/wp\/v2\/types\/post"}],"author":[{"embeddable":true,"href":"https:\/\/analyse.optim.biz\/index.php?rest_route=\/wp\/v2\/users\/1"}],"replies":[{"embeddable":true,"href":"https:\/\/analyse.optim.biz\/index.php?rest_route=%2Fwp%2Fv2%2Fcomments&post=2121930"}],"version-history":[{"count":0,"href":"https:\/\/analyse.optim.biz\/index.php?rest_route=\/wp\/v2\/posts\/2121930\/revisions"}],"wp:attachment":[{"href":"https:\/\/analyse.optim.biz\/index.php?rest_route=%2Fwp%2Fv2%2Fmedia&parent=2121930"}],"wp:term":[{"taxonomy":"category","embeddable":true,"href":"https:\/\/analyse.optim.biz\/index.php?rest_route=%2Fwp%2Fv2%2Fcategories&post=2121930"},{"taxonomy":"post_tag","embeddable":true,"href":"https:\/\/analyse.optim.biz\/index.php?rest_route=%2Fwp%2Fv2%2Ftags&post=2121930"}],"curies":[{"name":"wp","href":"https:\/\/api.w.org\/{rel}","templated":true}]}}