{"id":2121928,"date":"2026-08-31T12:37:14","date_gmt":"2026-08-31T09:37:14","guid":{"rendered":"https:\/\/analyse.optim.biz\/?p=2121928"},"modified":"2026-08-31T12:37:14","modified_gmt":"2026-08-31T09:37:14","slug":"george-simion-anunta-data-pana-la-care-nu-va-fi-desemnat-un-nou-premier-liderul-aur-cere-alegeri-anticipate","status":"publish","type":"post","link":"https:\/\/analyse.optim.biz\/?p=2121928","title":{"rendered":"George Simion anun\u021b\u0103 data p\u00e2n\u0103 la care nu va fi desemnat un nou premier. Liderul AUR cere alegeri anticipate"},"content":{"rendered":"<p>[analyse_image type=&#8221;featured&#8221; src=&#8221;https:\/\/cdn.adh.reperio.news\/image-0\/082249bf-0062-41e3-83e0-c1f78532f452\/index.jpeg?p=f%3Djpeg%26w%3D1200%26h%3D630%26r%3Dcover&#8221;]<\/p>\n<article class=\"svelte-x63bga\">\n<nav>\n<ul class=\"breadcrump svelte-1pk9a69\">\n<li class=\"svelte-1pk9a69\"><a href=\"https:\/\/adevarul.ro\/\" title=\"Adev\u0103rul\" class=\"svelte-1pk9a69\">Home<\/a><\/li>\n<li class=\"svelte-1pk9a69\"><a href=\"https:\/\/adevarul.ro\/politica\" class=\"svelte-1pk9a69\">Politic\u0103<\/a><\/li>\n<li class=\"svelte-1pk9a69\"><a href=\"https:\/\/adevarul.ro\/politica\/george-simion-anunta-data-pana-la-care-nu-va-fi-2553163.html\" class=\"svelte-1pk9a69\">George Simion anun\u021b\u0103 data p\u00e2n\u0103 la care nu va fi desemnat un nou premier. Liderul AUR cere alegeri anticipate<\/a><\/li>\n<\/ul>\n<\/nav>\n<p><main class=\"svelte-x63bga\"><\/p>\n<p>Liderul AUR, George Simion, sus\u021bine c\u0103 p\u00e2n\u0103 cel pu\u021bin pe 21 septembrie nu va fi desemnat niciun premier \u0219i cere organizarea unor alegeri libere, afirm\u00e2nd c\u0103 forma\u021biunea pe care o conduce este preg\u0103tit\u0103 s\u0103 guverneze.<\/p>\n<div class=\"container-image  svelte-1xbw4f3\"><source type=\"image\/webp\" srcset=\"https:\/\/cdn.adh.reperio.news\/image-0\/082249bf-0062-41e3-83e0-c1f78532f452\/index.jpeg?p=a%3D1%26co%3D1.05%26w%3D1400%26h%3D750%26r%3Dcontain%26f%3Dwebp 1400w\" media=\"(min-width: 1400px)\" \/><\/p>\n<div class=\"caption svelte-1xbw4f3\"><span class=\"captionText svelte-1xbw4f3\">Pre\u0219edintele AUR, George Simion <span class=\"source svelte-1xbw4f3\">Foto: Inquam Photos \/ Alex Nechez<\/span><\/span><\/div>\n<\/div>\n<p><i>\u201eP\u00e2n\u0103 cel pu\u021bin pe 21 septembrie nu va fi desemnat niciun premier! Ce merit\u0103 cei care au dus \u021bara \u00een aceast\u0103 gaur\u0103? Vrem alegeri libere! L\u0103sa\u021bi-ne s\u0103 guvern\u0103m\u201d<\/i>, a scris George Simion pe pagina sa de Facebook.<\/p>\n<div class=\"raw-block\"><iframe loading=\"lazy\" src=\"https:\/\/www.facebook.com\/plugins\/post.php?href=https%3A%2F%2Fwww.facebook.com%2Fgeorge.simion.unire%2Fposts%2Fpfbid0DfwQt2JSgWQn5GCQGUKgpBbsPH7BDoNKNgbF2MMLGegNCEBpjKU1faZ2DFh44aGtl&amp;show_text=true&amp;width=390\" width=\"500\" height=\"479\" frameborder allowfullscreen=\"true\" allow=\"autoplay; clipboard-write; encrypted-media; picture-in-picture; web-share\" class=\"facebook-iframe\"><\/iframe><\/div>\n<p>Afirma\u021bii vin \u00een contextul \u00een care pre\u0219edintele Nicu\u0219or Dan a anun\u021bat joi sear\u0103 c\u0103 va organiza, pe 1 septembrie, consult\u0103ri cu partidele politice pentru desemnarea unui nou premier. \u0218eful statului a precizat c\u0103 discu\u021biile ar putea avea un caracter formal sau informal, f\u0103r\u0103 s\u0103 ofere detalii despre profilul candidatului pe care \u00eel are \u00een vedere.<\/p>\n<p><i>\u201eDup\u0103 cele dou\u0103 nominaliz\u0103ri am realizat c\u0103 nu exist\u0103 \u0219anse de majoritate pe perioada vacan\u021bei parlamentare \u0219i atunci, inclusiv din perspectiva agen\u021biilor de rating care urmau s\u0103 vin\u0103 s\u0103 evalueze Rom\u00e2nia, ar fi fost tare nefericit ca \u0219tirile din presa global\u0103 s\u0103 fie al treilea guvern n-a fost \u00eenvestit, al patrulea guvern n-a fost \u00eenvestit \u00een Rom\u00e2nia\u201d<\/i>, a spus Nicu\u0219or Dan.<\/p>\n<p>El a declarat, totodat\u0103, c\u0103 Rom\u00e2nia are nevoie de un nou Guvern \u00eenainte de plecarea sa la Summitul ONU de la New York.<\/p>\n<p>Potrivit informa\u021biilor ob\u021binute de<i> \u201eAdev\u0103rul\u201d<\/i>, scenariul aflat \u00een acest moment \u00een discu\u021bie este ca <a href=\"https:\/\/adevarul.ro\/stiri-interne\/surse-eugen-tomac-favorit-sa-fie-desemnat-din-nou-2552625.html\">europarlamentarul Eugen Tomac s\u0103 fie desemnat din nou pentru func\u021bia de prim-ministru<\/a>, de aceast\u0103 dat\u0103 pentru a conduce un guvern sus\u021binut de PSD.<\/p>\n<p>Partidul AUR a adoptat, duminic\u0103, rezolu\u021bia <i>\u201eAlegeri anticipate! Rom\u00e2nia are nevoie de un nou \u00eenceput\u201d<\/i>, \u00een cadrul Consiliului Na\u021bional de Conducere al partidului. <a href=\"https:\/\/adevarul.ro\/stiri-interne\/alegeri-anticipate-romania-are-nevoie-de-un-nou-2553017.html\">Decizia a fost luat\u0103 \u00een unanimitate.<\/a><\/p>\n<p>Reprezentan\u021bii AUR sus\u021bin c\u0103 actuala configura\u021bie parlamentar\u0103 nu mai poate produce o majoritate stabil\u0103 \u0219i un guvern legitim, acuz\u00e2nd PSD, PNL, USR \u0219i UDMR c\u0103 men\u021bin negocierile \u0219i <i>\u201eimproviza\u021biile politice\u201d<\/i> \u00een loc s\u0103 ofere aleg\u0103torilor posibilitatea de a decide.<\/p>\n<p><i>\u201eAUR arat\u0103 c\u0103 PSD, PNL, USR \u015fi UDMR au adus actuala configura\u0163ie parlamentar\u0103 \u00eentr-un punct mort: nu mai sunt capabile s\u0103 construiasc\u0103 \u00eentre ele o majoritate stabil\u0103 \u015fi un guvern legitim, dar continu\u0103 negocierile \u015fi improviza\u0163iile politice \u00een loc s\u0103 redea rom\u00e2nilor dreptul de a decide. \u00cen timp ce partidele sistemului se blocheaz\u0103 reciproc, criza politic\u0103 se suprapune peste criza economic\u0103 \u015fi stagfla\u0163ie, iar Rom\u00e2nia r\u0103m\u00e2ne f\u0103r\u0103 o solu\u0163ie real\u0103 de guvernare\u201d<\/i>, au transmis reprezentan\u021bii AUR printr-un comunicat.<\/p>\n<p><\/main><\/p>\n<footer class=\"svelte-x63bga\">\n<div class=\"related-wrap related-footer svelte-78g0vl\"><span class=\"related-label svelte-78g0vl\">Cite\u0219te \u0219i<\/span><a class=\"related svelte-78g0vl\" data-gtrack=\"{&quot;event&quot;:&quot;utm_click&quot;,&quot;data&quot;:{&quot;event_category&quot;:&quot;article_related&quot;}}\" href=\"https:\/\/adevarul.ro\/politica\/aur-nu-va-accepta-un-guvern-fara-reprezentantii-2530416.html\" title=\"Alt articol de interes pentru tine\"><img decoding=\"async\" class=\"thumb svelte-78g0vl\" src=\"https:\/\/cdn.adh.reperio.news\/image-d\/dc7e8e1c-1192-4d14-bb92-6ece9fe8d522\/index.jpeg?p=f%3Dwebp%26w%3D120%26h%3D80%26r%3Dcover%26a%3D0\" alt loading=\"lazy\" width=\"80\" height=\"54\"><span class=\"title svelte-78g0vl\">AUR nu va accepta un guvern f\u0103r\u0103 reprezentan\u021bii s\u0103i \u00een executiv. Petri\u0219or Peiu: \u201eDac\u0103 nu particip\u0103m la guvern, nu-l vot\u0103m\u201d<\/span><\/a><a class=\"related svelte-78g0vl\" data-gtrack=\"{&quot;event&quot;:&quot;utm_click&quot;,&quot;data&quot;:{&quot;event_category&quot;:&quot;article_related&quot;}}\" href=\"https:\/\/adevarul.ro\/politica\/udmr-a-decis-pe-cine-voteaza-ca-prim-ministru-2552964.html\" title=\"Alt articol de interes pentru tine\"><img decoding=\"async\" class=\"thumb svelte-78g0vl\" src=\"https:\/\/cdn.adh.reperio.news\/image-8\/85376701-c4ac-46d5-8bc1-ddc58320ffe8\/index.jpeg?p=f%3Dwebp%26w%3D120%26h%3D80%26r%3Dcover%26a%3D0\" alt loading=\"lazy\" width=\"80\" height=\"54\"><span class=\"title svelte-78g0vl\">UDMR a decis pe cine voteaz\u0103 ca prim-ministru SURSE<\/span><\/a><a class=\"related svelte-78g0vl\" data-gtrack=\"{&quot;event&quot;:&quot;utm_click&quot;,&quot;data&quot;:{&quot;event_category&quot;:&quot;article_related&quot;}}\" href=\"https:\/\/adevarul.ro\/politica\/liderii-psd-se-intalnesc-luni-la-sinaia-decid-2553051.html\" title=\"Alt articol de interes pentru tine\"><img decoding=\"async\" class=\"thumb svelte-78g0vl\" src=\"https:\/\/cdn.adh.reperio.news\/image-b\/bac30f93-2099-4b15-8aff-accbfcf51996\/index.jpeg?p=f%3Dwebp%26w%3D120%26h%3D80%26r%3Dcover%26a%3D0\" alt loading=\"lazy\" width=\"80\" height=\"54\"><span class=\"title svelte-78g0vl\">UPDATE \u201eAcord al celor zece priorit\u0103\u021bi na\u021bionale\u201d. Rezolu\u021bia cu care PSD vrea la guvernare. Grindeanu: \u201e\u00cemi asum func\u0163ia de prim-ministru\u201d <\/span><\/a><\/div>\n<div class=\"meta svelte-x63bga\">\n<div class=\"authors svelte-x63bga\"><span class=\"names svelte-x63bga\"><a href=\"https:\/\/adevarul.ro\/author\/46\" rel=\"author\" class=\"svelte-x63bga\">Teodora Marinescu<\/a><\/span><\/p>\n<div class=\"_hydratable\" data-props=\"%7B%22showLive%22%3Atrue%7D\" data-context=\"%7B%22parentBlockColumnCount%22%3A%7B%22value%22%3A0%2C%22type%22%3A%22store%2Freadable%22%7D%2C%22parentBlockBackgroundColor%22%3A%7B%22type%22%3A%22store%2Freadable%22%7D%7D\" data-component=\"ShareButton\">\n<div class=\"shareButtons svelte-itwbrr\">\n<div class=\"liveSessions metaFont svelte-1maxmbf\"><span class=\"value svelte-1maxmbf\">1<\/span> live <\/div>\n<\/div>\n<\/div>\n<\/div>\n<div class=\"tags svelte-1l3vwp1\"><span class=\"tags-label metaFont svelte-1l3vwp1\">Cite\u0219te mai multe despre<\/span><\/p>\n<div class=\"tags-list svelte-1l3vwp1\"><a href=\"https:\/\/adevarul.ro\/tag\/guvern\" title=\"Ultimele \u0219tiri despre guvern\" class=\"tag-pill svelte-1l3vwp1\">guvern<\/a><a href=\"https:\/\/adevarul.ro\/tag\/nicusor%20dan\" title=\"Ultimele \u0219tiri despre nicusor dan\" class=\"tag-pill svelte-1l3vwp1\">nicusor dan<\/a><a href=\"https:\/\/adevarul.ro\/tag\/aur\" title=\"Ultimele \u0219tiri despre aur\" class=\"tag-pill svelte-1l3vwp1\">aur<\/a><a href=\"https:\/\/adevarul.ro\/tag\/george%20simion\" title=\"Ultimele \u0219tiri despre george simion\" class=\"tag-pill svelte-1l3vwp1\">george simion<\/a><a href=\"https:\/\/adevarul.ro\/tag\/criza%20politica%202026\" title=\"Ultimele \u0219tiri despre criza politica 2026\" class=\"tag-pill svelte-1l3vwp1\">criza politica 2026<\/a><a href=\"https:\/\/adevarul.ro\/tag\/alegeri%20anticipate\" title=\"Ultimele \u0219tiri despre alegeri anticipate\" class=\"tag-pill svelte-1l3vwp1\">alegeri anticipate<\/a><\/div>\n<\/div>\n<\/div>\n<p><a class=\"moreFromCategory svelte-x63bga\" href=\"https:\/\/adevarul.ro\/politica\" title=\"Politic\u0103\">Mai multe din <strong class=\"svelte-x63bga\">Politic\u0103<\/strong> \u203a<\/a><\/footer>\n<\/article>\n<p>[analyse_source url=&#8221;https:\/\/adevarul.ro\/politica\/george-simion-anunta-data-pana-la-care-nu-va-fi-2553163.html&#8221;]<\/p>\n","protected":false},"excerpt":{"rendered":"<p>[analyse_image type=&#8221;featured&#8221; src=&#8221;https:\/\/cdn.adh.reperio.news\/image-0\/082249bf-0062-41e3-83e0-c1f78532f452\/index.jpeg?p=f%3Djpeg%26w%3D1200%26h%3D630%26r%3Dcover&#8221;] Home Politic\u0103 George Simion anun\u021b\u0103 data p\u00e2n\u0103 la care nu va fi desemnat un nou premier. Liderul AUR cere alegeri anticipate Liderul AUR, George Simion, sus\u021bine c\u0103 p\u00e2n\u0103 cel pu\u021bin pe 21 septembrie nu va fi desemnat niciun premier \u0219i cere organizarea unor alegeri libere, afirm\u00e2nd c\u0103 forma\u021biunea pe care o conduce [&hellip;]<\/p>\n","protected":false},"author":1,"featured_media":0,"comment_status":"open","ping_status":"","sticky":false,"template":"","format":"standard","meta":{"footnotes":""},"categories":[89],"tags":[19,226],"class_list":["post-2121928","post","type-post","status-publish","format-standard","hentry","category-romania","tag-adevarul","tag-crawlmanager"],"_links":{"self":[{"href":"https:\/\/analyse.optim.biz\/index.php?rest_route=\/wp\/v2\/posts\/2121928","targetHints":{"allow":["GET"]}}],"collection":[{"href":"https:\/\/analyse.optim.biz\/index.php?rest_route=\/wp\/v2\/posts"}],"about":[{"href":"https:\/\/analyse.optim.biz\/index.php?rest_route=\/wp\/v2\/types\/post"}],"author":[{"embeddable":true,"href":"https:\/\/analyse.optim.biz\/index.php?rest_route=\/wp\/v2\/users\/1"}],"replies":[{"embeddable":true,"href":"https:\/\/analyse.optim.biz\/index.php?rest_route=%2Fwp%2Fv2%2Fcomments&post=2121928"}],"version-history":[{"count":0,"href":"https:\/\/analyse.optim.biz\/index.php?rest_route=\/wp\/v2\/posts\/2121928\/revisions"}],"wp:attachment":[{"href":"https:\/\/analyse.optim.biz\/index.php?rest_route=%2Fwp%2Fv2%2Fmedia&parent=2121928"}],"wp:term":[{"taxonomy":"category","embeddable":true,"href":"https:\/\/analyse.optim.biz\/index.php?rest_route=%2Fwp%2Fv2%2Fcategories&post=2121928"},{"taxonomy":"post_tag","embeddable":true,"href":"https:\/\/analyse.optim.biz\/index.php?rest_route=%2Fwp%2Fv2%2Ftags&post=2121928"}],"curies":[{"name":"wp","href":"https:\/\/api.w.org\/{rel}","templated":true}]}}